{"id":24062,"date":"2021-11-09T12:36:33","date_gmt":"2021-11-09T14:36:33","guid":{"rendered":"https:\/\/cnr.org.br\/site\/?p=24062"},"modified":"2021-11-09T16:07:35","modified_gmt":"2021-11-09T18:07:35","slug":"legislativo-sedia-evento-sobre-notarios-e-registradores","status":"publish","type":"post","link":"https:\/\/cnr.org.br\/site\/legislativo-sedia-evento-sobre-notarios-e-registradores\/","title":{"rendered":"Legislativo sedia evento sobre not\u00e1rios e registradores"},"content":{"rendered":"<div id=\"dslc-theme-content\"><div id=\"dslc-theme-content-inner\">\n<p class=\"wp-block-paragraph\">O Audit\u00f3rio Josaphat&nbsp;Marinho, do Legislativo baiano, abrigou, na tarde desta segunda-feira (8), um semin\u00e1rio regional da C\u00e2mara dos Deputados para discutir os desafios e estrat\u00e9gias dos cart\u00f3rios, sobretudo o novo perfil do not\u00e1rio e registrador na contemporaneidade, com o avan\u00e7o e uso das novas tecnologias. O evento, coordenado pelo deputado federal Z\u00e9 Neto (PT), ocupou o Lado B da sala, respeitando todos os protocolos de seguran\u00e7a, como uso de m\u00e1scaras, assentos alternados para promover o distanciamento social, bem como oferta de \u00e1lcool em gel \u2013 medidas j\u00e1 incorporadas pela Casa desde o in\u00edcio da pandemia do novo coronav\u00edrus.<\/p>\n\n\n\n<p class=\"wp-block-paragraph\">Z\u00e9 Neto agradeceu ao deputado Robinson Almeida (PT) e ao presidente da Assembleia Legislativa da Bahia (ALBA), deputado Adolfo Menezes (PSD), pela cess\u00e3o do espa\u00e7o, ideal para promover o semin\u00e1rio, realizado na modalidade presencial e virtual, atrav\u00e9s do Zoom, e transmitido, ao vivo, pela TV ALBA. Segundo Neto, a Bahia \u00e9 o primeiro, representando o Nordeste, a sediar este semin\u00e1rio, que pretende reunir e debater informa\u00e7\u00f5es para um novo marco legal do segmento \u2013 o parlamentar integra, no Congresso, o grupo de trabalho destinado a analisar, estudar e debater mudan\u00e7as no atual sistema de serventias notariais e de registro, bem como das custas dos servi\u00e7os forenses. Al\u00e9m de not\u00e1rios e registradores, o evento auscultou tamb\u00e9m representantes de usu\u00e1rios, como despachantes e corretores de im\u00f3veis.<\/p>\n\n\n\n<p class=\"wp-block-paragraph\">Em v\u00e1rias falas, a unanimidade de que o processo de privatiza\u00e7\u00e3o dos cart\u00f3rios na Bahia, iniciado em 2012, ap\u00f3s a Lei n\u00ba 12.352\/2011, garantiu agilidade e in\u00fameras melhorias nos servi\u00e7os prestados. Para Robinson Almeida, n\u00e3o tem como comparar o servi\u00e7o de hoje com o que era ofertado ao cidad\u00e3o no passado. \u201cO desafio, como para todos os segmentos, \u00e9 o de acompanhar as inova\u00e7\u00f5es tecnol\u00f3gicas desse novo mundo\u201d, afirmou o petista, destacando que o perfil do usu\u00e1rio agora demanda mais agilidade, efici\u00eancia e transpar\u00eancia nos servi\u00e7os notariais e de registro.<\/p>\n\n\n\n<p class=\"wp-block-paragraph\">Segundo a procuradora Cristiane Guimar\u00e3es, todas as atividades do Estado, enquanto arrecadador de receitas e fiscal dessas mesmas receitas, passam pela atividade cartor\u00e1ria. A arrecada\u00e7\u00e3o em protestos, na Bahia, segundo a magistrada, foi de R$ 220 milh\u00f5es em 2020 e j\u00e1 registra R$ 430 milh\u00f5es em 2021. \u201cEssa \u00e9 a atividade \u00fatil ao Estado, \u00fatil \u00e0 sociedade. Quando se pensa em pol\u00edticas p\u00fablicas, se pensa em receitas para custear as pol\u00edticas p\u00fablicas\u201d, defendeu Guimar\u00e3es.<\/p>\n\n\n\n<p class=\"wp-block-paragraph\">O semin\u00e1rio trouxe assuntos como certifica\u00e7\u00e3o digital e assinaturas eletr\u00f4nicas, como na palestra proferida virtualmente pelo presidente do Col\u00e9gio Notarial do Brasil - Se\u00e7\u00e3o Distrito Federal, H\u00e9rcules Ben\u00edcio, com participa\u00e7\u00e3o de Raynei Marinho, presidente do Instituto de Registro de T\u00edtulo e Pessoa Jur\u00eddica do Brasil (IRTDPJ) e Bernardo Chezzi, vice-presidente do Instituto Brasileiro de Direito Imobili\u00e1rio (IBRADIM). O evento contou ainda, entre outros representantes, com a participa\u00e7\u00e3o da defensora p\u00fablica do Estado da Bahia Cristina Ulm; Rog\u00e9rio Portugal, presidente da Confedera\u00e7\u00e3o Nacional dos Not\u00e1rios e Registradores (CNR); professor da USP Andrey Duarte, vice-presidente do Col\u00e9gio Notarial de S\u00e3o Paulo; Jorge Gama, presidente do Sindim\u00f3veis\/BA; Jean Mallmann, oficial de registro de im\u00f3veis, t\u00edtulos e documentos de Bom Jesus da Lapa; e Valdemir Sena, tabeli\u00e3o do 2\u00ba Tabelionato de Notas de Feira de Santana.<\/p>\n\n\n\n<p class=\"wp-block-paragraph\">Fonte: Assembleia Legislativa da Bahia<\/p>\n<\/div><\/div>","protected":false},"excerpt":{"rendered":"<p>O Audit\u00f3rio Josaphat&nbsp;Marinho, do Legislativo baiano, abrigou, na tarde desta segunda-feira (8), um semin\u00e1rio regional da C\u00e2mara dos Deputados para discutir os desafios e estrat\u00e9gias dos cart\u00f3rios, sobretudo o novo perfil do not\u00e1rio e registrador na contemporaneidade, com o avan\u00e7o e uso das novas tecnologias. O evento, coordenado pelo deputado federal Z\u00e9 Neto (PT), ocupou [&hellip;]<\/p>\n","protected":false},"author":2,"featured_media":24063,"comment_status":"closed","ping_status":"closed","sticky":false,"template":"","format":"standard","meta":{"footnotes":"","_links_to":"","_links_to_target":""},"categories":[525,55,47],"tags":[],"class_list":["post-24062","post","type-post","status-publish","format-standard","has-post-thumbnail","hentry","category-home","category-noticia","category-ultimas-noticias"],"yoast_head":"<!-- This site is optimized with the Yoast SEO plugin v28.4 - https:\/\/yoast.com\/product\/yoast-seo-wordpress\/ -->\n<title>Legislativo sedia evento sobre not\u00e1rios e registradores - CNR<\/title>\n<meta name=\"robots\" content=\"index, follow, max-snippet:-1, max-image-preview:large, max-video-preview:-1\" \/>\n<link rel=\"canonical\" href=\"https:\/\/cnr.org.br\/novoportal\/legislativo-sedia-evento-sobre-notarios-e-registradores\/\" \/>\n<meta property=\"og:locale\" content=\"pt_BR\" \/>\n<meta property=\"og:type\" content=\"article\" \/>\n<meta property=\"og:title\" content=\"Legislativo sedia evento sobre not\u00e1rios e registradores - CNR\" \/>\n<meta property=\"og:description\" content=\"O Audit\u00f3rio Josaphat&nbsp;Marinho, do Legislativo baiano, abrigou, na tarde desta segunda-feira (8), um semin\u00e1rio regional da C\u00e2mara dos Deputados para discutir os desafios e estrat\u00e9gias dos cart\u00f3rios, sobretudo o novo perfil do not\u00e1rio e registrador na contemporaneidade, com o avan\u00e7o e uso das novas tecnologias. O evento, coordenado pelo deputado federal Z\u00e9 Neto (PT), ocupou [&hellip;]\" \/>\n<meta property=\"og:url\" content=\"https:\/\/cnr.org.br\/novoportal\/legislativo-sedia-evento-sobre-notarios-e-registradores\/\" \/>\n<meta property=\"og:site_name\" content=\"CNR\" \/>\n<meta property=\"article:published_time\" content=\"2021-11-09T14:36:33+00:00\" \/>\n<meta property=\"article:modified_time\" content=\"2021-11-09T18:07:35+00:00\" \/>\n<meta property=\"og:image\" content=\"https:\/\/cnr.org.br\/novoportal\/wp-content\/uploads\/2021\/11\/Tamanho-Oficial-para-as-fotos-do-Site-da-CNR-14.png\" \/>\n\t<meta property=\"og:image:width\" content=\"1940\" \/>\n\t<meta property=\"og:image:height\" content=\"1240\" \/>\n\t<meta property=\"og:image:type\" content=\"image\/png\" \/>\n<meta name=\"author\" content=\"Imprensa CNR\" \/>\n<meta name=\"twitter:card\" content=\"summary_large_image\" \/>\n<meta name=\"twitter:label1\" content=\"Escrito por\" \/>\n\t<meta name=\"twitter:data1\" content=\"Imprensa CNR\" \/>\n\t<meta name=\"twitter:label2\" content=\"Est. tempo de leitura\" \/>\n\t<meta name=\"twitter:data2\" content=\"3 minutos\" \/>\n<script type=\"application\/ld+json\" class=\"yoast-schema-graph\">{\"@context\":\"https:\\\/\\\/schema.org\",\"@graph\":[{\"@type\":\"Article\",\"@id\":\"https:\\\/\\\/cnr.org.br\\\/novoportal\\\/legislativo-sedia-evento-sobre-notarios-e-registradores\\\/#article\",\"isPartOf\":{\"@id\":\"https:\\\/\\\/cnr.org.br\\\/novoportal\\\/legislativo-sedia-evento-sobre-notarios-e-registradores\\\/\"},\"author\":{\"name\":\"Imprensa CNR\",\"@id\":\"https:\\\/\\\/cnr.org.br\\\/novoportal\\\/#\\\/schema\\\/person\\\/1f46209cd8c9d3d9887a0765b64ca66b\"},\"headline\":\"Legislativo sedia evento sobre not\u00e1rios e registradores\",\"datePublished\":\"2021-11-09T14:36:33+00:00\",\"dateModified\":\"2021-11-09T18:07:35+00:00\",\"mainEntityOfPage\":{\"@id\":\"https:\\\/\\\/cnr.org.br\\\/novoportal\\\/legislativo-sedia-evento-sobre-notarios-e-registradores\\\/\"},\"wordCount\":591,\"publisher\":{\"@id\":\"https:\\\/\\\/cnr.org.br\\\/novoportal\\\/#organization\"},\"image\":{\"@id\":\"https:\\\/\\\/cnr.org.br\\\/novoportal\\\/legislativo-sedia-evento-sobre-notarios-e-registradores\\\/#primaryimage\"},\"thumbnailUrl\":\"https:\\\/\\\/cnr.org.br\\\/site\\\/wp-content\\\/uploads\\\/2021\\\/11\\\/Tamanho-Oficial-para-as-fotos-do-Site-da-CNR-14.png\",\"articleSection\":[\"Home\",\"Not\u00edcia\",\"\u00daltimas Not\u00edcias\"],\"inLanguage\":\"pt-BR\"},{\"@type\":\"WebPage\",\"@id\":\"https:\\\/\\\/cnr.org.br\\\/novoportal\\\/legislativo-sedia-evento-sobre-notarios-e-registradores\\\/\",\"url\":\"https:\\\/\\\/cnr.org.br\\\/novoportal\\\/legislativo-sedia-evento-sobre-notarios-e-registradores\\\/\",\"name\":\"Legislativo sedia evento sobre not\u00e1rios e registradores - CNR\",\"isPartOf\":{\"@id\":\"https:\\\/\\\/cnr.org.br\\\/novoportal\\\/#website\"},\"primaryImageOfPage\":{\"@id\":\"https:\\\/\\\/cnr.org.br\\\/novoportal\\\/legislativo-sedia-evento-sobre-notarios-e-registradores\\\/#primaryimage\"},\"image\":{\"@id\":\"https:\\\/\\\/cnr.org.br\\\/novoportal\\\/legislativo-sedia-evento-sobre-notarios-e-registradores\\\/#primaryimage\"},\"thumbnailUrl\":\"https:\\\/\\\/cnr.org.br\\\/site\\\/wp-content\\\/uploads\\\/2021\\\/11\\\/Tamanho-Oficial-para-as-fotos-do-Site-da-CNR-14.png\",\"datePublished\":\"2021-11-09T14:36:33+00:00\",\"dateModified\":\"2021-11-09T18:07:35+00:00\",\"breadcrumb\":{\"@id\":\"https:\\\/\\\/cnr.org.br\\\/novoportal\\\/legislativo-sedia-evento-sobre-notarios-e-registradores\\\/#breadcrumb\"},\"inLanguage\":\"pt-BR\",\"potentialAction\":[{\"@type\":\"ReadAction\",\"target\":[\"https:\\\/\\\/cnr.org.br\\\/novoportal\\\/legislativo-sedia-evento-sobre-notarios-e-registradores\\\/\"]}]},{\"@type\":\"ImageObject\",\"inLanguage\":\"pt-BR\",\"@id\":\"https:\\\/\\\/cnr.org.br\\\/novoportal\\\/legislativo-sedia-evento-sobre-notarios-e-registradores\\\/#primaryimage\",\"url\":\"https:\\\/\\\/cnr.org.br\\\/site\\\/wp-content\\\/uploads\\\/2021\\\/11\\\/Tamanho-Oficial-para-as-fotos-do-Site-da-CNR-14.png\",\"contentUrl\":\"https:\\\/\\\/cnr.org.br\\\/site\\\/wp-content\\\/uploads\\\/2021\\\/11\\\/Tamanho-Oficial-para-as-fotos-do-Site-da-CNR-14.png\",\"width\":1940,\"height\":1240,\"caption\":\"Foto: Paulo Mocofaia\"},{\"@type\":\"BreadcrumbList\",\"@id\":\"https:\\\/\\\/cnr.org.br\\\/novoportal\\\/legislativo-sedia-evento-sobre-notarios-e-registradores\\\/#breadcrumb\",\"itemListElement\":[{\"@type\":\"ListItem\",\"position\":1,\"name\":\"In\u00edcio\",\"item\":\"https:\\\/\\\/cnr.org.br\\\/site\\\/\"},{\"@type\":\"ListItem\",\"position\":2,\"name\":\"Legislativo sedia evento sobre not\u00e1rios e registradores\"}]},{\"@type\":\"WebSite\",\"@id\":\"https:\\\/\\\/cnr.org.br\\\/novoportal\\\/#website\",\"url\":\"https:\\\/\\\/cnr.org.br\\\/novoportal\\\/\",\"name\":\"CNR\",\"description\":\"Confedera\u00e7\u00e3o Nacional de Not\u00e1rios e Registradores\",\"publisher\":{\"@id\":\"https:\\\/\\\/cnr.org.br\\\/novoportal\\\/#organization\"},\"potentialAction\":[{\"@type\":\"SearchAction\",\"target\":{\"@type\":\"EntryPoint\",\"urlTemplate\":\"https:\\\/\\\/cnr.org.br\\\/novoportal\\\/?s={search_term_string}\"},\"query-input\":{\"@type\":\"PropertyValueSpecification\",\"valueRequired\":true,\"valueName\":\"search_term_string\"}}],\"inLanguage\":\"pt-BR\"},{\"@type\":\"Organization\",\"@id\":\"https:\\\/\\\/cnr.org.br\\\/novoportal\\\/#organization\",\"name\":\"CNR\",\"url\":\"https:\\\/\\\/cnr.org.br\\\/novoportal\\\/\",\"logo\":{\"@type\":\"ImageObject\",\"inLanguage\":\"pt-BR\",\"@id\":\"https:\\\/\\\/cnr.org.br\\\/novoportal\\\/#\\\/schema\\\/logo\\\/image\\\/\",\"url\":\"https:\\\/\\\/cnr.org.br\\\/site\\\/wp-content\\\/uploads\\\/2026\\\/02\\\/Logo_CNR_completa_colorida_2024.png\",\"contentUrl\":\"https:\\\/\\\/cnr.org.br\\\/site\\\/wp-content\\\/uploads\\\/2026\\\/02\\\/Logo_CNR_completa_colorida_2024.png\",\"width\":910,\"height\":450,\"caption\":\"CNR\"},\"image\":{\"@id\":\"https:\\\/\\\/cnr.org.br\\\/novoportal\\\/#\\\/schema\\\/logo\\\/image\\\/\"}},{\"@type\":\"Person\",\"@id\":\"https:\\\/\\\/cnr.org.br\\\/novoportal\\\/#\\\/schema\\\/person\\\/1f46209cd8c9d3d9887a0765b64ca66b\",\"name\":\"Imprensa CNR\",\"sameAs\":[\"https:\\\/\\\/cnr.org.br\\\/site\"],\"url\":\"https:\\\/\\\/cnr.org.br\\\/site\\\/author\\\/imprensa\\\/\"}]}<\/script>\n<!-- \/ Yoast SEO plugin. -->","yoast_head_json":{"title":"Legislativo sedia evento sobre not\u00e1rios e registradores - CNR","robots":{"index":"index","follow":"follow","max-snippet":"max-snippet:-1","max-image-preview":"max-image-preview:large","max-video-preview":"max-video-preview:-1"},"canonical":"https:\/\/cnr.org.br\/novoportal\/legislativo-sedia-evento-sobre-notarios-e-registradores\/","og_locale":"pt_BR","og_type":"article","og_title":"Legislativo sedia evento sobre not\u00e1rios e registradores - CNR","og_description":"O Audit\u00f3rio Josaphat&nbsp;Marinho, do Legislativo baiano, abrigou, na tarde desta segunda-feira (8), um semin\u00e1rio regional da C\u00e2mara dos Deputados para discutir os desafios e estrat\u00e9gias dos cart\u00f3rios, sobretudo o novo perfil do not\u00e1rio e registrador na contemporaneidade, com o avan\u00e7o e uso das novas tecnologias. O evento, coordenado pelo deputado federal Z\u00e9 Neto (PT), ocupou [&hellip;]","og_url":"https:\/\/cnr.org.br\/novoportal\/legislativo-sedia-evento-sobre-notarios-e-registradores\/","og_site_name":"CNR","article_published_time":"2021-11-09T14:36:33+00:00","article_modified_time":"2021-11-09T18:07:35+00:00","og_image":[{"width":1940,"height":1240,"url":"https:\/\/cnr.org.br\/novoportal\/wp-content\/uploads\/2021\/11\/Tamanho-Oficial-para-as-fotos-do-Site-da-CNR-14.png","type":"image\/png"}],"author":"Imprensa CNR","twitter_card":"summary_large_image","twitter_misc":{"Escrito por":"Imprensa CNR","Est. tempo de leitura":"3 minutos"},"schema":{"@context":"https:\/\/schema.org","@graph":[{"@type":"Article","@id":"https:\/\/cnr.org.br\/novoportal\/legislativo-sedia-evento-sobre-notarios-e-registradores\/#article","isPartOf":{"@id":"https:\/\/cnr.org.br\/novoportal\/legislativo-sedia-evento-sobre-notarios-e-registradores\/"},"author":{"name":"Imprensa CNR","@id":"https:\/\/cnr.org.br\/novoportal\/#\/schema\/person\/1f46209cd8c9d3d9887a0765b64ca66b"},"headline":"Legislativo sedia evento sobre not\u00e1rios e registradores","datePublished":"2021-11-09T14:36:33+00:00","dateModified":"2021-11-09T18:07:35+00:00","mainEntityOfPage":{"@id":"https:\/\/cnr.org.br\/novoportal\/legislativo-sedia-evento-sobre-notarios-e-registradores\/"},"wordCount":591,"publisher":{"@id":"https:\/\/cnr.org.br\/novoportal\/#organization"},"image":{"@id":"https:\/\/cnr.org.br\/novoportal\/legislativo-sedia-evento-sobre-notarios-e-registradores\/#primaryimage"},"thumbnailUrl":"https:\/\/cnr.org.br\/site\/wp-content\/uploads\/2021\/11\/Tamanho-Oficial-para-as-fotos-do-Site-da-CNR-14.png","articleSection":["Home","Not\u00edcia","\u00daltimas Not\u00edcias"],"inLanguage":"pt-BR"},{"@type":"WebPage","@id":"https:\/\/cnr.org.br\/novoportal\/legislativo-sedia-evento-sobre-notarios-e-registradores\/","url":"https:\/\/cnr.org.br\/novoportal\/legislativo-sedia-evento-sobre-notarios-e-registradores\/","name":"Legislativo sedia evento sobre not\u00e1rios e registradores - CNR","isPartOf":{"@id":"https:\/\/cnr.org.br\/novoportal\/#website"},"primaryImageOfPage":{"@id":"https:\/\/cnr.org.br\/novoportal\/legislativo-sedia-evento-sobre-notarios-e-registradores\/#primaryimage"},"image":{"@id":"https:\/\/cnr.org.br\/novoportal\/legislativo-sedia-evento-sobre-notarios-e-registradores\/#primaryimage"},"thumbnailUrl":"https:\/\/cnr.org.br\/site\/wp-content\/uploads\/2021\/11\/Tamanho-Oficial-para-as-fotos-do-Site-da-CNR-14.png","datePublished":"2021-11-09T14:36:33+00:00","dateModified":"2021-11-09T18:07:35+00:00","breadcrumb":{"@id":"https:\/\/cnr.org.br\/novoportal\/legislativo-sedia-evento-sobre-notarios-e-registradores\/#breadcrumb"},"inLanguage":"pt-BR","potentialAction":[{"@type":"ReadAction","target":["https:\/\/cnr.org.br\/novoportal\/legislativo-sedia-evento-sobre-notarios-e-registradores\/"]}]},{"@type":"ImageObject","inLanguage":"pt-BR","@id":"https:\/\/cnr.org.br\/novoportal\/legislativo-sedia-evento-sobre-notarios-e-registradores\/#primaryimage","url":"https:\/\/cnr.org.br\/site\/wp-content\/uploads\/2021\/11\/Tamanho-Oficial-para-as-fotos-do-Site-da-CNR-14.png","contentUrl":"https:\/\/cnr.org.br\/site\/wp-content\/uploads\/2021\/11\/Tamanho-Oficial-para-as-fotos-do-Site-da-CNR-14.png","width":1940,"height":1240,"caption":"Foto: Paulo Mocofaia"},{"@type":"BreadcrumbList","@id":"https:\/\/cnr.org.br\/novoportal\/legislativo-sedia-evento-sobre-notarios-e-registradores\/#breadcrumb","itemListElement":[{"@type":"ListItem","position":1,"name":"In\u00edcio","item":"https:\/\/cnr.org.br\/site\/"},{"@type":"ListItem","position":2,"name":"Legislativo sedia evento sobre not\u00e1rios e registradores"}]},{"@type":"WebSite","@id":"https:\/\/cnr.org.br\/novoportal\/#website","url":"https:\/\/cnr.org.br\/novoportal\/","name":"CNR","description":"Confedera\u00e7\u00e3o Nacional de Not\u00e1rios e Registradores","publisher":{"@id":"https:\/\/cnr.org.br\/novoportal\/#organization"},"potentialAction":[{"@type":"SearchAction","target":{"@type":"EntryPoint","urlTemplate":"https:\/\/cnr.org.br\/novoportal\/?s={search_term_string}"},"query-input":{"@type":"PropertyValueSpecification","valueRequired":true,"valueName":"search_term_string"}}],"inLanguage":"pt-BR"},{"@type":"Organization","@id":"https:\/\/cnr.org.br\/novoportal\/#organization","name":"CNR","url":"https:\/\/cnr.org.br\/novoportal\/","logo":{"@type":"ImageObject","inLanguage":"pt-BR","@id":"https:\/\/cnr.org.br\/novoportal\/#\/schema\/logo\/image\/","url":"https:\/\/cnr.org.br\/site\/wp-content\/uploads\/2026\/02\/Logo_CNR_completa_colorida_2024.png","contentUrl":"https:\/\/cnr.org.br\/site\/wp-content\/uploads\/2026\/02\/Logo_CNR_completa_colorida_2024.png","width":910,"height":450,"caption":"CNR"},"image":{"@id":"https:\/\/cnr.org.br\/novoportal\/#\/schema\/logo\/image\/"}},{"@type":"Person","@id":"https:\/\/cnr.org.br\/novoportal\/#\/schema\/person\/1f46209cd8c9d3d9887a0765b64ca66b","name":"Imprensa CNR","sameAs":["https:\/\/cnr.org.br\/site"],"url":"https:\/\/cnr.org.br\/site\/author\/imprensa\/"}]}},"_links":{"self":[{"href":"https:\/\/cnr.org.br\/site\/wp-json\/wp\/v2\/posts\/24062","targetHints":{"allow":["GET"]}}],"collection":[{"href":"https:\/\/cnr.org.br\/site\/wp-json\/wp\/v2\/posts"}],"about":[{"href":"https:\/\/cnr.org.br\/site\/wp-json\/wp\/v2\/types\/post"}],"author":[{"embeddable":true,"href":"https:\/\/cnr.org.br\/site\/wp-json\/wp\/v2\/users\/2"}],"replies":[{"embeddable":true,"href":"https:\/\/cnr.org.br\/site\/wp-json\/wp\/v2\/comments?post=24062"}],"version-history":[{"count":0,"href":"https:\/\/cnr.org.br\/site\/wp-json\/wp\/v2\/posts\/24062\/revisions"}],"wp:featuredmedia":[{"embeddable":true,"href":"https:\/\/cnr.org.br\/site\/wp-json\/wp\/v2\/media\/24063"}],"wp:attachment":[{"href":"https:\/\/cnr.org.br\/site\/wp-json\/wp\/v2\/media?parent=24062"}],"wp:term":[{"taxonomy":"category","embeddable":true,"href":"https:\/\/cnr.org.br\/site\/wp-json\/wp\/v2\/categories?post=24062"},{"taxonomy":"post_tag","embeddable":true,"href":"https:\/\/cnr.org.br\/site\/wp-json\/wp\/v2\/tags?post=24062"}],"curies":[{"name":"wp","href":"https:\/\/api.w.org\/{rel}","templated":true}]}}