{"id":24066,"date":"2021-11-09T14:02:15","date_gmt":"2021-11-09T16:02:15","guid":{"rendered":"https:\/\/cnr.org.br\/site\/?p=24066"},"modified":"2021-11-09T16:28:00","modified_gmt":"2021-11-09T18:28:00","slug":"privatizacao-dos-cartorios-baianos-evolucao-da-atividade-e-tema-de-evento-salvador","status":"publish","type":"post","link":"https:\/\/cnr.org.br\/site\/privatizacao-dos-cartorios-baianos-evolucao-da-atividade-e-tema-de-evento-salvador\/","title":{"rendered":"Privatiza\u00e7\u00e3o dos cart\u00f3rios baianos: evolu\u00e7\u00e3o da atividade \u00e9 tema de evento em Salvador"},"content":{"rendered":"<div id=\"dslc-theme-content\"><div id=\"dslc-theme-content-inner\">\n<p class=\"wp-block-paragraph\"><em>Presidente da CNR, Rog\u00e9rio Bacellar, discursou no evento <\/em>na Assembleia Legislativa da Bahia (ALBA)<\/p>\n\n\n\n<p class=\"wp-block-paragraph\">Juristas da Bahia, Not\u00e1rios, Registradores e representantes de associa\u00e7\u00f5es de classe de todo o Brasil se reuniram nesta segunda-feira (08\/11) na Assembleia Legislativa da Bahia (ALBA). Organizado pelo deputado estadual Z\u00e9 Neto (PT\/BA), o semin\u00e1rio \u201cOs Novos Perfis do Not\u00e1rio e Registrador na Contemporaneidade: Desafios e Estrat\u00e9gias\u201d contou com a participa\u00e7\u00e3o do presidente da Confedera\u00e7\u00e3o Nacional de Not\u00e1rios e Registradores (CNR), Rog\u00e9rio Poetugal Bacellar. O destaque do encontro foi o debate sobre a evolu\u00e7\u00e3o dos servi\u00e7os notariais e registrais proporcionados pela privatiza\u00e7\u00e3o dos cart\u00f3rios baianos.<\/p>\n\n\n\n<p class=\"wp-block-paragraph\">Durante o encontro, os participantes revelaram suas opini\u00f5es sobre o cen\u00e1rio atual dos cart\u00f3rios no estado. Muitos aproveitaram para elogiar o servi\u00e7o notarial e de registro baiano, ap\u00f3s a privatiza\u00e7\u00e3o da atividade. A necessidade do servi\u00e7o cartorial para a sociedade tamb\u00e9m foi exaltada pelos convidados, principalmente com o funcionamento pleno durante a pandemia de covid-19.&nbsp;<\/p>\n\n\n\n<p class=\"wp-block-paragraph\">O presidente da CNR aproveitou o seu discurso para agradecer a quem participou do processo de privatiza\u00e7\u00e3o dos cart\u00f3rios na Bahia, como o deputado Z\u00e9 Neto, que participou politicamente da conquista. Os profissionais antigos do setor tamb\u00e9m n\u00e3o foram deixados de lado. \u201cN\u00e3o tinha computador, nem internet nos cart\u00f3rios da Bahia.&nbsp; Era uma dificuldade tremenda. Hoje n\u00f3s estamos no c\u00e9u. Gra\u00e7as aos profissionais que arduamente iniciaram essa trajet\u00f3ria notarial e de registro baiano, n\u00f3s estamos aqui, privatizados.\u201d, ressaltou Bacellar.&nbsp;<\/p>\n\n\n\n<p class=\"wp-block-paragraph\">Por fim, o l\u00edder da Confedera\u00e7\u00e3o Nacional de Not\u00e1rios e Registradores apelou pela uni\u00e3o da classe, para que ela consiga superar desafios futuros. \u201cHoje estou presidente da CNR e atuo na defesa do servi\u00e7o notarial e de registro como um todo. N\u00e3o s\u00f3 defendo os antigos servidores, mas tamb\u00e9m os novos. Essa mescla oxigena a Confedera\u00e7\u00e3o. Nossa classe \u00e9 uma s\u00f3! N\u00e3o tem especialidade. Vamos nos defender, nos unir para poder trabalhar e vencer todas as opini\u00f5es contr\u00e1rias e indiferen\u00e7as que existem\u201d, concluiu.&nbsp;<\/p>\n\n\n\n<p class=\"wp-block-paragraph\"><strong>Grupo de Trabalho Serventias Notariais, Registro e Custas Forenses (GTCARTOR)&nbsp;<\/strong><\/p>\n\n\n\n<p class=\"wp-block-paragraph\">Segundo as informa\u00e7\u00f5es disponibilizadas pelo GTCARTOR, o semin\u00e1rio foi realizado em Salvador\/BA no Audit\u00f3rio Jornalista Jorge Calmon da Assembleia Legislativa do Estado da Bahia. Fizeram parte da Mesa de Abertura o organizador do evento, Deputado Federal Z\u00e9 Neto (PT-BA); o Deputado Estadual Robinson Almeida; o Deputado Estadual e Presidente da Assembleia Legislativa do Estado da Bahia, Adolfo Menezes; o Presidente do Tribunal de Justi\u00e7a do Estado da Bahia (TJBA), Desembargador Lourival Trindade e o Presidente da Confedera\u00e7\u00e3o Nacional de Not\u00e1rios e Registradores (CNR), Rog\u00e9rio Portugal Bacellar.<\/p>\n\n\n\n<p class=\"wp-block-paragraph\">Al\u00e9m do Presidente do IRIB, como palestrantes, participaram o Presidente da Associa\u00e7\u00e3o dos Not\u00e1rios e Registradores do Brasil (ANOREG\/BR), Cl\u00e1udio Mar\u00e7al Freire; o Presidente do Instituto de Registro de T\u00edtulos e Documentos e de Pessoas Jur\u00eddicas do Brasil (IRTDPJ\/Brasil), Rainey Marinho e o Presidente do TJBA, Desembargador Lourival Trindade.&nbsp;&nbsp;&nbsp;&nbsp;&nbsp;&nbsp;&nbsp;<\/p>\n\n\n\n<p class=\"wp-block-paragraph\">Com informa\u00e7\u00f5es do IRIB:<\/p>\n\n\n\n<p class=\"wp-block-paragraph\"><\/p>\n\n\n\n<p class=\"wp-block-paragraph\"><a href=\"https:\/\/www.irib.org.br\/noticias\/detalhes\/gtcartor-convocado-seminario-em-salvador-ba\">https:\/\/www.irib.org.br\/noticias\/detalhes\/gtcartor-convocado-seminario-em-salvador-ba<\/a>&nbsp;<br>Mais informa\u00e7\u00f5es em: <a href=\"https:\/\/www.al.ba.gov.br\/midia-center\/noticias\/52947\">https:\/\/www.al.ba.gov.br\/midia-center\/noticias\/52947<\/a><\/p>\n\n\n\n<p class=\"wp-block-paragraph\">Confira o evento completo aqui: <a href=\"https:\/\/www.youtube.com\/watch?v=dEMlCwjCMps\">SEMIN\u00c1RIO REGIONAL - 08\/11\/2021<\/a><\/p>\n<\/div><\/div>","protected":false},"excerpt":{"rendered":"<p>Presidente da CNR, Rog\u00e9rio Bacellar, discursou no evento na Assembleia Legislativa da Bahia (ALBA) Juristas da Bahia, Not\u00e1rios, Registradores e representantes de associa\u00e7\u00f5es de classe de todo o Brasil se reuniram nesta segunda-feira (08\/11) na Assembleia Legislativa da Bahia (ALBA). Organizado pelo deputado estadual Z\u00e9 Neto (PT\/BA), o semin\u00e1rio \u201cOs Novos Perfis do Not\u00e1rio e [&hellip;]<\/p>\n","protected":false},"author":2,"featured_media":24067,"comment_status":"closed","ping_status":"closed","sticky":false,"template":"","format":"standard","meta":{"footnotes":"","_links_to":"","_links_to_target":""},"categories":[525,55,47],"tags":[],"class_list":["post-24066","post","type-post","status-publish","format-standard","has-post-thumbnail","hentry","category-home","category-noticia","category-ultimas-noticias"],"yoast_head":"<!-- This site is optimized with the Yoast SEO plugin v28.4 - https:\/\/yoast.com\/product\/yoast-seo-wordpress\/ -->\n<title>Privatiza\u00e7\u00e3o dos cart\u00f3rios baianos: evolu\u00e7\u00e3o da atividade \u00e9 tema de evento em Salvador - CNR<\/title>\n<meta name=\"robots\" content=\"index, follow, max-snippet:-1, max-image-preview:large, max-video-preview:-1\" \/>\n<link rel=\"canonical\" href=\"https:\/\/cnr.org.br\/novoportal\/privatizacao-dos-cartorios-baianos-evolucao-da-atividade-e-tema-de-evento-salvador\/\" \/>\n<meta property=\"og:locale\" content=\"pt_BR\" \/>\n<meta property=\"og:type\" content=\"article\" \/>\n<meta property=\"og:title\" content=\"Privatiza\u00e7\u00e3o dos cart\u00f3rios baianos: evolu\u00e7\u00e3o da atividade \u00e9 tema de evento em Salvador - CNR\" \/>\n<meta property=\"og:description\" content=\"Presidente da CNR, Rog\u00e9rio Bacellar, discursou no evento na Assembleia Legislativa da Bahia (ALBA) Juristas da Bahia, Not\u00e1rios, Registradores e representantes de associa\u00e7\u00f5es de classe de todo o Brasil se reuniram nesta segunda-feira (08\/11) na Assembleia Legislativa da Bahia (ALBA). Organizado pelo deputado estadual Z\u00e9 Neto (PT\/BA), o semin\u00e1rio \u201cOs Novos Perfis do Not\u00e1rio e [&hellip;]\" \/>\n<meta property=\"og:url\" content=\"https:\/\/cnr.org.br\/novoportal\/privatizacao-dos-cartorios-baianos-evolucao-da-atividade-e-tema-de-evento-salvador\/\" \/>\n<meta property=\"og:site_name\" content=\"CNR\" \/>\n<meta property=\"article:published_time\" content=\"2021-11-09T16:02:15+00:00\" \/>\n<meta property=\"article:modified_time\" content=\"2021-11-09T18:28:00+00:00\" \/>\n<meta property=\"og:image\" content=\"https:\/\/cnr.org.br\/novoportal\/wp-content\/uploads\/2021\/11\/me.png\" \/>\n\t<meta property=\"og:image:width\" content=\"1940\" \/>\n\t<meta property=\"og:image:height\" content=\"1240\" \/>\n\t<meta property=\"og:image:type\" content=\"image\/png\" \/>\n<meta name=\"author\" content=\"Imprensa CNR\" \/>\n<meta name=\"twitter:card\" content=\"summary_large_image\" \/>\n<meta name=\"twitter:label1\" content=\"Escrito por\" \/>\n\t<meta name=\"twitter:data1\" content=\"Imprensa CNR\" \/>\n\t<meta name=\"twitter:label2\" content=\"Est. tempo de leitura\" \/>\n\t<meta name=\"twitter:data2\" content=\"3 minutos\" \/>\n<script type=\"application\/ld+json\" class=\"yoast-schema-graph\">{\"@context\":\"https:\\\/\\\/schema.org\",\"@graph\":[{\"@type\":\"Article\",\"@id\":\"https:\\\/\\\/cnr.org.br\\\/novoportal\\\/privatizacao-dos-cartorios-baianos-evolucao-da-atividade-e-tema-de-evento-salvador\\\/#article\",\"isPartOf\":{\"@id\":\"https:\\\/\\\/cnr.org.br\\\/novoportal\\\/privatizacao-dos-cartorios-baianos-evolucao-da-atividade-e-tema-de-evento-salvador\\\/\"},\"author\":{\"name\":\"Imprensa CNR\",\"@id\":\"https:\\\/\\\/cnr.org.br\\\/novoportal\\\/#\\\/schema\\\/person\\\/1f46209cd8c9d3d9887a0765b64ca66b\"},\"headline\":\"Privatiza\u00e7\u00e3o dos cart\u00f3rios baianos: evolu\u00e7\u00e3o da atividade \u00e9 tema de evento em Salvador\",\"datePublished\":\"2021-11-09T16:02:15+00:00\",\"dateModified\":\"2021-11-09T18:28:00+00:00\",\"mainEntityOfPage\":{\"@id\":\"https:\\\/\\\/cnr.org.br\\\/novoportal\\\/privatizacao-dos-cartorios-baianos-evolucao-da-atividade-e-tema-de-evento-salvador\\\/\"},\"wordCount\":584,\"publisher\":{\"@id\":\"https:\\\/\\\/cnr.org.br\\\/novoportal\\\/#organization\"},\"image\":{\"@id\":\"https:\\\/\\\/cnr.org.br\\\/novoportal\\\/privatizacao-dos-cartorios-baianos-evolucao-da-atividade-e-tema-de-evento-salvador\\\/#primaryimage\"},\"thumbnailUrl\":\"https:\\\/\\\/cnr.org.br\\\/site\\\/wp-content\\\/uploads\\\/2021\\\/11\\\/me.png\",\"articleSection\":[\"Home\",\"Not\u00edcia\",\"\u00daltimas Not\u00edcias\"],\"inLanguage\":\"pt-BR\"},{\"@type\":\"WebPage\",\"@id\":\"https:\\\/\\\/cnr.org.br\\\/novoportal\\\/privatizacao-dos-cartorios-baianos-evolucao-da-atividade-e-tema-de-evento-salvador\\\/\",\"url\":\"https:\\\/\\\/cnr.org.br\\\/novoportal\\\/privatizacao-dos-cartorios-baianos-evolucao-da-atividade-e-tema-de-evento-salvador\\\/\",\"name\":\"Privatiza\u00e7\u00e3o dos cart\u00f3rios baianos: evolu\u00e7\u00e3o da atividade \u00e9 tema de evento em Salvador - CNR\",\"isPartOf\":{\"@id\":\"https:\\\/\\\/cnr.org.br\\\/novoportal\\\/#website\"},\"primaryImageOfPage\":{\"@id\":\"https:\\\/\\\/cnr.org.br\\\/novoportal\\\/privatizacao-dos-cartorios-baianos-evolucao-da-atividade-e-tema-de-evento-salvador\\\/#primaryimage\"},\"image\":{\"@id\":\"https:\\\/\\\/cnr.org.br\\\/novoportal\\\/privatizacao-dos-cartorios-baianos-evolucao-da-atividade-e-tema-de-evento-salvador\\\/#primaryimage\"},\"thumbnailUrl\":\"https:\\\/\\\/cnr.org.br\\\/site\\\/wp-content\\\/uploads\\\/2021\\\/11\\\/me.png\",\"datePublished\":\"2021-11-09T16:02:15+00:00\",\"dateModified\":\"2021-11-09T18:28:00+00:00\",\"breadcrumb\":{\"@id\":\"https:\\\/\\\/cnr.org.br\\\/novoportal\\\/privatizacao-dos-cartorios-baianos-evolucao-da-atividade-e-tema-de-evento-salvador\\\/#breadcrumb\"},\"inLanguage\":\"pt-BR\",\"potentialAction\":[{\"@type\":\"ReadAction\",\"target\":[\"https:\\\/\\\/cnr.org.br\\\/novoportal\\\/privatizacao-dos-cartorios-baianos-evolucao-da-atividade-e-tema-de-evento-salvador\\\/\"]}]},{\"@type\":\"ImageObject\",\"inLanguage\":\"pt-BR\",\"@id\":\"https:\\\/\\\/cnr.org.br\\\/novoportal\\\/privatizacao-dos-cartorios-baianos-evolucao-da-atividade-e-tema-de-evento-salvador\\\/#primaryimage\",\"url\":\"https:\\\/\\\/cnr.org.br\\\/site\\\/wp-content\\\/uploads\\\/2021\\\/11\\\/me.png\",\"contentUrl\":\"https:\\\/\\\/cnr.org.br\\\/site\\\/wp-content\\\/uploads\\\/2021\\\/11\\\/me.png\",\"width\":1940,\"height\":1240,\"caption\":\"Assessoria de imprensa deputado Z\u00e9 Neto\"},{\"@type\":\"BreadcrumbList\",\"@id\":\"https:\\\/\\\/cnr.org.br\\\/novoportal\\\/privatizacao-dos-cartorios-baianos-evolucao-da-atividade-e-tema-de-evento-salvador\\\/#breadcrumb\",\"itemListElement\":[{\"@type\":\"ListItem\",\"position\":1,\"name\":\"In\u00edcio\",\"item\":\"https:\\\/\\\/cnr.org.br\\\/site\\\/\"},{\"@type\":\"ListItem\",\"position\":2,\"name\":\"Privatiza\u00e7\u00e3o dos cart\u00f3rios baianos: evolu\u00e7\u00e3o da atividade \u00e9 tema de evento em Salvador\"}]},{\"@type\":\"WebSite\",\"@id\":\"https:\\\/\\\/cnr.org.br\\\/novoportal\\\/#website\",\"url\":\"https:\\\/\\\/cnr.org.br\\\/novoportal\\\/\",\"name\":\"CNR\",\"description\":\"Confedera\u00e7\u00e3o Nacional de Not\u00e1rios e Registradores\",\"publisher\":{\"@id\":\"https:\\\/\\\/cnr.org.br\\\/novoportal\\\/#organization\"},\"potentialAction\":[{\"@type\":\"SearchAction\",\"target\":{\"@type\":\"EntryPoint\",\"urlTemplate\":\"https:\\\/\\\/cnr.org.br\\\/novoportal\\\/?s={search_term_string}\"},\"query-input\":{\"@type\":\"PropertyValueSpecification\",\"valueRequired\":true,\"valueName\":\"search_term_string\"}}],\"inLanguage\":\"pt-BR\"},{\"@type\":\"Organization\",\"@id\":\"https:\\\/\\\/cnr.org.br\\\/novoportal\\\/#organization\",\"name\":\"CNR\",\"url\":\"https:\\\/\\\/cnr.org.br\\\/novoportal\\\/\",\"logo\":{\"@type\":\"ImageObject\",\"inLanguage\":\"pt-BR\",\"@id\":\"https:\\\/\\\/cnr.org.br\\\/novoportal\\\/#\\\/schema\\\/logo\\\/image\\\/\",\"url\":\"https:\\\/\\\/cnr.org.br\\\/site\\\/wp-content\\\/uploads\\\/2026\\\/02\\\/Logo_CNR_completa_colorida_2024.png\",\"contentUrl\":\"https:\\\/\\\/cnr.org.br\\\/site\\\/wp-content\\\/uploads\\\/2026\\\/02\\\/Logo_CNR_completa_colorida_2024.png\",\"width\":910,\"height\":450,\"caption\":\"CNR\"},\"image\":{\"@id\":\"https:\\\/\\\/cnr.org.br\\\/novoportal\\\/#\\\/schema\\\/logo\\\/image\\\/\"}},{\"@type\":\"Person\",\"@id\":\"https:\\\/\\\/cnr.org.br\\\/novoportal\\\/#\\\/schema\\\/person\\\/1f46209cd8c9d3d9887a0765b64ca66b\",\"name\":\"Imprensa CNR\",\"sameAs\":[\"https:\\\/\\\/cnr.org.br\\\/site\"],\"url\":\"https:\\\/\\\/cnr.org.br\\\/site\\\/author\\\/imprensa\\\/\"}]}<\/script>\n<!-- \/ Yoast SEO plugin. -->","yoast_head_json":{"title":"Privatiza\u00e7\u00e3o dos cart\u00f3rios baianos: evolu\u00e7\u00e3o da atividade \u00e9 tema de evento em Salvador - CNR","robots":{"index":"index","follow":"follow","max-snippet":"max-snippet:-1","max-image-preview":"max-image-preview:large","max-video-preview":"max-video-preview:-1"},"canonical":"https:\/\/cnr.org.br\/novoportal\/privatizacao-dos-cartorios-baianos-evolucao-da-atividade-e-tema-de-evento-salvador\/","og_locale":"pt_BR","og_type":"article","og_title":"Privatiza\u00e7\u00e3o dos cart\u00f3rios baianos: evolu\u00e7\u00e3o da atividade \u00e9 tema de evento em Salvador - CNR","og_description":"Presidente da CNR, Rog\u00e9rio Bacellar, discursou no evento na Assembleia Legislativa da Bahia (ALBA) Juristas da Bahia, Not\u00e1rios, Registradores e representantes de associa\u00e7\u00f5es de classe de todo o Brasil se reuniram nesta segunda-feira (08\/11) na Assembleia Legislativa da Bahia (ALBA). Organizado pelo deputado estadual Z\u00e9 Neto (PT\/BA), o semin\u00e1rio \u201cOs Novos Perfis do Not\u00e1rio e [&hellip;]","og_url":"https:\/\/cnr.org.br\/novoportal\/privatizacao-dos-cartorios-baianos-evolucao-da-atividade-e-tema-de-evento-salvador\/","og_site_name":"CNR","article_published_time":"2021-11-09T16:02:15+00:00","article_modified_time":"2021-11-09T18:28:00+00:00","og_image":[{"width":1940,"height":1240,"url":"https:\/\/cnr.org.br\/novoportal\/wp-content\/uploads\/2021\/11\/me.png","type":"image\/png"}],"author":"Imprensa CNR","twitter_card":"summary_large_image","twitter_misc":{"Escrito por":"Imprensa CNR","Est. tempo de leitura":"3 minutos"},"schema":{"@context":"https:\/\/schema.org","@graph":[{"@type":"Article","@id":"https:\/\/cnr.org.br\/novoportal\/privatizacao-dos-cartorios-baianos-evolucao-da-atividade-e-tema-de-evento-salvador\/#article","isPartOf":{"@id":"https:\/\/cnr.org.br\/novoportal\/privatizacao-dos-cartorios-baianos-evolucao-da-atividade-e-tema-de-evento-salvador\/"},"author":{"name":"Imprensa CNR","@id":"https:\/\/cnr.org.br\/novoportal\/#\/schema\/person\/1f46209cd8c9d3d9887a0765b64ca66b"},"headline":"Privatiza\u00e7\u00e3o dos cart\u00f3rios baianos: evolu\u00e7\u00e3o da atividade \u00e9 tema de evento em Salvador","datePublished":"2021-11-09T16:02:15+00:00","dateModified":"2021-11-09T18:28:00+00:00","mainEntityOfPage":{"@id":"https:\/\/cnr.org.br\/novoportal\/privatizacao-dos-cartorios-baianos-evolucao-da-atividade-e-tema-de-evento-salvador\/"},"wordCount":584,"publisher":{"@id":"https:\/\/cnr.org.br\/novoportal\/#organization"},"image":{"@id":"https:\/\/cnr.org.br\/novoportal\/privatizacao-dos-cartorios-baianos-evolucao-da-atividade-e-tema-de-evento-salvador\/#primaryimage"},"thumbnailUrl":"https:\/\/cnr.org.br\/site\/wp-content\/uploads\/2021\/11\/me.png","articleSection":["Home","Not\u00edcia","\u00daltimas Not\u00edcias"],"inLanguage":"pt-BR"},{"@type":"WebPage","@id":"https:\/\/cnr.org.br\/novoportal\/privatizacao-dos-cartorios-baianos-evolucao-da-atividade-e-tema-de-evento-salvador\/","url":"https:\/\/cnr.org.br\/novoportal\/privatizacao-dos-cartorios-baianos-evolucao-da-atividade-e-tema-de-evento-salvador\/","name":"Privatiza\u00e7\u00e3o dos cart\u00f3rios baianos: evolu\u00e7\u00e3o da atividade \u00e9 tema de evento em Salvador - CNR","isPartOf":{"@id":"https:\/\/cnr.org.br\/novoportal\/#website"},"primaryImageOfPage":{"@id":"https:\/\/cnr.org.br\/novoportal\/privatizacao-dos-cartorios-baianos-evolucao-da-atividade-e-tema-de-evento-salvador\/#primaryimage"},"image":{"@id":"https:\/\/cnr.org.br\/novoportal\/privatizacao-dos-cartorios-baianos-evolucao-da-atividade-e-tema-de-evento-salvador\/#primaryimage"},"thumbnailUrl":"https:\/\/cnr.org.br\/site\/wp-content\/uploads\/2021\/11\/me.png","datePublished":"2021-11-09T16:02:15+00:00","dateModified":"2021-11-09T18:28:00+00:00","breadcrumb":{"@id":"https:\/\/cnr.org.br\/novoportal\/privatizacao-dos-cartorios-baianos-evolucao-da-atividade-e-tema-de-evento-salvador\/#breadcrumb"},"inLanguage":"pt-BR","potentialAction":[{"@type":"ReadAction","target":["https:\/\/cnr.org.br\/novoportal\/privatizacao-dos-cartorios-baianos-evolucao-da-atividade-e-tema-de-evento-salvador\/"]}]},{"@type":"ImageObject","inLanguage":"pt-BR","@id":"https:\/\/cnr.org.br\/novoportal\/privatizacao-dos-cartorios-baianos-evolucao-da-atividade-e-tema-de-evento-salvador\/#primaryimage","url":"https:\/\/cnr.org.br\/site\/wp-content\/uploads\/2021\/11\/me.png","contentUrl":"https:\/\/cnr.org.br\/site\/wp-content\/uploads\/2021\/11\/me.png","width":1940,"height":1240,"caption":"Assessoria de imprensa deputado Z\u00e9 Neto"},{"@type":"BreadcrumbList","@id":"https:\/\/cnr.org.br\/novoportal\/privatizacao-dos-cartorios-baianos-evolucao-da-atividade-e-tema-de-evento-salvador\/#breadcrumb","itemListElement":[{"@type":"ListItem","position":1,"name":"In\u00edcio","item":"https:\/\/cnr.org.br\/site\/"},{"@type":"ListItem","position":2,"name":"Privatiza\u00e7\u00e3o dos cart\u00f3rios baianos: evolu\u00e7\u00e3o da atividade \u00e9 tema de evento em Salvador"}]},{"@type":"WebSite","@id":"https:\/\/cnr.org.br\/novoportal\/#website","url":"https:\/\/cnr.org.br\/novoportal\/","name":"CNR","description":"Confedera\u00e7\u00e3o Nacional de Not\u00e1rios e Registradores","publisher":{"@id":"https:\/\/cnr.org.br\/novoportal\/#organization"},"potentialAction":[{"@type":"SearchAction","target":{"@type":"EntryPoint","urlTemplate":"https:\/\/cnr.org.br\/novoportal\/?s={search_term_string}"},"query-input":{"@type":"PropertyValueSpecification","valueRequired":true,"valueName":"search_term_string"}}],"inLanguage":"pt-BR"},{"@type":"Organization","@id":"https:\/\/cnr.org.br\/novoportal\/#organization","name":"CNR","url":"https:\/\/cnr.org.br\/novoportal\/","logo":{"@type":"ImageObject","inLanguage":"pt-BR","@id":"https:\/\/cnr.org.br\/novoportal\/#\/schema\/logo\/image\/","url":"https:\/\/cnr.org.br\/site\/wp-content\/uploads\/2026\/02\/Logo_CNR_completa_colorida_2024.png","contentUrl":"https:\/\/cnr.org.br\/site\/wp-content\/uploads\/2026\/02\/Logo_CNR_completa_colorida_2024.png","width":910,"height":450,"caption":"CNR"},"image":{"@id":"https:\/\/cnr.org.br\/novoportal\/#\/schema\/logo\/image\/"}},{"@type":"Person","@id":"https:\/\/cnr.org.br\/novoportal\/#\/schema\/person\/1f46209cd8c9d3d9887a0765b64ca66b","name":"Imprensa CNR","sameAs":["https:\/\/cnr.org.br\/site"],"url":"https:\/\/cnr.org.br\/site\/author\/imprensa\/"}]}},"_links":{"self":[{"href":"https:\/\/cnr.org.br\/site\/wp-json\/wp\/v2\/posts\/24066","targetHints":{"allow":["GET"]}}],"collection":[{"href":"https:\/\/cnr.org.br\/site\/wp-json\/wp\/v2\/posts"}],"about":[{"href":"https:\/\/cnr.org.br\/site\/wp-json\/wp\/v2\/types\/post"}],"author":[{"embeddable":true,"href":"https:\/\/cnr.org.br\/site\/wp-json\/wp\/v2\/users\/2"}],"replies":[{"embeddable":true,"href":"https:\/\/cnr.org.br\/site\/wp-json\/wp\/v2\/comments?post=24066"}],"version-history":[{"count":0,"href":"https:\/\/cnr.org.br\/site\/wp-json\/wp\/v2\/posts\/24066\/revisions"}],"wp:featuredmedia":[{"embeddable":true,"href":"https:\/\/cnr.org.br\/site\/wp-json\/wp\/v2\/media\/24067"}],"wp:attachment":[{"href":"https:\/\/cnr.org.br\/site\/wp-json\/wp\/v2\/media?parent=24066"}],"wp:term":[{"taxonomy":"category","embeddable":true,"href":"https:\/\/cnr.org.br\/site\/wp-json\/wp\/v2\/categories?post=24066"},{"taxonomy":"post_tag","embeddable":true,"href":"https:\/\/cnr.org.br\/site\/wp-json\/wp\/v2\/tags?post=24066"}],"curies":[{"name":"wp","href":"https:\/\/api.w.org\/{rel}","templated":true}]}}