{"id":24078,"date":"2021-11-17T12:05:21","date_gmt":"2021-11-17T14:05:21","guid":{"rendered":"https:\/\/cnr.org.br\/site\/?p=24078"},"modified":"2021-11-17T12:05:24","modified_gmt":"2021-11-17T14:05:24","slug":"nota-de-pesar-augusto-henrique-nardelli","status":"publish","type":"post","link":"https:\/\/cnr.org.br\/site\/nota-de-pesar-augusto-henrique-nardelli\/","title":{"rendered":"Nota de pesar: Augusto Henrique Nardelli"},"content":{"rendered":"\n<p>m nome da Diretoria da Confedera\u00e7\u00e3o Nacional de Not\u00e1rios e Registradores (CNR), informo e lamento profundamente o falecimento, nesta ter\u00e7a-feira (16), de nosso estimado Augusto Henrique Nardelli.<\/p>\n\n\n\n<p>Aos 80 anos, Nardelli deixou um extenso legado como assessor parlamentar e consultor legislativo, que certamente servir\u00e1 de inspira\u00e7\u00e3o para as pr\u00f3ximas gera\u00e7\u00f5es. Hoje, al\u00e9m da CNR, entidades como a C\u00e2mara dos Deputados e a Associa\u00e7\u00e3o dos Not\u00e1rios e Registradores do Brasil (Anoreg-BR), que tamb\u00e9m tiveram o privil\u00e9gio de conviver com este profissional brilhante e ser humano exemplar, est\u00e3o de luto.<\/p>\n\n\n\n<p>N\u00e3o s\u00f3 manifesto nosso imenso pesar, como quero prestar toda solidariedade \u00e0 fam\u00edlia de Nardelli, desejando que encontrem amparo e conforto para atravessar esse momento de dor.&nbsp;<\/p>\n\n\n\n<p>Transmito todas as nossas condol\u00eancias a familiares, amigos e colegas de trabalho, com a certeza de que Nardelli deixou sua marca na hist\u00f3ria e no cora\u00e7\u00e3o de todos n\u00f3s.&nbsp;<\/p>\n\n\n\n<p>Respeitosamente,<\/p>\n\n\n\n<p>Rog\u00e9rio Portugal Bacellar<\/p>\n","protected":false},"excerpt":{"rendered":"<p>m nome da Diretoria da Confedera\u00e7\u00e3o Nacional de Not\u00e1rios e Registradores (CNR), informo e lamento profundamente o falecimento, nesta ter\u00e7a-feira (16), de nosso estimado Augusto Henrique Nardelli. Aos 80 anos, Nardelli deixou um extenso legado como assessor parlamentar e consultor legislativo, que certamente servir\u00e1 de inspira\u00e7\u00e3o para as pr\u00f3ximas gera\u00e7\u00f5es. Hoje, al\u00e9m da CNR, entidades&#8230;<\/p>\n","protected":false},"author":2,"featured_media":23388,"comment_status":"closed","ping_status":"closed","sticky":false,"template":"","format":"standard","meta":{"_exactmetrics_skip_tracking":false,"_exactmetrics_sitenote_active":false,"_exactmetrics_sitenote_note":"","_exactmetrics_sitenote_category":0,"footnotes":""},"categories":[525,55,47],"tags":[],"class_list":["post-24078","post","type-post","status-publish","format-standard","has-post-thumbnail","hentry","category-home","category-noticia","category-ultimas-noticias"],"_links":{"self":[{"href":"https:\/\/cnr.org.br\/site\/wp-json\/wp\/v2\/posts\/24078"}],"collection":[{"href":"https:\/\/cnr.org.br\/site\/wp-json\/wp\/v2\/posts"}],"about":[{"href":"https:\/\/cnr.org.br\/site\/wp-json\/wp\/v2\/types\/post"}],"author":[{"embeddable":true,"href":"https:\/\/cnr.org.br\/site\/wp-json\/wp\/v2\/users\/2"}],"replies":[{"embeddable":true,"href":"https:\/\/cnr.org.br\/site\/wp-json\/wp\/v2\/comments?post=24078"}],"version-history":[{"count":1,"href":"https:\/\/cnr.org.br\/site\/wp-json\/wp\/v2\/posts\/24078\/revisions"}],"predecessor-version":[{"id":24079,"href":"https:\/\/cnr.org.br\/site\/wp-json\/wp\/v2\/posts\/24078\/revisions\/24079"}],"wp:featuredmedia":[{"embeddable":true,"href":"https:\/\/cnr.org.br\/site\/wp-json\/wp\/v2\/media\/23388"}],"wp:attachment":[{"href":"https:\/\/cnr.org.br\/site\/wp-json\/wp\/v2\/media?parent=24078"}],"wp:term":[{"taxonomy":"category","embeddable":true,"href":"https:\/\/cnr.org.br\/site\/wp-json\/wp\/v2\/categories?post=24078"},{"taxonomy":"post_tag","embeddable":true,"href":"https:\/\/cnr.org.br\/site\/wp-json\/wp\/v2\/tags?post=24078"}],"curies":[{"name":"wp","href":"https:\/\/api.w.org\/{rel}","templated":true}]}}