{"id":6401,"date":"2018-05-03T13:56:19","date_gmt":"2018-05-03T13:56:19","guid":{"rendered":"https:\/\/cnr.org.br\/site\/?p=6401"},"modified":"2018-05-03T13:56:19","modified_gmt":"2018-05-03T13:56:19","slug":"primeira-edicao-da-revista-cartorio-contemporaneo-esta-disponivel-para-leitura","status":"publish","type":"post","link":"https:\/\/cnr.org.br\/site\/primeira-edicao-da-revista-cartorio-contemporaneo-esta-disponivel-para-leitura\/","title":{"rendered":"Primeira edi\u00e7\u00e3o da Revista Cart\u00f3rio Contempor\u00e2neo est\u00e1 dispon\u00edvel para leitura"},"content":{"rendered":"<p style=\"text-align: justify;\">A Confedera\u00e7\u00e3o Nacional de Not\u00e1rios e Registradores (CNR) lan\u00e7ou a vers\u00e3o digital da primeira edi\u00e7\u00e3o da Revista Cart\u00f3rio Contempor\u00e2neo. Nessa publica\u00e7\u00e3o voc\u00ea ir\u00e1 encontrar diversas tend\u00eancias do Direito brasileiro, como os impactos da Reforma Trabalhista, a import\u00e2ncia da extrajudicializa\u00e7\u00e3o para diminuir a burocracia, teto para os cart\u00f3rios, al\u00e9m das discuss\u00f5es realizadas no VIII F\u00f3rum de Integra\u00e7\u00e3o Jur\u00eddica Direito Notarial e de Registro, que reuniu especialistas do Direito para discutir a participa\u00e7\u00e3o dos not\u00e1rios e registradores em diversos procedimentos \u00e0 popula\u00e7\u00e3o. A revista ainda traz uma entrevista exclusiva com a ministra do Supremo Tribunal de Justi\u00e7a (STJ), Laurita Vaz e conta tamb\u00e9m sobre os benef\u00edcios do Clube de Vantagens da CNR. Veja Abaixo!<\/p>\n<p>&nbsp;[wp-flipbook id=7237]\t\t<\/p>\n","protected":false},"excerpt":{"rendered":"<p>A Confedera\u00e7\u00e3o Nacional de Not\u00e1rios e Registradores (CNR) lan\u00e7ou a vers\u00e3o digital da primeira edi\u00e7\u00e3o da Revista Cart\u00f3rio Contempor\u00e2neo. Nessa publica\u00e7\u00e3o voc\u00ea ir\u00e1 encontrar diversas tend\u00eancias do Direito brasileiro, como os impactos da Reforma Trabalhista, a import\u00e2ncia da extrajudicializa\u00e7\u00e3o para diminuir a burocracia, teto para os cart\u00f3rios, al\u00e9m das discuss\u00f5es realizadas no VIII F\u00f3rum de&#8230;<\/p>\n","protected":false},"author":2,"featured_media":13854,"comment_status":"open","ping_status":"open","sticky":false,"template":"","format":"standard","meta":{"_exactmetrics_skip_tracking":false,"_exactmetrics_sitenote_active":false,"_exactmetrics_sitenote_note":"","_exactmetrics_sitenote_category":0,"footnotes":""},"categories":[55,47],"tags":[],"class_list":["post-6401","post","type-post","status-publish","format-standard","has-post-thumbnail","hentry","category-noticia","category-ultimas-noticias"],"_links":{"self":[{"href":"https:\/\/cnr.org.br\/site\/wp-json\/wp\/v2\/posts\/6401"}],"collection":[{"href":"https:\/\/cnr.org.br\/site\/wp-json\/wp\/v2\/posts"}],"about":[{"href":"https:\/\/cnr.org.br\/site\/wp-json\/wp\/v2\/types\/post"}],"author":[{"embeddable":true,"href":"https:\/\/cnr.org.br\/site\/wp-json\/wp\/v2\/users\/2"}],"replies":[{"embeddable":true,"href":"https:\/\/cnr.org.br\/site\/wp-json\/wp\/v2\/comments?post=6401"}],"version-history":[{"count":0,"href":"https:\/\/cnr.org.br\/site\/wp-json\/wp\/v2\/posts\/6401\/revisions"}],"wp:featuredmedia":[{"embeddable":true,"href":"https:\/\/cnr.org.br\/site\/wp-json\/wp\/v2\/media\/13854"}],"wp:attachment":[{"href":"https:\/\/cnr.org.br\/site\/wp-json\/wp\/v2\/media?parent=6401"}],"wp:term":[{"taxonomy":"category","embeddable":true,"href":"https:\/\/cnr.org.br\/site\/wp-json\/wp\/v2\/categories?post=6401"},{"taxonomy":"post_tag","embeddable":true,"href":"https:\/\/cnr.org.br\/site\/wp-json\/wp\/v2\/tags?post=6401"}],"curies":[{"name":"wp","href":"https:\/\/api.w.org\/{rel}","templated":true}]}}