{"id":7403,"date":"2018-05-22T15:52:41","date_gmt":"2018-05-22T18:52:41","guid":{"rendered":"https:\/\/cnr.org.br\/site\/?p=7403"},"modified":"2018-05-22T15:52:41","modified_gmt":"2018-05-22T18:52:41","slug":"cartorios-de-sp-padronizam-mudanca-de-nome-e-genero-no-registro","status":"publish","type":"post","link":"https:\/\/cnr.org.br\/site\/cartorios-de-sp-padronizam-mudanca-de-nome-e-genero-no-registro\/","title":{"rendered":"Cart\u00f3rios de SP padronizam mudan\u00e7a de nome e g\u00eanero no registro"},"content":{"rendered":"<div id=\"dslc-theme-content\"><div id=\"dslc-theme-content-inner\"><p>\t\t\t\tOs cart\u00f3rios de registro civil de S\u00e3o Paulo podem, a partir de hoje (21), alterar o nome e g\u00eanero de transexuais diretamente na certid\u00e3o de nascimento, sem necessidade de autoriza\u00e7\u00e3o judicial. A norma estadual foi publicada nesta segunda-feira (21) no Di\u00e1rio Oficial do Estado e regulamenta a atua\u00e7\u00e3o dos cart\u00f3rios diante da decis\u00e3o do Supremo Tribunal Federal (STF) de mar\u00e7o, que autorizou a mudan\u00e7a do nome no registro civil sem a necessidade de cirurgia de mudan\u00e7a de sexo.<\/p>\n<p>S\u00e3o Paulo passa ser o terceiro estado do pa\u00eds a normatizar a atua\u00e7\u00e3o direta dos cart\u00f3rios independentemente de autoriza\u00e7\u00e3o judicial. At\u00e9 ent\u00e3o, devido \u00e0 aus\u00eancia de ato normativo sobre o assunto, cabia a cada titular realizar ou n\u00e3o o procedimento, assim como a indica\u00e7\u00e3o dos documentos a serem solicitados ao cidad\u00e3o.<\/p>\n<p>\u201cA publica\u00e7\u00e3o desse provimento \u00e9 muito importante, pois vamos conseguir recepcionar os pedidos sem a necessidade de uma aprecia\u00e7\u00e3o judicial. A regulamenta\u00e7\u00e3o da mat\u00e9ria, por meio do provimento estadual dar\u00e1 mais credibilidade e seguran\u00e7a tanto para usu\u00e1rio quanto para o pr\u00f3prio cart\u00f3rio dar andamento a essa altera\u00e7\u00e3o\u201d, disse o presidente da Associa\u00e7\u00e3o dos Registradores de Pessoas Naturais do Estado de S\u00e3o Paulo (Arpen), Gustavo Renato Fiscarelli.<\/p>\n<p><strong>Procedimento<\/strong><\/p>\n<p>De acordo com a Arpen, a altera\u00e7\u00e3o diretamente em cart\u00f3rio pode ser feita por pessoas maiores de 18 anos que tenham capacidade de expressar sua vontade de forma inequ\u00edvoca e livre.<\/p>\n<p>As pessoas interessadas devem se dirigir a um dos Cart\u00f3rios de Registro Civil do estado, preencher pessoalmente o requerimento de altera\u00e7\u00e3o (o modelo est\u00e1 previsto no provimento) e apresentar os seguintes documentos: RG, CPF, T\u00edtulo de Eleitor, certid\u00f5es de casamento e de nascimento dos filhos, se existirem, e comprovante de resid\u00eancia.<\/p>\n<p>Al\u00e9m desses, tamb\u00e9m s\u00e3o necess\u00e1rias as certid\u00f5es dos Distribuidores C\u00edveis e Criminais da Justi\u00e7a Estadual e da Justi\u00e7a Federal, e Certid\u00e3o de Distribui\u00e7\u00e3o da Justi\u00e7a do Trabalho, dos domic\u00edlios da parte requerente, pelo per\u00edodo de dez anos, ou pelo per\u00edodo em que tiver completado a maioridade civil se for menor que dez anos.<\/p>\n<p>Feita a altera\u00e7\u00e3o na certid\u00e3o de nascimento, a pessoa dever\u00e1 providenciar a mudan\u00e7a do nome e g\u00eanero nos demais documentos junto aos respectivos \u00f3rg\u00e3os emissores. Uma nova altera\u00e7\u00e3o do nome ou g\u00eanero somente ser\u00e1 poss\u00edvel via judicial.<\/p>\n<p><strong>Fonte: <a href=\"https:\/\/istoe.com.br\/cartorios-de-sp-padronizam-mudanca-de-nome-e-genero-no-registro\/\" target=\"_blank\" rel=\"noopener\">Isto\u00c9<\/a><\/strong>\t\t<\/p>\n<\/div><\/div>","protected":false},"excerpt":{"rendered":"<p>Os cart\u00f3rios de registro civil de S\u00e3o Paulo podem, a partir de hoje (21), alterar o nome e g\u00eanero de transexuais diretamente na certid\u00e3o de nascimento, sem necessidade de autoriza\u00e7\u00e3o judicial. A norma estadual foi publicada nesta segunda-feira (21) no Di\u00e1rio Oficial do Estado e regulamenta a atua\u00e7\u00e3o dos cart\u00f3rios diante da decis\u00e3o do Supremo [&hellip;]<\/p>\n","protected":false},"author":2,"featured_media":13885,"comment_status":"open","ping_status":"open","sticky":false,"template":"","format":"standard","meta":{"footnotes":"","_links_to":"","_links_to_target":""},"categories":[55,47],"tags":[],"class_list":["post-7403","post","type-post","status-publish","format-standard","has-post-thumbnail","hentry","category-noticia","category-ultimas-noticias"],"yoast_head":"<!-- This site is optimized with the Yoast SEO plugin v27.5 - https:\/\/yoast.com\/product\/yoast-seo-wordpress\/ -->\n<title>Cart\u00f3rios de SP padronizam mudan\u00e7a de nome e g\u00eanero no registro - CNR<\/title>\n<meta name=\"robots\" content=\"index, follow, max-snippet:-1, max-image-preview:large, max-video-preview:-1\" \/>\n<link rel=\"canonical\" href=\"https:\/\/cnr.org.br\/novoportal\/cartorios-de-sp-padronizam-mudanca-de-nome-e-genero-no-registro\/\" \/>\n<meta property=\"og:locale\" content=\"pt_BR\" \/>\n<meta property=\"og:type\" content=\"article\" \/>\n<meta property=\"og:title\" content=\"Cart\u00f3rios de SP padronizam mudan\u00e7a de nome e g\u00eanero no registro - CNR\" \/>\n<meta property=\"og:description\" content=\"Os cart\u00f3rios de registro civil de S\u00e3o Paulo podem, a partir de hoje (21), alterar o nome e g\u00eanero de transexuais diretamente na certid\u00e3o de nascimento, sem necessidade de autoriza\u00e7\u00e3o judicial. A norma estadual foi publicada nesta segunda-feira (21) no Di\u00e1rio Oficial do Estado e regulamenta a atua\u00e7\u00e3o dos cart\u00f3rios diante da decis\u00e3o do Supremo [&hellip;]\" \/>\n<meta property=\"og:url\" content=\"https:\/\/cnr.org.br\/novoportal\/cartorios-de-sp-padronizam-mudanca-de-nome-e-genero-no-registro\/\" \/>\n<meta property=\"og:site_name\" content=\"CNR\" \/>\n<meta property=\"article:published_time\" content=\"2018-05-22T18:52:41+00:00\" \/>\n<meta property=\"og:image\" content=\"https:\/\/cnr.org.br\/novoportal\/wp-content\/uploads\/2019\/03\/laptop-3076957_1920.jpg\" \/>\n\t<meta property=\"og:image:width\" content=\"1920\" \/>\n\t<meta property=\"og:image:height\" content=\"1278\" \/>\n\t<meta property=\"og:image:type\" content=\"image\/jpeg\" \/>\n<meta name=\"author\" content=\"Imprensa CNR\" \/>\n<meta name=\"twitter:card\" content=\"summary_large_image\" \/>\n<meta name=\"twitter:label1\" content=\"Escrito por\" \/>\n\t<meta name=\"twitter:data1\" content=\"Imprensa CNR\" \/>\n\t<meta name=\"twitter:label2\" content=\"Est. tempo de leitura\" \/>\n\t<meta name=\"twitter:data2\" content=\"2 minutos\" \/>\n<script type=\"application\/ld+json\" class=\"yoast-schema-graph\">{\"@context\":\"https:\\\/\\\/schema.org\",\"@graph\":[{\"@type\":\"Article\",\"@id\":\"https:\\\/\\\/cnr.org.br\\\/novoportal\\\/cartorios-de-sp-padronizam-mudanca-de-nome-e-genero-no-registro\\\/#article\",\"isPartOf\":{\"@id\":\"https:\\\/\\\/cnr.org.br\\\/novoportal\\\/cartorios-de-sp-padronizam-mudanca-de-nome-e-genero-no-registro\\\/\"},\"author\":{\"name\":\"Imprensa CNR\",\"@id\":\"https:\\\/\\\/cnr.org.br\\\/novoportal\\\/#\\\/schema\\\/person\\\/1f46209cd8c9d3d9887a0765b64ca66b\"},\"headline\":\"Cart\u00f3rios de SP padronizam mudan\u00e7a de nome e g\u00eanero no registro\",\"datePublished\":\"2018-05-22T18:52:41+00:00\",\"mainEntityOfPage\":{\"@id\":\"https:\\\/\\\/cnr.org.br\\\/novoportal\\\/cartorios-de-sp-padronizam-mudanca-de-nome-e-genero-no-registro\\\/\"},\"wordCount\":442,\"commentCount\":0,\"publisher\":{\"@id\":\"https:\\\/\\\/cnr.org.br\\\/novoportal\\\/#organization\"},\"image\":{\"@id\":\"https:\\\/\\\/cnr.org.br\\\/novoportal\\\/cartorios-de-sp-padronizam-mudanca-de-nome-e-genero-no-registro\\\/#primaryimage\"},\"thumbnailUrl\":\"https:\\\/\\\/cnr.org.br\\\/site\\\/wp-content\\\/uploads\\\/2019\\\/03\\\/laptop-3076957_1920.jpg\",\"articleSection\":[\"Not\u00edcia\",\"\u00daltimas Not\u00edcias\"],\"inLanguage\":\"pt-BR\"},{\"@type\":\"WebPage\",\"@id\":\"https:\\\/\\\/cnr.org.br\\\/novoportal\\\/cartorios-de-sp-padronizam-mudanca-de-nome-e-genero-no-registro\\\/\",\"url\":\"https:\\\/\\\/cnr.org.br\\\/novoportal\\\/cartorios-de-sp-padronizam-mudanca-de-nome-e-genero-no-registro\\\/\",\"name\":\"Cart\u00f3rios de SP padronizam mudan\u00e7a de nome e g\u00eanero no registro - CNR\",\"isPartOf\":{\"@id\":\"https:\\\/\\\/cnr.org.br\\\/novoportal\\\/#website\"},\"primaryImageOfPage\":{\"@id\":\"https:\\\/\\\/cnr.org.br\\\/novoportal\\\/cartorios-de-sp-padronizam-mudanca-de-nome-e-genero-no-registro\\\/#primaryimage\"},\"image\":{\"@id\":\"https:\\\/\\\/cnr.org.br\\\/novoportal\\\/cartorios-de-sp-padronizam-mudanca-de-nome-e-genero-no-registro\\\/#primaryimage\"},\"thumbnailUrl\":\"https:\\\/\\\/cnr.org.br\\\/site\\\/wp-content\\\/uploads\\\/2019\\\/03\\\/laptop-3076957_1920.jpg\",\"datePublished\":\"2018-05-22T18:52:41+00:00\",\"breadcrumb\":{\"@id\":\"https:\\\/\\\/cnr.org.br\\\/novoportal\\\/cartorios-de-sp-padronizam-mudanca-de-nome-e-genero-no-registro\\\/#breadcrumb\"},\"inLanguage\":\"pt-BR\",\"potentialAction\":[{\"@type\":\"ReadAction\",\"target\":[\"https:\\\/\\\/cnr.org.br\\\/novoportal\\\/cartorios-de-sp-padronizam-mudanca-de-nome-e-genero-no-registro\\\/\"]}]},{\"@type\":\"ImageObject\",\"inLanguage\":\"pt-BR\",\"@id\":\"https:\\\/\\\/cnr.org.br\\\/novoportal\\\/cartorios-de-sp-padronizam-mudanca-de-nome-e-genero-no-registro\\\/#primaryimage\",\"url\":\"https:\\\/\\\/cnr.org.br\\\/site\\\/wp-content\\\/uploads\\\/2019\\\/03\\\/laptop-3076957_1920.jpg\",\"contentUrl\":\"https:\\\/\\\/cnr.org.br\\\/site\\\/wp-content\\\/uploads\\\/2019\\\/03\\\/laptop-3076957_1920.jpg\",\"width\":1920,\"height\":1278},{\"@type\":\"BreadcrumbList\",\"@id\":\"https:\\\/\\\/cnr.org.br\\\/novoportal\\\/cartorios-de-sp-padronizam-mudanca-de-nome-e-genero-no-registro\\\/#breadcrumb\",\"itemListElement\":[{\"@type\":\"ListItem\",\"position\":1,\"name\":\"In\u00edcio\",\"item\":\"https:\\\/\\\/cnr.org.br\\\/site\\\/\"},{\"@type\":\"ListItem\",\"position\":2,\"name\":\"Cart\u00f3rios de SP padronizam mudan\u00e7a de nome e g\u00eanero no registro\"}]},{\"@type\":\"WebSite\",\"@id\":\"https:\\\/\\\/cnr.org.br\\\/novoportal\\\/#website\",\"url\":\"https:\\\/\\\/cnr.org.br\\\/novoportal\\\/\",\"name\":\"CNR\",\"description\":\"Confedera\u00e7\u00e3o Nacional de Not\u00e1rios e Registradores\",\"publisher\":{\"@id\":\"https:\\\/\\\/cnr.org.br\\\/novoportal\\\/#organization\"},\"potentialAction\":[{\"@type\":\"SearchAction\",\"target\":{\"@type\":\"EntryPoint\",\"urlTemplate\":\"https:\\\/\\\/cnr.org.br\\\/novoportal\\\/?s={search_term_string}\"},\"query-input\":{\"@type\":\"PropertyValueSpecification\",\"valueRequired\":true,\"valueName\":\"search_term_string\"}}],\"inLanguage\":\"pt-BR\"},{\"@type\":\"Organization\",\"@id\":\"https:\\\/\\\/cnr.org.br\\\/novoportal\\\/#organization\",\"name\":\"CNR\",\"url\":\"https:\\\/\\\/cnr.org.br\\\/novoportal\\\/\",\"logo\":{\"@type\":\"ImageObject\",\"inLanguage\":\"pt-BR\",\"@id\":\"https:\\\/\\\/cnr.org.br\\\/novoportal\\\/#\\\/schema\\\/logo\\\/image\\\/\",\"url\":\"https:\\\/\\\/cnr.org.br\\\/site\\\/wp-content\\\/uploads\\\/2026\\\/02\\\/Logo_CNR_completa_colorida_2024.png\",\"contentUrl\":\"https:\\\/\\\/cnr.org.br\\\/site\\\/wp-content\\\/uploads\\\/2026\\\/02\\\/Logo_CNR_completa_colorida_2024.png\",\"width\":910,\"height\":450,\"caption\":\"CNR\"},\"image\":{\"@id\":\"https:\\\/\\\/cnr.org.br\\\/novoportal\\\/#\\\/schema\\\/logo\\\/image\\\/\"}},{\"@type\":\"Person\",\"@id\":\"https:\\\/\\\/cnr.org.br\\\/novoportal\\\/#\\\/schema\\\/person\\\/1f46209cd8c9d3d9887a0765b64ca66b\",\"name\":\"Imprensa CNR\",\"sameAs\":[\"https:\\\/\\\/cnr.org.br\\\/site\"],\"url\":\"https:\\\/\\\/cnr.org.br\\\/site\\\/author\\\/imprensa\\\/\"}]}<\/script>\n<!-- \/ Yoast SEO plugin. -->","yoast_head_json":{"title":"Cart\u00f3rios de SP padronizam mudan\u00e7a de nome e g\u00eanero no registro - CNR","robots":{"index":"index","follow":"follow","max-snippet":"max-snippet:-1","max-image-preview":"max-image-preview:large","max-video-preview":"max-video-preview:-1"},"canonical":"https:\/\/cnr.org.br\/novoportal\/cartorios-de-sp-padronizam-mudanca-de-nome-e-genero-no-registro\/","og_locale":"pt_BR","og_type":"article","og_title":"Cart\u00f3rios de SP padronizam mudan\u00e7a de nome e g\u00eanero no registro - CNR","og_description":"Os cart\u00f3rios de registro civil de S\u00e3o Paulo podem, a partir de hoje (21), alterar o nome e g\u00eanero de transexuais diretamente na certid\u00e3o de nascimento, sem necessidade de autoriza\u00e7\u00e3o judicial. A norma estadual foi publicada nesta segunda-feira (21) no Di\u00e1rio Oficial do Estado e regulamenta a atua\u00e7\u00e3o dos cart\u00f3rios diante da decis\u00e3o do Supremo [&hellip;]","og_url":"https:\/\/cnr.org.br\/novoportal\/cartorios-de-sp-padronizam-mudanca-de-nome-e-genero-no-registro\/","og_site_name":"CNR","article_published_time":"2018-05-22T18:52:41+00:00","og_image":[{"width":1920,"height":1278,"url":"https:\/\/cnr.org.br\/novoportal\/wp-content\/uploads\/2019\/03\/laptop-3076957_1920.jpg","type":"image\/jpeg"}],"author":"Imprensa CNR","twitter_card":"summary_large_image","twitter_misc":{"Escrito por":"Imprensa CNR","Est. tempo de leitura":"2 minutos"},"schema":{"@context":"https:\/\/schema.org","@graph":[{"@type":"Article","@id":"https:\/\/cnr.org.br\/novoportal\/cartorios-de-sp-padronizam-mudanca-de-nome-e-genero-no-registro\/#article","isPartOf":{"@id":"https:\/\/cnr.org.br\/novoportal\/cartorios-de-sp-padronizam-mudanca-de-nome-e-genero-no-registro\/"},"author":{"name":"Imprensa CNR","@id":"https:\/\/cnr.org.br\/novoportal\/#\/schema\/person\/1f46209cd8c9d3d9887a0765b64ca66b"},"headline":"Cart\u00f3rios de SP padronizam mudan\u00e7a de nome e g\u00eanero no registro","datePublished":"2018-05-22T18:52:41+00:00","mainEntityOfPage":{"@id":"https:\/\/cnr.org.br\/novoportal\/cartorios-de-sp-padronizam-mudanca-de-nome-e-genero-no-registro\/"},"wordCount":442,"commentCount":0,"publisher":{"@id":"https:\/\/cnr.org.br\/novoportal\/#organization"},"image":{"@id":"https:\/\/cnr.org.br\/novoportal\/cartorios-de-sp-padronizam-mudanca-de-nome-e-genero-no-registro\/#primaryimage"},"thumbnailUrl":"https:\/\/cnr.org.br\/site\/wp-content\/uploads\/2019\/03\/laptop-3076957_1920.jpg","articleSection":["Not\u00edcia","\u00daltimas Not\u00edcias"],"inLanguage":"pt-BR"},{"@type":"WebPage","@id":"https:\/\/cnr.org.br\/novoportal\/cartorios-de-sp-padronizam-mudanca-de-nome-e-genero-no-registro\/","url":"https:\/\/cnr.org.br\/novoportal\/cartorios-de-sp-padronizam-mudanca-de-nome-e-genero-no-registro\/","name":"Cart\u00f3rios de SP padronizam mudan\u00e7a de nome e g\u00eanero no registro - CNR","isPartOf":{"@id":"https:\/\/cnr.org.br\/novoportal\/#website"},"primaryImageOfPage":{"@id":"https:\/\/cnr.org.br\/novoportal\/cartorios-de-sp-padronizam-mudanca-de-nome-e-genero-no-registro\/#primaryimage"},"image":{"@id":"https:\/\/cnr.org.br\/novoportal\/cartorios-de-sp-padronizam-mudanca-de-nome-e-genero-no-registro\/#primaryimage"},"thumbnailUrl":"https:\/\/cnr.org.br\/site\/wp-content\/uploads\/2019\/03\/laptop-3076957_1920.jpg","datePublished":"2018-05-22T18:52:41+00:00","breadcrumb":{"@id":"https:\/\/cnr.org.br\/novoportal\/cartorios-de-sp-padronizam-mudanca-de-nome-e-genero-no-registro\/#breadcrumb"},"inLanguage":"pt-BR","potentialAction":[{"@type":"ReadAction","target":["https:\/\/cnr.org.br\/novoportal\/cartorios-de-sp-padronizam-mudanca-de-nome-e-genero-no-registro\/"]}]},{"@type":"ImageObject","inLanguage":"pt-BR","@id":"https:\/\/cnr.org.br\/novoportal\/cartorios-de-sp-padronizam-mudanca-de-nome-e-genero-no-registro\/#primaryimage","url":"https:\/\/cnr.org.br\/site\/wp-content\/uploads\/2019\/03\/laptop-3076957_1920.jpg","contentUrl":"https:\/\/cnr.org.br\/site\/wp-content\/uploads\/2019\/03\/laptop-3076957_1920.jpg","width":1920,"height":1278},{"@type":"BreadcrumbList","@id":"https:\/\/cnr.org.br\/novoportal\/cartorios-de-sp-padronizam-mudanca-de-nome-e-genero-no-registro\/#breadcrumb","itemListElement":[{"@type":"ListItem","position":1,"name":"In\u00edcio","item":"https:\/\/cnr.org.br\/site\/"},{"@type":"ListItem","position":2,"name":"Cart\u00f3rios de SP padronizam mudan\u00e7a de nome e g\u00eanero no registro"}]},{"@type":"WebSite","@id":"https:\/\/cnr.org.br\/novoportal\/#website","url":"https:\/\/cnr.org.br\/novoportal\/","name":"CNR","description":"Confedera\u00e7\u00e3o Nacional de Not\u00e1rios e Registradores","publisher":{"@id":"https:\/\/cnr.org.br\/novoportal\/#organization"},"potentialAction":[{"@type":"SearchAction","target":{"@type":"EntryPoint","urlTemplate":"https:\/\/cnr.org.br\/novoportal\/?s={search_term_string}"},"query-input":{"@type":"PropertyValueSpecification","valueRequired":true,"valueName":"search_term_string"}}],"inLanguage":"pt-BR"},{"@type":"Organization","@id":"https:\/\/cnr.org.br\/novoportal\/#organization","name":"CNR","url":"https:\/\/cnr.org.br\/novoportal\/","logo":{"@type":"ImageObject","inLanguage":"pt-BR","@id":"https:\/\/cnr.org.br\/novoportal\/#\/schema\/logo\/image\/","url":"https:\/\/cnr.org.br\/site\/wp-content\/uploads\/2026\/02\/Logo_CNR_completa_colorida_2024.png","contentUrl":"https:\/\/cnr.org.br\/site\/wp-content\/uploads\/2026\/02\/Logo_CNR_completa_colorida_2024.png","width":910,"height":450,"caption":"CNR"},"image":{"@id":"https:\/\/cnr.org.br\/novoportal\/#\/schema\/logo\/image\/"}},{"@type":"Person","@id":"https:\/\/cnr.org.br\/novoportal\/#\/schema\/person\/1f46209cd8c9d3d9887a0765b64ca66b","name":"Imprensa CNR","sameAs":["https:\/\/cnr.org.br\/site"],"url":"https:\/\/cnr.org.br\/site\/author\/imprensa\/"}]}},"_links":{"self":[{"href":"https:\/\/cnr.org.br\/site\/wp-json\/wp\/v2\/posts\/7403","targetHints":{"allow":["GET"]}}],"collection":[{"href":"https:\/\/cnr.org.br\/site\/wp-json\/wp\/v2\/posts"}],"about":[{"href":"https:\/\/cnr.org.br\/site\/wp-json\/wp\/v2\/types\/post"}],"author":[{"embeddable":true,"href":"https:\/\/cnr.org.br\/site\/wp-json\/wp\/v2\/users\/2"}],"replies":[{"embeddable":true,"href":"https:\/\/cnr.org.br\/site\/wp-json\/wp\/v2\/comments?post=7403"}],"version-history":[{"count":0,"href":"https:\/\/cnr.org.br\/site\/wp-json\/wp\/v2\/posts\/7403\/revisions"}],"wp:featuredmedia":[{"embeddable":true,"href":"https:\/\/cnr.org.br\/site\/wp-json\/wp\/v2\/media\/13885"}],"wp:attachment":[{"href":"https:\/\/cnr.org.br\/site\/wp-json\/wp\/v2\/media?parent=7403"}],"wp:term":[{"taxonomy":"category","embeddable":true,"href":"https:\/\/cnr.org.br\/site\/wp-json\/wp\/v2\/categories?post=7403"},{"taxonomy":"post_tag","embeddable":true,"href":"https:\/\/cnr.org.br\/site\/wp-json\/wp\/v2\/tags?post=7403"}],"curies":[{"name":"wp","href":"https:\/\/api.w.org\/{rel}","templated":true}]}}