{"id":7606,"date":"2018-06-26T09:20:57","date_gmt":"2018-06-26T12:20:57","guid":{"rendered":"https:\/\/cnr.org.br\/site\/?p=7606"},"modified":"2018-06-26T09:20:57","modified_gmt":"2018-06-26T12:20:57","slug":"certificacao-digital-sera-obrigatoria-para-empresas-e-mei-a-partir-de-julho","status":"publish","type":"post","link":"https:\/\/cnr.org.br\/site\/certificacao-digital-sera-obrigatoria-para-empresas-e-mei-a-partir-de-julho\/","title":{"rendered":"Certifica\u00e7\u00e3o Digital ser\u00e1 obrigat\u00f3ria para empresas e MEI a partir de julho"},"content":{"rendered":"<div id=\"dslc-theme-content\"><div id=\"dslc-theme-content-inner\"><p>\t\t\t\tA partir do dia 1\u00ba de julho, as micro e pequenas empresas, e os microempreendedores individuais (MEI) que emitirem Nota Fiscal Eletr\u00f4nica ou fizerem cadastros e consultas no e-Social ser\u00e3o obrigados a executarem essas atividades por meio de Certifica\u00e7\u00e3o Digital (Resolu\u00e7\u00e3o CGSN n\u00ba 137, de 4 de dezembro de 2017, Art. 72; Lei Complementar n\u00ba 123, de 2006, art. 26, \u00a7 7\u00ba).<\/p>\n<p>O certificado digital \u00e9 um documento eletr\u00f4nico (cart\u00e3o magn\u00e9tico, token, pen drive ou arquivo) que permite qualquer pessoa f\u00edsica ou jur\u00eddica realizar transa\u00e7\u00f5es pela internet de forma segura. A nova exig\u00eancia pretende garantir a validade jur\u00eddica, autenticidade e a seguran\u00e7a de dados nas transa\u00e7\u00f5es feitas pela internet.<\/p>\n<p>Por meio do certificado, ser\u00e1 poss\u00edvel assinar contratos e documentos digitalmente sem necessidade de reconhecimento de firma; e efetuar declara\u00e7\u00f5es, cadastros e consultas das obriga\u00e7\u00f5es com o governo, como imposto de renda de pessoa f\u00edsica e de pessoa jur\u00eddica, sem deslocamento, com economia de tempo e dinheiro.<\/p>\n<p>A analista de neg\u00f3cios do Sebrae de Ara\u00e7atuba, Fernanda Antoniali, explica que a certifica\u00e7\u00e3o nada mais \u00e9 que uma assinatura digital, que garante maior seguran\u00e7a no processo de emiss\u00e3o de notas e dados ao governo. \u201cVai minimizar fraudes, pois esse sistema n\u00e3o permite edi\u00e7\u00e3o. Al\u00e9m disso, os dados v\u00e3o chegar diretamente ao governo, sem riscos de altera\u00e7\u00f5es. Outra coisa boa ser\u00e1 a elimina\u00e7\u00e3o de gastos com impress\u00e3o de papeis, assinatura de contratos f\u00edsicos e deslocamento para reconhecimento de firma em cart\u00f3rio, por exemplo. Tudo poder\u00e1 ser feito eletronicamente\u201d, destaca ela.<\/p>\n<p><strong>TIPOS DE CERTIFICADOS<\/strong><br \/>\nExistem dois tipos de certificado digital: o A1 e o A3. O A1, que tem validade de um ano, \u00e9 gerado e armazenado no computador do titular, dispensando o uso de cart\u00f5es inteligentes ou tokens. O A3 \u00e9 igual ao A1, mas fica dispon\u00edvel em um dispositivo, podendo ser utilizado em qualquer computador e tem validade de tr\u00eas anos.<\/p>\n<p>A certifica\u00e7\u00e3o digital pode ser solicitada via Correios, Serasa, Caixa Econ\u00f4mica Federal, sindicatos e associa\u00e7\u00f5es comerciais, por exemplo. O valor varia bastante, sendo m\u00ednino de R$ 180 at\u00e9 o m\u00e1ximo de R$ 480, dependendo a quantidade de meses e do tipo de certificado.<\/p>\n<p>O fot\u00f3grafo Willians Menani, de Ara\u00e7atuba, \u00e9 microempreendedor desde 2015. Apesar de reconhecer as vantagens relacionadas \u00e0 seguran\u00e7a que a Certifica\u00e7\u00e3o Digital oferece, ele destaca que isso acaba gerando uma despesa a mais para o microempres\u00e1rio, e isso pode refletir para o cliente.<\/p>\n<p>\u201cO que chama a aten\u00e7\u00e3o da MEI s\u00e3o os custos m\u00ednimos, por isso cada vez mais essa modalidade vem crescendo. Se o Governo come\u00e7ar a inserir mais encargos, vai pesar demais no nosso trabalho, e vamos ter que repassar isso para os clientes\u201d, enfatiza.<\/p>\n<p><strong>Fonte: <a href=\"http:\/\/www.folhadaregiao.com.br\/2018\/06\/24\/certificacao-digital-sera-obrigatoria-para-empresas-e-mei-a-partir-de-julho\" target=\"_blank\" rel=\"noopener\">Folha da Regi\u00e3o<\/a><\/strong>\t\t<\/p>\n<\/div><\/div>","protected":false},"excerpt":{"rendered":"<p>A partir do dia 1\u00ba de julho, as micro e pequenas empresas, e os microempreendedores individuais (MEI) que emitirem Nota Fiscal Eletr\u00f4nica ou fizerem cadastros e consultas no e-Social ser\u00e3o obrigados a executarem essas atividades por meio de Certifica\u00e7\u00e3o Digital (Resolu\u00e7\u00e3o CGSN n\u00ba 137, de 4 de dezembro de 2017, Art. 72; Lei Complementar n\u00ba [&hellip;]<\/p>\n","protected":false},"author":2,"featured_media":13949,"comment_status":"open","ping_status":"open","sticky":false,"template":"","format":"standard","meta":{"footnotes":"","_links_to":"","_links_to_target":""},"categories":[55,47],"tags":[],"class_list":["post-7606","post","type-post","status-publish","format-standard","has-post-thumbnail","hentry","category-noticia","category-ultimas-noticias"],"yoast_head":"<!-- This site is optimized with the Yoast SEO plugin v27.5 - https:\/\/yoast.com\/product\/yoast-seo-wordpress\/ -->\n<title>Certifica\u00e7\u00e3o Digital ser\u00e1 obrigat\u00f3ria para empresas e MEI a partir de julho - CNR<\/title>\n<meta name=\"robots\" content=\"index, follow, max-snippet:-1, max-image-preview:large, max-video-preview:-1\" \/>\n<link rel=\"canonical\" href=\"https:\/\/cnr.org.br\/novoportal\/certificacao-digital-sera-obrigatoria-para-empresas-e-mei-a-partir-de-julho\/\" \/>\n<meta property=\"og:locale\" content=\"pt_BR\" \/>\n<meta property=\"og:type\" content=\"article\" \/>\n<meta property=\"og:title\" content=\"Certifica\u00e7\u00e3o Digital ser\u00e1 obrigat\u00f3ria para empresas e MEI a partir de julho - CNR\" \/>\n<meta property=\"og:description\" content=\"A partir do dia 1\u00ba de julho, as micro e pequenas empresas, e os microempreendedores individuais (MEI) que emitirem Nota Fiscal Eletr\u00f4nica ou fizerem cadastros e consultas no e-Social ser\u00e3o obrigados a executarem essas atividades por meio de Certifica\u00e7\u00e3o Digital (Resolu\u00e7\u00e3o CGSN n\u00ba 137, de 4 de dezembro de 2017, Art. 72; Lei Complementar n\u00ba [&hellip;]\" \/>\n<meta property=\"og:url\" content=\"https:\/\/cnr.org.br\/novoportal\/certificacao-digital-sera-obrigatoria-para-empresas-e-mei-a-partir-de-julho\/\" \/>\n<meta property=\"og:site_name\" content=\"CNR\" \/>\n<meta property=\"article:published_time\" content=\"2018-06-26T12:20:57+00:00\" \/>\n<meta property=\"og:image\" content=\"https:\/\/cnr.org.br\/novoportal\/wp-content\/uploads\/2019\/03\/student-849825_1920.jpg\" \/>\n\t<meta property=\"og:image:width\" content=\"1920\" \/>\n\t<meta property=\"og:image:height\" content=\"1280\" \/>\n\t<meta property=\"og:image:type\" content=\"image\/jpeg\" \/>\n<meta name=\"author\" content=\"Imprensa CNR\" \/>\n<meta name=\"twitter:card\" content=\"summary_large_image\" \/>\n<meta name=\"twitter:label1\" content=\"Escrito por\" \/>\n\t<meta name=\"twitter:data1\" content=\"Imprensa CNR\" \/>\n\t<meta name=\"twitter:label2\" content=\"Est. tempo de leitura\" \/>\n\t<meta name=\"twitter:data2\" content=\"2 minutos\" \/>\n<script type=\"application\/ld+json\" class=\"yoast-schema-graph\">{\"@context\":\"https:\\\/\\\/schema.org\",\"@graph\":[{\"@type\":\"Article\",\"@id\":\"https:\\\/\\\/cnr.org.br\\\/novoportal\\\/certificacao-digital-sera-obrigatoria-para-empresas-e-mei-a-partir-de-julho\\\/#article\",\"isPartOf\":{\"@id\":\"https:\\\/\\\/cnr.org.br\\\/novoportal\\\/certificacao-digital-sera-obrigatoria-para-empresas-e-mei-a-partir-de-julho\\\/\"},\"author\":{\"name\":\"Imprensa CNR\",\"@id\":\"https:\\\/\\\/cnr.org.br\\\/novoportal\\\/#\\\/schema\\\/person\\\/1f46209cd8c9d3d9887a0765b64ca66b\"},\"headline\":\"Certifica\u00e7\u00e3o Digital ser\u00e1 obrigat\u00f3ria para empresas e MEI a partir de julho\",\"datePublished\":\"2018-06-26T12:20:57+00:00\",\"mainEntityOfPage\":{\"@id\":\"https:\\\/\\\/cnr.org.br\\\/novoportal\\\/certificacao-digital-sera-obrigatoria-para-empresas-e-mei-a-partir-de-julho\\\/\"},\"wordCount\":488,\"commentCount\":0,\"publisher\":{\"@id\":\"https:\\\/\\\/cnr.org.br\\\/novoportal\\\/#organization\"},\"image\":{\"@id\":\"https:\\\/\\\/cnr.org.br\\\/novoportal\\\/certificacao-digital-sera-obrigatoria-para-empresas-e-mei-a-partir-de-julho\\\/#primaryimage\"},\"thumbnailUrl\":\"https:\\\/\\\/cnr.org.br\\\/site\\\/wp-content\\\/uploads\\\/2019\\\/03\\\/student-849825_1920.jpg\",\"articleSection\":[\"Not\u00edcia\",\"\u00daltimas Not\u00edcias\"],\"inLanguage\":\"pt-BR\"},{\"@type\":\"WebPage\",\"@id\":\"https:\\\/\\\/cnr.org.br\\\/novoportal\\\/certificacao-digital-sera-obrigatoria-para-empresas-e-mei-a-partir-de-julho\\\/\",\"url\":\"https:\\\/\\\/cnr.org.br\\\/novoportal\\\/certificacao-digital-sera-obrigatoria-para-empresas-e-mei-a-partir-de-julho\\\/\",\"name\":\"Certifica\u00e7\u00e3o Digital ser\u00e1 obrigat\u00f3ria para empresas e MEI a partir de julho - CNR\",\"isPartOf\":{\"@id\":\"https:\\\/\\\/cnr.org.br\\\/novoportal\\\/#website\"},\"primaryImageOfPage\":{\"@id\":\"https:\\\/\\\/cnr.org.br\\\/novoportal\\\/certificacao-digital-sera-obrigatoria-para-empresas-e-mei-a-partir-de-julho\\\/#primaryimage\"},\"image\":{\"@id\":\"https:\\\/\\\/cnr.org.br\\\/novoportal\\\/certificacao-digital-sera-obrigatoria-para-empresas-e-mei-a-partir-de-julho\\\/#primaryimage\"},\"thumbnailUrl\":\"https:\\\/\\\/cnr.org.br\\\/site\\\/wp-content\\\/uploads\\\/2019\\\/03\\\/student-849825_1920.jpg\",\"datePublished\":\"2018-06-26T12:20:57+00:00\",\"breadcrumb\":{\"@id\":\"https:\\\/\\\/cnr.org.br\\\/novoportal\\\/certificacao-digital-sera-obrigatoria-para-empresas-e-mei-a-partir-de-julho\\\/#breadcrumb\"},\"inLanguage\":\"pt-BR\",\"potentialAction\":[{\"@type\":\"ReadAction\",\"target\":[\"https:\\\/\\\/cnr.org.br\\\/novoportal\\\/certificacao-digital-sera-obrigatoria-para-empresas-e-mei-a-partir-de-julho\\\/\"]}]},{\"@type\":\"ImageObject\",\"inLanguage\":\"pt-BR\",\"@id\":\"https:\\\/\\\/cnr.org.br\\\/novoportal\\\/certificacao-digital-sera-obrigatoria-para-empresas-e-mei-a-partir-de-julho\\\/#primaryimage\",\"url\":\"https:\\\/\\\/cnr.org.br\\\/site\\\/wp-content\\\/uploads\\\/2019\\\/03\\\/student-849825_1920.jpg\",\"contentUrl\":\"https:\\\/\\\/cnr.org.br\\\/site\\\/wp-content\\\/uploads\\\/2019\\\/03\\\/student-849825_1920.jpg\",\"width\":1920,\"height\":1280},{\"@type\":\"BreadcrumbList\",\"@id\":\"https:\\\/\\\/cnr.org.br\\\/novoportal\\\/certificacao-digital-sera-obrigatoria-para-empresas-e-mei-a-partir-de-julho\\\/#breadcrumb\",\"itemListElement\":[{\"@type\":\"ListItem\",\"position\":1,\"name\":\"In\u00edcio\",\"item\":\"https:\\\/\\\/cnr.org.br\\\/site\\\/\"},{\"@type\":\"ListItem\",\"position\":2,\"name\":\"Certifica\u00e7\u00e3o Digital ser\u00e1 obrigat\u00f3ria para empresas e MEI a partir de julho\"}]},{\"@type\":\"WebSite\",\"@id\":\"https:\\\/\\\/cnr.org.br\\\/novoportal\\\/#website\",\"url\":\"https:\\\/\\\/cnr.org.br\\\/novoportal\\\/\",\"name\":\"CNR\",\"description\":\"Confedera\u00e7\u00e3o Nacional de Not\u00e1rios e Registradores\",\"publisher\":{\"@id\":\"https:\\\/\\\/cnr.org.br\\\/novoportal\\\/#organization\"},\"potentialAction\":[{\"@type\":\"SearchAction\",\"target\":{\"@type\":\"EntryPoint\",\"urlTemplate\":\"https:\\\/\\\/cnr.org.br\\\/novoportal\\\/?s={search_term_string}\"},\"query-input\":{\"@type\":\"PropertyValueSpecification\",\"valueRequired\":true,\"valueName\":\"search_term_string\"}}],\"inLanguage\":\"pt-BR\"},{\"@type\":\"Organization\",\"@id\":\"https:\\\/\\\/cnr.org.br\\\/novoportal\\\/#organization\",\"name\":\"CNR\",\"url\":\"https:\\\/\\\/cnr.org.br\\\/novoportal\\\/\",\"logo\":{\"@type\":\"ImageObject\",\"inLanguage\":\"pt-BR\",\"@id\":\"https:\\\/\\\/cnr.org.br\\\/novoportal\\\/#\\\/schema\\\/logo\\\/image\\\/\",\"url\":\"https:\\\/\\\/cnr.org.br\\\/site\\\/wp-content\\\/uploads\\\/2026\\\/02\\\/Logo_CNR_completa_colorida_2024.png\",\"contentUrl\":\"https:\\\/\\\/cnr.org.br\\\/site\\\/wp-content\\\/uploads\\\/2026\\\/02\\\/Logo_CNR_completa_colorida_2024.png\",\"width\":910,\"height\":450,\"caption\":\"CNR\"},\"image\":{\"@id\":\"https:\\\/\\\/cnr.org.br\\\/novoportal\\\/#\\\/schema\\\/logo\\\/image\\\/\"}},{\"@type\":\"Person\",\"@id\":\"https:\\\/\\\/cnr.org.br\\\/novoportal\\\/#\\\/schema\\\/person\\\/1f46209cd8c9d3d9887a0765b64ca66b\",\"name\":\"Imprensa CNR\",\"sameAs\":[\"https:\\\/\\\/cnr.org.br\\\/site\"],\"url\":\"https:\\\/\\\/cnr.org.br\\\/site\\\/author\\\/imprensa\\\/\"}]}<\/script>\n<!-- \/ Yoast SEO plugin. -->","yoast_head_json":{"title":"Certifica\u00e7\u00e3o Digital ser\u00e1 obrigat\u00f3ria para empresas e MEI a partir de julho - CNR","robots":{"index":"index","follow":"follow","max-snippet":"max-snippet:-1","max-image-preview":"max-image-preview:large","max-video-preview":"max-video-preview:-1"},"canonical":"https:\/\/cnr.org.br\/novoportal\/certificacao-digital-sera-obrigatoria-para-empresas-e-mei-a-partir-de-julho\/","og_locale":"pt_BR","og_type":"article","og_title":"Certifica\u00e7\u00e3o Digital ser\u00e1 obrigat\u00f3ria para empresas e MEI a partir de julho - CNR","og_description":"A partir do dia 1\u00ba de julho, as micro e pequenas empresas, e os microempreendedores individuais (MEI) que emitirem Nota Fiscal Eletr\u00f4nica ou fizerem cadastros e consultas no e-Social ser\u00e3o obrigados a executarem essas atividades por meio de Certifica\u00e7\u00e3o Digital (Resolu\u00e7\u00e3o CGSN n\u00ba 137, de 4 de dezembro de 2017, Art. 72; Lei Complementar n\u00ba [&hellip;]","og_url":"https:\/\/cnr.org.br\/novoportal\/certificacao-digital-sera-obrigatoria-para-empresas-e-mei-a-partir-de-julho\/","og_site_name":"CNR","article_published_time":"2018-06-26T12:20:57+00:00","og_image":[{"width":1920,"height":1280,"url":"https:\/\/cnr.org.br\/novoportal\/wp-content\/uploads\/2019\/03\/student-849825_1920.jpg","type":"image\/jpeg"}],"author":"Imprensa CNR","twitter_card":"summary_large_image","twitter_misc":{"Escrito por":"Imprensa CNR","Est. tempo de leitura":"2 minutos"},"schema":{"@context":"https:\/\/schema.org","@graph":[{"@type":"Article","@id":"https:\/\/cnr.org.br\/novoportal\/certificacao-digital-sera-obrigatoria-para-empresas-e-mei-a-partir-de-julho\/#article","isPartOf":{"@id":"https:\/\/cnr.org.br\/novoportal\/certificacao-digital-sera-obrigatoria-para-empresas-e-mei-a-partir-de-julho\/"},"author":{"name":"Imprensa CNR","@id":"https:\/\/cnr.org.br\/novoportal\/#\/schema\/person\/1f46209cd8c9d3d9887a0765b64ca66b"},"headline":"Certifica\u00e7\u00e3o Digital ser\u00e1 obrigat\u00f3ria para empresas e MEI a partir de julho","datePublished":"2018-06-26T12:20:57+00:00","mainEntityOfPage":{"@id":"https:\/\/cnr.org.br\/novoportal\/certificacao-digital-sera-obrigatoria-para-empresas-e-mei-a-partir-de-julho\/"},"wordCount":488,"commentCount":0,"publisher":{"@id":"https:\/\/cnr.org.br\/novoportal\/#organization"},"image":{"@id":"https:\/\/cnr.org.br\/novoportal\/certificacao-digital-sera-obrigatoria-para-empresas-e-mei-a-partir-de-julho\/#primaryimage"},"thumbnailUrl":"https:\/\/cnr.org.br\/site\/wp-content\/uploads\/2019\/03\/student-849825_1920.jpg","articleSection":["Not\u00edcia","\u00daltimas Not\u00edcias"],"inLanguage":"pt-BR"},{"@type":"WebPage","@id":"https:\/\/cnr.org.br\/novoportal\/certificacao-digital-sera-obrigatoria-para-empresas-e-mei-a-partir-de-julho\/","url":"https:\/\/cnr.org.br\/novoportal\/certificacao-digital-sera-obrigatoria-para-empresas-e-mei-a-partir-de-julho\/","name":"Certifica\u00e7\u00e3o Digital ser\u00e1 obrigat\u00f3ria para empresas e MEI a partir de julho - CNR","isPartOf":{"@id":"https:\/\/cnr.org.br\/novoportal\/#website"},"primaryImageOfPage":{"@id":"https:\/\/cnr.org.br\/novoportal\/certificacao-digital-sera-obrigatoria-para-empresas-e-mei-a-partir-de-julho\/#primaryimage"},"image":{"@id":"https:\/\/cnr.org.br\/novoportal\/certificacao-digital-sera-obrigatoria-para-empresas-e-mei-a-partir-de-julho\/#primaryimage"},"thumbnailUrl":"https:\/\/cnr.org.br\/site\/wp-content\/uploads\/2019\/03\/student-849825_1920.jpg","datePublished":"2018-06-26T12:20:57+00:00","breadcrumb":{"@id":"https:\/\/cnr.org.br\/novoportal\/certificacao-digital-sera-obrigatoria-para-empresas-e-mei-a-partir-de-julho\/#breadcrumb"},"inLanguage":"pt-BR","potentialAction":[{"@type":"ReadAction","target":["https:\/\/cnr.org.br\/novoportal\/certificacao-digital-sera-obrigatoria-para-empresas-e-mei-a-partir-de-julho\/"]}]},{"@type":"ImageObject","inLanguage":"pt-BR","@id":"https:\/\/cnr.org.br\/novoportal\/certificacao-digital-sera-obrigatoria-para-empresas-e-mei-a-partir-de-julho\/#primaryimage","url":"https:\/\/cnr.org.br\/site\/wp-content\/uploads\/2019\/03\/student-849825_1920.jpg","contentUrl":"https:\/\/cnr.org.br\/site\/wp-content\/uploads\/2019\/03\/student-849825_1920.jpg","width":1920,"height":1280},{"@type":"BreadcrumbList","@id":"https:\/\/cnr.org.br\/novoportal\/certificacao-digital-sera-obrigatoria-para-empresas-e-mei-a-partir-de-julho\/#breadcrumb","itemListElement":[{"@type":"ListItem","position":1,"name":"In\u00edcio","item":"https:\/\/cnr.org.br\/site\/"},{"@type":"ListItem","position":2,"name":"Certifica\u00e7\u00e3o Digital ser\u00e1 obrigat\u00f3ria para empresas e MEI a partir de julho"}]},{"@type":"WebSite","@id":"https:\/\/cnr.org.br\/novoportal\/#website","url":"https:\/\/cnr.org.br\/novoportal\/","name":"CNR","description":"Confedera\u00e7\u00e3o Nacional de Not\u00e1rios e Registradores","publisher":{"@id":"https:\/\/cnr.org.br\/novoportal\/#organization"},"potentialAction":[{"@type":"SearchAction","target":{"@type":"EntryPoint","urlTemplate":"https:\/\/cnr.org.br\/novoportal\/?s={search_term_string}"},"query-input":{"@type":"PropertyValueSpecification","valueRequired":true,"valueName":"search_term_string"}}],"inLanguage":"pt-BR"},{"@type":"Organization","@id":"https:\/\/cnr.org.br\/novoportal\/#organization","name":"CNR","url":"https:\/\/cnr.org.br\/novoportal\/","logo":{"@type":"ImageObject","inLanguage":"pt-BR","@id":"https:\/\/cnr.org.br\/novoportal\/#\/schema\/logo\/image\/","url":"https:\/\/cnr.org.br\/site\/wp-content\/uploads\/2026\/02\/Logo_CNR_completa_colorida_2024.png","contentUrl":"https:\/\/cnr.org.br\/site\/wp-content\/uploads\/2026\/02\/Logo_CNR_completa_colorida_2024.png","width":910,"height":450,"caption":"CNR"},"image":{"@id":"https:\/\/cnr.org.br\/novoportal\/#\/schema\/logo\/image\/"}},{"@type":"Person","@id":"https:\/\/cnr.org.br\/novoportal\/#\/schema\/person\/1f46209cd8c9d3d9887a0765b64ca66b","name":"Imprensa CNR","sameAs":["https:\/\/cnr.org.br\/site"],"url":"https:\/\/cnr.org.br\/site\/author\/imprensa\/"}]}},"_links":{"self":[{"href":"https:\/\/cnr.org.br\/site\/wp-json\/wp\/v2\/posts\/7606","targetHints":{"allow":["GET"]}}],"collection":[{"href":"https:\/\/cnr.org.br\/site\/wp-json\/wp\/v2\/posts"}],"about":[{"href":"https:\/\/cnr.org.br\/site\/wp-json\/wp\/v2\/types\/post"}],"author":[{"embeddable":true,"href":"https:\/\/cnr.org.br\/site\/wp-json\/wp\/v2\/users\/2"}],"replies":[{"embeddable":true,"href":"https:\/\/cnr.org.br\/site\/wp-json\/wp\/v2\/comments?post=7606"}],"version-history":[{"count":0,"href":"https:\/\/cnr.org.br\/site\/wp-json\/wp\/v2\/posts\/7606\/revisions"}],"wp:featuredmedia":[{"embeddable":true,"href":"https:\/\/cnr.org.br\/site\/wp-json\/wp\/v2\/media\/13949"}],"wp:attachment":[{"href":"https:\/\/cnr.org.br\/site\/wp-json\/wp\/v2\/media?parent=7606"}],"wp:term":[{"taxonomy":"category","embeddable":true,"href":"https:\/\/cnr.org.br\/site\/wp-json\/wp\/v2\/categories?post=7606"},{"taxonomy":"post_tag","embeddable":true,"href":"https:\/\/cnr.org.br\/site\/wp-json\/wp\/v2\/tags?post=7606"}],"curies":[{"name":"wp","href":"https:\/\/api.w.org\/{rel}","templated":true}]}}