{"id":7776,"date":"2018-07-20T10:46:34","date_gmt":"2018-07-20T13:46:34","guid":{"rendered":"https:\/\/cnr.org.br\/site\/?p=7776"},"modified":"2018-07-20T10:46:34","modified_gmt":"2018-07-20T13:46:34","slug":"justica-considera-hora-de-trabalho-noturno-reduzida-para-ampliar-intervalo-de-operador","status":"publish","type":"post","link":"https:\/\/cnr.org.br\/site\/justica-considera-hora-de-trabalho-noturno-reduzida-para-ampliar-intervalo-de-operador\/","title":{"rendered":"Justi\u00e7a considera hora de trabalho noturno reduzida para ampliar intervalo de operador"},"content":{"rendered":"<div id=\"dslc-theme-content\"><div id=\"dslc-theme-content-inner\"><p>\t\t\t\tA Primeira Turma do Tribunal Superior do Trabalho, ao considerar a hora de trabalho noturno como de 52 minutos e 30 segundos, concluiu que um operador de produ\u00e7\u00e3o prestava servi\u00e7o por mais de seis horas sem usufruir do intervalo de no m\u00ednimo uma hora, previsto no artigo 71 da CLT. Dessa forma, a Turma condenou a Magneti Marelli Cofap Fabricadora de Pe\u00e7as Ltda. a pagar horas extras por n\u00e3o conceder de forma integral o repouso. A medida punitiva tem base no item IV da S\u00famula 437 do TST.<\/p>\n<p>Contratado para trabalhar por seis horas, o empregado se ativava das 23h25 \u00e0s 5h40, na unidade de Mau\u00e1 (SP), com intervalo intrajornada de 15 minutos, a que t\u00eam direito as pessoas que cumprem jornada acima de quatro horas e at\u00e9 seis horas (artigo 71, par\u00e1grafo 1\u00ba, da CLT). Na reclama\u00e7\u00e3o trabalhista, o operador alegou que seu repouso deveria ser de uma hora, no m\u00ednimo, pois, segundo ele, o turno era superior a seis horas, se considerado o per\u00edodo de 52m30s, que equivale \u00e0 hora noturna (artigo 73, par\u00e1grafo 1\u00ba, da CLT).<\/p>\n<p>Nos ju\u00edzos de primeiro e segundo graus, o pedido de horas extras, motivado pelo intervalo incompleto, foi julgado improcedente. O Tribunal Regional do Trabalho da 2\u00aa Regi\u00e3o concluiu que o fato de a jornada noturna ser calculada com a redu\u00e7\u00e3o da hora n\u00e3o pode ser considerado para ampliar o intervalo intrajornada. Assim, para fins do c\u00e1lculo do tempo de repouso, o operador de produ\u00e7\u00e3o trabalhava por apenas seis horas, com direito a descanso de 15 minutos.<\/p>\n<p>Houve recurso ao TST. O relator, ministro Hugo Carlos Scheuermann, afirmou que a redu\u00e7\u00e3o ficta da hora noturna tamb\u00e9m se aplica para fins de verifica\u00e7\u00e3o do tempo de intervalo intrajornada. Uma das raz\u00f5es desse entendimento \u00e9 o objetivo da CLT de proteger a sa\u00fade de quem trabalha em hor\u00e1rio noturno. O ministro ainda explicou que a presta\u00e7\u00e3o de servi\u00e7o em turnos ininterruptos de revezamento, no qual periodicamente h\u00e1 troca de turno, n\u00e3o retira o direito \u00e0 hora noturna reduzida, conforme a Orienta\u00e7\u00e3o Jurisprudencial 395. \u00c9 o caso do empregado em quest\u00e3o.<\/p>\n<p>Por unanimidade, a Primeira Turma acompanhou o relator, mas a Magneti Marelli apresentou embargos de declara\u00e7\u00e3o, ainda n\u00e3o julgados.<\/p>\n<p><strong>Fonte: <a href=\"http:\/\/www.tst.jus.br\/web\/guest\/noticias\/-\/asset_publisher\/89Dk\/content\/justica-considera-hora-de-trabalho-noturno-reduzida-para-ampliar-intervalo-de-operador?inheritRedirect=false&amp;redirect=http%3A%2F%2Fwww.tst.jus.br%2Fweb%2Fguest%2Fnoticias%3Fp_p_id%3D101_INSTANCE_89Dk%26p_p_lifecycle%3D0%26p_p_state%3Dnormal%26p_p_mode%3Dview%26p_p_col_id%3Dcolumn-1%26p_p_col_pos%3D2%26p_p_col_count%3D5\" target=\"_blank\" rel=\"noopener\">TST<\/a><\/strong>\t\t<\/p>\n<\/div><\/div>","protected":false},"excerpt":{"rendered":"<p>A Primeira Turma do Tribunal Superior do Trabalho, ao considerar a hora de trabalho noturno como de 52 minutos e 30 segundos, concluiu que um operador de produ\u00e7\u00e3o prestava servi\u00e7o por mais de seis horas sem usufruir do intervalo de no m\u00ednimo uma hora, previsto no artigo 71 da CLT. Dessa forma, a Turma condenou [&hellip;]<\/p>\n","protected":false},"author":2,"featured_media":13996,"comment_status":"open","ping_status":"open","sticky":false,"template":"","format":"standard","meta":{"footnotes":"","_links_to":"","_links_to_target":""},"categories":[55,47],"tags":[],"class_list":["post-7776","post","type-post","status-publish","format-standard","has-post-thumbnail","hentry","category-noticia","category-ultimas-noticias"],"yoast_head":"<!-- This site is optimized with the Yoast SEO plugin v28.4 - https:\/\/yoast.com\/product\/yoast-seo-wordpress\/ -->\n<title>Justi\u00e7a considera hora de trabalho noturno reduzida para ampliar intervalo de operador - CNR<\/title>\n<meta name=\"robots\" content=\"index, follow, max-snippet:-1, max-image-preview:large, max-video-preview:-1\" \/>\n<link rel=\"canonical\" href=\"https:\/\/cnr.org.br\/novoportal\/justica-considera-hora-de-trabalho-noturno-reduzida-para-ampliar-intervalo-de-operador\/\" \/>\n<meta property=\"og:locale\" content=\"pt_BR\" \/>\n<meta property=\"og:type\" content=\"article\" \/>\n<meta property=\"og:title\" content=\"Justi\u00e7a considera hora de trabalho noturno reduzida para ampliar intervalo de operador - CNR\" \/>\n<meta property=\"og:description\" content=\"A Primeira Turma do Tribunal Superior do Trabalho, ao considerar a hora de trabalho noturno como de 52 minutos e 30 segundos, concluiu que um operador de produ\u00e7\u00e3o prestava servi\u00e7o por mais de seis horas sem usufruir do intervalo de no m\u00ednimo uma hora, previsto no artigo 71 da CLT. Dessa forma, a Turma condenou [&hellip;]\" \/>\n<meta property=\"og:url\" content=\"https:\/\/cnr.org.br\/novoportal\/justica-considera-hora-de-trabalho-noturno-reduzida-para-ampliar-intervalo-de-operador\/\" \/>\n<meta property=\"og:site_name\" content=\"CNR\" \/>\n<meta property=\"article:published_time\" content=\"2018-07-20T13:46:34+00:00\" \/>\n<meta property=\"og:image\" content=\"https:\/\/cnr.org.br\/novoportal\/wp-content\/uploads\/2019\/03\/women-1209678_1920.jpg\" \/>\n\t<meta property=\"og:image:width\" content=\"1920\" \/>\n\t<meta property=\"og:image:height\" content=\"1280\" \/>\n\t<meta property=\"og:image:type\" content=\"image\/jpeg\" \/>\n<meta name=\"author\" content=\"Imprensa CNR\" \/>\n<meta name=\"twitter:card\" content=\"summary_large_image\" \/>\n<meta name=\"twitter:label1\" content=\"Escrito por\" \/>\n\t<meta name=\"twitter:data1\" content=\"Imprensa CNR\" \/>\n\t<meta name=\"twitter:label2\" content=\"Est. tempo de leitura\" \/>\n\t<meta name=\"twitter:data2\" content=\"2 minutos\" \/>\n<script type=\"application\/ld+json\" class=\"yoast-schema-graph\">{\"@context\":\"https:\\\/\\\/schema.org\",\"@graph\":[{\"@type\":\"Article\",\"@id\":\"https:\\\/\\\/cnr.org.br\\\/novoportal\\\/justica-considera-hora-de-trabalho-noturno-reduzida-para-ampliar-intervalo-de-operador\\\/#article\",\"isPartOf\":{\"@id\":\"https:\\\/\\\/cnr.org.br\\\/novoportal\\\/justica-considera-hora-de-trabalho-noturno-reduzida-para-ampliar-intervalo-de-operador\\\/\"},\"author\":{\"name\":\"Imprensa CNR\",\"@id\":\"https:\\\/\\\/cnr.org.br\\\/novoportal\\\/#\\\/schema\\\/person\\\/1f46209cd8c9d3d9887a0765b64ca66b\"},\"headline\":\"Justi\u00e7a considera hora de trabalho noturno reduzida para ampliar intervalo de operador\",\"datePublished\":\"2018-07-20T13:46:34+00:00\",\"mainEntityOfPage\":{\"@id\":\"https:\\\/\\\/cnr.org.br\\\/novoportal\\\/justica-considera-hora-de-trabalho-noturno-reduzida-para-ampliar-intervalo-de-operador\\\/\"},\"wordCount\":396,\"commentCount\":0,\"publisher\":{\"@id\":\"https:\\\/\\\/cnr.org.br\\\/novoportal\\\/#organization\"},\"image\":{\"@id\":\"https:\\\/\\\/cnr.org.br\\\/novoportal\\\/justica-considera-hora-de-trabalho-noturno-reduzida-para-ampliar-intervalo-de-operador\\\/#primaryimage\"},\"thumbnailUrl\":\"https:\\\/\\\/cnr.org.br\\\/site\\\/wp-content\\\/uploads\\\/2019\\\/03\\\/women-1209678_1920.jpg\",\"articleSection\":[\"Not\u00edcia\",\"\u00daltimas Not\u00edcias\"],\"inLanguage\":\"pt-BR\"},{\"@type\":\"WebPage\",\"@id\":\"https:\\\/\\\/cnr.org.br\\\/novoportal\\\/justica-considera-hora-de-trabalho-noturno-reduzida-para-ampliar-intervalo-de-operador\\\/\",\"url\":\"https:\\\/\\\/cnr.org.br\\\/novoportal\\\/justica-considera-hora-de-trabalho-noturno-reduzida-para-ampliar-intervalo-de-operador\\\/\",\"name\":\"Justi\u00e7a considera hora de trabalho noturno reduzida para ampliar intervalo de operador - CNR\",\"isPartOf\":{\"@id\":\"https:\\\/\\\/cnr.org.br\\\/novoportal\\\/#website\"},\"primaryImageOfPage\":{\"@id\":\"https:\\\/\\\/cnr.org.br\\\/novoportal\\\/justica-considera-hora-de-trabalho-noturno-reduzida-para-ampliar-intervalo-de-operador\\\/#primaryimage\"},\"image\":{\"@id\":\"https:\\\/\\\/cnr.org.br\\\/novoportal\\\/justica-considera-hora-de-trabalho-noturno-reduzida-para-ampliar-intervalo-de-operador\\\/#primaryimage\"},\"thumbnailUrl\":\"https:\\\/\\\/cnr.org.br\\\/site\\\/wp-content\\\/uploads\\\/2019\\\/03\\\/women-1209678_1920.jpg\",\"datePublished\":\"2018-07-20T13:46:34+00:00\",\"breadcrumb\":{\"@id\":\"https:\\\/\\\/cnr.org.br\\\/novoportal\\\/justica-considera-hora-de-trabalho-noturno-reduzida-para-ampliar-intervalo-de-operador\\\/#breadcrumb\"},\"inLanguage\":\"pt-BR\",\"potentialAction\":[{\"@type\":\"ReadAction\",\"target\":[\"https:\\\/\\\/cnr.org.br\\\/novoportal\\\/justica-considera-hora-de-trabalho-noturno-reduzida-para-ampliar-intervalo-de-operador\\\/\"]}]},{\"@type\":\"ImageObject\",\"inLanguage\":\"pt-BR\",\"@id\":\"https:\\\/\\\/cnr.org.br\\\/novoportal\\\/justica-considera-hora-de-trabalho-noturno-reduzida-para-ampliar-intervalo-de-operador\\\/#primaryimage\",\"url\":\"https:\\\/\\\/cnr.org.br\\\/site\\\/wp-content\\\/uploads\\\/2019\\\/03\\\/women-1209678_1920.jpg\",\"contentUrl\":\"https:\\\/\\\/cnr.org.br\\\/site\\\/wp-content\\\/uploads\\\/2019\\\/03\\\/women-1209678_1920.jpg\",\"width\":1920,\"height\":1280},{\"@type\":\"BreadcrumbList\",\"@id\":\"https:\\\/\\\/cnr.org.br\\\/novoportal\\\/justica-considera-hora-de-trabalho-noturno-reduzida-para-ampliar-intervalo-de-operador\\\/#breadcrumb\",\"itemListElement\":[{\"@type\":\"ListItem\",\"position\":1,\"name\":\"In\u00edcio\",\"item\":\"https:\\\/\\\/cnr.org.br\\\/site\\\/\"},{\"@type\":\"ListItem\",\"position\":2,\"name\":\"Justi\u00e7a considera hora de trabalho noturno reduzida para ampliar intervalo de operador\"}]},{\"@type\":\"WebSite\",\"@id\":\"https:\\\/\\\/cnr.org.br\\\/novoportal\\\/#website\",\"url\":\"https:\\\/\\\/cnr.org.br\\\/novoportal\\\/\",\"name\":\"CNR\",\"description\":\"Confedera\u00e7\u00e3o Nacional de Not\u00e1rios e Registradores\",\"publisher\":{\"@id\":\"https:\\\/\\\/cnr.org.br\\\/novoportal\\\/#organization\"},\"potentialAction\":[{\"@type\":\"SearchAction\",\"target\":{\"@type\":\"EntryPoint\",\"urlTemplate\":\"https:\\\/\\\/cnr.org.br\\\/novoportal\\\/?s={search_term_string}\"},\"query-input\":{\"@type\":\"PropertyValueSpecification\",\"valueRequired\":true,\"valueName\":\"search_term_string\"}}],\"inLanguage\":\"pt-BR\"},{\"@type\":\"Organization\",\"@id\":\"https:\\\/\\\/cnr.org.br\\\/novoportal\\\/#organization\",\"name\":\"CNR\",\"url\":\"https:\\\/\\\/cnr.org.br\\\/novoportal\\\/\",\"logo\":{\"@type\":\"ImageObject\",\"inLanguage\":\"pt-BR\",\"@id\":\"https:\\\/\\\/cnr.org.br\\\/novoportal\\\/#\\\/schema\\\/logo\\\/image\\\/\",\"url\":\"https:\\\/\\\/cnr.org.br\\\/site\\\/wp-content\\\/uploads\\\/2026\\\/02\\\/Logo_CNR_completa_colorida_2024.png\",\"contentUrl\":\"https:\\\/\\\/cnr.org.br\\\/site\\\/wp-content\\\/uploads\\\/2026\\\/02\\\/Logo_CNR_completa_colorida_2024.png\",\"width\":910,\"height\":450,\"caption\":\"CNR\"},\"image\":{\"@id\":\"https:\\\/\\\/cnr.org.br\\\/novoportal\\\/#\\\/schema\\\/logo\\\/image\\\/\"}},{\"@type\":\"Person\",\"@id\":\"https:\\\/\\\/cnr.org.br\\\/novoportal\\\/#\\\/schema\\\/person\\\/1f46209cd8c9d3d9887a0765b64ca66b\",\"name\":\"Imprensa CNR\",\"sameAs\":[\"https:\\\/\\\/cnr.org.br\\\/site\"],\"url\":\"https:\\\/\\\/cnr.org.br\\\/site\\\/author\\\/imprensa\\\/\"}]}<\/script>\n<!-- \/ Yoast SEO plugin. -->","yoast_head_json":{"title":"Justi\u00e7a considera hora de trabalho noturno reduzida para ampliar intervalo de operador - CNR","robots":{"index":"index","follow":"follow","max-snippet":"max-snippet:-1","max-image-preview":"max-image-preview:large","max-video-preview":"max-video-preview:-1"},"canonical":"https:\/\/cnr.org.br\/novoportal\/justica-considera-hora-de-trabalho-noturno-reduzida-para-ampliar-intervalo-de-operador\/","og_locale":"pt_BR","og_type":"article","og_title":"Justi\u00e7a considera hora de trabalho noturno reduzida para ampliar intervalo de operador - CNR","og_description":"A Primeira Turma do Tribunal Superior do Trabalho, ao considerar a hora de trabalho noturno como de 52 minutos e 30 segundos, concluiu que um operador de produ\u00e7\u00e3o prestava servi\u00e7o por mais de seis horas sem usufruir do intervalo de no m\u00ednimo uma hora, previsto no artigo 71 da CLT. Dessa forma, a Turma condenou [&hellip;]","og_url":"https:\/\/cnr.org.br\/novoportal\/justica-considera-hora-de-trabalho-noturno-reduzida-para-ampliar-intervalo-de-operador\/","og_site_name":"CNR","article_published_time":"2018-07-20T13:46:34+00:00","og_image":[{"width":1920,"height":1280,"url":"https:\/\/cnr.org.br\/novoportal\/wp-content\/uploads\/2019\/03\/women-1209678_1920.jpg","type":"image\/jpeg"}],"author":"Imprensa CNR","twitter_card":"summary_large_image","twitter_misc":{"Escrito por":"Imprensa CNR","Est. tempo de leitura":"2 minutos"},"schema":{"@context":"https:\/\/schema.org","@graph":[{"@type":"Article","@id":"https:\/\/cnr.org.br\/novoportal\/justica-considera-hora-de-trabalho-noturno-reduzida-para-ampliar-intervalo-de-operador\/#article","isPartOf":{"@id":"https:\/\/cnr.org.br\/novoportal\/justica-considera-hora-de-trabalho-noturno-reduzida-para-ampliar-intervalo-de-operador\/"},"author":{"name":"Imprensa CNR","@id":"https:\/\/cnr.org.br\/novoportal\/#\/schema\/person\/1f46209cd8c9d3d9887a0765b64ca66b"},"headline":"Justi\u00e7a considera hora de trabalho noturno reduzida para ampliar intervalo de operador","datePublished":"2018-07-20T13:46:34+00:00","mainEntityOfPage":{"@id":"https:\/\/cnr.org.br\/novoportal\/justica-considera-hora-de-trabalho-noturno-reduzida-para-ampliar-intervalo-de-operador\/"},"wordCount":396,"commentCount":0,"publisher":{"@id":"https:\/\/cnr.org.br\/novoportal\/#organization"},"image":{"@id":"https:\/\/cnr.org.br\/novoportal\/justica-considera-hora-de-trabalho-noturno-reduzida-para-ampliar-intervalo-de-operador\/#primaryimage"},"thumbnailUrl":"https:\/\/cnr.org.br\/site\/wp-content\/uploads\/2019\/03\/women-1209678_1920.jpg","articleSection":["Not\u00edcia","\u00daltimas Not\u00edcias"],"inLanguage":"pt-BR"},{"@type":"WebPage","@id":"https:\/\/cnr.org.br\/novoportal\/justica-considera-hora-de-trabalho-noturno-reduzida-para-ampliar-intervalo-de-operador\/","url":"https:\/\/cnr.org.br\/novoportal\/justica-considera-hora-de-trabalho-noturno-reduzida-para-ampliar-intervalo-de-operador\/","name":"Justi\u00e7a considera hora de trabalho noturno reduzida para ampliar intervalo de operador - CNR","isPartOf":{"@id":"https:\/\/cnr.org.br\/novoportal\/#website"},"primaryImageOfPage":{"@id":"https:\/\/cnr.org.br\/novoportal\/justica-considera-hora-de-trabalho-noturno-reduzida-para-ampliar-intervalo-de-operador\/#primaryimage"},"image":{"@id":"https:\/\/cnr.org.br\/novoportal\/justica-considera-hora-de-trabalho-noturno-reduzida-para-ampliar-intervalo-de-operador\/#primaryimage"},"thumbnailUrl":"https:\/\/cnr.org.br\/site\/wp-content\/uploads\/2019\/03\/women-1209678_1920.jpg","datePublished":"2018-07-20T13:46:34+00:00","breadcrumb":{"@id":"https:\/\/cnr.org.br\/novoportal\/justica-considera-hora-de-trabalho-noturno-reduzida-para-ampliar-intervalo-de-operador\/#breadcrumb"},"inLanguage":"pt-BR","potentialAction":[{"@type":"ReadAction","target":["https:\/\/cnr.org.br\/novoportal\/justica-considera-hora-de-trabalho-noturno-reduzida-para-ampliar-intervalo-de-operador\/"]}]},{"@type":"ImageObject","inLanguage":"pt-BR","@id":"https:\/\/cnr.org.br\/novoportal\/justica-considera-hora-de-trabalho-noturno-reduzida-para-ampliar-intervalo-de-operador\/#primaryimage","url":"https:\/\/cnr.org.br\/site\/wp-content\/uploads\/2019\/03\/women-1209678_1920.jpg","contentUrl":"https:\/\/cnr.org.br\/site\/wp-content\/uploads\/2019\/03\/women-1209678_1920.jpg","width":1920,"height":1280},{"@type":"BreadcrumbList","@id":"https:\/\/cnr.org.br\/novoportal\/justica-considera-hora-de-trabalho-noturno-reduzida-para-ampliar-intervalo-de-operador\/#breadcrumb","itemListElement":[{"@type":"ListItem","position":1,"name":"In\u00edcio","item":"https:\/\/cnr.org.br\/site\/"},{"@type":"ListItem","position":2,"name":"Justi\u00e7a considera hora de trabalho noturno reduzida para ampliar intervalo de operador"}]},{"@type":"WebSite","@id":"https:\/\/cnr.org.br\/novoportal\/#website","url":"https:\/\/cnr.org.br\/novoportal\/","name":"CNR","description":"Confedera\u00e7\u00e3o Nacional de Not\u00e1rios e Registradores","publisher":{"@id":"https:\/\/cnr.org.br\/novoportal\/#organization"},"potentialAction":[{"@type":"SearchAction","target":{"@type":"EntryPoint","urlTemplate":"https:\/\/cnr.org.br\/novoportal\/?s={search_term_string}"},"query-input":{"@type":"PropertyValueSpecification","valueRequired":true,"valueName":"search_term_string"}}],"inLanguage":"pt-BR"},{"@type":"Organization","@id":"https:\/\/cnr.org.br\/novoportal\/#organization","name":"CNR","url":"https:\/\/cnr.org.br\/novoportal\/","logo":{"@type":"ImageObject","inLanguage":"pt-BR","@id":"https:\/\/cnr.org.br\/novoportal\/#\/schema\/logo\/image\/","url":"https:\/\/cnr.org.br\/site\/wp-content\/uploads\/2026\/02\/Logo_CNR_completa_colorida_2024.png","contentUrl":"https:\/\/cnr.org.br\/site\/wp-content\/uploads\/2026\/02\/Logo_CNR_completa_colorida_2024.png","width":910,"height":450,"caption":"CNR"},"image":{"@id":"https:\/\/cnr.org.br\/novoportal\/#\/schema\/logo\/image\/"}},{"@type":"Person","@id":"https:\/\/cnr.org.br\/novoportal\/#\/schema\/person\/1f46209cd8c9d3d9887a0765b64ca66b","name":"Imprensa CNR","sameAs":["https:\/\/cnr.org.br\/site"],"url":"https:\/\/cnr.org.br\/site\/author\/imprensa\/"}]}},"_links":{"self":[{"href":"https:\/\/cnr.org.br\/site\/wp-json\/wp\/v2\/posts\/7776","targetHints":{"allow":["GET"]}}],"collection":[{"href":"https:\/\/cnr.org.br\/site\/wp-json\/wp\/v2\/posts"}],"about":[{"href":"https:\/\/cnr.org.br\/site\/wp-json\/wp\/v2\/types\/post"}],"author":[{"embeddable":true,"href":"https:\/\/cnr.org.br\/site\/wp-json\/wp\/v2\/users\/2"}],"replies":[{"embeddable":true,"href":"https:\/\/cnr.org.br\/site\/wp-json\/wp\/v2\/comments?post=7776"}],"version-history":[{"count":0,"href":"https:\/\/cnr.org.br\/site\/wp-json\/wp\/v2\/posts\/7776\/revisions"}],"wp:featuredmedia":[{"embeddable":true,"href":"https:\/\/cnr.org.br\/site\/wp-json\/wp\/v2\/media\/13996"}],"wp:attachment":[{"href":"https:\/\/cnr.org.br\/site\/wp-json\/wp\/v2\/media?parent=7776"}],"wp:term":[{"taxonomy":"category","embeddable":true,"href":"https:\/\/cnr.org.br\/site\/wp-json\/wp\/v2\/categories?post=7776"},{"taxonomy":"post_tag","embeddable":true,"href":"https:\/\/cnr.org.br\/site\/wp-json\/wp\/v2\/tags?post=7776"}],"curies":[{"name":"wp","href":"https:\/\/api.w.org\/{rel}","templated":true}]}}