{"id":7815,"date":"2018-07-25T10:35:46","date_gmt":"2018-07-25T13:35:46","guid":{"rendered":"https:\/\/cnr.org.br\/site\/?p=7815"},"modified":"2018-07-25T10:35:46","modified_gmt":"2018-07-25T13:35:46","slug":"contribuicao-adicional-a-fundo-de-pensao-podera-ser-deduzida-do-ir","status":"publish","type":"post","link":"https:\/\/cnr.org.br\/site\/contribuicao-adicional-a-fundo-de-pensao-podera-ser-deduzida-do-ir\/","title":{"rendered":"Contribui\u00e7\u00e3o adicional a fundo de pens\u00e3o poder\u00e1 ser deduzida do IR"},"content":{"rendered":"<div id=\"dslc-theme-content\"><div id=\"dslc-theme-content-inner\"><p>\t\t\t\tDeputado explica que esses aportes adicionais s\u00e3o obrigat\u00f3rios para equacionar o saldo negativo de fundos de pens\u00e3o deficit\u00e1rios<\/p>\n<p><em>Cleia Viana\/C\u00e2mara dos Deputados<\/em><\/p>\n<p><img loading=\"lazy\" decoding=\"async\" class=\"alignnone size-medium wp-image-7816\" src=\"https:\/\/cnr.org.br\/site\/wp-content\/uploads\/2018\/07\/image003-300x197.jpg\" alt=\"\" width=\"300\" height=\"197\" srcset=\"https:\/\/cnr.org.br\/site\/wp-content\/uploads\/2018\/07\/image003-300x197.jpg 300w, https:\/\/cnr.org.br\/site\/wp-content\/uploads\/2018\/07\/image003-90x60.jpg 90w, https:\/\/cnr.org.br\/site\/wp-content\/uploads\/2018\/07\/image003.jpg 424w\" sizes=\"auto, (max-width: 300px) 100vw, 300px\" \/><\/p>\n<p>Souza: \u201cA proposta n\u00e3o cria isen\u00e7\u00e3o nem imunidade tribut\u00e1ria\u201d<\/p>\n<p>As contribui\u00e7\u00f5es adicionais que os participantes de fundos de pens\u00e3o s\u00e3o obrigados a fazer para cobrir deficits das entidades de previd\u00eancia poder\u00e3o ser deduzidas da base de c\u00e1lculo do Imposto de Renda (IR). \u00c9 o que determina o Projeto de Lei 8821\/17, do deputado Sergio Souza (MDB-PR), em tramita\u00e7\u00e3o na C\u00e2mara.<\/p>\n<p>Atualmente, as contribui\u00e7\u00f5es mensais feitas pelos participantes ao plano podem ser deduzidas da base de c\u00e1lculo do IR at\u00e9 o limite de 12% da renda bruta anual, e desde que o cliente tamb\u00e9m contribua para a Previd\u00eancia Social (INSS ou regime pr\u00f3prio).<\/p>\n<p>Por exemplo, se uma pessoa tem uma renda bruta anual tribut\u00e1vel de R$ 100 mil, ela pode reduzir essa base para at\u00e9 R$ 88 mil. Com a base menor, o imposto a pagar cai. O limite de 12% \u00e9 determinado pela Lei\u00a0<a href=\"http:\/\/www2.camara.leg.br\/legin\/fed\/lei\/1997\/lei-9532-10-dezembro-1997-372088-norma-pl.html\">9.532\/97<\/a>.<\/p>\n<p>O deputado explica que, nos casos de fundos de pens\u00e3o deficit\u00e1rios, o participante \u00e9 obrigado por lei a fazer aportes para equacionar o saldo negativo. Mas essa contribui\u00e7\u00e3o adicional n\u00e3o pode ser deduzida da base tribut\u00e1vel.<\/p>\n<p>Na opini\u00e3o de Souza, o trabalhador sai duplamente prejudicado. \u201cUma, por ter que cobrir desvios de corrup\u00e7\u00e3o em seu fundo de pens\u00e3o, e outra, por n\u00e3o poder deduzir a contribui\u00e7\u00e3o adicional do Imposto de Renda, o que acaba por reduzir ainda mais a parte dispon\u00edvel de seu sal\u00e1rio\u201d, avalia.<\/p>\n<p><strong>Investiga\u00e7\u00e3o<\/strong><br \/>\nSouza foi relator da Comiss\u00e3o Parlamentar de Inqu\u00e9rito (CPI) que apurou desvios nos fundos de pens\u00e3o Postalis (Correios), Previ (Banco do Brasil), Petros (Petrobras) e Funcef (Caixa). O relat\u00f3rio, aprovado em abril de 2016, identificou um preju\u00edzo de R$ 6,6 bilh\u00f5es (valor da \u00e9poca) nessas entidades de previd\u00eancia complementar.<\/p>\n<p>O deficit tem que ser coberto pelos participantes e patrocinadores. Em alguns casos, a contribui\u00e7\u00e3o adicional chega a 25% do sal\u00e1rio do empregado, valor bem acima do limite legal deduz\u00edvel na declara\u00e7\u00e3o do IR (12%). O projeto visa minorar esse efeito.<\/p>\n<p><strong>Tramita\u00e7\u00e3o<\/strong><br \/>\nO PL 8821\/17 tramita de forma\u00a0conclusiva\u00a0e ser\u00e1 analisado pelas comiss\u00f5es de Finan\u00e7as e Tributa\u00e7\u00e3o; e Constitui\u00e7\u00e3o e Justi\u00e7a e de Cidadania.<\/p>\n<h4>\u00cdNTEGRA DA PROPOSTA:<\/h4>\n<ul>\n<li><a href=\"http:\/\/www.camara.gov.br\/internet\/sileg\/Prop_Detalhe.asp?id=2155387\">PL-8821\/2017<\/a><\/li>\n<\/ul>\n<p>&nbsp;<\/p>\n<p>Fonte: C\u00e2mara dos Deputados\t\t<\/p>\n<\/div><\/div>","protected":false},"excerpt":{"rendered":"<p>Deputado explica que esses aportes adicionais s\u00e3o obrigat\u00f3rios para equacionar o saldo negativo de fundos de pens\u00e3o deficit\u00e1rios Cleia Viana\/C\u00e2mara dos Deputados Souza: \u201cA proposta n\u00e3o cria isen\u00e7\u00e3o nem imunidade tribut\u00e1ria\u201d As contribui\u00e7\u00f5es adicionais que os participantes de fundos de pens\u00e3o s\u00e3o obrigados a fazer para cobrir deficits das entidades de previd\u00eancia poder\u00e3o ser deduzidas [&hellip;]<\/p>\n","protected":false},"author":2,"featured_media":7816,"comment_status":"open","ping_status":"open","sticky":false,"template":"","format":"standard","meta":{"footnotes":"","_links_to":"","_links_to_target":""},"categories":[55,47],"tags":[],"class_list":["post-7815","post","type-post","status-publish","format-standard","has-post-thumbnail","hentry","category-noticia","category-ultimas-noticias"],"yoast_head":"<!-- This site is optimized with the Yoast SEO plugin v28.4 - https:\/\/yoast.com\/product\/yoast-seo-wordpress\/ -->\n<title>Contribui\u00e7\u00e3o adicional a fundo de pens\u00e3o poder\u00e1 ser deduzida do IR - CNR<\/title>\n<meta name=\"robots\" content=\"index, follow, max-snippet:-1, max-image-preview:large, max-video-preview:-1\" \/>\n<link rel=\"canonical\" href=\"https:\/\/cnr.org.br\/novoportal\/contribuicao-adicional-a-fundo-de-pensao-podera-ser-deduzida-do-ir\/\" \/>\n<meta property=\"og:locale\" content=\"pt_BR\" \/>\n<meta property=\"og:type\" content=\"article\" \/>\n<meta property=\"og:title\" content=\"Contribui\u00e7\u00e3o adicional a fundo de pens\u00e3o poder\u00e1 ser deduzida do IR - CNR\" \/>\n<meta property=\"og:description\" content=\"Deputado explica que esses aportes adicionais s\u00e3o obrigat\u00f3rios para equacionar o saldo negativo de fundos de pens\u00e3o deficit\u00e1rios Cleia Viana\/C\u00e2mara dos Deputados Souza: \u201cA proposta n\u00e3o cria isen\u00e7\u00e3o nem imunidade tribut\u00e1ria\u201d As contribui\u00e7\u00f5es adicionais que os participantes de fundos de pens\u00e3o s\u00e3o obrigados a fazer para cobrir deficits das entidades de previd\u00eancia poder\u00e3o ser deduzidas [&hellip;]\" \/>\n<meta property=\"og:url\" content=\"https:\/\/cnr.org.br\/novoportal\/contribuicao-adicional-a-fundo-de-pensao-podera-ser-deduzida-do-ir\/\" \/>\n<meta property=\"og:site_name\" content=\"CNR\" \/>\n<meta property=\"article:published_time\" content=\"2018-07-25T13:35:46+00:00\" \/>\n<meta property=\"og:image\" content=\"https:\/\/cnr.org.br\/novoportal\/wp-content\/uploads\/2018\/07\/image003.jpg\" \/>\n\t<meta property=\"og:image:width\" content=\"424\" \/>\n\t<meta property=\"og:image:height\" content=\"278\" \/>\n\t<meta property=\"og:image:type\" content=\"image\/jpeg\" \/>\n<meta name=\"author\" content=\"Imprensa CNR\" \/>\n<meta name=\"twitter:card\" content=\"summary_large_image\" \/>\n<meta name=\"twitter:label1\" content=\"Escrito por\" \/>\n\t<meta name=\"twitter:data1\" content=\"Imprensa CNR\" \/>\n\t<meta name=\"twitter:label2\" content=\"Est. tempo de leitura\" \/>\n\t<meta name=\"twitter:data2\" content=\"2 minutos\" \/>\n<script type=\"application\/ld+json\" class=\"yoast-schema-graph\">{\"@context\":\"https:\\\/\\\/schema.org\",\"@graph\":[{\"@type\":\"Article\",\"@id\":\"https:\\\/\\\/cnr.org.br\\\/novoportal\\\/contribuicao-adicional-a-fundo-de-pensao-podera-ser-deduzida-do-ir\\\/#article\",\"isPartOf\":{\"@id\":\"https:\\\/\\\/cnr.org.br\\\/novoportal\\\/contribuicao-adicional-a-fundo-de-pensao-podera-ser-deduzida-do-ir\\\/\"},\"author\":{\"name\":\"Imprensa CNR\",\"@id\":\"https:\\\/\\\/cnr.org.br\\\/novoportal\\\/#\\\/schema\\\/person\\\/1f46209cd8c9d3d9887a0765b64ca66b\"},\"headline\":\"Contribui\u00e7\u00e3o adicional a fundo de pens\u00e3o poder\u00e1 ser deduzida do IR\",\"datePublished\":\"2018-07-25T13:35:46+00:00\",\"mainEntityOfPage\":{\"@id\":\"https:\\\/\\\/cnr.org.br\\\/novoportal\\\/contribuicao-adicional-a-fundo-de-pensao-podera-ser-deduzida-do-ir\\\/\"},\"wordCount\":429,\"commentCount\":0,\"publisher\":{\"@id\":\"https:\\\/\\\/cnr.org.br\\\/novoportal\\\/#organization\"},\"image\":{\"@id\":\"https:\\\/\\\/cnr.org.br\\\/novoportal\\\/contribuicao-adicional-a-fundo-de-pensao-podera-ser-deduzida-do-ir\\\/#primaryimage\"},\"thumbnailUrl\":\"https:\\\/\\\/cnr.org.br\\\/site\\\/wp-content\\\/uploads\\\/2018\\\/07\\\/image003.jpg\",\"articleSection\":[\"Not\u00edcia\",\"\u00daltimas Not\u00edcias\"],\"inLanguage\":\"pt-BR\"},{\"@type\":\"WebPage\",\"@id\":\"https:\\\/\\\/cnr.org.br\\\/novoportal\\\/contribuicao-adicional-a-fundo-de-pensao-podera-ser-deduzida-do-ir\\\/\",\"url\":\"https:\\\/\\\/cnr.org.br\\\/novoportal\\\/contribuicao-adicional-a-fundo-de-pensao-podera-ser-deduzida-do-ir\\\/\",\"name\":\"Contribui\u00e7\u00e3o adicional a fundo de pens\u00e3o poder\u00e1 ser deduzida do IR - CNR\",\"isPartOf\":{\"@id\":\"https:\\\/\\\/cnr.org.br\\\/novoportal\\\/#website\"},\"primaryImageOfPage\":{\"@id\":\"https:\\\/\\\/cnr.org.br\\\/novoportal\\\/contribuicao-adicional-a-fundo-de-pensao-podera-ser-deduzida-do-ir\\\/#primaryimage\"},\"image\":{\"@id\":\"https:\\\/\\\/cnr.org.br\\\/novoportal\\\/contribuicao-adicional-a-fundo-de-pensao-podera-ser-deduzida-do-ir\\\/#primaryimage\"},\"thumbnailUrl\":\"https:\\\/\\\/cnr.org.br\\\/site\\\/wp-content\\\/uploads\\\/2018\\\/07\\\/image003.jpg\",\"datePublished\":\"2018-07-25T13:35:46+00:00\",\"breadcrumb\":{\"@id\":\"https:\\\/\\\/cnr.org.br\\\/novoportal\\\/contribuicao-adicional-a-fundo-de-pensao-podera-ser-deduzida-do-ir\\\/#breadcrumb\"},\"inLanguage\":\"pt-BR\",\"potentialAction\":[{\"@type\":\"ReadAction\",\"target\":[\"https:\\\/\\\/cnr.org.br\\\/novoportal\\\/contribuicao-adicional-a-fundo-de-pensao-podera-ser-deduzida-do-ir\\\/\"]}]},{\"@type\":\"ImageObject\",\"inLanguage\":\"pt-BR\",\"@id\":\"https:\\\/\\\/cnr.org.br\\\/novoportal\\\/contribuicao-adicional-a-fundo-de-pensao-podera-ser-deduzida-do-ir\\\/#primaryimage\",\"url\":\"https:\\\/\\\/cnr.org.br\\\/site\\\/wp-content\\\/uploads\\\/2018\\\/07\\\/image003.jpg\",\"contentUrl\":\"https:\\\/\\\/cnr.org.br\\\/site\\\/wp-content\\\/uploads\\\/2018\\\/07\\\/image003.jpg\",\"width\":424,\"height\":278},{\"@type\":\"BreadcrumbList\",\"@id\":\"https:\\\/\\\/cnr.org.br\\\/novoportal\\\/contribuicao-adicional-a-fundo-de-pensao-podera-ser-deduzida-do-ir\\\/#breadcrumb\",\"itemListElement\":[{\"@type\":\"ListItem\",\"position\":1,\"name\":\"In\u00edcio\",\"item\":\"https:\\\/\\\/cnr.org.br\\\/site\\\/\"},{\"@type\":\"ListItem\",\"position\":2,\"name\":\"Contribui\u00e7\u00e3o adicional a fundo de pens\u00e3o poder\u00e1 ser deduzida do IR\"}]},{\"@type\":\"WebSite\",\"@id\":\"https:\\\/\\\/cnr.org.br\\\/novoportal\\\/#website\",\"url\":\"https:\\\/\\\/cnr.org.br\\\/novoportal\\\/\",\"name\":\"CNR\",\"description\":\"Confedera\u00e7\u00e3o Nacional de Not\u00e1rios e Registradores\",\"publisher\":{\"@id\":\"https:\\\/\\\/cnr.org.br\\\/novoportal\\\/#organization\"},\"potentialAction\":[{\"@type\":\"SearchAction\",\"target\":{\"@type\":\"EntryPoint\",\"urlTemplate\":\"https:\\\/\\\/cnr.org.br\\\/novoportal\\\/?s={search_term_string}\"},\"query-input\":{\"@type\":\"PropertyValueSpecification\",\"valueRequired\":true,\"valueName\":\"search_term_string\"}}],\"inLanguage\":\"pt-BR\"},{\"@type\":\"Organization\",\"@id\":\"https:\\\/\\\/cnr.org.br\\\/novoportal\\\/#organization\",\"name\":\"CNR\",\"url\":\"https:\\\/\\\/cnr.org.br\\\/novoportal\\\/\",\"logo\":{\"@type\":\"ImageObject\",\"inLanguage\":\"pt-BR\",\"@id\":\"https:\\\/\\\/cnr.org.br\\\/novoportal\\\/#\\\/schema\\\/logo\\\/image\\\/\",\"url\":\"https:\\\/\\\/cnr.org.br\\\/site\\\/wp-content\\\/uploads\\\/2026\\\/02\\\/Logo_CNR_completa_colorida_2024.png\",\"contentUrl\":\"https:\\\/\\\/cnr.org.br\\\/site\\\/wp-content\\\/uploads\\\/2026\\\/02\\\/Logo_CNR_completa_colorida_2024.png\",\"width\":910,\"height\":450,\"caption\":\"CNR\"},\"image\":{\"@id\":\"https:\\\/\\\/cnr.org.br\\\/novoportal\\\/#\\\/schema\\\/logo\\\/image\\\/\"}},{\"@type\":\"Person\",\"@id\":\"https:\\\/\\\/cnr.org.br\\\/novoportal\\\/#\\\/schema\\\/person\\\/1f46209cd8c9d3d9887a0765b64ca66b\",\"name\":\"Imprensa CNR\",\"sameAs\":[\"https:\\\/\\\/cnr.org.br\\\/site\"],\"url\":\"https:\\\/\\\/cnr.org.br\\\/site\\\/author\\\/imprensa\\\/\"}]}<\/script>\n<!-- \/ Yoast SEO plugin. -->","yoast_head_json":{"title":"Contribui\u00e7\u00e3o adicional a fundo de pens\u00e3o poder\u00e1 ser deduzida do IR - CNR","robots":{"index":"index","follow":"follow","max-snippet":"max-snippet:-1","max-image-preview":"max-image-preview:large","max-video-preview":"max-video-preview:-1"},"canonical":"https:\/\/cnr.org.br\/novoportal\/contribuicao-adicional-a-fundo-de-pensao-podera-ser-deduzida-do-ir\/","og_locale":"pt_BR","og_type":"article","og_title":"Contribui\u00e7\u00e3o adicional a fundo de pens\u00e3o poder\u00e1 ser deduzida do IR - CNR","og_description":"Deputado explica que esses aportes adicionais s\u00e3o obrigat\u00f3rios para equacionar o saldo negativo de fundos de pens\u00e3o deficit\u00e1rios Cleia Viana\/C\u00e2mara dos Deputados Souza: \u201cA proposta n\u00e3o cria isen\u00e7\u00e3o nem imunidade tribut\u00e1ria\u201d As contribui\u00e7\u00f5es adicionais que os participantes de fundos de pens\u00e3o s\u00e3o obrigados a fazer para cobrir deficits das entidades de previd\u00eancia poder\u00e3o ser deduzidas [&hellip;]","og_url":"https:\/\/cnr.org.br\/novoportal\/contribuicao-adicional-a-fundo-de-pensao-podera-ser-deduzida-do-ir\/","og_site_name":"CNR","article_published_time":"2018-07-25T13:35:46+00:00","og_image":[{"width":424,"height":278,"url":"https:\/\/cnr.org.br\/novoportal\/wp-content\/uploads\/2018\/07\/image003.jpg","type":"image\/jpeg"}],"author":"Imprensa CNR","twitter_card":"summary_large_image","twitter_misc":{"Escrito por":"Imprensa CNR","Est. tempo de leitura":"2 minutos"},"schema":{"@context":"https:\/\/schema.org","@graph":[{"@type":"Article","@id":"https:\/\/cnr.org.br\/novoportal\/contribuicao-adicional-a-fundo-de-pensao-podera-ser-deduzida-do-ir\/#article","isPartOf":{"@id":"https:\/\/cnr.org.br\/novoportal\/contribuicao-adicional-a-fundo-de-pensao-podera-ser-deduzida-do-ir\/"},"author":{"name":"Imprensa CNR","@id":"https:\/\/cnr.org.br\/novoportal\/#\/schema\/person\/1f46209cd8c9d3d9887a0765b64ca66b"},"headline":"Contribui\u00e7\u00e3o adicional a fundo de pens\u00e3o poder\u00e1 ser deduzida do IR","datePublished":"2018-07-25T13:35:46+00:00","mainEntityOfPage":{"@id":"https:\/\/cnr.org.br\/novoportal\/contribuicao-adicional-a-fundo-de-pensao-podera-ser-deduzida-do-ir\/"},"wordCount":429,"commentCount":0,"publisher":{"@id":"https:\/\/cnr.org.br\/novoportal\/#organization"},"image":{"@id":"https:\/\/cnr.org.br\/novoportal\/contribuicao-adicional-a-fundo-de-pensao-podera-ser-deduzida-do-ir\/#primaryimage"},"thumbnailUrl":"https:\/\/cnr.org.br\/site\/wp-content\/uploads\/2018\/07\/image003.jpg","articleSection":["Not\u00edcia","\u00daltimas Not\u00edcias"],"inLanguage":"pt-BR"},{"@type":"WebPage","@id":"https:\/\/cnr.org.br\/novoportal\/contribuicao-adicional-a-fundo-de-pensao-podera-ser-deduzida-do-ir\/","url":"https:\/\/cnr.org.br\/novoportal\/contribuicao-adicional-a-fundo-de-pensao-podera-ser-deduzida-do-ir\/","name":"Contribui\u00e7\u00e3o adicional a fundo de pens\u00e3o poder\u00e1 ser deduzida do IR - CNR","isPartOf":{"@id":"https:\/\/cnr.org.br\/novoportal\/#website"},"primaryImageOfPage":{"@id":"https:\/\/cnr.org.br\/novoportal\/contribuicao-adicional-a-fundo-de-pensao-podera-ser-deduzida-do-ir\/#primaryimage"},"image":{"@id":"https:\/\/cnr.org.br\/novoportal\/contribuicao-adicional-a-fundo-de-pensao-podera-ser-deduzida-do-ir\/#primaryimage"},"thumbnailUrl":"https:\/\/cnr.org.br\/site\/wp-content\/uploads\/2018\/07\/image003.jpg","datePublished":"2018-07-25T13:35:46+00:00","breadcrumb":{"@id":"https:\/\/cnr.org.br\/novoportal\/contribuicao-adicional-a-fundo-de-pensao-podera-ser-deduzida-do-ir\/#breadcrumb"},"inLanguage":"pt-BR","potentialAction":[{"@type":"ReadAction","target":["https:\/\/cnr.org.br\/novoportal\/contribuicao-adicional-a-fundo-de-pensao-podera-ser-deduzida-do-ir\/"]}]},{"@type":"ImageObject","inLanguage":"pt-BR","@id":"https:\/\/cnr.org.br\/novoportal\/contribuicao-adicional-a-fundo-de-pensao-podera-ser-deduzida-do-ir\/#primaryimage","url":"https:\/\/cnr.org.br\/site\/wp-content\/uploads\/2018\/07\/image003.jpg","contentUrl":"https:\/\/cnr.org.br\/site\/wp-content\/uploads\/2018\/07\/image003.jpg","width":424,"height":278},{"@type":"BreadcrumbList","@id":"https:\/\/cnr.org.br\/novoportal\/contribuicao-adicional-a-fundo-de-pensao-podera-ser-deduzida-do-ir\/#breadcrumb","itemListElement":[{"@type":"ListItem","position":1,"name":"In\u00edcio","item":"https:\/\/cnr.org.br\/site\/"},{"@type":"ListItem","position":2,"name":"Contribui\u00e7\u00e3o adicional a fundo de pens\u00e3o poder\u00e1 ser deduzida do IR"}]},{"@type":"WebSite","@id":"https:\/\/cnr.org.br\/novoportal\/#website","url":"https:\/\/cnr.org.br\/novoportal\/","name":"CNR","description":"Confedera\u00e7\u00e3o Nacional de Not\u00e1rios e Registradores","publisher":{"@id":"https:\/\/cnr.org.br\/novoportal\/#organization"},"potentialAction":[{"@type":"SearchAction","target":{"@type":"EntryPoint","urlTemplate":"https:\/\/cnr.org.br\/novoportal\/?s={search_term_string}"},"query-input":{"@type":"PropertyValueSpecification","valueRequired":true,"valueName":"search_term_string"}}],"inLanguage":"pt-BR"},{"@type":"Organization","@id":"https:\/\/cnr.org.br\/novoportal\/#organization","name":"CNR","url":"https:\/\/cnr.org.br\/novoportal\/","logo":{"@type":"ImageObject","inLanguage":"pt-BR","@id":"https:\/\/cnr.org.br\/novoportal\/#\/schema\/logo\/image\/","url":"https:\/\/cnr.org.br\/site\/wp-content\/uploads\/2026\/02\/Logo_CNR_completa_colorida_2024.png","contentUrl":"https:\/\/cnr.org.br\/site\/wp-content\/uploads\/2026\/02\/Logo_CNR_completa_colorida_2024.png","width":910,"height":450,"caption":"CNR"},"image":{"@id":"https:\/\/cnr.org.br\/novoportal\/#\/schema\/logo\/image\/"}},{"@type":"Person","@id":"https:\/\/cnr.org.br\/novoportal\/#\/schema\/person\/1f46209cd8c9d3d9887a0765b64ca66b","name":"Imprensa CNR","sameAs":["https:\/\/cnr.org.br\/site"],"url":"https:\/\/cnr.org.br\/site\/author\/imprensa\/"}]}},"_links":{"self":[{"href":"https:\/\/cnr.org.br\/site\/wp-json\/wp\/v2\/posts\/7815","targetHints":{"allow":["GET"]}}],"collection":[{"href":"https:\/\/cnr.org.br\/site\/wp-json\/wp\/v2\/posts"}],"about":[{"href":"https:\/\/cnr.org.br\/site\/wp-json\/wp\/v2\/types\/post"}],"author":[{"embeddable":true,"href":"https:\/\/cnr.org.br\/site\/wp-json\/wp\/v2\/users\/2"}],"replies":[{"embeddable":true,"href":"https:\/\/cnr.org.br\/site\/wp-json\/wp\/v2\/comments?post=7815"}],"version-history":[{"count":0,"href":"https:\/\/cnr.org.br\/site\/wp-json\/wp\/v2\/posts\/7815\/revisions"}],"wp:featuredmedia":[{"embeddable":true,"href":"https:\/\/cnr.org.br\/site\/wp-json\/wp\/v2\/media\/7816"}],"wp:attachment":[{"href":"https:\/\/cnr.org.br\/site\/wp-json\/wp\/v2\/media?parent=7815"}],"wp:term":[{"taxonomy":"category","embeddable":true,"href":"https:\/\/cnr.org.br\/site\/wp-json\/wp\/v2\/categories?post=7815"},{"taxonomy":"post_tag","embeddable":true,"href":"https:\/\/cnr.org.br\/site\/wp-json\/wp\/v2\/tags?post=7815"}],"curies":[{"name":"wp","href":"https:\/\/api.w.org\/{rel}","templated":true}]}}