{"id":7824,"date":"2018-07-25T14:33:46","date_gmt":"2018-07-25T17:33:46","guid":{"rendered":"https:\/\/cnr.org.br\/site\/?p=7824"},"modified":"2018-07-25T14:33:46","modified_gmt":"2018-07-25T17:33:46","slug":"aviso-previo-indenizado-podera-contar-como-salario-de-contribuicao-a-previdencia","status":"publish","type":"post","link":"https:\/\/cnr.org.br\/site\/aviso-previo-indenizado-podera-contar-como-salario-de-contribuicao-a-previdencia\/","title":{"rendered":"Aviso pr\u00e9vio indenizado poder\u00e1 contar como sal\u00e1rio de contribui\u00e7\u00e3o \u00e0 previd\u00eancia"},"content":{"rendered":"<div id=\"dslc-theme-content\"><div id=\"dslc-theme-content-inner\"><p>\t\t\t\tO empregado e o empregador poder\u00e3o ser obrigados a pagar previd\u00eancia sobre o aviso pr\u00e9vio indenizado. Uma proposta em an\u00e1lise na Comiss\u00e3o de Assuntos Econ\u00f4micos (CAE) inclui como sal\u00e1rio de contribui\u00e7\u00e3o esse tipo de remunera\u00e7\u00e3o, que ocorre quando o empregador determina o desligamento imediato do empregado e paga a ele pelos 30 dias que seriam de aviso pr\u00e9vio.<\/p>\n<p>O autor do projeto (<a class=\"external-link\" href=\"http:\/\/www25.senado.leg.br\/web\/atividade\/materias\/-\/materia\/114714\">PLS 422\/2013<\/a>), ex-senador Delc\u00eddio do Amaral, argumenta que, apesar do nome, o aviso pr\u00e9vio indenizado tem natureza salarial, e n\u00e3o indenizat\u00f3ria. Por isso, a contribui\u00e7\u00e3o previdenci\u00e1ria deveria incidir sobre o pagamento, diz. Ele sustenta que esse per\u00edodo integra o tempo de servi\u00e7o do empregado para todos os efeitos legais, inclusive para aposentadoria. Assim, n\u00e3o h\u00e1 indeniza\u00e7\u00e3o a ser paga.<\/p>\n<p>Com as mudan\u00e7as propostas pelo projeto na Lei da Seguridade Social (<a class=\"external-link\" href=\"http:\/\/www.planalto.gov.br\/ccivil_03\/leis\/L8212cons.htm\">Lei 8.212\/1991<\/a>), argumenta Delc\u00eddio, posterga-se a perda da qualidade de segurado do INSS e, ao mesmo tempo, garante-se um aporte de recursos adicionais \u00e0 Previd\u00eancia Social. O empregador pagaria 20% de contribui\u00e7\u00e3o sobre o valor do aviso pr\u00e9vio indenizado, enquanto para o empregado o percentual ficaria entre 8% e 11%.<\/p>\n<p>O relator, senador Roberto Requi\u00e3o (MDB-PR), apresentou voto favor\u00e1vel ao projeto. Ele prop\u00f5e emendas ao texto. Uma delas determina que a contribui\u00e7\u00e3o previdenci\u00e1ria sobre o aviso pr\u00e9vio indenizado dever\u00e1 ser limitada ao per\u00edodo de 30 dias. O texto tamb\u00e9m deixa claro que o tempo relativo a essa contribui\u00e7\u00e3o contar\u00e1 para efeito de aposentadoria. Outra emenda insere esse tipo de aviso pr\u00e9vio no artigo da Lei 8.212\/1991, que trata da contribui\u00e7\u00e3o previdenci\u00e1ria a cargo das empresas.<\/p>\n<p>Ap\u00f3s o parecer da CAE, a proposta seguir\u00e1 para a Comiss\u00e3o de Assuntos Sociais (CAS), onde ter\u00e1 decis\u00e3o final.<\/p>\n<p><strong>Fonte:<\/strong> Ag\u00eancia Senado\t\t<\/p>\n<\/div><\/div>","protected":false},"excerpt":{"rendered":"<p>O empregado e o empregador poder\u00e3o ser obrigados a pagar previd\u00eancia sobre o aviso pr\u00e9vio indenizado. Uma proposta em an\u00e1lise na Comiss\u00e3o de Assuntos Econ\u00f4micos (CAE) inclui como sal\u00e1rio de contribui\u00e7\u00e3o esse tipo de remunera\u00e7\u00e3o, que ocorre quando o empregador determina o desligamento imediato do empregado e paga a ele pelos 30 dias que seriam [&hellip;]<\/p>\n","protected":false},"author":2,"featured_media":7825,"comment_status":"open","ping_status":"open","sticky":false,"template":"","format":"standard","meta":{"footnotes":"","_links_to":"","_links_to_target":""},"categories":[55,47],"tags":[],"class_list":["post-7824","post","type-post","status-publish","format-standard","has-post-thumbnail","hentry","category-noticia","category-ultimas-noticias"],"yoast_head":"<!-- This site is optimized with the Yoast SEO plugin v28.4 - https:\/\/yoast.com\/product\/yoast-seo-wordpress\/ -->\n<title>Aviso pr\u00e9vio indenizado poder\u00e1 contar como sal\u00e1rio de contribui\u00e7\u00e3o \u00e0 previd\u00eancia - CNR<\/title>\n<meta name=\"robots\" content=\"index, follow, max-snippet:-1, max-image-preview:large, max-video-preview:-1\" \/>\n<link rel=\"canonical\" href=\"https:\/\/cnr.org.br\/novoportal\/aviso-previo-indenizado-podera-contar-como-salario-de-contribuicao-a-previdencia\/\" \/>\n<meta property=\"og:locale\" content=\"pt_BR\" \/>\n<meta property=\"og:type\" content=\"article\" \/>\n<meta property=\"og:title\" content=\"Aviso pr\u00e9vio indenizado poder\u00e1 contar como sal\u00e1rio de contribui\u00e7\u00e3o \u00e0 previd\u00eancia - CNR\" \/>\n<meta property=\"og:description\" content=\"O empregado e o empregador poder\u00e3o ser obrigados a pagar previd\u00eancia sobre o aviso pr\u00e9vio indenizado. Uma proposta em an\u00e1lise na Comiss\u00e3o de Assuntos Econ\u00f4micos (CAE) inclui como sal\u00e1rio de contribui\u00e7\u00e3o esse tipo de remunera\u00e7\u00e3o, que ocorre quando o empregador determina o desligamento imediato do empregado e paga a ele pelos 30 dias que seriam [&hellip;]\" \/>\n<meta property=\"og:url\" content=\"https:\/\/cnr.org.br\/novoportal\/aviso-previo-indenizado-podera-contar-como-salario-de-contribuicao-a-previdencia\/\" \/>\n<meta property=\"og:site_name\" content=\"CNR\" \/>\n<meta property=\"article:published_time\" content=\"2018-07-25T17:33:46+00:00\" \/>\n<meta property=\"og:image\" content=\"https:\/\/cnr.org.br\/novoportal\/wp-content\/uploads\/2018\/07\/piggy-bank-2889046_1920.jpg\" \/>\n\t<meta property=\"og:image:width\" content=\"1920\" \/>\n\t<meta property=\"og:image:height\" content=\"1152\" \/>\n\t<meta property=\"og:image:type\" content=\"image\/jpeg\" \/>\n<meta name=\"author\" content=\"Imprensa CNR\" \/>\n<meta name=\"twitter:card\" content=\"summary_large_image\" \/>\n<meta name=\"twitter:label1\" content=\"Escrito por\" \/>\n\t<meta name=\"twitter:data1\" content=\"Imprensa CNR\" \/>\n\t<meta name=\"twitter:label2\" content=\"Est. tempo de leitura\" \/>\n\t<meta name=\"twitter:data2\" content=\"2 minutos\" \/>\n<script type=\"application\/ld+json\" class=\"yoast-schema-graph\">{\"@context\":\"https:\\\/\\\/schema.org\",\"@graph\":[{\"@type\":\"Article\",\"@id\":\"https:\\\/\\\/cnr.org.br\\\/novoportal\\\/aviso-previo-indenizado-podera-contar-como-salario-de-contribuicao-a-previdencia\\\/#article\",\"isPartOf\":{\"@id\":\"https:\\\/\\\/cnr.org.br\\\/novoportal\\\/aviso-previo-indenizado-podera-contar-como-salario-de-contribuicao-a-previdencia\\\/\"},\"author\":{\"name\":\"Imprensa CNR\",\"@id\":\"https:\\\/\\\/cnr.org.br\\\/novoportal\\\/#\\\/schema\\\/person\\\/1f46209cd8c9d3d9887a0765b64ca66b\"},\"headline\":\"Aviso pr\u00e9vio indenizado poder\u00e1 contar como sal\u00e1rio de contribui\u00e7\u00e3o \u00e0 previd\u00eancia\",\"datePublished\":\"2018-07-25T17:33:46+00:00\",\"mainEntityOfPage\":{\"@id\":\"https:\\\/\\\/cnr.org.br\\\/novoportal\\\/aviso-previo-indenizado-podera-contar-como-salario-de-contribuicao-a-previdencia\\\/\"},\"wordCount\":325,\"commentCount\":0,\"publisher\":{\"@id\":\"https:\\\/\\\/cnr.org.br\\\/novoportal\\\/#organization\"},\"image\":{\"@id\":\"https:\\\/\\\/cnr.org.br\\\/novoportal\\\/aviso-previo-indenizado-podera-contar-como-salario-de-contribuicao-a-previdencia\\\/#primaryimage\"},\"thumbnailUrl\":\"https:\\\/\\\/cnr.org.br\\\/site\\\/wp-content\\\/uploads\\\/2018\\\/07\\\/piggy-bank-2889046_1920.jpg\",\"articleSection\":[\"Not\u00edcia\",\"\u00daltimas Not\u00edcias\"],\"inLanguage\":\"pt-BR\"},{\"@type\":\"WebPage\",\"@id\":\"https:\\\/\\\/cnr.org.br\\\/novoportal\\\/aviso-previo-indenizado-podera-contar-como-salario-de-contribuicao-a-previdencia\\\/\",\"url\":\"https:\\\/\\\/cnr.org.br\\\/novoportal\\\/aviso-previo-indenizado-podera-contar-como-salario-de-contribuicao-a-previdencia\\\/\",\"name\":\"Aviso pr\u00e9vio indenizado poder\u00e1 contar como sal\u00e1rio de contribui\u00e7\u00e3o \u00e0 previd\u00eancia - CNR\",\"isPartOf\":{\"@id\":\"https:\\\/\\\/cnr.org.br\\\/novoportal\\\/#website\"},\"primaryImageOfPage\":{\"@id\":\"https:\\\/\\\/cnr.org.br\\\/novoportal\\\/aviso-previo-indenizado-podera-contar-como-salario-de-contribuicao-a-previdencia\\\/#primaryimage\"},\"image\":{\"@id\":\"https:\\\/\\\/cnr.org.br\\\/novoportal\\\/aviso-previo-indenizado-podera-contar-como-salario-de-contribuicao-a-previdencia\\\/#primaryimage\"},\"thumbnailUrl\":\"https:\\\/\\\/cnr.org.br\\\/site\\\/wp-content\\\/uploads\\\/2018\\\/07\\\/piggy-bank-2889046_1920.jpg\",\"datePublished\":\"2018-07-25T17:33:46+00:00\",\"breadcrumb\":{\"@id\":\"https:\\\/\\\/cnr.org.br\\\/novoportal\\\/aviso-previo-indenizado-podera-contar-como-salario-de-contribuicao-a-previdencia\\\/#breadcrumb\"},\"inLanguage\":\"pt-BR\",\"potentialAction\":[{\"@type\":\"ReadAction\",\"target\":[\"https:\\\/\\\/cnr.org.br\\\/novoportal\\\/aviso-previo-indenizado-podera-contar-como-salario-de-contribuicao-a-previdencia\\\/\"]}]},{\"@type\":\"ImageObject\",\"inLanguage\":\"pt-BR\",\"@id\":\"https:\\\/\\\/cnr.org.br\\\/novoportal\\\/aviso-previo-indenizado-podera-contar-como-salario-de-contribuicao-a-previdencia\\\/#primaryimage\",\"url\":\"https:\\\/\\\/cnr.org.br\\\/site\\\/wp-content\\\/uploads\\\/2018\\\/07\\\/piggy-bank-2889046_1920.jpg\",\"contentUrl\":\"https:\\\/\\\/cnr.org.br\\\/site\\\/wp-content\\\/uploads\\\/2018\\\/07\\\/piggy-bank-2889046_1920.jpg\",\"width\":1920,\"height\":1152},{\"@type\":\"BreadcrumbList\",\"@id\":\"https:\\\/\\\/cnr.org.br\\\/novoportal\\\/aviso-previo-indenizado-podera-contar-como-salario-de-contribuicao-a-previdencia\\\/#breadcrumb\",\"itemListElement\":[{\"@type\":\"ListItem\",\"position\":1,\"name\":\"In\u00edcio\",\"item\":\"https:\\\/\\\/cnr.org.br\\\/site\\\/\"},{\"@type\":\"ListItem\",\"position\":2,\"name\":\"Aviso pr\u00e9vio indenizado poder\u00e1 contar como sal\u00e1rio de contribui\u00e7\u00e3o \u00e0 previd\u00eancia\"}]},{\"@type\":\"WebSite\",\"@id\":\"https:\\\/\\\/cnr.org.br\\\/novoportal\\\/#website\",\"url\":\"https:\\\/\\\/cnr.org.br\\\/novoportal\\\/\",\"name\":\"CNR\",\"description\":\"Confedera\u00e7\u00e3o Nacional de Not\u00e1rios e Registradores\",\"publisher\":{\"@id\":\"https:\\\/\\\/cnr.org.br\\\/novoportal\\\/#organization\"},\"potentialAction\":[{\"@type\":\"SearchAction\",\"target\":{\"@type\":\"EntryPoint\",\"urlTemplate\":\"https:\\\/\\\/cnr.org.br\\\/novoportal\\\/?s={search_term_string}\"},\"query-input\":{\"@type\":\"PropertyValueSpecification\",\"valueRequired\":true,\"valueName\":\"search_term_string\"}}],\"inLanguage\":\"pt-BR\"},{\"@type\":\"Organization\",\"@id\":\"https:\\\/\\\/cnr.org.br\\\/novoportal\\\/#organization\",\"name\":\"CNR\",\"url\":\"https:\\\/\\\/cnr.org.br\\\/novoportal\\\/\",\"logo\":{\"@type\":\"ImageObject\",\"inLanguage\":\"pt-BR\",\"@id\":\"https:\\\/\\\/cnr.org.br\\\/novoportal\\\/#\\\/schema\\\/logo\\\/image\\\/\",\"url\":\"https:\\\/\\\/cnr.org.br\\\/site\\\/wp-content\\\/uploads\\\/2026\\\/02\\\/Logo_CNR_completa_colorida_2024.png\",\"contentUrl\":\"https:\\\/\\\/cnr.org.br\\\/site\\\/wp-content\\\/uploads\\\/2026\\\/02\\\/Logo_CNR_completa_colorida_2024.png\",\"width\":910,\"height\":450,\"caption\":\"CNR\"},\"image\":{\"@id\":\"https:\\\/\\\/cnr.org.br\\\/novoportal\\\/#\\\/schema\\\/logo\\\/image\\\/\"}},{\"@type\":\"Person\",\"@id\":\"https:\\\/\\\/cnr.org.br\\\/novoportal\\\/#\\\/schema\\\/person\\\/1f46209cd8c9d3d9887a0765b64ca66b\",\"name\":\"Imprensa CNR\",\"sameAs\":[\"https:\\\/\\\/cnr.org.br\\\/site\"],\"url\":\"https:\\\/\\\/cnr.org.br\\\/site\\\/author\\\/imprensa\\\/\"}]}<\/script>\n<!-- \/ Yoast SEO plugin. -->","yoast_head_json":{"title":"Aviso pr\u00e9vio indenizado poder\u00e1 contar como sal\u00e1rio de contribui\u00e7\u00e3o \u00e0 previd\u00eancia - CNR","robots":{"index":"index","follow":"follow","max-snippet":"max-snippet:-1","max-image-preview":"max-image-preview:large","max-video-preview":"max-video-preview:-1"},"canonical":"https:\/\/cnr.org.br\/novoportal\/aviso-previo-indenizado-podera-contar-como-salario-de-contribuicao-a-previdencia\/","og_locale":"pt_BR","og_type":"article","og_title":"Aviso pr\u00e9vio indenizado poder\u00e1 contar como sal\u00e1rio de contribui\u00e7\u00e3o \u00e0 previd\u00eancia - CNR","og_description":"O empregado e o empregador poder\u00e3o ser obrigados a pagar previd\u00eancia sobre o aviso pr\u00e9vio indenizado. Uma proposta em an\u00e1lise na Comiss\u00e3o de Assuntos Econ\u00f4micos (CAE) inclui como sal\u00e1rio de contribui\u00e7\u00e3o esse tipo de remunera\u00e7\u00e3o, que ocorre quando o empregador determina o desligamento imediato do empregado e paga a ele pelos 30 dias que seriam [&hellip;]","og_url":"https:\/\/cnr.org.br\/novoportal\/aviso-previo-indenizado-podera-contar-como-salario-de-contribuicao-a-previdencia\/","og_site_name":"CNR","article_published_time":"2018-07-25T17:33:46+00:00","og_image":[{"width":1920,"height":1152,"url":"https:\/\/cnr.org.br\/novoportal\/wp-content\/uploads\/2018\/07\/piggy-bank-2889046_1920.jpg","type":"image\/jpeg"}],"author":"Imprensa CNR","twitter_card":"summary_large_image","twitter_misc":{"Escrito por":"Imprensa CNR","Est. tempo de leitura":"2 minutos"},"schema":{"@context":"https:\/\/schema.org","@graph":[{"@type":"Article","@id":"https:\/\/cnr.org.br\/novoportal\/aviso-previo-indenizado-podera-contar-como-salario-de-contribuicao-a-previdencia\/#article","isPartOf":{"@id":"https:\/\/cnr.org.br\/novoportal\/aviso-previo-indenizado-podera-contar-como-salario-de-contribuicao-a-previdencia\/"},"author":{"name":"Imprensa CNR","@id":"https:\/\/cnr.org.br\/novoportal\/#\/schema\/person\/1f46209cd8c9d3d9887a0765b64ca66b"},"headline":"Aviso pr\u00e9vio indenizado poder\u00e1 contar como sal\u00e1rio de contribui\u00e7\u00e3o \u00e0 previd\u00eancia","datePublished":"2018-07-25T17:33:46+00:00","mainEntityOfPage":{"@id":"https:\/\/cnr.org.br\/novoportal\/aviso-previo-indenizado-podera-contar-como-salario-de-contribuicao-a-previdencia\/"},"wordCount":325,"commentCount":0,"publisher":{"@id":"https:\/\/cnr.org.br\/novoportal\/#organization"},"image":{"@id":"https:\/\/cnr.org.br\/novoportal\/aviso-previo-indenizado-podera-contar-como-salario-de-contribuicao-a-previdencia\/#primaryimage"},"thumbnailUrl":"https:\/\/cnr.org.br\/site\/wp-content\/uploads\/2018\/07\/piggy-bank-2889046_1920.jpg","articleSection":["Not\u00edcia","\u00daltimas Not\u00edcias"],"inLanguage":"pt-BR"},{"@type":"WebPage","@id":"https:\/\/cnr.org.br\/novoportal\/aviso-previo-indenizado-podera-contar-como-salario-de-contribuicao-a-previdencia\/","url":"https:\/\/cnr.org.br\/novoportal\/aviso-previo-indenizado-podera-contar-como-salario-de-contribuicao-a-previdencia\/","name":"Aviso pr\u00e9vio indenizado poder\u00e1 contar como sal\u00e1rio de contribui\u00e7\u00e3o \u00e0 previd\u00eancia - CNR","isPartOf":{"@id":"https:\/\/cnr.org.br\/novoportal\/#website"},"primaryImageOfPage":{"@id":"https:\/\/cnr.org.br\/novoportal\/aviso-previo-indenizado-podera-contar-como-salario-de-contribuicao-a-previdencia\/#primaryimage"},"image":{"@id":"https:\/\/cnr.org.br\/novoportal\/aviso-previo-indenizado-podera-contar-como-salario-de-contribuicao-a-previdencia\/#primaryimage"},"thumbnailUrl":"https:\/\/cnr.org.br\/site\/wp-content\/uploads\/2018\/07\/piggy-bank-2889046_1920.jpg","datePublished":"2018-07-25T17:33:46+00:00","breadcrumb":{"@id":"https:\/\/cnr.org.br\/novoportal\/aviso-previo-indenizado-podera-contar-como-salario-de-contribuicao-a-previdencia\/#breadcrumb"},"inLanguage":"pt-BR","potentialAction":[{"@type":"ReadAction","target":["https:\/\/cnr.org.br\/novoportal\/aviso-previo-indenizado-podera-contar-como-salario-de-contribuicao-a-previdencia\/"]}]},{"@type":"ImageObject","inLanguage":"pt-BR","@id":"https:\/\/cnr.org.br\/novoportal\/aviso-previo-indenizado-podera-contar-como-salario-de-contribuicao-a-previdencia\/#primaryimage","url":"https:\/\/cnr.org.br\/site\/wp-content\/uploads\/2018\/07\/piggy-bank-2889046_1920.jpg","contentUrl":"https:\/\/cnr.org.br\/site\/wp-content\/uploads\/2018\/07\/piggy-bank-2889046_1920.jpg","width":1920,"height":1152},{"@type":"BreadcrumbList","@id":"https:\/\/cnr.org.br\/novoportal\/aviso-previo-indenizado-podera-contar-como-salario-de-contribuicao-a-previdencia\/#breadcrumb","itemListElement":[{"@type":"ListItem","position":1,"name":"In\u00edcio","item":"https:\/\/cnr.org.br\/site\/"},{"@type":"ListItem","position":2,"name":"Aviso pr\u00e9vio indenizado poder\u00e1 contar como sal\u00e1rio de contribui\u00e7\u00e3o \u00e0 previd\u00eancia"}]},{"@type":"WebSite","@id":"https:\/\/cnr.org.br\/novoportal\/#website","url":"https:\/\/cnr.org.br\/novoportal\/","name":"CNR","description":"Confedera\u00e7\u00e3o Nacional de Not\u00e1rios e Registradores","publisher":{"@id":"https:\/\/cnr.org.br\/novoportal\/#organization"},"potentialAction":[{"@type":"SearchAction","target":{"@type":"EntryPoint","urlTemplate":"https:\/\/cnr.org.br\/novoportal\/?s={search_term_string}"},"query-input":{"@type":"PropertyValueSpecification","valueRequired":true,"valueName":"search_term_string"}}],"inLanguage":"pt-BR"},{"@type":"Organization","@id":"https:\/\/cnr.org.br\/novoportal\/#organization","name":"CNR","url":"https:\/\/cnr.org.br\/novoportal\/","logo":{"@type":"ImageObject","inLanguage":"pt-BR","@id":"https:\/\/cnr.org.br\/novoportal\/#\/schema\/logo\/image\/","url":"https:\/\/cnr.org.br\/site\/wp-content\/uploads\/2026\/02\/Logo_CNR_completa_colorida_2024.png","contentUrl":"https:\/\/cnr.org.br\/site\/wp-content\/uploads\/2026\/02\/Logo_CNR_completa_colorida_2024.png","width":910,"height":450,"caption":"CNR"},"image":{"@id":"https:\/\/cnr.org.br\/novoportal\/#\/schema\/logo\/image\/"}},{"@type":"Person","@id":"https:\/\/cnr.org.br\/novoportal\/#\/schema\/person\/1f46209cd8c9d3d9887a0765b64ca66b","name":"Imprensa CNR","sameAs":["https:\/\/cnr.org.br\/site"],"url":"https:\/\/cnr.org.br\/site\/author\/imprensa\/"}]}},"_links":{"self":[{"href":"https:\/\/cnr.org.br\/site\/wp-json\/wp\/v2\/posts\/7824","targetHints":{"allow":["GET"]}}],"collection":[{"href":"https:\/\/cnr.org.br\/site\/wp-json\/wp\/v2\/posts"}],"about":[{"href":"https:\/\/cnr.org.br\/site\/wp-json\/wp\/v2\/types\/post"}],"author":[{"embeddable":true,"href":"https:\/\/cnr.org.br\/site\/wp-json\/wp\/v2\/users\/2"}],"replies":[{"embeddable":true,"href":"https:\/\/cnr.org.br\/site\/wp-json\/wp\/v2\/comments?post=7824"}],"version-history":[{"count":0,"href":"https:\/\/cnr.org.br\/site\/wp-json\/wp\/v2\/posts\/7824\/revisions"}],"wp:featuredmedia":[{"embeddable":true,"href":"https:\/\/cnr.org.br\/site\/wp-json\/wp\/v2\/media\/7825"}],"wp:attachment":[{"href":"https:\/\/cnr.org.br\/site\/wp-json\/wp\/v2\/media?parent=7824"}],"wp:term":[{"taxonomy":"category","embeddable":true,"href":"https:\/\/cnr.org.br\/site\/wp-json\/wp\/v2\/categories?post=7824"},{"taxonomy":"post_tag","embeddable":true,"href":"https:\/\/cnr.org.br\/site\/wp-json\/wp\/v2\/tags?post=7824"}],"curies":[{"name":"wp","href":"https:\/\/api.w.org\/{rel}","templated":true}]}}