{"id":7829,"date":"2018-07-25T14:40:36","date_gmt":"2018-07-25T17:40:36","guid":{"rendered":"https:\/\/cnr.org.br\/site\/?p=7829"},"modified":"2018-07-25T14:40:36","modified_gmt":"2018-07-25T17:40:36","slug":"novo-periodo-para-saque-do-abono-salarial-2016-comeca-dia-26-de-julho","status":"publish","type":"post","link":"https:\/\/cnr.org.br\/site\/novo-periodo-para-saque-do-abono-salarial-2016-comeca-dia-26-de-julho\/","title":{"rendered":"Novo per\u00edodo para saque do abono salarial 2016 come\u00e7a dia 26 de julho"},"content":{"rendered":"<div id=\"dslc-theme-content\"><div id=\"dslc-theme-content-inner\"><p>\t\t\t\tO prazo para o pagamento do abono salarial ano-base 2016 foi prorrogado e os trabalhadores poder\u00e3o sacar o benef\u00edcio a partir desta quinta-feira (26). O dinheiro ficar\u00e1 dispon\u00edvel at\u00e9 30 de dezembro. Quase 2 milh\u00f5es de trabalhadores n\u00e3o retiraram os recursos, o que corresponde a 7,97% do total de pessoas com direito ao benef\u00edcio. O valor ainda dispon\u00edvel chega a R$ 1,44 bilh\u00e3o.<\/p>\n<p>O pagamento do abono do PIS\/Pasep come\u00e7ou em 27 de julho de 2017 e terminou no \u00faltimo dia 29 de junho, mas foi aberto um novo per\u00edodo pelo Conselho Deliberativo do Fundo de Amparo ao Trabalhador (Codefat). Este \u00e9 o terceiro ano consecutivo em que ocorre prorroga\u00e7\u00e3o. No ano passado, essa mesma medida foi tomada.<\/p>\n<p>Os empregados da iniciativa privada, vinculados ao Programa de Integra\u00e7\u00e3o Social (PIS), sacam o dinheiro nas ag\u00eancias da Caixa Econ\u00f4mica Federal. Para saber se tem algo a receber, a consulta pode ser feita pessoalmente, pela internet ou no telefone 0800-726-0207.<\/p>\n<p>Para os funcion\u00e1rios p\u00fablicos vinculados ao Programa de Forma\u00e7\u00e3o do Patrim\u00f4nio do Servidor P\u00fablico (Pasep), a refer\u00eancia \u00e9 o Banco do Brasil, que tamb\u00e9m fornece informa\u00e7\u00f5es pessoalmente, pela internet e pelo telefone 0800-729-0001.<\/p>\n<p>Tem direito ao abono salarial quem trabalhou formalmente por pelo menos um m\u00eas em 2016 com remunera\u00e7\u00e3o m\u00e9dia de at\u00e9 dois sal\u00e1rios m\u00ednimos. O valor que cada trabalhador tem para sacar depende de quanto tempo ele trabalhou. Quem trabalhou o ano todo recebe o valor cheio, que equivale a um sal\u00e1rio m\u00ednimo (R$ 954). Quem trabalhou por apenas 30 dias recebe o valor m\u00ednimo, que \u00e9 R$ 80.<\/p>\n<p>Al\u00e9m do tempo de servi\u00e7o, para ter direito ao abono de 2016, o trabalhador deveria estar inscrito no PIS\/Pasep h\u00e1 pelo menos cinco anos e ter tido seus dados informados corretamente pelo empregador na Rela\u00e7\u00e3o Anual de Informa\u00e7\u00f5es Sociais (Rais).<\/p>\n<p>O abono salarial do PIS\/Pasep \u00e9 um benef\u00edcio pago anualmente com recursos provenientes do Fundo de Amparo ao Trabalhador (FAT), abastecido por dep\u00f3sito feitos pelos empregadores do pa\u00eds. Al\u00e9m do abono salarial, o FAT custeia o programa de Seguro-Desemprego e financia programas de desenvolvimento econ\u00f4mico. Os recursos do abono que n\u00e3o s\u00e3o sacados pelos trabalhadores no calend\u00e1rio estabelecido todos os anos retornam para o FAT, para serem usados nos demais programas.<\/p>\n<h2>Abono salarial 2017<\/h2>\n<p>Vale lembrar que o pagamento do benef\u00edcio referente ao ano-base 2017 tamb\u00e9m come\u00e7a na pr\u00f3xima quinta-feira. A estimativa \u00e9 que sejam destinados R$ 18,1 bilh\u00f5es a 23,5 milh\u00f5es de trabalhadores.<\/p>\n<p>Conforme o\u00a0<a href=\"http:\/\/trabalho.gov.br\/component\/content\/article?id=6184\" target=\"_blank\" rel=\"noopener\">calend\u00e1rio de pagamento<\/a>, quem nasceu de julho a dezembro, recebe o benef\u00edcio ainda este ano. J\u00e1 os nascidos entre janeiro e junho, ter\u00e3o o recurso dispon\u00edvel para saque em 2019. Em qualquer situa\u00e7\u00e3o, o dinheiro ficar\u00e1 \u00e0 disposi\u00e7\u00e3o do trabalhador at\u00e9 28 de junho de 2019, prazo final para o recebimento.<\/p>\n<p><strong>Fonte:<\/strong>\u00a0Ag\u00eancia Brasil\t\t<\/p>\n<\/div><\/div>","protected":false},"excerpt":{"rendered":"<p>O prazo para o pagamento do abono salarial ano-base 2016 foi prorrogado e os trabalhadores poder\u00e3o sacar o benef\u00edcio a partir desta quinta-feira (26). O dinheiro ficar\u00e1 dispon\u00edvel at\u00e9 30 de dezembro. Quase 2 milh\u00f5es de trabalhadores n\u00e3o retiraram os recursos, o que corresponde a 7,97% do total de pessoas com direito ao benef\u00edcio. O [&hellip;]<\/p>\n","protected":false},"author":2,"featured_media":7830,"comment_status":"open","ping_status":"open","sticky":false,"template":"","format":"standard","meta":{"footnotes":"","_links_to":"","_links_to_target":""},"categories":[55,47],"tags":[],"class_list":["post-7829","post","type-post","status-publish","format-standard","has-post-thumbnail","hentry","category-noticia","category-ultimas-noticias"],"yoast_head":"<!-- This site is optimized with the Yoast SEO plugin v28.4 - https:\/\/yoast.com\/product\/yoast-seo-wordpress\/ -->\n<title>Novo per\u00edodo para saque do abono salarial 2016 come\u00e7a dia 26 de julho - CNR<\/title>\n<meta name=\"robots\" content=\"index, follow, max-snippet:-1, max-image-preview:large, max-video-preview:-1\" \/>\n<link rel=\"canonical\" href=\"https:\/\/cnr.org.br\/novoportal\/novo-periodo-para-saque-do-abono-salarial-2016-comeca-dia-26-de-julho\/\" \/>\n<meta property=\"og:locale\" content=\"pt_BR\" \/>\n<meta property=\"og:type\" content=\"article\" \/>\n<meta property=\"og:title\" content=\"Novo per\u00edodo para saque do abono salarial 2016 come\u00e7a dia 26 de julho - CNR\" \/>\n<meta property=\"og:description\" content=\"O prazo para o pagamento do abono salarial ano-base 2016 foi prorrogado e os trabalhadores poder\u00e3o sacar o benef\u00edcio a partir desta quinta-feira (26). O dinheiro ficar\u00e1 dispon\u00edvel at\u00e9 30 de dezembro. Quase 2 milh\u00f5es de trabalhadores n\u00e3o retiraram os recursos, o que corresponde a 7,97% do total de pessoas com direito ao benef\u00edcio. O [&hellip;]\" \/>\n<meta property=\"og:url\" content=\"https:\/\/cnr.org.br\/novoportal\/novo-periodo-para-saque-do-abono-salarial-2016-comeca-dia-26-de-julho\/\" \/>\n<meta property=\"og:site_name\" content=\"CNR\" \/>\n<meta property=\"article:published_time\" content=\"2018-07-25T17:40:36+00:00\" \/>\n<meta property=\"og:image\" content=\"https:\/\/cnr.org.br\/novoportal\/wp-content\/uploads\/2018\/07\/money-2180330_1920.jpg\" \/>\n\t<meta property=\"og:image:width\" content=\"1920\" \/>\n\t<meta property=\"og:image:height\" content=\"1280\" \/>\n\t<meta property=\"og:image:type\" content=\"image\/jpeg\" \/>\n<meta name=\"author\" content=\"Imprensa CNR\" \/>\n<meta name=\"twitter:card\" content=\"summary_large_image\" \/>\n<meta name=\"twitter:label1\" content=\"Escrito por\" \/>\n\t<meta name=\"twitter:data1\" content=\"Imprensa CNR\" \/>\n\t<meta name=\"twitter:label2\" content=\"Est. tempo de leitura\" \/>\n\t<meta name=\"twitter:data2\" content=\"2 minutos\" \/>\n<script type=\"application\/ld+json\" class=\"yoast-schema-graph\">{\"@context\":\"https:\\\/\\\/schema.org\",\"@graph\":[{\"@type\":\"Article\",\"@id\":\"https:\\\/\\\/cnr.org.br\\\/novoportal\\\/novo-periodo-para-saque-do-abono-salarial-2016-comeca-dia-26-de-julho\\\/#article\",\"isPartOf\":{\"@id\":\"https:\\\/\\\/cnr.org.br\\\/novoportal\\\/novo-periodo-para-saque-do-abono-salarial-2016-comeca-dia-26-de-julho\\\/\"},\"author\":{\"name\":\"Imprensa CNR\",\"@id\":\"https:\\\/\\\/cnr.org.br\\\/novoportal\\\/#\\\/schema\\\/person\\\/1f46209cd8c9d3d9887a0765b64ca66b\"},\"headline\":\"Novo per\u00edodo para saque do abono salarial 2016 come\u00e7a dia 26 de julho\",\"datePublished\":\"2018-07-25T17:40:36+00:00\",\"mainEntityOfPage\":{\"@id\":\"https:\\\/\\\/cnr.org.br\\\/novoportal\\\/novo-periodo-para-saque-do-abono-salarial-2016-comeca-dia-26-de-julho\\\/\"},\"wordCount\":505,\"commentCount\":0,\"publisher\":{\"@id\":\"https:\\\/\\\/cnr.org.br\\\/novoportal\\\/#organization\"},\"image\":{\"@id\":\"https:\\\/\\\/cnr.org.br\\\/novoportal\\\/novo-periodo-para-saque-do-abono-salarial-2016-comeca-dia-26-de-julho\\\/#primaryimage\"},\"thumbnailUrl\":\"https:\\\/\\\/cnr.org.br\\\/site\\\/wp-content\\\/uploads\\\/2018\\\/07\\\/money-2180330_1920.jpg\",\"articleSection\":[\"Not\u00edcia\",\"\u00daltimas Not\u00edcias\"],\"inLanguage\":\"pt-BR\"},{\"@type\":\"WebPage\",\"@id\":\"https:\\\/\\\/cnr.org.br\\\/novoportal\\\/novo-periodo-para-saque-do-abono-salarial-2016-comeca-dia-26-de-julho\\\/\",\"url\":\"https:\\\/\\\/cnr.org.br\\\/novoportal\\\/novo-periodo-para-saque-do-abono-salarial-2016-comeca-dia-26-de-julho\\\/\",\"name\":\"Novo per\u00edodo para saque do abono salarial 2016 come\u00e7a dia 26 de julho - CNR\",\"isPartOf\":{\"@id\":\"https:\\\/\\\/cnr.org.br\\\/novoportal\\\/#website\"},\"primaryImageOfPage\":{\"@id\":\"https:\\\/\\\/cnr.org.br\\\/novoportal\\\/novo-periodo-para-saque-do-abono-salarial-2016-comeca-dia-26-de-julho\\\/#primaryimage\"},\"image\":{\"@id\":\"https:\\\/\\\/cnr.org.br\\\/novoportal\\\/novo-periodo-para-saque-do-abono-salarial-2016-comeca-dia-26-de-julho\\\/#primaryimage\"},\"thumbnailUrl\":\"https:\\\/\\\/cnr.org.br\\\/site\\\/wp-content\\\/uploads\\\/2018\\\/07\\\/money-2180330_1920.jpg\",\"datePublished\":\"2018-07-25T17:40:36+00:00\",\"breadcrumb\":{\"@id\":\"https:\\\/\\\/cnr.org.br\\\/novoportal\\\/novo-periodo-para-saque-do-abono-salarial-2016-comeca-dia-26-de-julho\\\/#breadcrumb\"},\"inLanguage\":\"pt-BR\",\"potentialAction\":[{\"@type\":\"ReadAction\",\"target\":[\"https:\\\/\\\/cnr.org.br\\\/novoportal\\\/novo-periodo-para-saque-do-abono-salarial-2016-comeca-dia-26-de-julho\\\/\"]}]},{\"@type\":\"ImageObject\",\"inLanguage\":\"pt-BR\",\"@id\":\"https:\\\/\\\/cnr.org.br\\\/novoportal\\\/novo-periodo-para-saque-do-abono-salarial-2016-comeca-dia-26-de-julho\\\/#primaryimage\",\"url\":\"https:\\\/\\\/cnr.org.br\\\/site\\\/wp-content\\\/uploads\\\/2018\\\/07\\\/money-2180330_1920.jpg\",\"contentUrl\":\"https:\\\/\\\/cnr.org.br\\\/site\\\/wp-content\\\/uploads\\\/2018\\\/07\\\/money-2180330_1920.jpg\",\"width\":1920,\"height\":1280},{\"@type\":\"BreadcrumbList\",\"@id\":\"https:\\\/\\\/cnr.org.br\\\/novoportal\\\/novo-periodo-para-saque-do-abono-salarial-2016-comeca-dia-26-de-julho\\\/#breadcrumb\",\"itemListElement\":[{\"@type\":\"ListItem\",\"position\":1,\"name\":\"In\u00edcio\",\"item\":\"https:\\\/\\\/cnr.org.br\\\/site\\\/\"},{\"@type\":\"ListItem\",\"position\":2,\"name\":\"Novo per\u00edodo para saque do abono salarial 2016 come\u00e7a dia 26 de julho\"}]},{\"@type\":\"WebSite\",\"@id\":\"https:\\\/\\\/cnr.org.br\\\/novoportal\\\/#website\",\"url\":\"https:\\\/\\\/cnr.org.br\\\/novoportal\\\/\",\"name\":\"CNR\",\"description\":\"Confedera\u00e7\u00e3o Nacional de Not\u00e1rios e Registradores\",\"publisher\":{\"@id\":\"https:\\\/\\\/cnr.org.br\\\/novoportal\\\/#organization\"},\"potentialAction\":[{\"@type\":\"SearchAction\",\"target\":{\"@type\":\"EntryPoint\",\"urlTemplate\":\"https:\\\/\\\/cnr.org.br\\\/novoportal\\\/?s={search_term_string}\"},\"query-input\":{\"@type\":\"PropertyValueSpecification\",\"valueRequired\":true,\"valueName\":\"search_term_string\"}}],\"inLanguage\":\"pt-BR\"},{\"@type\":\"Organization\",\"@id\":\"https:\\\/\\\/cnr.org.br\\\/novoportal\\\/#organization\",\"name\":\"CNR\",\"url\":\"https:\\\/\\\/cnr.org.br\\\/novoportal\\\/\",\"logo\":{\"@type\":\"ImageObject\",\"inLanguage\":\"pt-BR\",\"@id\":\"https:\\\/\\\/cnr.org.br\\\/novoportal\\\/#\\\/schema\\\/logo\\\/image\\\/\",\"url\":\"https:\\\/\\\/cnr.org.br\\\/site\\\/wp-content\\\/uploads\\\/2026\\\/02\\\/Logo_CNR_completa_colorida_2024.png\",\"contentUrl\":\"https:\\\/\\\/cnr.org.br\\\/site\\\/wp-content\\\/uploads\\\/2026\\\/02\\\/Logo_CNR_completa_colorida_2024.png\",\"width\":910,\"height\":450,\"caption\":\"CNR\"},\"image\":{\"@id\":\"https:\\\/\\\/cnr.org.br\\\/novoportal\\\/#\\\/schema\\\/logo\\\/image\\\/\"}},{\"@type\":\"Person\",\"@id\":\"https:\\\/\\\/cnr.org.br\\\/novoportal\\\/#\\\/schema\\\/person\\\/1f46209cd8c9d3d9887a0765b64ca66b\",\"name\":\"Imprensa CNR\",\"sameAs\":[\"https:\\\/\\\/cnr.org.br\\\/site\"],\"url\":\"https:\\\/\\\/cnr.org.br\\\/site\\\/author\\\/imprensa\\\/\"}]}<\/script>\n<!-- \/ Yoast SEO plugin. -->","yoast_head_json":{"title":"Novo per\u00edodo para saque do abono salarial 2016 come\u00e7a dia 26 de julho - CNR","robots":{"index":"index","follow":"follow","max-snippet":"max-snippet:-1","max-image-preview":"max-image-preview:large","max-video-preview":"max-video-preview:-1"},"canonical":"https:\/\/cnr.org.br\/novoportal\/novo-periodo-para-saque-do-abono-salarial-2016-comeca-dia-26-de-julho\/","og_locale":"pt_BR","og_type":"article","og_title":"Novo per\u00edodo para saque do abono salarial 2016 come\u00e7a dia 26 de julho - CNR","og_description":"O prazo para o pagamento do abono salarial ano-base 2016 foi prorrogado e os trabalhadores poder\u00e3o sacar o benef\u00edcio a partir desta quinta-feira (26). O dinheiro ficar\u00e1 dispon\u00edvel at\u00e9 30 de dezembro. Quase 2 milh\u00f5es de trabalhadores n\u00e3o retiraram os recursos, o que corresponde a 7,97% do total de pessoas com direito ao benef\u00edcio. O [&hellip;]","og_url":"https:\/\/cnr.org.br\/novoportal\/novo-periodo-para-saque-do-abono-salarial-2016-comeca-dia-26-de-julho\/","og_site_name":"CNR","article_published_time":"2018-07-25T17:40:36+00:00","og_image":[{"width":1920,"height":1280,"url":"https:\/\/cnr.org.br\/novoportal\/wp-content\/uploads\/2018\/07\/money-2180330_1920.jpg","type":"image\/jpeg"}],"author":"Imprensa CNR","twitter_card":"summary_large_image","twitter_misc":{"Escrito por":"Imprensa CNR","Est. tempo de leitura":"2 minutos"},"schema":{"@context":"https:\/\/schema.org","@graph":[{"@type":"Article","@id":"https:\/\/cnr.org.br\/novoportal\/novo-periodo-para-saque-do-abono-salarial-2016-comeca-dia-26-de-julho\/#article","isPartOf":{"@id":"https:\/\/cnr.org.br\/novoportal\/novo-periodo-para-saque-do-abono-salarial-2016-comeca-dia-26-de-julho\/"},"author":{"name":"Imprensa CNR","@id":"https:\/\/cnr.org.br\/novoportal\/#\/schema\/person\/1f46209cd8c9d3d9887a0765b64ca66b"},"headline":"Novo per\u00edodo para saque do abono salarial 2016 come\u00e7a dia 26 de julho","datePublished":"2018-07-25T17:40:36+00:00","mainEntityOfPage":{"@id":"https:\/\/cnr.org.br\/novoportal\/novo-periodo-para-saque-do-abono-salarial-2016-comeca-dia-26-de-julho\/"},"wordCount":505,"commentCount":0,"publisher":{"@id":"https:\/\/cnr.org.br\/novoportal\/#organization"},"image":{"@id":"https:\/\/cnr.org.br\/novoportal\/novo-periodo-para-saque-do-abono-salarial-2016-comeca-dia-26-de-julho\/#primaryimage"},"thumbnailUrl":"https:\/\/cnr.org.br\/site\/wp-content\/uploads\/2018\/07\/money-2180330_1920.jpg","articleSection":["Not\u00edcia","\u00daltimas Not\u00edcias"],"inLanguage":"pt-BR"},{"@type":"WebPage","@id":"https:\/\/cnr.org.br\/novoportal\/novo-periodo-para-saque-do-abono-salarial-2016-comeca-dia-26-de-julho\/","url":"https:\/\/cnr.org.br\/novoportal\/novo-periodo-para-saque-do-abono-salarial-2016-comeca-dia-26-de-julho\/","name":"Novo per\u00edodo para saque do abono salarial 2016 come\u00e7a dia 26 de julho - CNR","isPartOf":{"@id":"https:\/\/cnr.org.br\/novoportal\/#website"},"primaryImageOfPage":{"@id":"https:\/\/cnr.org.br\/novoportal\/novo-periodo-para-saque-do-abono-salarial-2016-comeca-dia-26-de-julho\/#primaryimage"},"image":{"@id":"https:\/\/cnr.org.br\/novoportal\/novo-periodo-para-saque-do-abono-salarial-2016-comeca-dia-26-de-julho\/#primaryimage"},"thumbnailUrl":"https:\/\/cnr.org.br\/site\/wp-content\/uploads\/2018\/07\/money-2180330_1920.jpg","datePublished":"2018-07-25T17:40:36+00:00","breadcrumb":{"@id":"https:\/\/cnr.org.br\/novoportal\/novo-periodo-para-saque-do-abono-salarial-2016-comeca-dia-26-de-julho\/#breadcrumb"},"inLanguage":"pt-BR","potentialAction":[{"@type":"ReadAction","target":["https:\/\/cnr.org.br\/novoportal\/novo-periodo-para-saque-do-abono-salarial-2016-comeca-dia-26-de-julho\/"]}]},{"@type":"ImageObject","inLanguage":"pt-BR","@id":"https:\/\/cnr.org.br\/novoportal\/novo-periodo-para-saque-do-abono-salarial-2016-comeca-dia-26-de-julho\/#primaryimage","url":"https:\/\/cnr.org.br\/site\/wp-content\/uploads\/2018\/07\/money-2180330_1920.jpg","contentUrl":"https:\/\/cnr.org.br\/site\/wp-content\/uploads\/2018\/07\/money-2180330_1920.jpg","width":1920,"height":1280},{"@type":"BreadcrumbList","@id":"https:\/\/cnr.org.br\/novoportal\/novo-periodo-para-saque-do-abono-salarial-2016-comeca-dia-26-de-julho\/#breadcrumb","itemListElement":[{"@type":"ListItem","position":1,"name":"In\u00edcio","item":"https:\/\/cnr.org.br\/site\/"},{"@type":"ListItem","position":2,"name":"Novo per\u00edodo para saque do abono salarial 2016 come\u00e7a dia 26 de julho"}]},{"@type":"WebSite","@id":"https:\/\/cnr.org.br\/novoportal\/#website","url":"https:\/\/cnr.org.br\/novoportal\/","name":"CNR","description":"Confedera\u00e7\u00e3o Nacional de Not\u00e1rios e Registradores","publisher":{"@id":"https:\/\/cnr.org.br\/novoportal\/#organization"},"potentialAction":[{"@type":"SearchAction","target":{"@type":"EntryPoint","urlTemplate":"https:\/\/cnr.org.br\/novoportal\/?s={search_term_string}"},"query-input":{"@type":"PropertyValueSpecification","valueRequired":true,"valueName":"search_term_string"}}],"inLanguage":"pt-BR"},{"@type":"Organization","@id":"https:\/\/cnr.org.br\/novoportal\/#organization","name":"CNR","url":"https:\/\/cnr.org.br\/novoportal\/","logo":{"@type":"ImageObject","inLanguage":"pt-BR","@id":"https:\/\/cnr.org.br\/novoportal\/#\/schema\/logo\/image\/","url":"https:\/\/cnr.org.br\/site\/wp-content\/uploads\/2026\/02\/Logo_CNR_completa_colorida_2024.png","contentUrl":"https:\/\/cnr.org.br\/site\/wp-content\/uploads\/2026\/02\/Logo_CNR_completa_colorida_2024.png","width":910,"height":450,"caption":"CNR"},"image":{"@id":"https:\/\/cnr.org.br\/novoportal\/#\/schema\/logo\/image\/"}},{"@type":"Person","@id":"https:\/\/cnr.org.br\/novoportal\/#\/schema\/person\/1f46209cd8c9d3d9887a0765b64ca66b","name":"Imprensa CNR","sameAs":["https:\/\/cnr.org.br\/site"],"url":"https:\/\/cnr.org.br\/site\/author\/imprensa\/"}]}},"_links":{"self":[{"href":"https:\/\/cnr.org.br\/site\/wp-json\/wp\/v2\/posts\/7829","targetHints":{"allow":["GET"]}}],"collection":[{"href":"https:\/\/cnr.org.br\/site\/wp-json\/wp\/v2\/posts"}],"about":[{"href":"https:\/\/cnr.org.br\/site\/wp-json\/wp\/v2\/types\/post"}],"author":[{"embeddable":true,"href":"https:\/\/cnr.org.br\/site\/wp-json\/wp\/v2\/users\/2"}],"replies":[{"embeddable":true,"href":"https:\/\/cnr.org.br\/site\/wp-json\/wp\/v2\/comments?post=7829"}],"version-history":[{"count":0,"href":"https:\/\/cnr.org.br\/site\/wp-json\/wp\/v2\/posts\/7829\/revisions"}],"wp:featuredmedia":[{"embeddable":true,"href":"https:\/\/cnr.org.br\/site\/wp-json\/wp\/v2\/media\/7830"}],"wp:attachment":[{"href":"https:\/\/cnr.org.br\/site\/wp-json\/wp\/v2\/media?parent=7829"}],"wp:term":[{"taxonomy":"category","embeddable":true,"href":"https:\/\/cnr.org.br\/site\/wp-json\/wp\/v2\/categories?post=7829"},{"taxonomy":"post_tag","embeddable":true,"href":"https:\/\/cnr.org.br\/site\/wp-json\/wp\/v2\/tags?post=7829"}],"curies":[{"name":"wp","href":"https:\/\/api.w.org\/{rel}","templated":true}]}}