{"id":8087,"date":"2018-08-14T16:38:07","date_gmt":"2018-08-14T19:38:07","guid":{"rendered":"https:\/\/cnr.org.br\/site\/?p=8087"},"modified":"2018-08-14T16:38:07","modified_gmt":"2018-08-14T19:38:07","slug":"temer-tem-ate-hoje-para-sancionar-lei-de-protecao-de-dados","status":"publish","type":"post","link":"https:\/\/cnr.org.br\/site\/temer-tem-ate-hoje-para-sancionar-lei-de-protecao-de-dados\/","title":{"rendered":"Temer tem at\u00e9 hoje para sancionar lei de prote\u00e7\u00e3o de dados"},"content":{"rendered":"<div id=\"dslc-theme-content\"><div id=\"dslc-theme-content-inner\"><p>\t\t\t\t<em>Vers\u00e3o brasileira da lei europeia ficou famosa por tra\u00e7ar diretrizes sobre como empresas utilizam os dados digitais de seus clientes e usu\u00e1rios<\/em><\/p>\n<p>O presidente Michel Temer tem at\u00e9 o final desta ter\u00e7a-feira para aprovar a Legisla\u00e7\u00e3o Geral de Prote\u00e7\u00e3o de Dados (LGPD), nossa vers\u00e3o brasileira da lei europeia GDPR, que ficou famosa por tra\u00e7ar diretrizes sobre como empresas utilizam os dados digitais de seus clientes e usu\u00e1rios. O texto foi aprovado no dia 10 de julho pelo Senado e est\u00e1 desde ent\u00e3o aguardando a chancela de Temer. O debate sobre o assunto data de 2010 e j\u00e1 passou por duas consultas p\u00fablicas, dois projetos de lei distintos (que foram unificados), antes de ser influenciado pela legisla\u00e7\u00e3o europeia.<\/p>\n<p><strong>\u00c0s Sete \u2013 um guia r\u00e1pido para come\u00e7ar seu dia<\/strong><\/p>\n<p>Advogados e executivos de empresas de tecnologia consultados por EXAME afirmam que a lei deve receber vetos. Um dos pontos pol\u00eamicos \u00e9 a cria\u00e7\u00e3o de um \u00f3rg\u00e3o regulador, a Autoridade Nacional de Prote\u00e7\u00e3o de Dados, uma autarquia respons\u00e1vel pela fiscaliza\u00e7\u00e3o do estabelecido na lei. O problema: a cria\u00e7\u00e3o dessa entidade resultaria em um novo adendo or\u00e7ament\u00e1rio para o governo, que j\u00e1 tem o bolso bastante curto com os gastos vigentes.<\/p>\n<p>Acredita-se que Temer deve optar por uma de duas vias: vetar a cria\u00e7\u00e3o do \u00f3rg\u00e3o, podendo cri\u00e1-lo posteriormente mediante medida provis\u00f3ria, ou deixar esse imbr\u00f3glio para quem sair vencedor das elei\u00e7\u00f5es de outubro. A aprova\u00e7\u00e3o integral da legisla\u00e7\u00e3o \u00e9 uma hip\u00f3tese menos prov\u00e1vel.<\/p>\n<p>Especialistas temem que junto do veto \u00e0 autoridade regulat\u00f3ria haja algum tipo de mudan\u00e7a nas perspectivas de multas, o que poderia tornar a lei branda demais. Alguns advogados acreditam que o \u00f3rg\u00e3o regulador pode ser uma autoridade interministerial, como o que acontece hoje com o Comit\u00ea Gestor da Internet.<\/p>\n<p>Na pr\u00e1tica, a lei garantir\u00e1 ao cidad\u00e3o que seja poss\u00edvel solicitar \u00e0s empresas p\u00fablicas e privadas informa\u00e7\u00f5es sobre quando, como e por que seus dados s\u00e3o coletados, armazenados e compartilhados. H\u00e1 tamb\u00e9m garantias quanto \u00e0 revoga\u00e7\u00e3o e portabilidade dos dados. Para as empresas, o benef\u00edcio se transcreve em seguran\u00e7a jur\u00eddica, j\u00e1 que a lei geral unificaria as atuais normas de uso e armazenamento de dados. O por\u00e9m, segundo executivos, est\u00e1 no custo de adapta\u00e7\u00e3o, no entendimento claro das novas regras e no tempo de um ano e meio, considerado pouco, que a lei garante para assimila\u00e7\u00e3o e converg\u00eancia das empresas.<\/p>\n<p>Fonte: Exame\t\t<\/p>\n<\/div><\/div>","protected":false},"excerpt":{"rendered":"<p>Vers\u00e3o brasileira da lei europeia ficou famosa por tra\u00e7ar diretrizes sobre como empresas utilizam os dados digitais de seus clientes e usu\u00e1rios O presidente Michel Temer tem at\u00e9 o final desta ter\u00e7a-feira para aprovar a Legisla\u00e7\u00e3o Geral de Prote\u00e7\u00e3o de Dados (LGPD), nossa vers\u00e3o brasileira da lei europeia GDPR, que ficou famosa por tra\u00e7ar diretrizes [&hellip;]<\/p>\n","protected":false},"author":2,"featured_media":8088,"comment_status":"open","ping_status":"open","sticky":false,"template":"","format":"standard","meta":{"footnotes":"","_links_to":"","_links_to_target":""},"categories":[55,47],"tags":[],"class_list":["post-8087","post","type-post","status-publish","format-standard","has-post-thumbnail","hentry","category-noticia","category-ultimas-noticias"],"yoast_head":"<!-- This site is optimized with the Yoast SEO plugin v28.4 - https:\/\/yoast.com\/product\/yoast-seo-wordpress\/ -->\n<title>Temer tem at\u00e9 hoje para sancionar lei de prote\u00e7\u00e3o de dados - CNR<\/title>\n<meta name=\"robots\" content=\"index, follow, max-snippet:-1, max-image-preview:large, max-video-preview:-1\" \/>\n<link rel=\"canonical\" href=\"https:\/\/cnr.org.br\/novoportal\/temer-tem-ate-hoje-para-sancionar-lei-de-protecao-de-dados\/\" \/>\n<meta property=\"og:locale\" content=\"pt_BR\" \/>\n<meta property=\"og:type\" content=\"article\" \/>\n<meta property=\"og:title\" content=\"Temer tem at\u00e9 hoje para sancionar lei de prote\u00e7\u00e3o de dados - CNR\" \/>\n<meta property=\"og:description\" content=\"Vers\u00e3o brasileira da lei europeia ficou famosa por tra\u00e7ar diretrizes sobre como empresas utilizam os dados digitais de seus clientes e usu\u00e1rios O presidente Michel Temer tem at\u00e9 o final desta ter\u00e7a-feira para aprovar a Legisla\u00e7\u00e3o Geral de Prote\u00e7\u00e3o de Dados (LGPD), nossa vers\u00e3o brasileira da lei europeia GDPR, que ficou famosa por tra\u00e7ar diretrizes [&hellip;]\" \/>\n<meta property=\"og:url\" content=\"https:\/\/cnr.org.br\/novoportal\/temer-tem-ate-hoje-para-sancionar-lei-de-protecao-de-dados\/\" \/>\n<meta property=\"og:site_name\" content=\"CNR\" \/>\n<meta property=\"article:published_time\" content=\"2018-08-14T19:38:07+00:00\" \/>\n<meta property=\"og:image\" content=\"https:\/\/cnr.org.br\/novoportal\/wp-content\/uploads\/2018\/08\/ping-fri-4.jpg\" \/>\n\t<meta property=\"og:image:width\" content=\"680\" \/>\n\t<meta property=\"og:image:height\" content=\"453\" \/>\n\t<meta property=\"og:image:type\" content=\"image\/jpeg\" \/>\n<meta name=\"author\" content=\"Imprensa CNR\" \/>\n<meta name=\"twitter:card\" content=\"summary_large_image\" \/>\n<meta name=\"twitter:label1\" content=\"Escrito por\" \/>\n\t<meta name=\"twitter:data1\" content=\"Imprensa CNR\" \/>\n\t<meta name=\"twitter:label2\" content=\"Est. tempo de leitura\" \/>\n\t<meta name=\"twitter:data2\" content=\"2 minutos\" \/>\n<script type=\"application\/ld+json\" class=\"yoast-schema-graph\">{\"@context\":\"https:\\\/\\\/schema.org\",\"@graph\":[{\"@type\":\"Article\",\"@id\":\"https:\\\/\\\/cnr.org.br\\\/novoportal\\\/temer-tem-ate-hoje-para-sancionar-lei-de-protecao-de-dados\\\/#article\",\"isPartOf\":{\"@id\":\"https:\\\/\\\/cnr.org.br\\\/novoportal\\\/temer-tem-ate-hoje-para-sancionar-lei-de-protecao-de-dados\\\/\"},\"author\":{\"name\":\"Imprensa CNR\",\"@id\":\"https:\\\/\\\/cnr.org.br\\\/novoportal\\\/#\\\/schema\\\/person\\\/1f46209cd8c9d3d9887a0765b64ca66b\"},\"headline\":\"Temer tem at\u00e9 hoje para sancionar lei de prote\u00e7\u00e3o de dados\",\"datePublished\":\"2018-08-14T19:38:07+00:00\",\"mainEntityOfPage\":{\"@id\":\"https:\\\/\\\/cnr.org.br\\\/novoportal\\\/temer-tem-ate-hoje-para-sancionar-lei-de-protecao-de-dados\\\/\"},\"wordCount\":447,\"commentCount\":0,\"publisher\":{\"@id\":\"https:\\\/\\\/cnr.org.br\\\/novoportal\\\/#organization\"},\"image\":{\"@id\":\"https:\\\/\\\/cnr.org.br\\\/novoportal\\\/temer-tem-ate-hoje-para-sancionar-lei-de-protecao-de-dados\\\/#primaryimage\"},\"thumbnailUrl\":\"https:\\\/\\\/cnr.org.br\\\/site\\\/wp-content\\\/uploads\\\/2018\\\/08\\\/ping-fri-4.jpg\",\"articleSection\":[\"Not\u00edcia\",\"\u00daltimas Not\u00edcias\"],\"inLanguage\":\"pt-BR\"},{\"@type\":\"WebPage\",\"@id\":\"https:\\\/\\\/cnr.org.br\\\/novoportal\\\/temer-tem-ate-hoje-para-sancionar-lei-de-protecao-de-dados\\\/\",\"url\":\"https:\\\/\\\/cnr.org.br\\\/novoportal\\\/temer-tem-ate-hoje-para-sancionar-lei-de-protecao-de-dados\\\/\",\"name\":\"Temer tem at\u00e9 hoje para sancionar lei de prote\u00e7\u00e3o de dados - CNR\",\"isPartOf\":{\"@id\":\"https:\\\/\\\/cnr.org.br\\\/novoportal\\\/#website\"},\"primaryImageOfPage\":{\"@id\":\"https:\\\/\\\/cnr.org.br\\\/novoportal\\\/temer-tem-ate-hoje-para-sancionar-lei-de-protecao-de-dados\\\/#primaryimage\"},\"image\":{\"@id\":\"https:\\\/\\\/cnr.org.br\\\/novoportal\\\/temer-tem-ate-hoje-para-sancionar-lei-de-protecao-de-dados\\\/#primaryimage\"},\"thumbnailUrl\":\"https:\\\/\\\/cnr.org.br\\\/site\\\/wp-content\\\/uploads\\\/2018\\\/08\\\/ping-fri-4.jpg\",\"datePublished\":\"2018-08-14T19:38:07+00:00\",\"breadcrumb\":{\"@id\":\"https:\\\/\\\/cnr.org.br\\\/novoportal\\\/temer-tem-ate-hoje-para-sancionar-lei-de-protecao-de-dados\\\/#breadcrumb\"},\"inLanguage\":\"pt-BR\",\"potentialAction\":[{\"@type\":\"ReadAction\",\"target\":[\"https:\\\/\\\/cnr.org.br\\\/novoportal\\\/temer-tem-ate-hoje-para-sancionar-lei-de-protecao-de-dados\\\/\"]}]},{\"@type\":\"ImageObject\",\"inLanguage\":\"pt-BR\",\"@id\":\"https:\\\/\\\/cnr.org.br\\\/novoportal\\\/temer-tem-ate-hoje-para-sancionar-lei-de-protecao-de-dados\\\/#primaryimage\",\"url\":\"https:\\\/\\\/cnr.org.br\\\/site\\\/wp-content\\\/uploads\\\/2018\\\/08\\\/ping-fri-4.jpg\",\"contentUrl\":\"https:\\\/\\\/cnr.org.br\\\/site\\\/wp-content\\\/uploads\\\/2018\\\/08\\\/ping-fri-4.jpg\",\"width\":680,\"height\":453,\"caption\":\"Data center no Brasil: lei que baliza manuten\u00e7\u00e3o e armazenamento de dados ser\u00e1 sancionada pelo presidente nesta ter\u00e7a-feira. Foto: Germano L\u00fcders\"},{\"@type\":\"BreadcrumbList\",\"@id\":\"https:\\\/\\\/cnr.org.br\\\/novoportal\\\/temer-tem-ate-hoje-para-sancionar-lei-de-protecao-de-dados\\\/#breadcrumb\",\"itemListElement\":[{\"@type\":\"ListItem\",\"position\":1,\"name\":\"In\u00edcio\",\"item\":\"https:\\\/\\\/cnr.org.br\\\/site\\\/\"},{\"@type\":\"ListItem\",\"position\":2,\"name\":\"Temer tem at\u00e9 hoje para sancionar lei de prote\u00e7\u00e3o de dados\"}]},{\"@type\":\"WebSite\",\"@id\":\"https:\\\/\\\/cnr.org.br\\\/novoportal\\\/#website\",\"url\":\"https:\\\/\\\/cnr.org.br\\\/novoportal\\\/\",\"name\":\"CNR\",\"description\":\"Confedera\u00e7\u00e3o Nacional de Not\u00e1rios e Registradores\",\"publisher\":{\"@id\":\"https:\\\/\\\/cnr.org.br\\\/novoportal\\\/#organization\"},\"potentialAction\":[{\"@type\":\"SearchAction\",\"target\":{\"@type\":\"EntryPoint\",\"urlTemplate\":\"https:\\\/\\\/cnr.org.br\\\/novoportal\\\/?s={search_term_string}\"},\"query-input\":{\"@type\":\"PropertyValueSpecification\",\"valueRequired\":true,\"valueName\":\"search_term_string\"}}],\"inLanguage\":\"pt-BR\"},{\"@type\":\"Organization\",\"@id\":\"https:\\\/\\\/cnr.org.br\\\/novoportal\\\/#organization\",\"name\":\"CNR\",\"url\":\"https:\\\/\\\/cnr.org.br\\\/novoportal\\\/\",\"logo\":{\"@type\":\"ImageObject\",\"inLanguage\":\"pt-BR\",\"@id\":\"https:\\\/\\\/cnr.org.br\\\/novoportal\\\/#\\\/schema\\\/logo\\\/image\\\/\",\"url\":\"https:\\\/\\\/cnr.org.br\\\/site\\\/wp-content\\\/uploads\\\/2026\\\/02\\\/Logo_CNR_completa_colorida_2024.png\",\"contentUrl\":\"https:\\\/\\\/cnr.org.br\\\/site\\\/wp-content\\\/uploads\\\/2026\\\/02\\\/Logo_CNR_completa_colorida_2024.png\",\"width\":910,\"height\":450,\"caption\":\"CNR\"},\"image\":{\"@id\":\"https:\\\/\\\/cnr.org.br\\\/novoportal\\\/#\\\/schema\\\/logo\\\/image\\\/\"}},{\"@type\":\"Person\",\"@id\":\"https:\\\/\\\/cnr.org.br\\\/novoportal\\\/#\\\/schema\\\/person\\\/1f46209cd8c9d3d9887a0765b64ca66b\",\"name\":\"Imprensa CNR\",\"sameAs\":[\"https:\\\/\\\/cnr.org.br\\\/site\"],\"url\":\"https:\\\/\\\/cnr.org.br\\\/site\\\/author\\\/imprensa\\\/\"}]}<\/script>\n<!-- \/ Yoast SEO plugin. -->","yoast_head_json":{"title":"Temer tem at\u00e9 hoje para sancionar lei de prote\u00e7\u00e3o de dados - CNR","robots":{"index":"index","follow":"follow","max-snippet":"max-snippet:-1","max-image-preview":"max-image-preview:large","max-video-preview":"max-video-preview:-1"},"canonical":"https:\/\/cnr.org.br\/novoportal\/temer-tem-ate-hoje-para-sancionar-lei-de-protecao-de-dados\/","og_locale":"pt_BR","og_type":"article","og_title":"Temer tem at\u00e9 hoje para sancionar lei de prote\u00e7\u00e3o de dados - CNR","og_description":"Vers\u00e3o brasileira da lei europeia ficou famosa por tra\u00e7ar diretrizes sobre como empresas utilizam os dados digitais de seus clientes e usu\u00e1rios O presidente Michel Temer tem at\u00e9 o final desta ter\u00e7a-feira para aprovar a Legisla\u00e7\u00e3o Geral de Prote\u00e7\u00e3o de Dados (LGPD), nossa vers\u00e3o brasileira da lei europeia GDPR, que ficou famosa por tra\u00e7ar diretrizes [&hellip;]","og_url":"https:\/\/cnr.org.br\/novoportal\/temer-tem-ate-hoje-para-sancionar-lei-de-protecao-de-dados\/","og_site_name":"CNR","article_published_time":"2018-08-14T19:38:07+00:00","og_image":[{"width":680,"height":453,"url":"https:\/\/cnr.org.br\/novoportal\/wp-content\/uploads\/2018\/08\/ping-fri-4.jpg","type":"image\/jpeg"}],"author":"Imprensa CNR","twitter_card":"summary_large_image","twitter_misc":{"Escrito por":"Imprensa CNR","Est. tempo de leitura":"2 minutos"},"schema":{"@context":"https:\/\/schema.org","@graph":[{"@type":"Article","@id":"https:\/\/cnr.org.br\/novoportal\/temer-tem-ate-hoje-para-sancionar-lei-de-protecao-de-dados\/#article","isPartOf":{"@id":"https:\/\/cnr.org.br\/novoportal\/temer-tem-ate-hoje-para-sancionar-lei-de-protecao-de-dados\/"},"author":{"name":"Imprensa CNR","@id":"https:\/\/cnr.org.br\/novoportal\/#\/schema\/person\/1f46209cd8c9d3d9887a0765b64ca66b"},"headline":"Temer tem at\u00e9 hoje para sancionar lei de prote\u00e7\u00e3o de dados","datePublished":"2018-08-14T19:38:07+00:00","mainEntityOfPage":{"@id":"https:\/\/cnr.org.br\/novoportal\/temer-tem-ate-hoje-para-sancionar-lei-de-protecao-de-dados\/"},"wordCount":447,"commentCount":0,"publisher":{"@id":"https:\/\/cnr.org.br\/novoportal\/#organization"},"image":{"@id":"https:\/\/cnr.org.br\/novoportal\/temer-tem-ate-hoje-para-sancionar-lei-de-protecao-de-dados\/#primaryimage"},"thumbnailUrl":"https:\/\/cnr.org.br\/site\/wp-content\/uploads\/2018\/08\/ping-fri-4.jpg","articleSection":["Not\u00edcia","\u00daltimas Not\u00edcias"],"inLanguage":"pt-BR"},{"@type":"WebPage","@id":"https:\/\/cnr.org.br\/novoportal\/temer-tem-ate-hoje-para-sancionar-lei-de-protecao-de-dados\/","url":"https:\/\/cnr.org.br\/novoportal\/temer-tem-ate-hoje-para-sancionar-lei-de-protecao-de-dados\/","name":"Temer tem at\u00e9 hoje para sancionar lei de prote\u00e7\u00e3o de dados - CNR","isPartOf":{"@id":"https:\/\/cnr.org.br\/novoportal\/#website"},"primaryImageOfPage":{"@id":"https:\/\/cnr.org.br\/novoportal\/temer-tem-ate-hoje-para-sancionar-lei-de-protecao-de-dados\/#primaryimage"},"image":{"@id":"https:\/\/cnr.org.br\/novoportal\/temer-tem-ate-hoje-para-sancionar-lei-de-protecao-de-dados\/#primaryimage"},"thumbnailUrl":"https:\/\/cnr.org.br\/site\/wp-content\/uploads\/2018\/08\/ping-fri-4.jpg","datePublished":"2018-08-14T19:38:07+00:00","breadcrumb":{"@id":"https:\/\/cnr.org.br\/novoportal\/temer-tem-ate-hoje-para-sancionar-lei-de-protecao-de-dados\/#breadcrumb"},"inLanguage":"pt-BR","potentialAction":[{"@type":"ReadAction","target":["https:\/\/cnr.org.br\/novoportal\/temer-tem-ate-hoje-para-sancionar-lei-de-protecao-de-dados\/"]}]},{"@type":"ImageObject","inLanguage":"pt-BR","@id":"https:\/\/cnr.org.br\/novoportal\/temer-tem-ate-hoje-para-sancionar-lei-de-protecao-de-dados\/#primaryimage","url":"https:\/\/cnr.org.br\/site\/wp-content\/uploads\/2018\/08\/ping-fri-4.jpg","contentUrl":"https:\/\/cnr.org.br\/site\/wp-content\/uploads\/2018\/08\/ping-fri-4.jpg","width":680,"height":453,"caption":"Data center no Brasil: lei que baliza manuten\u00e7\u00e3o e armazenamento de dados ser\u00e1 sancionada pelo presidente nesta ter\u00e7a-feira. Foto: Germano L\u00fcders"},{"@type":"BreadcrumbList","@id":"https:\/\/cnr.org.br\/novoportal\/temer-tem-ate-hoje-para-sancionar-lei-de-protecao-de-dados\/#breadcrumb","itemListElement":[{"@type":"ListItem","position":1,"name":"In\u00edcio","item":"https:\/\/cnr.org.br\/site\/"},{"@type":"ListItem","position":2,"name":"Temer tem at\u00e9 hoje para sancionar lei de prote\u00e7\u00e3o de dados"}]},{"@type":"WebSite","@id":"https:\/\/cnr.org.br\/novoportal\/#website","url":"https:\/\/cnr.org.br\/novoportal\/","name":"CNR","description":"Confedera\u00e7\u00e3o Nacional de Not\u00e1rios e Registradores","publisher":{"@id":"https:\/\/cnr.org.br\/novoportal\/#organization"},"potentialAction":[{"@type":"SearchAction","target":{"@type":"EntryPoint","urlTemplate":"https:\/\/cnr.org.br\/novoportal\/?s={search_term_string}"},"query-input":{"@type":"PropertyValueSpecification","valueRequired":true,"valueName":"search_term_string"}}],"inLanguage":"pt-BR"},{"@type":"Organization","@id":"https:\/\/cnr.org.br\/novoportal\/#organization","name":"CNR","url":"https:\/\/cnr.org.br\/novoportal\/","logo":{"@type":"ImageObject","inLanguage":"pt-BR","@id":"https:\/\/cnr.org.br\/novoportal\/#\/schema\/logo\/image\/","url":"https:\/\/cnr.org.br\/site\/wp-content\/uploads\/2026\/02\/Logo_CNR_completa_colorida_2024.png","contentUrl":"https:\/\/cnr.org.br\/site\/wp-content\/uploads\/2026\/02\/Logo_CNR_completa_colorida_2024.png","width":910,"height":450,"caption":"CNR"},"image":{"@id":"https:\/\/cnr.org.br\/novoportal\/#\/schema\/logo\/image\/"}},{"@type":"Person","@id":"https:\/\/cnr.org.br\/novoportal\/#\/schema\/person\/1f46209cd8c9d3d9887a0765b64ca66b","name":"Imprensa CNR","sameAs":["https:\/\/cnr.org.br\/site"],"url":"https:\/\/cnr.org.br\/site\/author\/imprensa\/"}]}},"_links":{"self":[{"href":"https:\/\/cnr.org.br\/site\/wp-json\/wp\/v2\/posts\/8087","targetHints":{"allow":["GET"]}}],"collection":[{"href":"https:\/\/cnr.org.br\/site\/wp-json\/wp\/v2\/posts"}],"about":[{"href":"https:\/\/cnr.org.br\/site\/wp-json\/wp\/v2\/types\/post"}],"author":[{"embeddable":true,"href":"https:\/\/cnr.org.br\/site\/wp-json\/wp\/v2\/users\/2"}],"replies":[{"embeddable":true,"href":"https:\/\/cnr.org.br\/site\/wp-json\/wp\/v2\/comments?post=8087"}],"version-history":[{"count":0,"href":"https:\/\/cnr.org.br\/site\/wp-json\/wp\/v2\/posts\/8087\/revisions"}],"wp:featuredmedia":[{"embeddable":true,"href":"https:\/\/cnr.org.br\/site\/wp-json\/wp\/v2\/media\/8088"}],"wp:attachment":[{"href":"https:\/\/cnr.org.br\/site\/wp-json\/wp\/v2\/media?parent=8087"}],"wp:term":[{"taxonomy":"category","embeddable":true,"href":"https:\/\/cnr.org.br\/site\/wp-json\/wp\/v2\/categories?post=8087"},{"taxonomy":"post_tag","embeddable":true,"href":"https:\/\/cnr.org.br\/site\/wp-json\/wp\/v2\/tags?post=8087"}],"curies":[{"name":"wp","href":"https:\/\/api.w.org\/{rel}","templated":true}]}}