{"id":8093,"date":"2018-08-15T08:30:36","date_gmt":"2018-08-15T11:30:36","guid":{"rendered":"https:\/\/cnr.org.br\/site\/?p=8093"},"modified":"2018-08-15T08:30:36","modified_gmt":"2018-08-15T11:30:36","slug":"recivil-participa-de-reuniao-com-corregedor-geral-para-debater-provimento-73","status":"publish","type":"post","link":"https:\/\/cnr.org.br\/site\/recivil-participa-de-reuniao-com-corregedor-geral-para-debater-provimento-73\/","title":{"rendered":"Recivil participa de reuni\u00e3o com Corregedor-Geral para debater Provimento 73"},"content":{"rendered":"<div id=\"dslc-theme-content\"><div id=\"dslc-theme-content-inner\"><p>\t\t\t\t<em>Interventores do Recivil, ju\u00edzes auxiliares da Corregedoria, membros do Recompe-MG, do Col\u00e9gio Registral, do GENOT e do departamento jur\u00eddico do Sindicato participaram do encontro.<\/em><\/p>\n<p>Os interventores do Recivil, Ant\u00f4nio Maximiano Santos Lima e Jos\u00e9 Augusto Silveira, participaram na tarde de ontem (09.08) de uma reuni\u00e3o com o Corregedor-Geral de Justi\u00e7a de Minas Gerais, desembargador Jos\u00e9 Geraldo Saldanha da Fonseca, com os ju\u00edzes auxiliares da CGJ-MG, Aldina de Carvalho Soares, Jo\u00e3o Luiz Nascimento de Oliveira e Paulo Roberto Maia Alves Ferreira, al\u00e9m do gerente da Ger\u00eancia de Orienta\u00e7\u00e3o e Fiscaliza\u00e7\u00e3o dos Servi\u00e7os Notariais e de Registro (GENOT), Andr\u00e9 Lucio Saldanha, para debater normativas recentes e relevantes para a classe dos registradores civis e que ainda necessitam de uniformiza\u00e7\u00e3o e orienta\u00e7\u00e3o.<\/p>\n<p>A reuni\u00e3o foi uma solicita\u00e7\u00e3o da Junta de Interventores do Recivil, em parceria com o Col\u00e9gio Registral de Minas Gerais, na pessoa da presidente, Let\u00edcia Franco Macullan. O encontro foi intermediado pelo desembargador Oct\u00e1vio de Almeida Neves, que conseguiu a audi\u00eancia com o corregedor estadual, a pedido da subcoordenadora da Comiss\u00e3o Gestora, Elaine de C\u00e1ssia Silva.<\/p>\n<p>Entre os temas debatidos, o mais enfocado foi o\u00a0<a href=\"http:\/\/www.recivil.com.br\/noticias\/noticias\/view\/provimento-n-73-do-cnj-regulamenta-a-alteracao-de-nome-e-sexo-no-registro-civil.html\">Provimento n\u00ba 73\/2018<\/a>, que regulamenta o procedimento de altera\u00e7\u00e3o do prenome e do g\u00eanero nos assentos de nascimento e casamento de pessoa transg\u00eanero no Registro Civil das Pessoas Naturais. Debateu-se sobre a inexist\u00eancia de isen\u00e7\u00e3o ou gratuidade.<\/p>\n<p>Os oficiais de registro civil das pessoas naturais do estado de Minas Gerais, ap\u00f3s a publica\u00e7\u00e3o do Provimento n\u00ba 73 do CNJ, receberam diversos procedimentos, inclusive da Defensoria P\u00fablica, com pedidos de altera\u00e7\u00e3o de prenome e g\u00eanero de forma gratuita.<\/p>\n<p>De acordo com o coordenador do Departamento Jur\u00eddico do Recivil, Felipe Mendon\u00e7a, esse n\u00e3o \u00e9 o entendimento do Recivil. \u201cA situa\u00e7\u00e3o causou perplexidade, sendo certo que o entendimento do Recivil sempre foi no sentido de que n\u00e3o h\u00e1 previs\u00e3o legislativa para isen\u00e7\u00e3o ou gratuidade do procedimento descrito no Provimento n\u00ba 73 do CNJ\u201d, explicou ele.<\/p>\n<p>O juiz auxiliar, Jo\u00e3o Luiz Nascimento Oliveira, informou que j\u00e1 havia parecer dos ju\u00edzes auxiliares da Corregedoria-Geral de Justi\u00e7a de Minas Gerais sobre o tema, diante de consulta encaminhada pela ju\u00edza da Vara de Registros P\u00fablicos da Comarca de Belo Horizonte, Maria Luiza de Andrade Rangel Pires.<\/p>\n<p>No\u00a0<a href=\"http:\/\/www.recivil.com.br\/app\/webroot\/files\/uploads\/2018\/Juridico\/Parecer%20n%C2%BA%202477_2018%20CGJ.PDF\">Parecer n\u00ba 2477\/2018 CGJ-MG<\/a>\u00a0foi ressaltado que, em Minas Gerais, a fixa\u00e7\u00e3o, a contagem, a cobran\u00e7a e o pagamento de emolumentos relativos aos atos praticados pelos servi\u00e7os notariais e registrais est\u00e3o previstos na Lei Estadual n\u00ba 15.424\/04, que n\u00e3o prev\u00ea isen\u00e7\u00e3o ou gratuidade do pagamento de emolumentos para a altera\u00e7\u00e3o do prenome e do g\u00eanero nos assentos de nascimento e casamento de pessoa transg\u00eanero.<\/p>\n<p>Participaram ainda da reuni\u00e3o a registradora civil de Campo Belo, Elaine de C\u00e1ssia Silva, que \u00e9 membro titular do Recompe-MG, al\u00e9m dos advogados do Recivil e do Recompe-MG, Felipe de Mendon\u00e7a Pereira Cunha e\u00a0 Izabella Maria de Rezende Oliveira.<\/p>\n<p><a href=\"http:\/\/www.recivil.com.br\/app\/webroot\/files\/uploads\/2018\/Juridico\/Parecer%20n%C2%BA%202477_2018%20CGJ.PDF\">Clique aqui<\/a>\u00a0e leia a \u00edntegra do Parecer n\u00ba 2477\/2018 CGJ-MG<\/p>\n<p><strong>Fonte: Recivil<\/strong>\t\t<\/p>\n<\/div><\/div>","protected":false},"excerpt":{"rendered":"<p>Interventores do Recivil, ju\u00edzes auxiliares da Corregedoria, membros do Recompe-MG, do Col\u00e9gio Registral, do GENOT e do departamento jur\u00eddico do Sindicato participaram do encontro. Os interventores do Recivil, Ant\u00f4nio Maximiano Santos Lima e Jos\u00e9 Augusto Silveira, participaram na tarde de ontem (09.08) de uma reuni\u00e3o com o Corregedor-Geral de Justi\u00e7a de Minas Gerais, desembargador Jos\u00e9 [&hellip;]<\/p>\n","protected":false},"author":2,"featured_media":8095,"comment_status":"open","ping_status":"open","sticky":false,"template":"","format":"standard","meta":{"footnotes":"","_links_to":"","_links_to_target":""},"categories":[55,47],"tags":[],"class_list":["post-8093","post","type-post","status-publish","format-standard","has-post-thumbnail","hentry","category-noticia","category-ultimas-noticias"],"yoast_head":"<!-- This site is optimized with the Yoast SEO plugin v28.4 - https:\/\/yoast.com\/product\/yoast-seo-wordpress\/ -->\n<title>Recivil participa de reuni\u00e3o com Corregedor-Geral para debater Provimento 73 - CNR<\/title>\n<meta name=\"robots\" content=\"index, follow, max-snippet:-1, max-image-preview:large, max-video-preview:-1\" \/>\n<link rel=\"canonical\" href=\"https:\/\/cnr.org.br\/novoportal\/recivil-participa-de-reuniao-com-corregedor-geral-para-debater-provimento-73\/\" \/>\n<meta property=\"og:locale\" content=\"pt_BR\" \/>\n<meta property=\"og:type\" content=\"article\" \/>\n<meta property=\"og:title\" content=\"Recivil participa de reuni\u00e3o com Corregedor-Geral para debater Provimento 73 - CNR\" \/>\n<meta property=\"og:description\" content=\"Interventores do Recivil, ju\u00edzes auxiliares da Corregedoria, membros do Recompe-MG, do Col\u00e9gio Registral, do GENOT e do departamento jur\u00eddico do Sindicato participaram do encontro. Os interventores do Recivil, Ant\u00f4nio Maximiano Santos Lima e Jos\u00e9 Augusto Silveira, participaram na tarde de ontem (09.08) de uma reuni\u00e3o com o Corregedor-Geral de Justi\u00e7a de Minas Gerais, desembargador Jos\u00e9 [&hellip;]\" \/>\n<meta property=\"og:url\" content=\"https:\/\/cnr.org.br\/novoportal\/recivil-participa-de-reuniao-com-corregedor-geral-para-debater-provimento-73\/\" \/>\n<meta property=\"og:site_name\" content=\"CNR\" \/>\n<meta property=\"article:published_time\" content=\"2018-08-15T11:30:36+00:00\" \/>\n<meta property=\"og:image\" content=\"https:\/\/cnr.org.br\/novoportal\/wp-content\/uploads\/2018\/08\/homem-de-financas-empresariais-calculando-numeros-de-orcamento-faturas-e-consultor-financeiro-trabalhando_1423-119.jpg\" \/>\n\t<meta property=\"og:image:width\" content=\"626\" \/>\n\t<meta property=\"og:image:height\" content=\"417\" \/>\n\t<meta property=\"og:image:type\" content=\"image\/jpeg\" \/>\n<meta name=\"author\" content=\"Imprensa CNR\" \/>\n<meta name=\"twitter:card\" content=\"summary_large_image\" \/>\n<meta name=\"twitter:label1\" content=\"Escrito por\" \/>\n\t<meta name=\"twitter:data1\" content=\"Imprensa CNR\" \/>\n\t<meta name=\"twitter:label2\" content=\"Est. tempo de leitura\" \/>\n\t<meta name=\"twitter:data2\" content=\"3 minutos\" \/>\n<script type=\"application\/ld+json\" class=\"yoast-schema-graph\">{\"@context\":\"https:\\\/\\\/schema.org\",\"@graph\":[{\"@type\":\"Article\",\"@id\":\"https:\\\/\\\/cnr.org.br\\\/novoportal\\\/recivil-participa-de-reuniao-com-corregedor-geral-para-debater-provimento-73\\\/#article\",\"isPartOf\":{\"@id\":\"https:\\\/\\\/cnr.org.br\\\/novoportal\\\/recivil-participa-de-reuniao-com-corregedor-geral-para-debater-provimento-73\\\/\"},\"author\":{\"name\":\"Imprensa CNR\",\"@id\":\"https:\\\/\\\/cnr.org.br\\\/novoportal\\\/#\\\/schema\\\/person\\\/1f46209cd8c9d3d9887a0765b64ca66b\"},\"headline\":\"Recivil participa de reuni\u00e3o com Corregedor-Geral para debater Provimento 73\",\"datePublished\":\"2018-08-15T11:30:36+00:00\",\"mainEntityOfPage\":{\"@id\":\"https:\\\/\\\/cnr.org.br\\\/novoportal\\\/recivil-participa-de-reuniao-com-corregedor-geral-para-debater-provimento-73\\\/\"},\"wordCount\":539,\"commentCount\":0,\"publisher\":{\"@id\":\"https:\\\/\\\/cnr.org.br\\\/novoportal\\\/#organization\"},\"image\":{\"@id\":\"https:\\\/\\\/cnr.org.br\\\/novoportal\\\/recivil-participa-de-reuniao-com-corregedor-geral-para-debater-provimento-73\\\/#primaryimage\"},\"thumbnailUrl\":\"https:\\\/\\\/cnr.org.br\\\/site\\\/wp-content\\\/uploads\\\/2018\\\/08\\\/homem-de-financas-empresariais-calculando-numeros-de-orcamento-faturas-e-consultor-financeiro-trabalhando_1423-119.jpg\",\"articleSection\":[\"Not\u00edcia\",\"\u00daltimas Not\u00edcias\"],\"inLanguage\":\"pt-BR\"},{\"@type\":\"WebPage\",\"@id\":\"https:\\\/\\\/cnr.org.br\\\/novoportal\\\/recivil-participa-de-reuniao-com-corregedor-geral-para-debater-provimento-73\\\/\",\"url\":\"https:\\\/\\\/cnr.org.br\\\/novoportal\\\/recivil-participa-de-reuniao-com-corregedor-geral-para-debater-provimento-73\\\/\",\"name\":\"Recivil participa de reuni\u00e3o com Corregedor-Geral para debater Provimento 73 - CNR\",\"isPartOf\":{\"@id\":\"https:\\\/\\\/cnr.org.br\\\/novoportal\\\/#website\"},\"primaryImageOfPage\":{\"@id\":\"https:\\\/\\\/cnr.org.br\\\/novoportal\\\/recivil-participa-de-reuniao-com-corregedor-geral-para-debater-provimento-73\\\/#primaryimage\"},\"image\":{\"@id\":\"https:\\\/\\\/cnr.org.br\\\/novoportal\\\/recivil-participa-de-reuniao-com-corregedor-geral-para-debater-provimento-73\\\/#primaryimage\"},\"thumbnailUrl\":\"https:\\\/\\\/cnr.org.br\\\/site\\\/wp-content\\\/uploads\\\/2018\\\/08\\\/homem-de-financas-empresariais-calculando-numeros-de-orcamento-faturas-e-consultor-financeiro-trabalhando_1423-119.jpg\",\"datePublished\":\"2018-08-15T11:30:36+00:00\",\"breadcrumb\":{\"@id\":\"https:\\\/\\\/cnr.org.br\\\/novoportal\\\/recivil-participa-de-reuniao-com-corregedor-geral-para-debater-provimento-73\\\/#breadcrumb\"},\"inLanguage\":\"pt-BR\",\"potentialAction\":[{\"@type\":\"ReadAction\",\"target\":[\"https:\\\/\\\/cnr.org.br\\\/novoportal\\\/recivil-participa-de-reuniao-com-corregedor-geral-para-debater-provimento-73\\\/\"]}]},{\"@type\":\"ImageObject\",\"inLanguage\":\"pt-BR\",\"@id\":\"https:\\\/\\\/cnr.org.br\\\/novoportal\\\/recivil-participa-de-reuniao-com-corregedor-geral-para-debater-provimento-73\\\/#primaryimage\",\"url\":\"https:\\\/\\\/cnr.org.br\\\/site\\\/wp-content\\\/uploads\\\/2018\\\/08\\\/homem-de-financas-empresariais-calculando-numeros-de-orcamento-faturas-e-consultor-financeiro-trabalhando_1423-119.jpg\",\"contentUrl\":\"https:\\\/\\\/cnr.org.br\\\/site\\\/wp-content\\\/uploads\\\/2018\\\/08\\\/homem-de-financas-empresariais-calculando-numeros-de-orcamento-faturas-e-consultor-financeiro-trabalhando_1423-119.jpg\",\"width\":626,\"height\":417,\"caption\":\"Foto: Freepik\"},{\"@type\":\"BreadcrumbList\",\"@id\":\"https:\\\/\\\/cnr.org.br\\\/novoportal\\\/recivil-participa-de-reuniao-com-corregedor-geral-para-debater-provimento-73\\\/#breadcrumb\",\"itemListElement\":[{\"@type\":\"ListItem\",\"position\":1,\"name\":\"In\u00edcio\",\"item\":\"https:\\\/\\\/cnr.org.br\\\/site\\\/\"},{\"@type\":\"ListItem\",\"position\":2,\"name\":\"Recivil participa de reuni\u00e3o com Corregedor-Geral para debater Provimento 73\"}]},{\"@type\":\"WebSite\",\"@id\":\"https:\\\/\\\/cnr.org.br\\\/novoportal\\\/#website\",\"url\":\"https:\\\/\\\/cnr.org.br\\\/novoportal\\\/\",\"name\":\"CNR\",\"description\":\"Confedera\u00e7\u00e3o Nacional de Not\u00e1rios e Registradores\",\"publisher\":{\"@id\":\"https:\\\/\\\/cnr.org.br\\\/novoportal\\\/#organization\"},\"potentialAction\":[{\"@type\":\"SearchAction\",\"target\":{\"@type\":\"EntryPoint\",\"urlTemplate\":\"https:\\\/\\\/cnr.org.br\\\/novoportal\\\/?s={search_term_string}\"},\"query-input\":{\"@type\":\"PropertyValueSpecification\",\"valueRequired\":true,\"valueName\":\"search_term_string\"}}],\"inLanguage\":\"pt-BR\"},{\"@type\":\"Organization\",\"@id\":\"https:\\\/\\\/cnr.org.br\\\/novoportal\\\/#organization\",\"name\":\"CNR\",\"url\":\"https:\\\/\\\/cnr.org.br\\\/novoportal\\\/\",\"logo\":{\"@type\":\"ImageObject\",\"inLanguage\":\"pt-BR\",\"@id\":\"https:\\\/\\\/cnr.org.br\\\/novoportal\\\/#\\\/schema\\\/logo\\\/image\\\/\",\"url\":\"https:\\\/\\\/cnr.org.br\\\/site\\\/wp-content\\\/uploads\\\/2026\\\/02\\\/Logo_CNR_completa_colorida_2024.png\",\"contentUrl\":\"https:\\\/\\\/cnr.org.br\\\/site\\\/wp-content\\\/uploads\\\/2026\\\/02\\\/Logo_CNR_completa_colorida_2024.png\",\"width\":910,\"height\":450,\"caption\":\"CNR\"},\"image\":{\"@id\":\"https:\\\/\\\/cnr.org.br\\\/novoportal\\\/#\\\/schema\\\/logo\\\/image\\\/\"}},{\"@type\":\"Person\",\"@id\":\"https:\\\/\\\/cnr.org.br\\\/novoportal\\\/#\\\/schema\\\/person\\\/1f46209cd8c9d3d9887a0765b64ca66b\",\"name\":\"Imprensa CNR\",\"sameAs\":[\"https:\\\/\\\/cnr.org.br\\\/site\"],\"url\":\"https:\\\/\\\/cnr.org.br\\\/site\\\/author\\\/imprensa\\\/\"}]}<\/script>\n<!-- \/ Yoast SEO plugin. -->","yoast_head_json":{"title":"Recivil participa de reuni\u00e3o com Corregedor-Geral para debater Provimento 73 - CNR","robots":{"index":"index","follow":"follow","max-snippet":"max-snippet:-1","max-image-preview":"max-image-preview:large","max-video-preview":"max-video-preview:-1"},"canonical":"https:\/\/cnr.org.br\/novoportal\/recivil-participa-de-reuniao-com-corregedor-geral-para-debater-provimento-73\/","og_locale":"pt_BR","og_type":"article","og_title":"Recivil participa de reuni\u00e3o com Corregedor-Geral para debater Provimento 73 - CNR","og_description":"Interventores do Recivil, ju\u00edzes auxiliares da Corregedoria, membros do Recompe-MG, do Col\u00e9gio Registral, do GENOT e do departamento jur\u00eddico do Sindicato participaram do encontro. Os interventores do Recivil, Ant\u00f4nio Maximiano Santos Lima e Jos\u00e9 Augusto Silveira, participaram na tarde de ontem (09.08) de uma reuni\u00e3o com o Corregedor-Geral de Justi\u00e7a de Minas Gerais, desembargador Jos\u00e9 [&hellip;]","og_url":"https:\/\/cnr.org.br\/novoportal\/recivil-participa-de-reuniao-com-corregedor-geral-para-debater-provimento-73\/","og_site_name":"CNR","article_published_time":"2018-08-15T11:30:36+00:00","og_image":[{"width":626,"height":417,"url":"https:\/\/cnr.org.br\/novoportal\/wp-content\/uploads\/2018\/08\/homem-de-financas-empresariais-calculando-numeros-de-orcamento-faturas-e-consultor-financeiro-trabalhando_1423-119.jpg","type":"image\/jpeg"}],"author":"Imprensa CNR","twitter_card":"summary_large_image","twitter_misc":{"Escrito por":"Imprensa CNR","Est. tempo de leitura":"3 minutos"},"schema":{"@context":"https:\/\/schema.org","@graph":[{"@type":"Article","@id":"https:\/\/cnr.org.br\/novoportal\/recivil-participa-de-reuniao-com-corregedor-geral-para-debater-provimento-73\/#article","isPartOf":{"@id":"https:\/\/cnr.org.br\/novoportal\/recivil-participa-de-reuniao-com-corregedor-geral-para-debater-provimento-73\/"},"author":{"name":"Imprensa CNR","@id":"https:\/\/cnr.org.br\/novoportal\/#\/schema\/person\/1f46209cd8c9d3d9887a0765b64ca66b"},"headline":"Recivil participa de reuni\u00e3o com Corregedor-Geral para debater Provimento 73","datePublished":"2018-08-15T11:30:36+00:00","mainEntityOfPage":{"@id":"https:\/\/cnr.org.br\/novoportal\/recivil-participa-de-reuniao-com-corregedor-geral-para-debater-provimento-73\/"},"wordCount":539,"commentCount":0,"publisher":{"@id":"https:\/\/cnr.org.br\/novoportal\/#organization"},"image":{"@id":"https:\/\/cnr.org.br\/novoportal\/recivil-participa-de-reuniao-com-corregedor-geral-para-debater-provimento-73\/#primaryimage"},"thumbnailUrl":"https:\/\/cnr.org.br\/site\/wp-content\/uploads\/2018\/08\/homem-de-financas-empresariais-calculando-numeros-de-orcamento-faturas-e-consultor-financeiro-trabalhando_1423-119.jpg","articleSection":["Not\u00edcia","\u00daltimas Not\u00edcias"],"inLanguage":"pt-BR"},{"@type":"WebPage","@id":"https:\/\/cnr.org.br\/novoportal\/recivil-participa-de-reuniao-com-corregedor-geral-para-debater-provimento-73\/","url":"https:\/\/cnr.org.br\/novoportal\/recivil-participa-de-reuniao-com-corregedor-geral-para-debater-provimento-73\/","name":"Recivil participa de reuni\u00e3o com Corregedor-Geral para debater Provimento 73 - CNR","isPartOf":{"@id":"https:\/\/cnr.org.br\/novoportal\/#website"},"primaryImageOfPage":{"@id":"https:\/\/cnr.org.br\/novoportal\/recivil-participa-de-reuniao-com-corregedor-geral-para-debater-provimento-73\/#primaryimage"},"image":{"@id":"https:\/\/cnr.org.br\/novoportal\/recivil-participa-de-reuniao-com-corregedor-geral-para-debater-provimento-73\/#primaryimage"},"thumbnailUrl":"https:\/\/cnr.org.br\/site\/wp-content\/uploads\/2018\/08\/homem-de-financas-empresariais-calculando-numeros-de-orcamento-faturas-e-consultor-financeiro-trabalhando_1423-119.jpg","datePublished":"2018-08-15T11:30:36+00:00","breadcrumb":{"@id":"https:\/\/cnr.org.br\/novoportal\/recivil-participa-de-reuniao-com-corregedor-geral-para-debater-provimento-73\/#breadcrumb"},"inLanguage":"pt-BR","potentialAction":[{"@type":"ReadAction","target":["https:\/\/cnr.org.br\/novoportal\/recivil-participa-de-reuniao-com-corregedor-geral-para-debater-provimento-73\/"]}]},{"@type":"ImageObject","inLanguage":"pt-BR","@id":"https:\/\/cnr.org.br\/novoportal\/recivil-participa-de-reuniao-com-corregedor-geral-para-debater-provimento-73\/#primaryimage","url":"https:\/\/cnr.org.br\/site\/wp-content\/uploads\/2018\/08\/homem-de-financas-empresariais-calculando-numeros-de-orcamento-faturas-e-consultor-financeiro-trabalhando_1423-119.jpg","contentUrl":"https:\/\/cnr.org.br\/site\/wp-content\/uploads\/2018\/08\/homem-de-financas-empresariais-calculando-numeros-de-orcamento-faturas-e-consultor-financeiro-trabalhando_1423-119.jpg","width":626,"height":417,"caption":"Foto: Freepik"},{"@type":"BreadcrumbList","@id":"https:\/\/cnr.org.br\/novoportal\/recivil-participa-de-reuniao-com-corregedor-geral-para-debater-provimento-73\/#breadcrumb","itemListElement":[{"@type":"ListItem","position":1,"name":"In\u00edcio","item":"https:\/\/cnr.org.br\/site\/"},{"@type":"ListItem","position":2,"name":"Recivil participa de reuni\u00e3o com Corregedor-Geral para debater Provimento 73"}]},{"@type":"WebSite","@id":"https:\/\/cnr.org.br\/novoportal\/#website","url":"https:\/\/cnr.org.br\/novoportal\/","name":"CNR","description":"Confedera\u00e7\u00e3o Nacional de Not\u00e1rios e Registradores","publisher":{"@id":"https:\/\/cnr.org.br\/novoportal\/#organization"},"potentialAction":[{"@type":"SearchAction","target":{"@type":"EntryPoint","urlTemplate":"https:\/\/cnr.org.br\/novoportal\/?s={search_term_string}"},"query-input":{"@type":"PropertyValueSpecification","valueRequired":true,"valueName":"search_term_string"}}],"inLanguage":"pt-BR"},{"@type":"Organization","@id":"https:\/\/cnr.org.br\/novoportal\/#organization","name":"CNR","url":"https:\/\/cnr.org.br\/novoportal\/","logo":{"@type":"ImageObject","inLanguage":"pt-BR","@id":"https:\/\/cnr.org.br\/novoportal\/#\/schema\/logo\/image\/","url":"https:\/\/cnr.org.br\/site\/wp-content\/uploads\/2026\/02\/Logo_CNR_completa_colorida_2024.png","contentUrl":"https:\/\/cnr.org.br\/site\/wp-content\/uploads\/2026\/02\/Logo_CNR_completa_colorida_2024.png","width":910,"height":450,"caption":"CNR"},"image":{"@id":"https:\/\/cnr.org.br\/novoportal\/#\/schema\/logo\/image\/"}},{"@type":"Person","@id":"https:\/\/cnr.org.br\/novoportal\/#\/schema\/person\/1f46209cd8c9d3d9887a0765b64ca66b","name":"Imprensa CNR","sameAs":["https:\/\/cnr.org.br\/site"],"url":"https:\/\/cnr.org.br\/site\/author\/imprensa\/"}]}},"_links":{"self":[{"href":"https:\/\/cnr.org.br\/site\/wp-json\/wp\/v2\/posts\/8093","targetHints":{"allow":["GET"]}}],"collection":[{"href":"https:\/\/cnr.org.br\/site\/wp-json\/wp\/v2\/posts"}],"about":[{"href":"https:\/\/cnr.org.br\/site\/wp-json\/wp\/v2\/types\/post"}],"author":[{"embeddable":true,"href":"https:\/\/cnr.org.br\/site\/wp-json\/wp\/v2\/users\/2"}],"replies":[{"embeddable":true,"href":"https:\/\/cnr.org.br\/site\/wp-json\/wp\/v2\/comments?post=8093"}],"version-history":[{"count":0,"href":"https:\/\/cnr.org.br\/site\/wp-json\/wp\/v2\/posts\/8093\/revisions"}],"wp:featuredmedia":[{"embeddable":true,"href":"https:\/\/cnr.org.br\/site\/wp-json\/wp\/v2\/media\/8095"}],"wp:attachment":[{"href":"https:\/\/cnr.org.br\/site\/wp-json\/wp\/v2\/media?parent=8093"}],"wp:term":[{"taxonomy":"category","embeddable":true,"href":"https:\/\/cnr.org.br\/site\/wp-json\/wp\/v2\/categories?post=8093"},{"taxonomy":"post_tag","embeddable":true,"href":"https:\/\/cnr.org.br\/site\/wp-json\/wp\/v2\/tags?post=8093"}],"curies":[{"name":"wp","href":"https:\/\/api.w.org\/{rel}","templated":true}]}}