{"id":8097,"date":"2018-08-15T10:20:25","date_gmt":"2018-08-15T13:20:25","guid":{"rendered":"https:\/\/cnr.org.br\/site\/?p=8097"},"modified":"2018-08-15T10:20:25","modified_gmt":"2018-08-15T13:20:25","slug":"plenario-retoma-nesta-quarta-julgamento-de-recurso-sobre-alteracao-de-nome-em-registro-civil-sem-mudanca-de-sexo","status":"publish","type":"post","link":"https:\/\/cnr.org.br\/site\/plenario-retoma-nesta-quarta-julgamento-de-recurso-sobre-alteracao-de-nome-em-registro-civil-sem-mudanca-de-sexo\/","title":{"rendered":"Plen\u00e1rio retoma nesta quarta julgamento de recurso sobre altera\u00e7\u00e3o de nome em registro civil sem mudan\u00e7a de sexo"},"content":{"rendered":"<div id=\"dslc-theme-content\"><div id=\"dslc-theme-content-inner\"><p>\t\t\t\t<em>Confira todos os temas dos processos pautados para julgamento na sess\u00e3o plen\u00e1ria desta quarta-feira (15), \u00e0s 14h. A sess\u00e3o \u00e9 transmitida ao vivo pela TV Justi\u00e7a, R\u00e1dio Justi\u00e7a e no canal do STF no YouTube.<\/em><\/p>\n<p>&nbsp;<\/p>\n<p>A pauta de julgamentos do Plen\u00e1rio do Supremo Tribunal Federal (STF), para esta quarta-feira (15), prev\u00ea a continuidade do julgamento do Recurso Extraordin\u00e1rio (RE) 670422, com repercuss\u00e3o geral reconhecida, que discute a possibilidade de altera\u00e7\u00e3o de nome em registro civil, sem a realiza\u00e7\u00e3o de cirurgia para mudan\u00e7a de sexo. O recurso questiona ac\u00f3rd\u00e3o do Tribunal de Justi\u00e7a do Rio Grande do Sul (TJ-RS) que manteve decis\u00e3o de primeiro grau permitindo a mudan\u00e7a de nome no registro civil, mas condicionando a altera\u00e7\u00e3o de g\u00eanero \u00e0 realiza\u00e7\u00e3o de cirurgia de transgenitaliza\u00e7\u00e3o.<\/p>\n<p>A pauta traz ainda recursos extraordin\u00e1rios, tamb\u00e9m com repercuss\u00e3o geral, que tratam da legitimidade do Minist\u00e9rio P\u00fablico para solicitar a entrega de medicamentos a portadores de hipotireoidismo e hipocalcemia severa; da aplica\u00e7\u00e3o do teto constitucional \u00e0 remunera\u00e7\u00e3o de substitutos (interinos) designados para o exerc\u00edcio de fun\u00e7\u00e3o notarial e registral em serventias extrajudiciais; e a extens\u00e3o da responsabilidade civil do Estado em raz\u00e3o de dano causado pela atua\u00e7\u00e3o de tabeli\u00e3es e oficiais de registro.<\/p>\n<p>Confira, abaixo, todos os temas dos processos pautados para julgamento. A sess\u00e3o plen\u00e1ria tem in\u00edcio \u00e0s 14h, com transmiss\u00e3o ao vivo pela TV Justi\u00e7a, R\u00e1dio Justi\u00e7a e no canal do STF no YouTube.<\/p>\n<p><strong>Recurso Extraordin\u00e1rio (RE) 670422<\/strong> - Repercuss\u00e3o geral<\/p>\n<p>Relator: ministro Dias Toffoli<br \/>\nS.T.C. x 8\u00aa C\u00e2mara C\u00edvel do Tribunal de Justi\u00e7a do Rio Grande do Sul<br \/>\nO recurso envolve a discuss\u00e3o acerca da possibilidade de altera\u00e7\u00e3o de g\u00eanero no registro civil de transexual, mesmo sem a realiza\u00e7\u00e3o de procedimento cir\u00fargico de redesigna\u00e7\u00e3o de sexo.<br \/>\nO ac\u00f3rd\u00e3o recorrido adotou entendimento no sentido de que \"seja averbado no assento de nascimento do (a) recorrente sua condi\u00e7\u00e3o de transexual. Isso em nome dos princ\u00edpios da publicidade e da veracidade dos registros p\u00fablicos, pois estes devem corresponder \u00e0 realidade fenom\u00eanica do mundo, sobretudo para resguardo de direitos e interesses de terceiros\".<br \/>\nA parte recorrente alega que a Constitui\u00e7\u00e3o Federal consagra a promo\u00e7\u00e3o do bem de todos, sem preconceitos de sexo e quaisquer outras formas de discrimina\u00e7\u00e3o e que \"n\u00e3o alterar a identidade de g\u00eanero dos transexuais no registro civil implicaria criar empecilhos ao objetivo constitucional do bem comum\".<br \/>\nEm discuss\u00e3o: saber se \u00e9 poss\u00edvel a altera\u00e7\u00e3o do g\u00eanero no registro civil, sem a realiza\u00e7\u00e3o de procedimento cir\u00fargico de redesigna\u00e7\u00e3o de sexo e sem a utiliza\u00e7\u00e3o do termo transexual.<br \/>\nPGR: pelo conhecimento e provimento do recurso extraordin\u00e1rio.<\/p>\n<p><strong>Recurso Extraordin\u00e1rio (RE) 605533<\/strong> \u2013 Repercuss\u00e3o Geral<\/p>\n<p>Relator: ministro Marco Aur\u00e9lio<br \/>\nMinist\u00e9rio P\u00fablico de Minas Gerais x Estado de Minas Gerais<br \/>\nO recurso extraordin\u00e1rio envolve discuss\u00e3o acerca da legitimidade do Minist\u00e9rio P\u00fablico para ajuizar a\u00e7\u00e3o civil p\u00fablica que tem por objetivo compelir entes federados a entregar medicamentos a portadores de certas doen\u00e7as.<br \/>\nO ac\u00f3rd\u00e3o recorrido entendeu que \"n\u00e3o se inserindo no \u00e2mbito objetivo da a\u00e7\u00e3o civil p\u00fablica o fornecimento de medicamentos a pessoas determinadas, deve ser indeferida a peti\u00e7\u00e3o inicial por ilegitimidade ativa do Minist\u00e9rio P\u00fablico\". O MP de Minas Gerais sustenta que \"a defesa dos interesses individuais indispon\u00edveis - quer como autor, quer na condi\u00e7\u00e3o de fiscal da lei - constitui atribui\u00e7\u00e3o tradicional do Minist\u00e9rio P\u00fablico, que nunca despertou controv\u00e9rsia\". Em contrarraz\u00f5es, o Estado de Minas Gerais aponta a ilegitimidade do Minist\u00e9rio P\u00fablico para a defesa de direitos individuais homog\u00eaneos que n\u00e3o se enquadrem em rela\u00e7\u00f5es de consumo. Sustenta, ainda, \"a impossibilidade da utiliza\u00e7\u00e3o da A\u00e7\u00e3o Civil P\u00fablica como instrumento para defesa de interesse de natureza meramente individual\".<br \/>\nV\u00e1rios estados, a Uni\u00e3o e o Distrito Federal foram admitidos como interessados.<br \/>\nEm discuss\u00e3o: saber se o Minist\u00e9rio P\u00fablico tem legitimidade para ajuizar a\u00e7\u00e3o civil p\u00fablica com o objetivo de compelir entes federados a fornecer medicamentos a pessoas necessitadas.<br \/>\nPGR: pelo conhecimento e provimento do recurso extraordin\u00e1rio.<\/p>\n<p><strong>Recurso Extraordin\u00e1rio (RE) 842846<\/strong> \u2013 Repercuss\u00e3o Geral<\/p>\n<p>Relator: ministro Luiz Fux<br \/>\nEstado de Santa Catarina x Sebasti\u00e3o Vargas<br \/>\nO recurso envolve discuss\u00e3o acerca da responsabilidade civil do Estado em decorr\u00eancia de danos causados a terceiros por tabeli\u00e3es e oficiais de registro no exerc\u00edcio de suas fun\u00e7\u00f5es. O ac\u00f3rd\u00e3o recorrido entendeu que \"o Estado, na condi\u00e7\u00e3o de delegante dos servi\u00e7os notariais, responde objetivamente pela repara\u00e7\u00e3o dos danos que os tabeli\u00e3es e registradores vierem a causar a terceiros em raz\u00e3o do exerc\u00edcio de suas fun\u00e7\u00f5es\".<br \/>\nO Estado de Santa Catarina sustenta, em s\u00edntese, que \"n\u00e3o \u00e9 parte leg\u00edtima para figurar no polo passivo de a\u00e7\u00e3o de indeniza\u00e7\u00e3o por dano resultante de mau funcionamento dos servi\u00e7os notariais. \u00c9 a pessoa f\u00edsica do tabeli\u00e3o ou do oficial de registro quem h\u00e1 de responder pelos preju\u00edzos causados a terceiros no exerc\u00edcio da atividade notarial\".<br \/>\nEm discuss\u00e3o: saber se o Estado responde civilmente em decorr\u00eancia de danos causados a terceiros por tabeli\u00e3es e oficiais de registro no exerc\u00edcio de suas fun\u00e7\u00f5es.<br \/>\nPGR: pelo desprovimento do recurso extraordin\u00e1rio.<\/p>\n<p><strong>Recurso Extraordin\u00e1rio (RE) 808202<\/strong> \u2013 Repercuss\u00e3o Geral<\/p>\n<p>Relator: ministro Dias Toffoli<br \/>\nEstado do Rio Grande do Sul x Elton Rushel<br \/>\nO RE discute a aplicabilidade do teto constitucional \u00e0 remunera\u00e7\u00e3o de substitutos (interinos) designados para o exerc\u00edcio de fun\u00e7\u00e3o notarial e registral em serventias extrajudiciais. O ac\u00f3rd\u00e3o recorrido entendeu que \"considerando que os interinos designados para o exerc\u00edcio de fun\u00e7\u00e3o delegada em serventias extrajudiciais exercem atividade de natureza privada, desempenhando as mesmas atribui\u00e7\u00f5es do titular, invi\u00e1vel aplicar a limita\u00e7\u00e3o remunerat\u00f3ria prevista no inciso XI do artigo 37 da Constitui\u00e7\u00e3o Federal, destinada aos agentes p\u00fablicos e servidores estatais\".<br \/>\nO Estado do Rio Grande do Sul sustenta que n\u00e3o se pode comparar \"os ganhos de not\u00e1rio ou registrador concursado, que desenvolve o servi\u00e7o delegado, com o de interino que assume a t\u00edtulo prec\u00e1rio a serventia, na aus\u00eancia do titular\".<br \/>\nEm discuss\u00e3o: saber se os substitutos (interinos) designados para o exerc\u00edcio de fun\u00e7\u00e3o notarial e registral em serventias extrajudiciais devem estar submetidos ao teto constitucional.<br \/>\nPGR: pelo provimento do recurso extraordin\u00e1rio.<\/p>\n<p><strong>Fonte:<\/strong> Supremo Tribunal Federal\t\t<\/p>\n<\/div><\/div>","protected":false},"excerpt":{"rendered":"<p>Confira todos os temas dos processos pautados para julgamento na sess\u00e3o plen\u00e1ria desta quarta-feira (15), \u00e0s 14h. A sess\u00e3o \u00e9 transmitida ao vivo pela TV Justi\u00e7a, R\u00e1dio Justi\u00e7a e no canal do STF no YouTube. &nbsp; A pauta de julgamentos do Plen\u00e1rio do Supremo Tribunal Federal (STF), para esta quarta-feira (15), prev\u00ea a continuidade do [&hellip;]<\/p>\n","protected":false},"author":2,"featured_media":8101,"comment_status":"open","ping_status":"open","sticky":false,"template":"","format":"standard","meta":{"footnotes":"","_links_to":"","_links_to_target":""},"categories":[55,47],"tags":[],"class_list":["post-8097","post","type-post","status-publish","format-standard","has-post-thumbnail","hentry","category-noticia","category-ultimas-noticias"],"yoast_head":"<!-- This site is optimized with the Yoast SEO plugin v28.4 - https:\/\/yoast.com\/product\/yoast-seo-wordpress\/ -->\n<title>Plen\u00e1rio retoma nesta quarta julgamento de recurso sobre altera\u00e7\u00e3o de nome em registro civil sem mudan\u00e7a de sexo - CNR<\/title>\n<meta name=\"robots\" content=\"index, follow, max-snippet:-1, max-image-preview:large, max-video-preview:-1\" \/>\n<link rel=\"canonical\" href=\"https:\/\/cnr.org.br\/novoportal\/plenario-retoma-nesta-quarta-julgamento-de-recurso-sobre-alteracao-de-nome-em-registro-civil-sem-mudanca-de-sexo\/\" \/>\n<meta property=\"og:locale\" content=\"pt_BR\" \/>\n<meta property=\"og:type\" content=\"article\" \/>\n<meta property=\"og:title\" content=\"Plen\u00e1rio retoma nesta quarta julgamento de recurso sobre altera\u00e7\u00e3o de nome em registro civil sem mudan\u00e7a de sexo - CNR\" \/>\n<meta property=\"og:description\" content=\"Confira todos os temas dos processos pautados para julgamento na sess\u00e3o plen\u00e1ria desta quarta-feira (15), \u00e0s 14h. A sess\u00e3o \u00e9 transmitida ao vivo pela TV Justi\u00e7a, R\u00e1dio Justi\u00e7a e no canal do STF no YouTube. &nbsp; A pauta de julgamentos do Plen\u00e1rio do Supremo Tribunal Federal (STF), para esta quarta-feira (15), prev\u00ea a continuidade do [&hellip;]\" \/>\n<meta property=\"og:url\" content=\"https:\/\/cnr.org.br\/novoportal\/plenario-retoma-nesta-quarta-julgamento-de-recurso-sobre-alteracao-de-nome-em-registro-civil-sem-mudanca-de-sexo\/\" \/>\n<meta property=\"og:site_name\" content=\"CNR\" \/>\n<meta property=\"article:published_time\" content=\"2018-08-15T13:20:25+00:00\" \/>\n<meta property=\"og:image\" content=\"https:\/\/cnr.org.br\/novoportal\/wp-content\/uploads\/2018\/08\/close-up-de-martelo-madeira-em-courtroom_23-2147876590.jpg\" \/>\n\t<meta property=\"og:image:width\" content=\"626\" \/>\n\t<meta property=\"og:image:height\" content=\"352\" \/>\n\t<meta property=\"og:image:type\" content=\"image\/jpeg\" \/>\n<meta name=\"author\" content=\"Imprensa CNR\" \/>\n<meta name=\"twitter:card\" content=\"summary_large_image\" \/>\n<meta name=\"twitter:label1\" content=\"Escrito por\" \/>\n\t<meta name=\"twitter:data1\" content=\"Imprensa CNR\" \/>\n\t<meta name=\"twitter:label2\" content=\"Est. tempo de leitura\" \/>\n\t<meta name=\"twitter:data2\" content=\"6 minutos\" \/>\n<script type=\"application\/ld+json\" class=\"yoast-schema-graph\">{\"@context\":\"https:\\\/\\\/schema.org\",\"@graph\":[{\"@type\":\"Article\",\"@id\":\"https:\\\/\\\/cnr.org.br\\\/novoportal\\\/plenario-retoma-nesta-quarta-julgamento-de-recurso-sobre-alteracao-de-nome-em-registro-civil-sem-mudanca-de-sexo\\\/#article\",\"isPartOf\":{\"@id\":\"https:\\\/\\\/cnr.org.br\\\/novoportal\\\/plenario-retoma-nesta-quarta-julgamento-de-recurso-sobre-alteracao-de-nome-em-registro-civil-sem-mudanca-de-sexo\\\/\"},\"author\":{\"name\":\"Imprensa CNR\",\"@id\":\"https:\\\/\\\/cnr.org.br\\\/novoportal\\\/#\\\/schema\\\/person\\\/1f46209cd8c9d3d9887a0765b64ca66b\"},\"headline\":\"Plen\u00e1rio retoma nesta quarta julgamento de recurso sobre altera\u00e7\u00e3o de nome em registro civil sem mudan\u00e7a de sexo\",\"datePublished\":\"2018-08-15T13:20:25+00:00\",\"mainEntityOfPage\":{\"@id\":\"https:\\\/\\\/cnr.org.br\\\/novoportal\\\/plenario-retoma-nesta-quarta-julgamento-de-recurso-sobre-alteracao-de-nome-em-registro-civil-sem-mudanca-de-sexo\\\/\"},\"wordCount\":1157,\"commentCount\":0,\"publisher\":{\"@id\":\"https:\\\/\\\/cnr.org.br\\\/novoportal\\\/#organization\"},\"image\":{\"@id\":\"https:\\\/\\\/cnr.org.br\\\/novoportal\\\/plenario-retoma-nesta-quarta-julgamento-de-recurso-sobre-alteracao-de-nome-em-registro-civil-sem-mudanca-de-sexo\\\/#primaryimage\"},\"thumbnailUrl\":\"https:\\\/\\\/cnr.org.br\\\/site\\\/wp-content\\\/uploads\\\/2018\\\/08\\\/close-up-de-martelo-madeira-em-courtroom_23-2147876590.jpg\",\"articleSection\":[\"Not\u00edcia\",\"\u00daltimas Not\u00edcias\"],\"inLanguage\":\"pt-BR\"},{\"@type\":\"WebPage\",\"@id\":\"https:\\\/\\\/cnr.org.br\\\/novoportal\\\/plenario-retoma-nesta-quarta-julgamento-de-recurso-sobre-alteracao-de-nome-em-registro-civil-sem-mudanca-de-sexo\\\/\",\"url\":\"https:\\\/\\\/cnr.org.br\\\/novoportal\\\/plenario-retoma-nesta-quarta-julgamento-de-recurso-sobre-alteracao-de-nome-em-registro-civil-sem-mudanca-de-sexo\\\/\",\"name\":\"Plen\u00e1rio retoma nesta quarta julgamento de recurso sobre altera\u00e7\u00e3o de nome em registro civil sem mudan\u00e7a de sexo - CNR\",\"isPartOf\":{\"@id\":\"https:\\\/\\\/cnr.org.br\\\/novoportal\\\/#website\"},\"primaryImageOfPage\":{\"@id\":\"https:\\\/\\\/cnr.org.br\\\/novoportal\\\/plenario-retoma-nesta-quarta-julgamento-de-recurso-sobre-alteracao-de-nome-em-registro-civil-sem-mudanca-de-sexo\\\/#primaryimage\"},\"image\":{\"@id\":\"https:\\\/\\\/cnr.org.br\\\/novoportal\\\/plenario-retoma-nesta-quarta-julgamento-de-recurso-sobre-alteracao-de-nome-em-registro-civil-sem-mudanca-de-sexo\\\/#primaryimage\"},\"thumbnailUrl\":\"https:\\\/\\\/cnr.org.br\\\/site\\\/wp-content\\\/uploads\\\/2018\\\/08\\\/close-up-de-martelo-madeira-em-courtroom_23-2147876590.jpg\",\"datePublished\":\"2018-08-15T13:20:25+00:00\",\"breadcrumb\":{\"@id\":\"https:\\\/\\\/cnr.org.br\\\/novoportal\\\/plenario-retoma-nesta-quarta-julgamento-de-recurso-sobre-alteracao-de-nome-em-registro-civil-sem-mudanca-de-sexo\\\/#breadcrumb\"},\"inLanguage\":\"pt-BR\",\"potentialAction\":[{\"@type\":\"ReadAction\",\"target\":[\"https:\\\/\\\/cnr.org.br\\\/novoportal\\\/plenario-retoma-nesta-quarta-julgamento-de-recurso-sobre-alteracao-de-nome-em-registro-civil-sem-mudanca-de-sexo\\\/\"]}]},{\"@type\":\"ImageObject\",\"inLanguage\":\"pt-BR\",\"@id\":\"https:\\\/\\\/cnr.org.br\\\/novoportal\\\/plenario-retoma-nesta-quarta-julgamento-de-recurso-sobre-alteracao-de-nome-em-registro-civil-sem-mudanca-de-sexo\\\/#primaryimage\",\"url\":\"https:\\\/\\\/cnr.org.br\\\/site\\\/wp-content\\\/uploads\\\/2018\\\/08\\\/close-up-de-martelo-madeira-em-courtroom_23-2147876590.jpg\",\"contentUrl\":\"https:\\\/\\\/cnr.org.br\\\/site\\\/wp-content\\\/uploads\\\/2018\\\/08\\\/close-up-de-martelo-madeira-em-courtroom_23-2147876590.jpg\",\"width\":626,\"height\":352,\"caption\":\"Foto: Freepik\"},{\"@type\":\"BreadcrumbList\",\"@id\":\"https:\\\/\\\/cnr.org.br\\\/novoportal\\\/plenario-retoma-nesta-quarta-julgamento-de-recurso-sobre-alteracao-de-nome-em-registro-civil-sem-mudanca-de-sexo\\\/#breadcrumb\",\"itemListElement\":[{\"@type\":\"ListItem\",\"position\":1,\"name\":\"In\u00edcio\",\"item\":\"https:\\\/\\\/cnr.org.br\\\/site\\\/\"},{\"@type\":\"ListItem\",\"position\":2,\"name\":\"Plen\u00e1rio retoma nesta quarta julgamento de recurso sobre altera\u00e7\u00e3o de nome em registro civil sem mudan\u00e7a de sexo\"}]},{\"@type\":\"WebSite\",\"@id\":\"https:\\\/\\\/cnr.org.br\\\/novoportal\\\/#website\",\"url\":\"https:\\\/\\\/cnr.org.br\\\/novoportal\\\/\",\"name\":\"CNR\",\"description\":\"Confedera\u00e7\u00e3o Nacional de Not\u00e1rios e Registradores\",\"publisher\":{\"@id\":\"https:\\\/\\\/cnr.org.br\\\/novoportal\\\/#organization\"},\"potentialAction\":[{\"@type\":\"SearchAction\",\"target\":{\"@type\":\"EntryPoint\",\"urlTemplate\":\"https:\\\/\\\/cnr.org.br\\\/novoportal\\\/?s={search_term_string}\"},\"query-input\":{\"@type\":\"PropertyValueSpecification\",\"valueRequired\":true,\"valueName\":\"search_term_string\"}}],\"inLanguage\":\"pt-BR\"},{\"@type\":\"Organization\",\"@id\":\"https:\\\/\\\/cnr.org.br\\\/novoportal\\\/#organization\",\"name\":\"CNR\",\"url\":\"https:\\\/\\\/cnr.org.br\\\/novoportal\\\/\",\"logo\":{\"@type\":\"ImageObject\",\"inLanguage\":\"pt-BR\",\"@id\":\"https:\\\/\\\/cnr.org.br\\\/novoportal\\\/#\\\/schema\\\/logo\\\/image\\\/\",\"url\":\"https:\\\/\\\/cnr.org.br\\\/site\\\/wp-content\\\/uploads\\\/2026\\\/02\\\/Logo_CNR_completa_colorida_2024.png\",\"contentUrl\":\"https:\\\/\\\/cnr.org.br\\\/site\\\/wp-content\\\/uploads\\\/2026\\\/02\\\/Logo_CNR_completa_colorida_2024.png\",\"width\":910,\"height\":450,\"caption\":\"CNR\"},\"image\":{\"@id\":\"https:\\\/\\\/cnr.org.br\\\/novoportal\\\/#\\\/schema\\\/logo\\\/image\\\/\"}},{\"@type\":\"Person\",\"@id\":\"https:\\\/\\\/cnr.org.br\\\/novoportal\\\/#\\\/schema\\\/person\\\/1f46209cd8c9d3d9887a0765b64ca66b\",\"name\":\"Imprensa CNR\",\"sameAs\":[\"https:\\\/\\\/cnr.org.br\\\/site\"],\"url\":\"https:\\\/\\\/cnr.org.br\\\/site\\\/author\\\/imprensa\\\/\"}]}<\/script>\n<!-- \/ Yoast SEO plugin. -->","yoast_head_json":{"title":"Plen\u00e1rio retoma nesta quarta julgamento de recurso sobre altera\u00e7\u00e3o de nome em registro civil sem mudan\u00e7a de sexo - CNR","robots":{"index":"index","follow":"follow","max-snippet":"max-snippet:-1","max-image-preview":"max-image-preview:large","max-video-preview":"max-video-preview:-1"},"canonical":"https:\/\/cnr.org.br\/novoportal\/plenario-retoma-nesta-quarta-julgamento-de-recurso-sobre-alteracao-de-nome-em-registro-civil-sem-mudanca-de-sexo\/","og_locale":"pt_BR","og_type":"article","og_title":"Plen\u00e1rio retoma nesta quarta julgamento de recurso sobre altera\u00e7\u00e3o de nome em registro civil sem mudan\u00e7a de sexo - CNR","og_description":"Confira todos os temas dos processos pautados para julgamento na sess\u00e3o plen\u00e1ria desta quarta-feira (15), \u00e0s 14h. A sess\u00e3o \u00e9 transmitida ao vivo pela TV Justi\u00e7a, R\u00e1dio Justi\u00e7a e no canal do STF no YouTube. &nbsp; A pauta de julgamentos do Plen\u00e1rio do Supremo Tribunal Federal (STF), para esta quarta-feira (15), prev\u00ea a continuidade do [&hellip;]","og_url":"https:\/\/cnr.org.br\/novoportal\/plenario-retoma-nesta-quarta-julgamento-de-recurso-sobre-alteracao-de-nome-em-registro-civil-sem-mudanca-de-sexo\/","og_site_name":"CNR","article_published_time":"2018-08-15T13:20:25+00:00","og_image":[{"width":626,"height":352,"url":"https:\/\/cnr.org.br\/novoportal\/wp-content\/uploads\/2018\/08\/close-up-de-martelo-madeira-em-courtroom_23-2147876590.jpg","type":"image\/jpeg"}],"author":"Imprensa CNR","twitter_card":"summary_large_image","twitter_misc":{"Escrito por":"Imprensa CNR","Est. tempo de leitura":"6 minutos"},"schema":{"@context":"https:\/\/schema.org","@graph":[{"@type":"Article","@id":"https:\/\/cnr.org.br\/novoportal\/plenario-retoma-nesta-quarta-julgamento-de-recurso-sobre-alteracao-de-nome-em-registro-civil-sem-mudanca-de-sexo\/#article","isPartOf":{"@id":"https:\/\/cnr.org.br\/novoportal\/plenario-retoma-nesta-quarta-julgamento-de-recurso-sobre-alteracao-de-nome-em-registro-civil-sem-mudanca-de-sexo\/"},"author":{"name":"Imprensa CNR","@id":"https:\/\/cnr.org.br\/novoportal\/#\/schema\/person\/1f46209cd8c9d3d9887a0765b64ca66b"},"headline":"Plen\u00e1rio retoma nesta quarta julgamento de recurso sobre altera\u00e7\u00e3o de nome em registro civil sem mudan\u00e7a de sexo","datePublished":"2018-08-15T13:20:25+00:00","mainEntityOfPage":{"@id":"https:\/\/cnr.org.br\/novoportal\/plenario-retoma-nesta-quarta-julgamento-de-recurso-sobre-alteracao-de-nome-em-registro-civil-sem-mudanca-de-sexo\/"},"wordCount":1157,"commentCount":0,"publisher":{"@id":"https:\/\/cnr.org.br\/novoportal\/#organization"},"image":{"@id":"https:\/\/cnr.org.br\/novoportal\/plenario-retoma-nesta-quarta-julgamento-de-recurso-sobre-alteracao-de-nome-em-registro-civil-sem-mudanca-de-sexo\/#primaryimage"},"thumbnailUrl":"https:\/\/cnr.org.br\/site\/wp-content\/uploads\/2018\/08\/close-up-de-martelo-madeira-em-courtroom_23-2147876590.jpg","articleSection":["Not\u00edcia","\u00daltimas Not\u00edcias"],"inLanguage":"pt-BR"},{"@type":"WebPage","@id":"https:\/\/cnr.org.br\/novoportal\/plenario-retoma-nesta-quarta-julgamento-de-recurso-sobre-alteracao-de-nome-em-registro-civil-sem-mudanca-de-sexo\/","url":"https:\/\/cnr.org.br\/novoportal\/plenario-retoma-nesta-quarta-julgamento-de-recurso-sobre-alteracao-de-nome-em-registro-civil-sem-mudanca-de-sexo\/","name":"Plen\u00e1rio retoma nesta quarta julgamento de recurso sobre altera\u00e7\u00e3o de nome em registro civil sem mudan\u00e7a de sexo - CNR","isPartOf":{"@id":"https:\/\/cnr.org.br\/novoportal\/#website"},"primaryImageOfPage":{"@id":"https:\/\/cnr.org.br\/novoportal\/plenario-retoma-nesta-quarta-julgamento-de-recurso-sobre-alteracao-de-nome-em-registro-civil-sem-mudanca-de-sexo\/#primaryimage"},"image":{"@id":"https:\/\/cnr.org.br\/novoportal\/plenario-retoma-nesta-quarta-julgamento-de-recurso-sobre-alteracao-de-nome-em-registro-civil-sem-mudanca-de-sexo\/#primaryimage"},"thumbnailUrl":"https:\/\/cnr.org.br\/site\/wp-content\/uploads\/2018\/08\/close-up-de-martelo-madeira-em-courtroom_23-2147876590.jpg","datePublished":"2018-08-15T13:20:25+00:00","breadcrumb":{"@id":"https:\/\/cnr.org.br\/novoportal\/plenario-retoma-nesta-quarta-julgamento-de-recurso-sobre-alteracao-de-nome-em-registro-civil-sem-mudanca-de-sexo\/#breadcrumb"},"inLanguage":"pt-BR","potentialAction":[{"@type":"ReadAction","target":["https:\/\/cnr.org.br\/novoportal\/plenario-retoma-nesta-quarta-julgamento-de-recurso-sobre-alteracao-de-nome-em-registro-civil-sem-mudanca-de-sexo\/"]}]},{"@type":"ImageObject","inLanguage":"pt-BR","@id":"https:\/\/cnr.org.br\/novoportal\/plenario-retoma-nesta-quarta-julgamento-de-recurso-sobre-alteracao-de-nome-em-registro-civil-sem-mudanca-de-sexo\/#primaryimage","url":"https:\/\/cnr.org.br\/site\/wp-content\/uploads\/2018\/08\/close-up-de-martelo-madeira-em-courtroom_23-2147876590.jpg","contentUrl":"https:\/\/cnr.org.br\/site\/wp-content\/uploads\/2018\/08\/close-up-de-martelo-madeira-em-courtroom_23-2147876590.jpg","width":626,"height":352,"caption":"Foto: Freepik"},{"@type":"BreadcrumbList","@id":"https:\/\/cnr.org.br\/novoportal\/plenario-retoma-nesta-quarta-julgamento-de-recurso-sobre-alteracao-de-nome-em-registro-civil-sem-mudanca-de-sexo\/#breadcrumb","itemListElement":[{"@type":"ListItem","position":1,"name":"In\u00edcio","item":"https:\/\/cnr.org.br\/site\/"},{"@type":"ListItem","position":2,"name":"Plen\u00e1rio retoma nesta quarta julgamento de recurso sobre altera\u00e7\u00e3o de nome em registro civil sem mudan\u00e7a de sexo"}]},{"@type":"WebSite","@id":"https:\/\/cnr.org.br\/novoportal\/#website","url":"https:\/\/cnr.org.br\/novoportal\/","name":"CNR","description":"Confedera\u00e7\u00e3o Nacional de Not\u00e1rios e Registradores","publisher":{"@id":"https:\/\/cnr.org.br\/novoportal\/#organization"},"potentialAction":[{"@type":"SearchAction","target":{"@type":"EntryPoint","urlTemplate":"https:\/\/cnr.org.br\/novoportal\/?s={search_term_string}"},"query-input":{"@type":"PropertyValueSpecification","valueRequired":true,"valueName":"search_term_string"}}],"inLanguage":"pt-BR"},{"@type":"Organization","@id":"https:\/\/cnr.org.br\/novoportal\/#organization","name":"CNR","url":"https:\/\/cnr.org.br\/novoportal\/","logo":{"@type":"ImageObject","inLanguage":"pt-BR","@id":"https:\/\/cnr.org.br\/novoportal\/#\/schema\/logo\/image\/","url":"https:\/\/cnr.org.br\/site\/wp-content\/uploads\/2026\/02\/Logo_CNR_completa_colorida_2024.png","contentUrl":"https:\/\/cnr.org.br\/site\/wp-content\/uploads\/2026\/02\/Logo_CNR_completa_colorida_2024.png","width":910,"height":450,"caption":"CNR"},"image":{"@id":"https:\/\/cnr.org.br\/novoportal\/#\/schema\/logo\/image\/"}},{"@type":"Person","@id":"https:\/\/cnr.org.br\/novoportal\/#\/schema\/person\/1f46209cd8c9d3d9887a0765b64ca66b","name":"Imprensa CNR","sameAs":["https:\/\/cnr.org.br\/site"],"url":"https:\/\/cnr.org.br\/site\/author\/imprensa\/"}]}},"_links":{"self":[{"href":"https:\/\/cnr.org.br\/site\/wp-json\/wp\/v2\/posts\/8097","targetHints":{"allow":["GET"]}}],"collection":[{"href":"https:\/\/cnr.org.br\/site\/wp-json\/wp\/v2\/posts"}],"about":[{"href":"https:\/\/cnr.org.br\/site\/wp-json\/wp\/v2\/types\/post"}],"author":[{"embeddable":true,"href":"https:\/\/cnr.org.br\/site\/wp-json\/wp\/v2\/users\/2"}],"replies":[{"embeddable":true,"href":"https:\/\/cnr.org.br\/site\/wp-json\/wp\/v2\/comments?post=8097"}],"version-history":[{"count":0,"href":"https:\/\/cnr.org.br\/site\/wp-json\/wp\/v2\/posts\/8097\/revisions"}],"wp:featuredmedia":[{"embeddable":true,"href":"https:\/\/cnr.org.br\/site\/wp-json\/wp\/v2\/media\/8101"}],"wp:attachment":[{"href":"https:\/\/cnr.org.br\/site\/wp-json\/wp\/v2\/media?parent=8097"}],"wp:term":[{"taxonomy":"category","embeddable":true,"href":"https:\/\/cnr.org.br\/site\/wp-json\/wp\/v2\/categories?post=8097"},{"taxonomy":"post_tag","embeddable":true,"href":"https:\/\/cnr.org.br\/site\/wp-json\/wp\/v2\/tags?post=8097"}],"curies":[{"name":"wp","href":"https:\/\/api.w.org\/{rel}","templated":true}]}}