{"id":8154,"date":"2018-08-27T10:54:49","date_gmt":"2018-08-27T13:54:49","guid":{"rendered":"https:\/\/cnr.org.br\/site\/?p=8154"},"modified":"2018-08-27T10:54:49","modified_gmt":"2018-08-27T13:54:49","slug":"prazo-para-usucapiao-pode-ser-completado-no-decorrer-do-processo-judicial","status":"publish","type":"post","link":"https:\/\/cnr.org.br\/site\/prazo-para-usucapiao-pode-ser-completado-no-decorrer-do-processo-judicial\/","title":{"rendered":"Prazo para usucapi\u00e3o pode ser completado no decorrer do processo judicial"},"content":{"rendered":"<div id=\"dslc-theme-content\"><div id=\"dslc-theme-content-inner\"><p>\t\t\t\t\u00c9 poss\u00edvel o reconhecimento da usucapi\u00e3o de bem im\u00f3vel na hip\u00f3tese em que o prazo exigido pela lei para fazer o pedido \u00e9 implementado no curso da respectiva a\u00e7\u00e3o judicial, ainda que o r\u00e9u tenha apresentado contesta\u00e7\u00e3o.<\/p>\n<p>Esse foi o entendimento da 3\u00aa Turma do Superior Tribunal de Justi\u00e7a ao julgar recurso especial decorrente de a\u00e7\u00e3o cujo autor visava o reconhecimento da usucapi\u00e3o extraordin\u00e1ria de im\u00f3vel sob a alega\u00e7\u00e3o de possuir posse mansa, pac\u00edfica e cont\u00ednua do bem por mais de 17 anos, conforme estabelecido pelo artigo 1.238 do C\u00f3digo Civil de 2002.<\/p>\n<p>O pedido foi julgado improcedente no ju\u00edzo de origem, que entendeu que o caso se enquadra no artigo 550 do C\u00f3digo Civil de 1916 e, em raz\u00e3o disso, o prazo para a usucapi\u00e3o extraordin\u00e1ria \u00e9 de 20 anos. O autor apelou, mas a apela\u00e7\u00e3o n\u00e3o foi provida.<\/p>\n<p>Para o autor, a a\u00e7\u00e3o de usucapi\u00e3o tem natureza declarat\u00f3ria e, por isso, ainda que se considerasse o prazo estabelecido no C\u00f3digo Civil de 1916, nada impediria que a propriedade pela usucapi\u00e3o fosse declarada quando o prazo de 20 anos se completasse durante o curso do processo, como ocorreu no caso.<\/p>\n<p><strong>Economia processual<\/strong><\/p>\n<p>No STJ, o ministro relator do processo, Villas B\u00f4as Cueva, acolheu a alega\u00e7\u00e3o do recorrente e entendeu que \u00e9 poss\u00edvel complementar o prazo da usucapi\u00e3o no curso da demanda judicial, visto que \u201c\u00e9 dever do magistrado levar em considera\u00e7\u00e3o algum fato constitutivo ou extintivo do direito ocorrido ap\u00f3s a propositura da a\u00e7\u00e3o, podendo faz\u00ea-lo independentemente de provoca\u00e7\u00e3o das partes\u201d, conforme o artigo 462 do C\u00f3digo de Processo Civil de 1973.<\/p>\n<p>\u201cO legislador consagrou o princ\u00edpio de que a decis\u00e3o deve refletir o estado de fato e de direito no momento de julgar a demanda, desde que guarde pertin\u00eancia com a causa de pedir e com o pedido\u201d, afirmou o magistrado.<\/p>\n<p>Para o ministro, com essa conduta evita-se que o Judici\u00e1rio seja demandado novamente para apreciar a exist\u00eancia de direito que j\u00e1 poderia ter sido reconhecido se o juiz tivesse analisado eventual fato constitutivo superveniente, o que \u00e9 compat\u00edvel com \u201cos princ\u00edpios da economia processual e da razo\u00e1vel dura\u00e7\u00e3o do processo\u201d.<\/p>\n<p><strong>Contesta\u00e7\u00e3o<\/strong><\/p>\n<p>Villas B\u00f4as Cueva tamb\u00e9m destacou que a cita\u00e7\u00e3o feita ao propriet\u00e1rio do im\u00f3vel n\u00e3o \u00e9 suficiente para interromper o prazo da prescri\u00e7\u00e3o aquisitiva, a n\u00e3o ser na situa\u00e7\u00e3o \u201cem que o propriet\u00e1rio do im\u00f3vel usucapiendo conseguisse reaver a posse\u201d.<\/p>\n<p>\u201cIncumbe ressaltar que a contesta\u00e7\u00e3o apresentada pelo r\u00e9u n\u00e3o impede o transcurso do lapso temporal. Com efeito, a mencionada pe\u00e7a defensiva n\u00e3o tem a capacidade de exprimir a resist\u00eancia do demandado \u00e0 posse exercida pelo autor, mas apenas a sua discord\u00e2ncia com a aquisi\u00e7\u00e3o do im\u00f3vel pela usucapi\u00e3o. Contestar, no caso, imp\u00f5e mera oposi\u00e7\u00e3o \u00e0 usucapi\u00e3o postulada pelos autores, e n\u00e3o \u00e0 posse\u201d, disse.<\/p>\n<p>Com informa\u00e7\u00f5es da Assessoria de Imprensa do STJ.<\/p>\n<p>REsp 1.361.226<\/p>\n<p><strong>Fonte:<\/strong>\u00a0Conjur\t\t<\/p>\n<\/div><\/div>","protected":false},"excerpt":{"rendered":"<p>\u00c9 poss\u00edvel o reconhecimento da usucapi\u00e3o de bem im\u00f3vel na hip\u00f3tese em que o prazo exigido pela lei para fazer o pedido \u00e9 implementado no curso da respectiva a\u00e7\u00e3o judicial, ainda que o r\u00e9u tenha apresentado contesta\u00e7\u00e3o. Esse foi o entendimento da 3\u00aa Turma do Superior Tribunal de Justi\u00e7a ao julgar recurso especial decorrente de [&hellip;]<\/p>\n","protected":false},"author":2,"featured_media":8155,"comment_status":"open","ping_status":"open","sticky":false,"template":"","format":"standard","meta":{"footnotes":"","_links_to":"","_links_to_target":""},"categories":[55,47],"tags":[],"class_list":["post-8154","post","type-post","status-publish","format-standard","has-post-thumbnail","hentry","category-noticia","category-ultimas-noticias"],"yoast_head":"<!-- This site is optimized with the Yoast SEO plugin v28.4 - https:\/\/yoast.com\/product\/yoast-seo-wordpress\/ -->\n<title>Prazo para usucapi\u00e3o pode ser completado no decorrer do processo judicial - CNR<\/title>\n<meta name=\"robots\" content=\"index, follow, max-snippet:-1, max-image-preview:large, max-video-preview:-1\" \/>\n<link rel=\"canonical\" href=\"https:\/\/cnr.org.br\/novoportal\/prazo-para-usucapiao-pode-ser-completado-no-decorrer-do-processo-judicial\/\" \/>\n<meta property=\"og:locale\" content=\"pt_BR\" \/>\n<meta property=\"og:type\" content=\"article\" \/>\n<meta property=\"og:title\" content=\"Prazo para usucapi\u00e3o pode ser completado no decorrer do processo judicial - CNR\" \/>\n<meta property=\"og:description\" content=\"\u00c9 poss\u00edvel o reconhecimento da usucapi\u00e3o de bem im\u00f3vel na hip\u00f3tese em que o prazo exigido pela lei para fazer o pedido \u00e9 implementado no curso da respectiva a\u00e7\u00e3o judicial, ainda que o r\u00e9u tenha apresentado contesta\u00e7\u00e3o. Esse foi o entendimento da 3\u00aa Turma do Superior Tribunal de Justi\u00e7a ao julgar recurso especial decorrente de [&hellip;]\" \/>\n<meta property=\"og:url\" content=\"https:\/\/cnr.org.br\/novoportal\/prazo-para-usucapiao-pode-ser-completado-no-decorrer-do-processo-judicial\/\" \/>\n<meta property=\"og:site_name\" content=\"CNR\" \/>\n<meta property=\"article:published_time\" content=\"2018-08-27T13:54:49+00:00\" \/>\n<meta property=\"og:image\" content=\"https:\/\/cnr.org.br\/novoportal\/wp-content\/uploads\/2018\/08\/closeup-de-martelo-julgamento-conceito_53876-17933.jpg\" \/>\n\t<meta property=\"og:image:width\" content=\"626\" \/>\n\t<meta property=\"og:image:height\" content=\"417\" \/>\n\t<meta property=\"og:image:type\" content=\"image\/jpeg\" \/>\n<meta name=\"author\" content=\"Imprensa CNR\" \/>\n<meta name=\"twitter:card\" content=\"summary_large_image\" \/>\n<meta name=\"twitter:label1\" content=\"Escrito por\" \/>\n\t<meta name=\"twitter:data1\" content=\"Imprensa CNR\" \/>\n\t<meta name=\"twitter:label2\" content=\"Est. tempo de leitura\" \/>\n\t<meta name=\"twitter:data2\" content=\"3 minutos\" \/>\n<script type=\"application\/ld+json\" class=\"yoast-schema-graph\">{\"@context\":\"https:\\\/\\\/schema.org\",\"@graph\":[{\"@type\":\"Article\",\"@id\":\"https:\\\/\\\/cnr.org.br\\\/novoportal\\\/prazo-para-usucapiao-pode-ser-completado-no-decorrer-do-processo-judicial\\\/#article\",\"isPartOf\":{\"@id\":\"https:\\\/\\\/cnr.org.br\\\/novoportal\\\/prazo-para-usucapiao-pode-ser-completado-no-decorrer-do-processo-judicial\\\/\"},\"author\":{\"name\":\"Imprensa CNR\",\"@id\":\"https:\\\/\\\/cnr.org.br\\\/novoportal\\\/#\\\/schema\\\/person\\\/1f46209cd8c9d3d9887a0765b64ca66b\"},\"headline\":\"Prazo para usucapi\u00e3o pode ser completado no decorrer do processo judicial\",\"datePublished\":\"2018-08-27T13:54:49+00:00\",\"mainEntityOfPage\":{\"@id\":\"https:\\\/\\\/cnr.org.br\\\/novoportal\\\/prazo-para-usucapiao-pode-ser-completado-no-decorrer-do-processo-judicial\\\/\"},\"wordCount\":533,\"commentCount\":0,\"publisher\":{\"@id\":\"https:\\\/\\\/cnr.org.br\\\/novoportal\\\/#organization\"},\"image\":{\"@id\":\"https:\\\/\\\/cnr.org.br\\\/novoportal\\\/prazo-para-usucapiao-pode-ser-completado-no-decorrer-do-processo-judicial\\\/#primaryimage\"},\"thumbnailUrl\":\"https:\\\/\\\/cnr.org.br\\\/site\\\/wp-content\\\/uploads\\\/2018\\\/08\\\/closeup-de-martelo-julgamento-conceito_53876-17933.jpg\",\"articleSection\":[\"Not\u00edcia\",\"\u00daltimas Not\u00edcias\"],\"inLanguage\":\"pt-BR\"},{\"@type\":\"WebPage\",\"@id\":\"https:\\\/\\\/cnr.org.br\\\/novoportal\\\/prazo-para-usucapiao-pode-ser-completado-no-decorrer-do-processo-judicial\\\/\",\"url\":\"https:\\\/\\\/cnr.org.br\\\/novoportal\\\/prazo-para-usucapiao-pode-ser-completado-no-decorrer-do-processo-judicial\\\/\",\"name\":\"Prazo para usucapi\u00e3o pode ser completado no decorrer do processo judicial - CNR\",\"isPartOf\":{\"@id\":\"https:\\\/\\\/cnr.org.br\\\/novoportal\\\/#website\"},\"primaryImageOfPage\":{\"@id\":\"https:\\\/\\\/cnr.org.br\\\/novoportal\\\/prazo-para-usucapiao-pode-ser-completado-no-decorrer-do-processo-judicial\\\/#primaryimage\"},\"image\":{\"@id\":\"https:\\\/\\\/cnr.org.br\\\/novoportal\\\/prazo-para-usucapiao-pode-ser-completado-no-decorrer-do-processo-judicial\\\/#primaryimage\"},\"thumbnailUrl\":\"https:\\\/\\\/cnr.org.br\\\/site\\\/wp-content\\\/uploads\\\/2018\\\/08\\\/closeup-de-martelo-julgamento-conceito_53876-17933.jpg\",\"datePublished\":\"2018-08-27T13:54:49+00:00\",\"breadcrumb\":{\"@id\":\"https:\\\/\\\/cnr.org.br\\\/novoportal\\\/prazo-para-usucapiao-pode-ser-completado-no-decorrer-do-processo-judicial\\\/#breadcrumb\"},\"inLanguage\":\"pt-BR\",\"potentialAction\":[{\"@type\":\"ReadAction\",\"target\":[\"https:\\\/\\\/cnr.org.br\\\/novoportal\\\/prazo-para-usucapiao-pode-ser-completado-no-decorrer-do-processo-judicial\\\/\"]}]},{\"@type\":\"ImageObject\",\"inLanguage\":\"pt-BR\",\"@id\":\"https:\\\/\\\/cnr.org.br\\\/novoportal\\\/prazo-para-usucapiao-pode-ser-completado-no-decorrer-do-processo-judicial\\\/#primaryimage\",\"url\":\"https:\\\/\\\/cnr.org.br\\\/site\\\/wp-content\\\/uploads\\\/2018\\\/08\\\/closeup-de-martelo-julgamento-conceito_53876-17933.jpg\",\"contentUrl\":\"https:\\\/\\\/cnr.org.br\\\/site\\\/wp-content\\\/uploads\\\/2018\\\/08\\\/closeup-de-martelo-julgamento-conceito_53876-17933.jpg\",\"width\":626,\"height\":417,\"caption\":\"Foto: Freepik\"},{\"@type\":\"BreadcrumbList\",\"@id\":\"https:\\\/\\\/cnr.org.br\\\/novoportal\\\/prazo-para-usucapiao-pode-ser-completado-no-decorrer-do-processo-judicial\\\/#breadcrumb\",\"itemListElement\":[{\"@type\":\"ListItem\",\"position\":1,\"name\":\"In\u00edcio\",\"item\":\"https:\\\/\\\/cnr.org.br\\\/site\\\/\"},{\"@type\":\"ListItem\",\"position\":2,\"name\":\"Prazo para usucapi\u00e3o pode ser completado no decorrer do processo judicial\"}]},{\"@type\":\"WebSite\",\"@id\":\"https:\\\/\\\/cnr.org.br\\\/novoportal\\\/#website\",\"url\":\"https:\\\/\\\/cnr.org.br\\\/novoportal\\\/\",\"name\":\"CNR\",\"description\":\"Confedera\u00e7\u00e3o Nacional de Not\u00e1rios e Registradores\",\"publisher\":{\"@id\":\"https:\\\/\\\/cnr.org.br\\\/novoportal\\\/#organization\"},\"potentialAction\":[{\"@type\":\"SearchAction\",\"target\":{\"@type\":\"EntryPoint\",\"urlTemplate\":\"https:\\\/\\\/cnr.org.br\\\/novoportal\\\/?s={search_term_string}\"},\"query-input\":{\"@type\":\"PropertyValueSpecification\",\"valueRequired\":true,\"valueName\":\"search_term_string\"}}],\"inLanguage\":\"pt-BR\"},{\"@type\":\"Organization\",\"@id\":\"https:\\\/\\\/cnr.org.br\\\/novoportal\\\/#organization\",\"name\":\"CNR\",\"url\":\"https:\\\/\\\/cnr.org.br\\\/novoportal\\\/\",\"logo\":{\"@type\":\"ImageObject\",\"inLanguage\":\"pt-BR\",\"@id\":\"https:\\\/\\\/cnr.org.br\\\/novoportal\\\/#\\\/schema\\\/logo\\\/image\\\/\",\"url\":\"https:\\\/\\\/cnr.org.br\\\/site\\\/wp-content\\\/uploads\\\/2026\\\/02\\\/Logo_CNR_completa_colorida_2024.png\",\"contentUrl\":\"https:\\\/\\\/cnr.org.br\\\/site\\\/wp-content\\\/uploads\\\/2026\\\/02\\\/Logo_CNR_completa_colorida_2024.png\",\"width\":910,\"height\":450,\"caption\":\"CNR\"},\"image\":{\"@id\":\"https:\\\/\\\/cnr.org.br\\\/novoportal\\\/#\\\/schema\\\/logo\\\/image\\\/\"}},{\"@type\":\"Person\",\"@id\":\"https:\\\/\\\/cnr.org.br\\\/novoportal\\\/#\\\/schema\\\/person\\\/1f46209cd8c9d3d9887a0765b64ca66b\",\"name\":\"Imprensa CNR\",\"sameAs\":[\"https:\\\/\\\/cnr.org.br\\\/site\"],\"url\":\"https:\\\/\\\/cnr.org.br\\\/site\\\/author\\\/imprensa\\\/\"}]}<\/script>\n<!-- \/ Yoast SEO plugin. -->","yoast_head_json":{"title":"Prazo para usucapi\u00e3o pode ser completado no decorrer do processo judicial - CNR","robots":{"index":"index","follow":"follow","max-snippet":"max-snippet:-1","max-image-preview":"max-image-preview:large","max-video-preview":"max-video-preview:-1"},"canonical":"https:\/\/cnr.org.br\/novoportal\/prazo-para-usucapiao-pode-ser-completado-no-decorrer-do-processo-judicial\/","og_locale":"pt_BR","og_type":"article","og_title":"Prazo para usucapi\u00e3o pode ser completado no decorrer do processo judicial - CNR","og_description":"\u00c9 poss\u00edvel o reconhecimento da usucapi\u00e3o de bem im\u00f3vel na hip\u00f3tese em que o prazo exigido pela lei para fazer o pedido \u00e9 implementado no curso da respectiva a\u00e7\u00e3o judicial, ainda que o r\u00e9u tenha apresentado contesta\u00e7\u00e3o. Esse foi o entendimento da 3\u00aa Turma do Superior Tribunal de Justi\u00e7a ao julgar recurso especial decorrente de [&hellip;]","og_url":"https:\/\/cnr.org.br\/novoportal\/prazo-para-usucapiao-pode-ser-completado-no-decorrer-do-processo-judicial\/","og_site_name":"CNR","article_published_time":"2018-08-27T13:54:49+00:00","og_image":[{"width":626,"height":417,"url":"https:\/\/cnr.org.br\/novoportal\/wp-content\/uploads\/2018\/08\/closeup-de-martelo-julgamento-conceito_53876-17933.jpg","type":"image\/jpeg"}],"author":"Imprensa CNR","twitter_card":"summary_large_image","twitter_misc":{"Escrito por":"Imprensa CNR","Est. tempo de leitura":"3 minutos"},"schema":{"@context":"https:\/\/schema.org","@graph":[{"@type":"Article","@id":"https:\/\/cnr.org.br\/novoportal\/prazo-para-usucapiao-pode-ser-completado-no-decorrer-do-processo-judicial\/#article","isPartOf":{"@id":"https:\/\/cnr.org.br\/novoportal\/prazo-para-usucapiao-pode-ser-completado-no-decorrer-do-processo-judicial\/"},"author":{"name":"Imprensa CNR","@id":"https:\/\/cnr.org.br\/novoportal\/#\/schema\/person\/1f46209cd8c9d3d9887a0765b64ca66b"},"headline":"Prazo para usucapi\u00e3o pode ser completado no decorrer do processo judicial","datePublished":"2018-08-27T13:54:49+00:00","mainEntityOfPage":{"@id":"https:\/\/cnr.org.br\/novoportal\/prazo-para-usucapiao-pode-ser-completado-no-decorrer-do-processo-judicial\/"},"wordCount":533,"commentCount":0,"publisher":{"@id":"https:\/\/cnr.org.br\/novoportal\/#organization"},"image":{"@id":"https:\/\/cnr.org.br\/novoportal\/prazo-para-usucapiao-pode-ser-completado-no-decorrer-do-processo-judicial\/#primaryimage"},"thumbnailUrl":"https:\/\/cnr.org.br\/site\/wp-content\/uploads\/2018\/08\/closeup-de-martelo-julgamento-conceito_53876-17933.jpg","articleSection":["Not\u00edcia","\u00daltimas Not\u00edcias"],"inLanguage":"pt-BR"},{"@type":"WebPage","@id":"https:\/\/cnr.org.br\/novoportal\/prazo-para-usucapiao-pode-ser-completado-no-decorrer-do-processo-judicial\/","url":"https:\/\/cnr.org.br\/novoportal\/prazo-para-usucapiao-pode-ser-completado-no-decorrer-do-processo-judicial\/","name":"Prazo para usucapi\u00e3o pode ser completado no decorrer do processo judicial - CNR","isPartOf":{"@id":"https:\/\/cnr.org.br\/novoportal\/#website"},"primaryImageOfPage":{"@id":"https:\/\/cnr.org.br\/novoportal\/prazo-para-usucapiao-pode-ser-completado-no-decorrer-do-processo-judicial\/#primaryimage"},"image":{"@id":"https:\/\/cnr.org.br\/novoportal\/prazo-para-usucapiao-pode-ser-completado-no-decorrer-do-processo-judicial\/#primaryimage"},"thumbnailUrl":"https:\/\/cnr.org.br\/site\/wp-content\/uploads\/2018\/08\/closeup-de-martelo-julgamento-conceito_53876-17933.jpg","datePublished":"2018-08-27T13:54:49+00:00","breadcrumb":{"@id":"https:\/\/cnr.org.br\/novoportal\/prazo-para-usucapiao-pode-ser-completado-no-decorrer-do-processo-judicial\/#breadcrumb"},"inLanguage":"pt-BR","potentialAction":[{"@type":"ReadAction","target":["https:\/\/cnr.org.br\/novoportal\/prazo-para-usucapiao-pode-ser-completado-no-decorrer-do-processo-judicial\/"]}]},{"@type":"ImageObject","inLanguage":"pt-BR","@id":"https:\/\/cnr.org.br\/novoportal\/prazo-para-usucapiao-pode-ser-completado-no-decorrer-do-processo-judicial\/#primaryimage","url":"https:\/\/cnr.org.br\/site\/wp-content\/uploads\/2018\/08\/closeup-de-martelo-julgamento-conceito_53876-17933.jpg","contentUrl":"https:\/\/cnr.org.br\/site\/wp-content\/uploads\/2018\/08\/closeup-de-martelo-julgamento-conceito_53876-17933.jpg","width":626,"height":417,"caption":"Foto: Freepik"},{"@type":"BreadcrumbList","@id":"https:\/\/cnr.org.br\/novoportal\/prazo-para-usucapiao-pode-ser-completado-no-decorrer-do-processo-judicial\/#breadcrumb","itemListElement":[{"@type":"ListItem","position":1,"name":"In\u00edcio","item":"https:\/\/cnr.org.br\/site\/"},{"@type":"ListItem","position":2,"name":"Prazo para usucapi\u00e3o pode ser completado no decorrer do processo judicial"}]},{"@type":"WebSite","@id":"https:\/\/cnr.org.br\/novoportal\/#website","url":"https:\/\/cnr.org.br\/novoportal\/","name":"CNR","description":"Confedera\u00e7\u00e3o Nacional de Not\u00e1rios e Registradores","publisher":{"@id":"https:\/\/cnr.org.br\/novoportal\/#organization"},"potentialAction":[{"@type":"SearchAction","target":{"@type":"EntryPoint","urlTemplate":"https:\/\/cnr.org.br\/novoportal\/?s={search_term_string}"},"query-input":{"@type":"PropertyValueSpecification","valueRequired":true,"valueName":"search_term_string"}}],"inLanguage":"pt-BR"},{"@type":"Organization","@id":"https:\/\/cnr.org.br\/novoportal\/#organization","name":"CNR","url":"https:\/\/cnr.org.br\/novoportal\/","logo":{"@type":"ImageObject","inLanguage":"pt-BR","@id":"https:\/\/cnr.org.br\/novoportal\/#\/schema\/logo\/image\/","url":"https:\/\/cnr.org.br\/site\/wp-content\/uploads\/2026\/02\/Logo_CNR_completa_colorida_2024.png","contentUrl":"https:\/\/cnr.org.br\/site\/wp-content\/uploads\/2026\/02\/Logo_CNR_completa_colorida_2024.png","width":910,"height":450,"caption":"CNR"},"image":{"@id":"https:\/\/cnr.org.br\/novoportal\/#\/schema\/logo\/image\/"}},{"@type":"Person","@id":"https:\/\/cnr.org.br\/novoportal\/#\/schema\/person\/1f46209cd8c9d3d9887a0765b64ca66b","name":"Imprensa CNR","sameAs":["https:\/\/cnr.org.br\/site"],"url":"https:\/\/cnr.org.br\/site\/author\/imprensa\/"}]}},"_links":{"self":[{"href":"https:\/\/cnr.org.br\/site\/wp-json\/wp\/v2\/posts\/8154","targetHints":{"allow":["GET"]}}],"collection":[{"href":"https:\/\/cnr.org.br\/site\/wp-json\/wp\/v2\/posts"}],"about":[{"href":"https:\/\/cnr.org.br\/site\/wp-json\/wp\/v2\/types\/post"}],"author":[{"embeddable":true,"href":"https:\/\/cnr.org.br\/site\/wp-json\/wp\/v2\/users\/2"}],"replies":[{"embeddable":true,"href":"https:\/\/cnr.org.br\/site\/wp-json\/wp\/v2\/comments?post=8154"}],"version-history":[{"count":0,"href":"https:\/\/cnr.org.br\/site\/wp-json\/wp\/v2\/posts\/8154\/revisions"}],"wp:featuredmedia":[{"embeddable":true,"href":"https:\/\/cnr.org.br\/site\/wp-json\/wp\/v2\/media\/8155"}],"wp:attachment":[{"href":"https:\/\/cnr.org.br\/site\/wp-json\/wp\/v2\/media?parent=8154"}],"wp:term":[{"taxonomy":"category","embeddable":true,"href":"https:\/\/cnr.org.br\/site\/wp-json\/wp\/v2\/categories?post=8154"},{"taxonomy":"post_tag","embeddable":true,"href":"https:\/\/cnr.org.br\/site\/wp-json\/wp\/v2\/tags?post=8154"}],"curies":[{"name":"wp","href":"https:\/\/api.w.org\/{rel}","templated":true}]}}