{"id":8189,"date":"2018-09-04T17:43:54","date_gmt":"2018-09-04T20:43:54","guid":{"rendered":"https:\/\/cnr.org.br\/site\/?p=8189"},"modified":"2018-09-04T17:43:54","modified_gmt":"2018-09-04T20:43:54","slug":"orcamento-2019-salario-minimo-deve-passar-de-mil-reais-pela-primeira-vez","status":"publish","type":"post","link":"https:\/\/cnr.org.br\/site\/orcamento-2019-salario-minimo-deve-passar-de-mil-reais-pela-primeira-vez\/","title":{"rendered":"Or\u00e7amento 2019: sal\u00e1rio m\u00ednimo deve passar de mil reais pela primeira vez"},"content":{"rendered":"<div id=\"dslc-theme-content\"><div id=\"dslc-theme-content-inner\"><div id=\"carrosselFotos\" class=\"carousel-materia slide\">\n<div class=\"pgwSlideshow wide\">\n<div class=\"ps-current\"><\/div>\n<\/div>\n<\/div>\n<div id=\"boxLateralMateria\" class=\"col-md-3 hidden-xs u-noPrint\">\n<aside role=\"complementary\">\n<div class=\"saiba-mais\">\n<div class=\"painel painel-base painel-links\">\n<div class=\"painel-corpo\">\n<div id=\"attachment_8191\" style=\"width: 870px\" class=\"wp-caption alignnone\"><img loading=\"lazy\" decoding=\"async\" aria-describedby=\"caption-attachment-8191\" class=\"size-full wp-image-8191\" src=\"https:\/\/cnr.org.br\/site\/wp-content\/uploads\/2018\/09\/imagem_materia.jpeg\" alt=\"\" width=\"860\" height=\"570\" srcset=\"https:\/\/cnr.org.br\/site\/wp-content\/uploads\/2018\/09\/imagem_materia.jpeg 860w, https:\/\/cnr.org.br\/site\/wp-content\/uploads\/2018\/09\/imagem_materia-300x199.jpeg 300w, https:\/\/cnr.org.br\/site\/wp-content\/uploads\/2018\/09\/imagem_materia-768x509.jpeg 768w, https:\/\/cnr.org.br\/site\/wp-content\/uploads\/2018\/09\/imagem_materia-90x60.jpeg 90w, https:\/\/cnr.org.br\/site\/wp-content\/uploads\/2018\/09\/imagem_materia-566x375.jpeg 566w\" sizes=\"auto, (max-width: 860px) 100vw, 860px\" \/><p id=\"caption-attachment-8191\" class=\"wp-caption-text\">Pal\u00e1cio do Planalto. Foto: Rog\u00e9rio Melo\/ Flickr<\/p><\/div>\n<p>O Congresso Nacional recebeu nesta sexta-feira (31) o projeto do Poder Executivo da Lei Or\u00e7ament\u00e1ria Anual (LOA) para 2019. Um dos destaques \u00e9 que o sal\u00e1rio m\u00ednimo v\u00e1lido em todo o territ\u00f3rio nacional vai ultrapassar mil reais pela primeira vez desde a ado\u00e7\u00e3o do Plano Real em 1994. O\u00a0<a href=\"https:\/\/www25.senado.leg.br\/web\/atividade\/materias\/-\/materia\/134155\">PLN 27\/2018<\/a>\u00a0vai agora para exame da Comiss\u00e3o Mista de Planos, Or\u00e7amentos P\u00fablicos e Fiscaliza\u00e7\u00e3o (CMO).<\/p>\n<\/div>\n<\/div>\n<\/div>\n<\/aside>\n<\/div>\n<div id=\"textoMateria\">\n<p>A previs\u00e3o do governo \u00e9 o valor do sal\u00e1rio m\u00ednimo passar dos atuais R$ 954,00 para R$ 1.006,00 a partir de 1\u00ba de janeiro de 2019. O governo prev\u00ea ainda crescimento de 2,5% do PIB no pr\u00f3ximo ano, infla\u00e7\u00e3o de 4,25% e meta de resultado prim\u00e1rio de at\u00e9 R$ 139 bilh\u00f5es negativos. Para ajudar no cumprimento dessa meta, o presidente da Rep\u00fablica, Michel Temer, decidiu adiar o reajuste do funcionalismo p\u00fablico para 2020. A proposta aposta tamb\u00e9m que o d\u00e9ficit diminuir\u00e1 para R$ 110 bilh\u00f5es em 2020 e R$ 70 bilh\u00f5es em 2021. A receita da Uni\u00e3o para 2019 \u00e9 de mais de R$ 3,3 trilh\u00f5es.<\/p>\n<p>As despesas prim\u00e1rias totais do governo central ser\u00e3o de mais de R$ 1,4 trilh\u00e3o, sendo R$ 637 bilh\u00f5es s\u00f3 com gastos previdenci\u00e1rios e R$ 325 bilh\u00f5es com folha de pagamento de pessoal. Entretanto, a pe\u00e7a or\u00e7ament\u00e1ria j\u00e1 apresenta a previs\u00e3o de que ser\u00e1 necess\u00e1rio o Congresso aprovar cr\u00e9dito adicional \u00e0 LOA 2019 no valor de R$ 258 bilh\u00f5es para que o Executivo consiga cumprir a chamada regra de ouro, que pro\u00edbe que o total das opera\u00e7\u00f5es de cr\u00e9dito do governo seja superior \u00e0s despesas.<\/p>\n<p>De acordo com o Minist\u00e9rio do Planejamento, a LOA 2019 foi elaborada com premissas como a preserva\u00e7\u00e3o de gastos sociais e de investimentos estruturantes, eleva\u00e7\u00e3o dos gastos com educa\u00e7\u00e3o e respeito ao teto de gastos p\u00fablicos. Para a \u00e1rea de sa\u00fade s\u00e3o previstas dota\u00e7\u00f5es de 129,8 bilh\u00f5es no pr\u00f3ximo ano, ficando a \u00e1rea de educa\u00e7\u00e3o com R$ 121,9 bilh\u00f5es.<\/p>\n<h3><b>Tramita\u00e7\u00e3o<\/b><\/h3>\n<p>Pela Constitui\u00e7\u00e3o, a\u00a0<a href=\"https:\/\/www.youtube.com\/watch?v=CWUNV7wOwYo&amp;feature=youtu.be\">LOA<\/a>\u00a0deve ser entregue pelo Poder Executivo at\u00e9 31 de agosto de cada ano e pode ser aprovada at\u00e9 dezembro, mas essa pr\u00e1tica n\u00e3o \u00e9 obrigat\u00f3ria e n\u00e3o impede que o Congresso entre em recesso.<\/p>\n<p>O texto compreende o or\u00e7amento fiscal referente aos Poderes da Uni\u00e3o, seus fundos, \u00f3rg\u00e3os e entidades da administra\u00e7\u00e3o direta e indireta, inclusive funda\u00e7\u00f5es institu\u00eddas e mantidas pelo poder p\u00fablico; o or\u00e7amento de investimento das empresas em que a Uni\u00e3o, direta ou indiretamente, detenha a maioria do capital social com direito a voto; e o or\u00e7amento da Seguridade Social, abrangendo todas as entidades e \u00f3rg\u00e3os a ela vinculados, da administra\u00e7\u00e3o direta ou indireta, bem como os fundos e funda\u00e7\u00f5es institu\u00eddos e mantidos pelo poder p\u00fablico.<\/p>\n<p>O projeto \u00e9 acompanhado de uma mensagem do presidente da Rep\u00fablica, na qual \u00e9 feito um diagn\u00f3stico sobre a situa\u00e7\u00e3o econ\u00f4mica do pa\u00eds e suas perspectivas.<\/p>\n<p>O Congresso Nacional\u00a0<a class=\"external-link\" href=\"http:\/\/www12.senado.leg.br\/noticias\/materias\/2018\/07\/12\/congresso-nacional-aprova-lei-de-diretrizes-orcamentarias-para-2019\">aprovou<\/a>\u00a0a Lei de Diretrizes Or\u00e7ament\u00e1rias (LDO) para 2019 em julho e ela foi\u00a0<a class=\"external-link\" href=\"http:\/\/www12.senado.leg.br\/noticias\/materias\/2018\/08\/15\/sancionada-a-lei-de-diretrizes-orcamentarias-para-2019\">sancionada<\/a>\u00a0pelo presidente da Rep\u00fablica um m\u00eas depois.<\/p>\n<div align=\"center\">\n<table class=\"tablemateria\">\n<tbody>\n<tr>\n<th colspan=\"2\">\n<h3><b>N\u00fameros do governo para o Or\u00e7amento de 2019<\/b><\/h3>\n<\/th>\n<\/tr>\n<tr>\n<td>Crescimento<\/td>\n<td>2,5% do PIB<\/td>\n<\/tr>\n<tr>\n<td>Infla\u00e7\u00e3o<\/td>\n<td>4,24% pelo IPCA<\/td>\n<\/tr>\n<tr>\n<td>Sal\u00e1rio m\u00ednimo<\/td>\n<td>R$ 1.006,00<\/td>\n<\/tr>\n<tr>\n<td>Resultado priv\u00e1rio<\/td>\n<td>d\u00e9ficit de R$ 139 bilh\u00f5es<\/td>\n<\/tr>\n<tr>\n<td>Recursos para Sa\u00fade<\/td>\n<td>R$\u00a0 129,8 bilh\u00f5es<\/td>\n<\/tr>\n<tr>\n<td>Recursos para Educa\u00e7\u00e3o<\/td>\n<td>R$ 121,9 bilh\u00f5es<\/td>\n<\/tr>\n<tr>\n<td>Recursos para Seguridade Social<\/td>\n<td>R$ 637 bilh\u00f5es<\/td>\n<\/tr>\n<tr>\n<td>Aumento do funcionalismo<\/td>\n<td>adiado para 2020<\/td>\n<\/tr>\n<\/tbody>\n<\/table>\n<\/div>\n<p><strong>Fonte:<\/strong> Ag\u00eancia Senado<\/p>\n<\/div>\n<div class=\"relacionados-videos white\"><\/div>\n<\/div><\/div>","protected":false},"excerpt":{"rendered":"<p>O Congresso Nacional recebeu nesta sexta-feira (31) o projeto do Poder Executivo da Lei Or\u00e7ament\u00e1ria Anual (LOA) para 2019. Um dos destaques \u00e9 que o sal\u00e1rio m\u00ednimo v\u00e1lido em todo o territ\u00f3rio nacional vai ultrapassar mil reais pela primeira vez desde a ado\u00e7\u00e3o do Plano Real em 1994. O\u00a0PLN 27\/2018\u00a0vai agora para exame da Comiss\u00e3o [&hellip;]<\/p>\n","protected":false},"author":2,"featured_media":8191,"comment_status":"open","ping_status":"open","sticky":false,"template":"","format":"standard","meta":{"footnotes":"","_links_to":"","_links_to_target":""},"categories":[55,47],"tags":[],"class_list":["post-8189","post","type-post","status-publish","format-standard","has-post-thumbnail","hentry","category-noticia","category-ultimas-noticias"],"yoast_head":"<!-- This site is optimized with the Yoast SEO plugin v28.4 - https:\/\/yoast.com\/product\/yoast-seo-wordpress\/ -->\n<title>Or\u00e7amento 2019: sal\u00e1rio m\u00ednimo deve passar de mil reais pela primeira vez - CNR<\/title>\n<meta name=\"robots\" content=\"index, follow, max-snippet:-1, max-image-preview:large, max-video-preview:-1\" \/>\n<link rel=\"canonical\" href=\"https:\/\/cnr.org.br\/novoportal\/orcamento-2019-salario-minimo-deve-passar-de-mil-reais-pela-primeira-vez\/\" \/>\n<meta property=\"og:locale\" content=\"pt_BR\" \/>\n<meta property=\"og:type\" content=\"article\" \/>\n<meta property=\"og:title\" content=\"Or\u00e7amento 2019: sal\u00e1rio m\u00ednimo deve passar de mil reais pela primeira vez - CNR\" \/>\n<meta property=\"og:description\" content=\"O Congresso Nacional recebeu nesta sexta-feira (31) o projeto do Poder Executivo da Lei Or\u00e7ament\u00e1ria Anual (LOA) para 2019. Um dos destaques \u00e9 que o sal\u00e1rio m\u00ednimo v\u00e1lido em todo o territ\u00f3rio nacional vai ultrapassar mil reais pela primeira vez desde a ado\u00e7\u00e3o do Plano Real em 1994. O\u00a0PLN 27\/2018\u00a0vai agora para exame da Comiss\u00e3o [&hellip;]\" \/>\n<meta property=\"og:url\" content=\"https:\/\/cnr.org.br\/novoportal\/orcamento-2019-salario-minimo-deve-passar-de-mil-reais-pela-primeira-vez\/\" \/>\n<meta property=\"og:site_name\" content=\"CNR\" \/>\n<meta property=\"article:published_time\" content=\"2018-09-04T20:43:54+00:00\" \/>\n<meta property=\"og:image\" content=\"https:\/\/cnr.org.br\/novoportal\/wp-content\/uploads\/2018\/09\/imagem_materia.jpeg\" \/>\n\t<meta property=\"og:image:width\" content=\"860\" \/>\n\t<meta property=\"og:image:height\" content=\"570\" \/>\n\t<meta property=\"og:image:type\" content=\"image\/jpeg\" \/>\n<meta name=\"author\" content=\"Imprensa CNR\" \/>\n<meta name=\"twitter:card\" content=\"summary_large_image\" \/>\n<meta name=\"twitter:label1\" content=\"Escrito por\" \/>\n\t<meta name=\"twitter:data1\" content=\"Imprensa CNR\" \/>\n\t<meta name=\"twitter:label2\" content=\"Est. tempo de leitura\" \/>\n\t<meta name=\"twitter:data2\" content=\"3 minutos\" \/>\n<script type=\"application\/ld+json\" class=\"yoast-schema-graph\">{\"@context\":\"https:\\\/\\\/schema.org\",\"@graph\":[{\"@type\":\"Article\",\"@id\":\"https:\\\/\\\/cnr.org.br\\\/novoportal\\\/orcamento-2019-salario-minimo-deve-passar-de-mil-reais-pela-primeira-vez\\\/#article\",\"isPartOf\":{\"@id\":\"https:\\\/\\\/cnr.org.br\\\/novoportal\\\/orcamento-2019-salario-minimo-deve-passar-de-mil-reais-pela-primeira-vez\\\/\"},\"author\":{\"name\":\"Imprensa CNR\",\"@id\":\"https:\\\/\\\/cnr.org.br\\\/novoportal\\\/#\\\/schema\\\/person\\\/1f46209cd8c9d3d9887a0765b64ca66b\"},\"headline\":\"Or\u00e7amento 2019: sal\u00e1rio m\u00ednimo deve passar de mil reais pela primeira vez\",\"datePublished\":\"2018-09-04T20:43:54+00:00\",\"mainEntityOfPage\":{\"@id\":\"https:\\\/\\\/cnr.org.br\\\/novoportal\\\/orcamento-2019-salario-minimo-deve-passar-de-mil-reais-pela-primeira-vez\\\/\"},\"wordCount\":627,\"commentCount\":0,\"publisher\":{\"@id\":\"https:\\\/\\\/cnr.org.br\\\/novoportal\\\/#organization\"},\"image\":{\"@id\":\"https:\\\/\\\/cnr.org.br\\\/novoportal\\\/orcamento-2019-salario-minimo-deve-passar-de-mil-reais-pela-primeira-vez\\\/#primaryimage\"},\"thumbnailUrl\":\"https:\\\/\\\/cnr.org.br\\\/site\\\/wp-content\\\/uploads\\\/2018\\\/09\\\/imagem_materia.jpeg\",\"articleSection\":[\"Not\u00edcia\",\"\u00daltimas Not\u00edcias\"],\"inLanguage\":\"pt-BR\"},{\"@type\":\"WebPage\",\"@id\":\"https:\\\/\\\/cnr.org.br\\\/novoportal\\\/orcamento-2019-salario-minimo-deve-passar-de-mil-reais-pela-primeira-vez\\\/\",\"url\":\"https:\\\/\\\/cnr.org.br\\\/novoportal\\\/orcamento-2019-salario-minimo-deve-passar-de-mil-reais-pela-primeira-vez\\\/\",\"name\":\"Or\u00e7amento 2019: sal\u00e1rio m\u00ednimo deve passar de mil reais pela primeira vez - CNR\",\"isPartOf\":{\"@id\":\"https:\\\/\\\/cnr.org.br\\\/novoportal\\\/#website\"},\"primaryImageOfPage\":{\"@id\":\"https:\\\/\\\/cnr.org.br\\\/novoportal\\\/orcamento-2019-salario-minimo-deve-passar-de-mil-reais-pela-primeira-vez\\\/#primaryimage\"},\"image\":{\"@id\":\"https:\\\/\\\/cnr.org.br\\\/novoportal\\\/orcamento-2019-salario-minimo-deve-passar-de-mil-reais-pela-primeira-vez\\\/#primaryimage\"},\"thumbnailUrl\":\"https:\\\/\\\/cnr.org.br\\\/site\\\/wp-content\\\/uploads\\\/2018\\\/09\\\/imagem_materia.jpeg\",\"datePublished\":\"2018-09-04T20:43:54+00:00\",\"breadcrumb\":{\"@id\":\"https:\\\/\\\/cnr.org.br\\\/novoportal\\\/orcamento-2019-salario-minimo-deve-passar-de-mil-reais-pela-primeira-vez\\\/#breadcrumb\"},\"inLanguage\":\"pt-BR\",\"potentialAction\":[{\"@type\":\"ReadAction\",\"target\":[\"https:\\\/\\\/cnr.org.br\\\/novoportal\\\/orcamento-2019-salario-minimo-deve-passar-de-mil-reais-pela-primeira-vez\\\/\"]}]},{\"@type\":\"ImageObject\",\"inLanguage\":\"pt-BR\",\"@id\":\"https:\\\/\\\/cnr.org.br\\\/novoportal\\\/orcamento-2019-salario-minimo-deve-passar-de-mil-reais-pela-primeira-vez\\\/#primaryimage\",\"url\":\"https:\\\/\\\/cnr.org.br\\\/site\\\/wp-content\\\/uploads\\\/2018\\\/09\\\/imagem_materia.jpeg\",\"contentUrl\":\"https:\\\/\\\/cnr.org.br\\\/site\\\/wp-content\\\/uploads\\\/2018\\\/09\\\/imagem_materia.jpeg\",\"width\":860,\"height\":570,\"caption\":\"Pal\u00e1cio do Planalto. Foto: Rog\u00e9rio Melo\\\/ Flickr\"},{\"@type\":\"BreadcrumbList\",\"@id\":\"https:\\\/\\\/cnr.org.br\\\/novoportal\\\/orcamento-2019-salario-minimo-deve-passar-de-mil-reais-pela-primeira-vez\\\/#breadcrumb\",\"itemListElement\":[{\"@type\":\"ListItem\",\"position\":1,\"name\":\"In\u00edcio\",\"item\":\"https:\\\/\\\/cnr.org.br\\\/site\\\/\"},{\"@type\":\"ListItem\",\"position\":2,\"name\":\"Or\u00e7amento 2019: sal\u00e1rio m\u00ednimo deve passar de mil reais pela primeira vez\"}]},{\"@type\":\"WebSite\",\"@id\":\"https:\\\/\\\/cnr.org.br\\\/novoportal\\\/#website\",\"url\":\"https:\\\/\\\/cnr.org.br\\\/novoportal\\\/\",\"name\":\"CNR\",\"description\":\"Confedera\u00e7\u00e3o Nacional de Not\u00e1rios e Registradores\",\"publisher\":{\"@id\":\"https:\\\/\\\/cnr.org.br\\\/novoportal\\\/#organization\"},\"potentialAction\":[{\"@type\":\"SearchAction\",\"target\":{\"@type\":\"EntryPoint\",\"urlTemplate\":\"https:\\\/\\\/cnr.org.br\\\/novoportal\\\/?s={search_term_string}\"},\"query-input\":{\"@type\":\"PropertyValueSpecification\",\"valueRequired\":true,\"valueName\":\"search_term_string\"}}],\"inLanguage\":\"pt-BR\"},{\"@type\":\"Organization\",\"@id\":\"https:\\\/\\\/cnr.org.br\\\/novoportal\\\/#organization\",\"name\":\"CNR\",\"url\":\"https:\\\/\\\/cnr.org.br\\\/novoportal\\\/\",\"logo\":{\"@type\":\"ImageObject\",\"inLanguage\":\"pt-BR\",\"@id\":\"https:\\\/\\\/cnr.org.br\\\/novoportal\\\/#\\\/schema\\\/logo\\\/image\\\/\",\"url\":\"https:\\\/\\\/cnr.org.br\\\/site\\\/wp-content\\\/uploads\\\/2026\\\/02\\\/Logo_CNR_completa_colorida_2024.png\",\"contentUrl\":\"https:\\\/\\\/cnr.org.br\\\/site\\\/wp-content\\\/uploads\\\/2026\\\/02\\\/Logo_CNR_completa_colorida_2024.png\",\"width\":910,\"height\":450,\"caption\":\"CNR\"},\"image\":{\"@id\":\"https:\\\/\\\/cnr.org.br\\\/novoportal\\\/#\\\/schema\\\/logo\\\/image\\\/\"}},{\"@type\":\"Person\",\"@id\":\"https:\\\/\\\/cnr.org.br\\\/novoportal\\\/#\\\/schema\\\/person\\\/1f46209cd8c9d3d9887a0765b64ca66b\",\"name\":\"Imprensa CNR\",\"sameAs\":[\"https:\\\/\\\/cnr.org.br\\\/site\"],\"url\":\"https:\\\/\\\/cnr.org.br\\\/site\\\/author\\\/imprensa\\\/\"}]}<\/script>\n<!-- \/ Yoast SEO plugin. -->","yoast_head_json":{"title":"Or\u00e7amento 2019: sal\u00e1rio m\u00ednimo deve passar de mil reais pela primeira vez - CNR","robots":{"index":"index","follow":"follow","max-snippet":"max-snippet:-1","max-image-preview":"max-image-preview:large","max-video-preview":"max-video-preview:-1"},"canonical":"https:\/\/cnr.org.br\/novoportal\/orcamento-2019-salario-minimo-deve-passar-de-mil-reais-pela-primeira-vez\/","og_locale":"pt_BR","og_type":"article","og_title":"Or\u00e7amento 2019: sal\u00e1rio m\u00ednimo deve passar de mil reais pela primeira vez - CNR","og_description":"O Congresso Nacional recebeu nesta sexta-feira (31) o projeto do Poder Executivo da Lei Or\u00e7ament\u00e1ria Anual (LOA) para 2019. Um dos destaques \u00e9 que o sal\u00e1rio m\u00ednimo v\u00e1lido em todo o territ\u00f3rio nacional vai ultrapassar mil reais pela primeira vez desde a ado\u00e7\u00e3o do Plano Real em 1994. O\u00a0PLN 27\/2018\u00a0vai agora para exame da Comiss\u00e3o [&hellip;]","og_url":"https:\/\/cnr.org.br\/novoportal\/orcamento-2019-salario-minimo-deve-passar-de-mil-reais-pela-primeira-vez\/","og_site_name":"CNR","article_published_time":"2018-09-04T20:43:54+00:00","og_image":[{"width":860,"height":570,"url":"https:\/\/cnr.org.br\/novoportal\/wp-content\/uploads\/2018\/09\/imagem_materia.jpeg","type":"image\/jpeg"}],"author":"Imprensa CNR","twitter_card":"summary_large_image","twitter_misc":{"Escrito por":"Imprensa CNR","Est. tempo de leitura":"3 minutos"},"schema":{"@context":"https:\/\/schema.org","@graph":[{"@type":"Article","@id":"https:\/\/cnr.org.br\/novoportal\/orcamento-2019-salario-minimo-deve-passar-de-mil-reais-pela-primeira-vez\/#article","isPartOf":{"@id":"https:\/\/cnr.org.br\/novoportal\/orcamento-2019-salario-minimo-deve-passar-de-mil-reais-pela-primeira-vez\/"},"author":{"name":"Imprensa CNR","@id":"https:\/\/cnr.org.br\/novoportal\/#\/schema\/person\/1f46209cd8c9d3d9887a0765b64ca66b"},"headline":"Or\u00e7amento 2019: sal\u00e1rio m\u00ednimo deve passar de mil reais pela primeira vez","datePublished":"2018-09-04T20:43:54+00:00","mainEntityOfPage":{"@id":"https:\/\/cnr.org.br\/novoportal\/orcamento-2019-salario-minimo-deve-passar-de-mil-reais-pela-primeira-vez\/"},"wordCount":627,"commentCount":0,"publisher":{"@id":"https:\/\/cnr.org.br\/novoportal\/#organization"},"image":{"@id":"https:\/\/cnr.org.br\/novoportal\/orcamento-2019-salario-minimo-deve-passar-de-mil-reais-pela-primeira-vez\/#primaryimage"},"thumbnailUrl":"https:\/\/cnr.org.br\/site\/wp-content\/uploads\/2018\/09\/imagem_materia.jpeg","articleSection":["Not\u00edcia","\u00daltimas Not\u00edcias"],"inLanguage":"pt-BR"},{"@type":"WebPage","@id":"https:\/\/cnr.org.br\/novoportal\/orcamento-2019-salario-minimo-deve-passar-de-mil-reais-pela-primeira-vez\/","url":"https:\/\/cnr.org.br\/novoportal\/orcamento-2019-salario-minimo-deve-passar-de-mil-reais-pela-primeira-vez\/","name":"Or\u00e7amento 2019: sal\u00e1rio m\u00ednimo deve passar de mil reais pela primeira vez - CNR","isPartOf":{"@id":"https:\/\/cnr.org.br\/novoportal\/#website"},"primaryImageOfPage":{"@id":"https:\/\/cnr.org.br\/novoportal\/orcamento-2019-salario-minimo-deve-passar-de-mil-reais-pela-primeira-vez\/#primaryimage"},"image":{"@id":"https:\/\/cnr.org.br\/novoportal\/orcamento-2019-salario-minimo-deve-passar-de-mil-reais-pela-primeira-vez\/#primaryimage"},"thumbnailUrl":"https:\/\/cnr.org.br\/site\/wp-content\/uploads\/2018\/09\/imagem_materia.jpeg","datePublished":"2018-09-04T20:43:54+00:00","breadcrumb":{"@id":"https:\/\/cnr.org.br\/novoportal\/orcamento-2019-salario-minimo-deve-passar-de-mil-reais-pela-primeira-vez\/#breadcrumb"},"inLanguage":"pt-BR","potentialAction":[{"@type":"ReadAction","target":["https:\/\/cnr.org.br\/novoportal\/orcamento-2019-salario-minimo-deve-passar-de-mil-reais-pela-primeira-vez\/"]}]},{"@type":"ImageObject","inLanguage":"pt-BR","@id":"https:\/\/cnr.org.br\/novoportal\/orcamento-2019-salario-minimo-deve-passar-de-mil-reais-pela-primeira-vez\/#primaryimage","url":"https:\/\/cnr.org.br\/site\/wp-content\/uploads\/2018\/09\/imagem_materia.jpeg","contentUrl":"https:\/\/cnr.org.br\/site\/wp-content\/uploads\/2018\/09\/imagem_materia.jpeg","width":860,"height":570,"caption":"Pal\u00e1cio do Planalto. Foto: Rog\u00e9rio Melo\/ Flickr"},{"@type":"BreadcrumbList","@id":"https:\/\/cnr.org.br\/novoportal\/orcamento-2019-salario-minimo-deve-passar-de-mil-reais-pela-primeira-vez\/#breadcrumb","itemListElement":[{"@type":"ListItem","position":1,"name":"In\u00edcio","item":"https:\/\/cnr.org.br\/site\/"},{"@type":"ListItem","position":2,"name":"Or\u00e7amento 2019: sal\u00e1rio m\u00ednimo deve passar de mil reais pela primeira vez"}]},{"@type":"WebSite","@id":"https:\/\/cnr.org.br\/novoportal\/#website","url":"https:\/\/cnr.org.br\/novoportal\/","name":"CNR","description":"Confedera\u00e7\u00e3o Nacional de Not\u00e1rios e Registradores","publisher":{"@id":"https:\/\/cnr.org.br\/novoportal\/#organization"},"potentialAction":[{"@type":"SearchAction","target":{"@type":"EntryPoint","urlTemplate":"https:\/\/cnr.org.br\/novoportal\/?s={search_term_string}"},"query-input":{"@type":"PropertyValueSpecification","valueRequired":true,"valueName":"search_term_string"}}],"inLanguage":"pt-BR"},{"@type":"Organization","@id":"https:\/\/cnr.org.br\/novoportal\/#organization","name":"CNR","url":"https:\/\/cnr.org.br\/novoportal\/","logo":{"@type":"ImageObject","inLanguage":"pt-BR","@id":"https:\/\/cnr.org.br\/novoportal\/#\/schema\/logo\/image\/","url":"https:\/\/cnr.org.br\/site\/wp-content\/uploads\/2026\/02\/Logo_CNR_completa_colorida_2024.png","contentUrl":"https:\/\/cnr.org.br\/site\/wp-content\/uploads\/2026\/02\/Logo_CNR_completa_colorida_2024.png","width":910,"height":450,"caption":"CNR"},"image":{"@id":"https:\/\/cnr.org.br\/novoportal\/#\/schema\/logo\/image\/"}},{"@type":"Person","@id":"https:\/\/cnr.org.br\/novoportal\/#\/schema\/person\/1f46209cd8c9d3d9887a0765b64ca66b","name":"Imprensa CNR","sameAs":["https:\/\/cnr.org.br\/site"],"url":"https:\/\/cnr.org.br\/site\/author\/imprensa\/"}]}},"_links":{"self":[{"href":"https:\/\/cnr.org.br\/site\/wp-json\/wp\/v2\/posts\/8189","targetHints":{"allow":["GET"]}}],"collection":[{"href":"https:\/\/cnr.org.br\/site\/wp-json\/wp\/v2\/posts"}],"about":[{"href":"https:\/\/cnr.org.br\/site\/wp-json\/wp\/v2\/types\/post"}],"author":[{"embeddable":true,"href":"https:\/\/cnr.org.br\/site\/wp-json\/wp\/v2\/users\/2"}],"replies":[{"embeddable":true,"href":"https:\/\/cnr.org.br\/site\/wp-json\/wp\/v2\/comments?post=8189"}],"version-history":[{"count":0,"href":"https:\/\/cnr.org.br\/site\/wp-json\/wp\/v2\/posts\/8189\/revisions"}],"wp:featuredmedia":[{"embeddable":true,"href":"https:\/\/cnr.org.br\/site\/wp-json\/wp\/v2\/media\/8191"}],"wp:attachment":[{"href":"https:\/\/cnr.org.br\/site\/wp-json\/wp\/v2\/media?parent=8189"}],"wp:term":[{"taxonomy":"category","embeddable":true,"href":"https:\/\/cnr.org.br\/site\/wp-json\/wp\/v2\/categories?post=8189"},{"taxonomy":"post_tag","embeddable":true,"href":"https:\/\/cnr.org.br\/site\/wp-json\/wp\/v2\/tags?post=8189"}],"curies":[{"name":"wp","href":"https:\/\/api.w.org\/{rel}","templated":true}]}}