{"id":8205,"date":"2018-09-06T15:03:07","date_gmt":"2018-09-06T18:03:07","guid":{"rendered":"https:\/\/cnr.org.br\/site\/?p=8205"},"modified":"2018-09-06T15:03:07","modified_gmt":"2018-09-06T18:03:07","slug":"e-possivel-anular-acordo-de-quem-voltou-a-ficar-inadimplente","status":"publish","type":"post","link":"https:\/\/cnr.org.br\/site\/e-possivel-anular-acordo-de-quem-voltou-a-ficar-inadimplente\/","title":{"rendered":"\u00c9 poss\u00edvel anular acordo de quem voltou a ficar inadimplente?"},"content":{"rendered":"<div id=\"dslc-theme-content\"><div id=\"dslc-theme-content-inner\"><p class=\"bodytext\"><strong>Ap\u00f3s acertar o \u2018acordo extrajudicial\u2019, o morador pagou a 1\u00aa parcela, mas j\u00e1 voltou \u00e0 inadimpl\u00eancia nas duas taxas seguintes. Podemos anular o acordo e executar a cobran\u00e7a judicial?\u00a0\u00a0(Orlando Soares \u2013 Administrador)\u00a0<\/strong><\/p>\n<p class=\"bodytext\">Com certeza. O nome j\u00e1 diz tudo, \u201cacordo\u201d, se ele deixar de ser cumprido pode perfeitamente ser cancelado, implicando, \u00a0inclusive, na perda de algumas vantagens que, porventura, o cond\u00f4mino inadimplente tenha obtido, como \u00a0redu\u00e7\u00e3o de multa e juros, por exemplo.<\/p>\n<div id=\"sosevnocorreio_300x250_01\"><\/div>\n<p class=\"bodytext\"><strong>Meu cachorro contraiu uma infec\u00e7\u00e3o devido \u00e0 falta de manuten\u00e7\u00e3o e higiene apropriada das \u00e1reas comuns. Posso responsabilizar a administra\u00e7\u00e3o, em fun\u00e7\u00e3o ao menos do preju\u00edzo que sofri com a situa\u00e7\u00e3o?\u00a0(Jonas Gomes \u2013 Publicit\u00e1rio)<\/strong><\/p>\n<p class=\"bodytext\">Isto \u00e9 uma situa\u00e7\u00e3o bastante complicada.\u00a0Responsabilizar a administra\u00e7\u00e3o at\u00e9 pode, por\u00e9m, para isso, tem que haver prova cabal de que a infec\u00e7\u00e3o foi realmente contra\u00edda pelo animal nas \u00e1reas comuns e por falta de higiene adequada o que, convenhamos, n\u00e3o ser\u00e1 f\u00e1cil.<\/p>\n<p class=\"bodytext\"><strong>\u00c9 indispens\u00e1vel convocar assembleia geral para aprovar um servi\u00e7o de reparo emergencial no elevador do pr\u00e9dio?\u00a0(Atistides Carneiro \u2013\u00a0 Administrador)\u00a0<\/strong><\/p>\n<p class=\"bodytext\">N\u00e3o. Mas depende do que se considera reparo emergencial. Reparo de emerg\u00eancia s\u00e3o aqueles que envolvem a seguran\u00e7a dos cond\u00f4minos no uso dos elevadores. Aconselho que o s\u00edndico solicite da empresa que presta a manuten\u00e7\u00e3o um laudo t\u00e9cnico contendo os reparos que consideram emerg\u00eancias, assim podem ser evitados questionamentos futuros.<\/p>\n<p class=\"bodytext\"><strong>A disposi\u00e7\u00e3o das garagens tem que estar, obrigatoriamente, no contrato de compra e venda do im\u00f3vel?\u00a0(Jacira Junqueira \u2013 Funcion\u00e1ria\u00a0p\u00fablica)<\/strong><br \/>\nN\u00e3o. Na maioria dos contratos de venda e\/ou escrituras consta o numero da garagem pertencente ao im\u00f3vel, mas isso n\u00e3o \u00e9 obrigat\u00f3rio. O que tem obrigatoriamente que constar \u00e9 se o im\u00f3vel tem garagem, seja no n\u00famero que for. H\u00e1 condom\u00ednios que a garagem fica sem marca\u00e7\u00e3o e todos estacionam onde h\u00e1 disponibilidade, j\u00e1 outros marcam as vagas e cada qual estaciona no seu local.<\/p>\n<p class=\"bodytext\"><strong>\u00a0\u00c9 obrigat\u00f3rio o treinamento de CIPA, mesmo tendo apenas um funcion\u00e1rio no quadro?\u00a0\u00a0(Isaura Mascarenhas \u2013 Professora)<\/strong><br \/>\nA norma NR5 determina que os condom\u00ednios com n\u00famero inferior a 51 empregados devem designar anualmente um funcion\u00e1rio para ter treinamento CIPA. Creio que mesmo tendo apenas um \u00a0funcion\u00e1rio \u00e9 importante que o mesmo esteja apto atrav\u00e9s desse treinamento a identificar e praticar a\u00e7\u00f5es que evitem acidentes.<\/p>\n<p class=\"bodytext\"><em>* \u00c9\u00a0 presidente do Secovi-Ba, entidade que representa os condom\u00ednios<\/em><\/p>\n<p><strong>Fonte:<\/strong> Correio 24 horas\t\t<\/p>\n<\/div><\/div>","protected":false},"excerpt":{"rendered":"<p>Ap\u00f3s acertar o \u2018acordo extrajudicial\u2019, o morador pagou a 1\u00aa parcela, mas j\u00e1 voltou \u00e0 inadimpl\u00eancia nas duas taxas seguintes. Podemos anular o acordo e executar a cobran\u00e7a judicial?\u00a0\u00a0(Orlando Soares \u2013 Administrador)\u00a0 Com certeza. O nome j\u00e1 diz tudo, \u201cacordo\u201d, se ele deixar de ser cumprido pode perfeitamente ser cancelado, implicando, \u00a0inclusive, na perda de [&hellip;]<\/p>\n","protected":false},"author":2,"featured_media":8206,"comment_status":"open","ping_status":"open","sticky":false,"template":"","format":"standard","meta":{"footnotes":"","_links_to":"","_links_to_target":""},"categories":[55,47],"tags":[],"class_list":["post-8205","post","type-post","status-publish","format-standard","has-post-thumbnail","hentry","category-noticia","category-ultimas-noticias"],"yoast_head":"<!-- This site is optimized with the Yoast SEO plugin v28.4 - https:\/\/yoast.com\/product\/yoast-seo-wordpress\/ -->\n<title>\u00c9 poss\u00edvel anular acordo de quem voltou a ficar inadimplente? - CNR<\/title>\n<meta name=\"robots\" content=\"index, follow, max-snippet:-1, max-image-preview:large, max-video-preview:-1\" \/>\n<link rel=\"canonical\" href=\"https:\/\/cnr.org.br\/novoportal\/e-possivel-anular-acordo-de-quem-voltou-a-ficar-inadimplente\/\" \/>\n<meta property=\"og:locale\" content=\"pt_BR\" \/>\n<meta property=\"og:type\" content=\"article\" \/>\n<meta property=\"og:title\" content=\"\u00c9 poss\u00edvel anular acordo de quem voltou a ficar inadimplente? - CNR\" \/>\n<meta property=\"og:description\" content=\"Ap\u00f3s acertar o \u2018acordo extrajudicial\u2019, o morador pagou a 1\u00aa parcela, mas j\u00e1 voltou \u00e0 inadimpl\u00eancia nas duas taxas seguintes. Podemos anular o acordo e executar a cobran\u00e7a judicial?\u00a0\u00a0(Orlando Soares \u2013 Administrador)\u00a0 Com certeza. O nome j\u00e1 diz tudo, \u201cacordo\u201d, se ele deixar de ser cumprido pode perfeitamente ser cancelado, implicando, \u00a0inclusive, na perda de [&hellip;]\" \/>\n<meta property=\"og:url\" content=\"https:\/\/cnr.org.br\/novoportal\/e-possivel-anular-acordo-de-quem-voltou-a-ficar-inadimplente\/\" \/>\n<meta property=\"og:site_name\" content=\"CNR\" \/>\n<meta property=\"article:published_time\" content=\"2018-09-06T18:03:07+00:00\" \/>\n<meta property=\"og:image\" content=\"https:\/\/cnr.org.br\/novoportal\/wp-content\/uploads\/2018\/09\/2-1.jpg\" \/>\n\t<meta property=\"og:image:width\" content=\"626\" \/>\n\t<meta property=\"og:image:height\" content=\"417\" \/>\n\t<meta property=\"og:image:type\" content=\"image\/jpeg\" \/>\n<meta name=\"author\" content=\"Imprensa CNR\" \/>\n<meta name=\"twitter:card\" content=\"summary_large_image\" \/>\n<meta name=\"twitter:label1\" content=\"Escrito por\" \/>\n\t<meta name=\"twitter:data1\" content=\"Imprensa CNR\" \/>\n\t<meta name=\"twitter:label2\" content=\"Est. tempo de leitura\" \/>\n\t<meta name=\"twitter:data2\" content=\"2 minutos\" \/>\n<script type=\"application\/ld+json\" class=\"yoast-schema-graph\">{\"@context\":\"https:\\\/\\\/schema.org\",\"@graph\":[{\"@type\":\"Article\",\"@id\":\"https:\\\/\\\/cnr.org.br\\\/novoportal\\\/e-possivel-anular-acordo-de-quem-voltou-a-ficar-inadimplente\\\/#article\",\"isPartOf\":{\"@id\":\"https:\\\/\\\/cnr.org.br\\\/novoportal\\\/e-possivel-anular-acordo-de-quem-voltou-a-ficar-inadimplente\\\/\"},\"author\":{\"name\":\"Imprensa CNR\",\"@id\":\"https:\\\/\\\/cnr.org.br\\\/novoportal\\\/#\\\/schema\\\/person\\\/1f46209cd8c9d3d9887a0765b64ca66b\"},\"headline\":\"\u00c9 poss\u00edvel anular acordo de quem voltou a ficar inadimplente?\",\"datePublished\":\"2018-09-06T18:03:07+00:00\",\"mainEntityOfPage\":{\"@id\":\"https:\\\/\\\/cnr.org.br\\\/novoportal\\\/e-possivel-anular-acordo-de-quem-voltou-a-ficar-inadimplente\\\/\"},\"wordCount\":430,\"commentCount\":0,\"publisher\":{\"@id\":\"https:\\\/\\\/cnr.org.br\\\/novoportal\\\/#organization\"},\"image\":{\"@id\":\"https:\\\/\\\/cnr.org.br\\\/novoportal\\\/e-possivel-anular-acordo-de-quem-voltou-a-ficar-inadimplente\\\/#primaryimage\"},\"thumbnailUrl\":\"https:\\\/\\\/cnr.org.br\\\/site\\\/wp-content\\\/uploads\\\/2018\\\/09\\\/2-1.jpg\",\"articleSection\":[\"Not\u00edcia\",\"\u00daltimas Not\u00edcias\"],\"inLanguage\":\"pt-BR\"},{\"@type\":\"WebPage\",\"@id\":\"https:\\\/\\\/cnr.org.br\\\/novoportal\\\/e-possivel-anular-acordo-de-quem-voltou-a-ficar-inadimplente\\\/\",\"url\":\"https:\\\/\\\/cnr.org.br\\\/novoportal\\\/e-possivel-anular-acordo-de-quem-voltou-a-ficar-inadimplente\\\/\",\"name\":\"\u00c9 poss\u00edvel anular acordo de quem voltou a ficar inadimplente? - CNR\",\"isPartOf\":{\"@id\":\"https:\\\/\\\/cnr.org.br\\\/novoportal\\\/#website\"},\"primaryImageOfPage\":{\"@id\":\"https:\\\/\\\/cnr.org.br\\\/novoportal\\\/e-possivel-anular-acordo-de-quem-voltou-a-ficar-inadimplente\\\/#primaryimage\"},\"image\":{\"@id\":\"https:\\\/\\\/cnr.org.br\\\/novoportal\\\/e-possivel-anular-acordo-de-quem-voltou-a-ficar-inadimplente\\\/#primaryimage\"},\"thumbnailUrl\":\"https:\\\/\\\/cnr.org.br\\\/site\\\/wp-content\\\/uploads\\\/2018\\\/09\\\/2-1.jpg\",\"datePublished\":\"2018-09-06T18:03:07+00:00\",\"breadcrumb\":{\"@id\":\"https:\\\/\\\/cnr.org.br\\\/novoportal\\\/e-possivel-anular-acordo-de-quem-voltou-a-ficar-inadimplente\\\/#breadcrumb\"},\"inLanguage\":\"pt-BR\",\"potentialAction\":[{\"@type\":\"ReadAction\",\"target\":[\"https:\\\/\\\/cnr.org.br\\\/novoportal\\\/e-possivel-anular-acordo-de-quem-voltou-a-ficar-inadimplente\\\/\"]}]},{\"@type\":\"ImageObject\",\"inLanguage\":\"pt-BR\",\"@id\":\"https:\\\/\\\/cnr.org.br\\\/novoportal\\\/e-possivel-anular-acordo-de-quem-voltou-a-ficar-inadimplente\\\/#primaryimage\",\"url\":\"https:\\\/\\\/cnr.org.br\\\/site\\\/wp-content\\\/uploads\\\/2018\\\/09\\\/2-1.jpg\",\"contentUrl\":\"https:\\\/\\\/cnr.org.br\\\/site\\\/wp-content\\\/uploads\\\/2018\\\/09\\\/2-1.jpg\",\"width\":626,\"height\":417,\"caption\":\"Foto: Freepik\"},{\"@type\":\"BreadcrumbList\",\"@id\":\"https:\\\/\\\/cnr.org.br\\\/novoportal\\\/e-possivel-anular-acordo-de-quem-voltou-a-ficar-inadimplente\\\/#breadcrumb\",\"itemListElement\":[{\"@type\":\"ListItem\",\"position\":1,\"name\":\"In\u00edcio\",\"item\":\"https:\\\/\\\/cnr.org.br\\\/site\\\/\"},{\"@type\":\"ListItem\",\"position\":2,\"name\":\"\u00c9 poss\u00edvel anular acordo de quem voltou a ficar inadimplente?\"}]},{\"@type\":\"WebSite\",\"@id\":\"https:\\\/\\\/cnr.org.br\\\/novoportal\\\/#website\",\"url\":\"https:\\\/\\\/cnr.org.br\\\/novoportal\\\/\",\"name\":\"CNR\",\"description\":\"Confedera\u00e7\u00e3o Nacional de Not\u00e1rios e Registradores\",\"publisher\":{\"@id\":\"https:\\\/\\\/cnr.org.br\\\/novoportal\\\/#organization\"},\"potentialAction\":[{\"@type\":\"SearchAction\",\"target\":{\"@type\":\"EntryPoint\",\"urlTemplate\":\"https:\\\/\\\/cnr.org.br\\\/novoportal\\\/?s={search_term_string}\"},\"query-input\":{\"@type\":\"PropertyValueSpecification\",\"valueRequired\":true,\"valueName\":\"search_term_string\"}}],\"inLanguage\":\"pt-BR\"},{\"@type\":\"Organization\",\"@id\":\"https:\\\/\\\/cnr.org.br\\\/novoportal\\\/#organization\",\"name\":\"CNR\",\"url\":\"https:\\\/\\\/cnr.org.br\\\/novoportal\\\/\",\"logo\":{\"@type\":\"ImageObject\",\"inLanguage\":\"pt-BR\",\"@id\":\"https:\\\/\\\/cnr.org.br\\\/novoportal\\\/#\\\/schema\\\/logo\\\/image\\\/\",\"url\":\"https:\\\/\\\/cnr.org.br\\\/site\\\/wp-content\\\/uploads\\\/2026\\\/02\\\/Logo_CNR_completa_colorida_2024.png\",\"contentUrl\":\"https:\\\/\\\/cnr.org.br\\\/site\\\/wp-content\\\/uploads\\\/2026\\\/02\\\/Logo_CNR_completa_colorida_2024.png\",\"width\":910,\"height\":450,\"caption\":\"CNR\"},\"image\":{\"@id\":\"https:\\\/\\\/cnr.org.br\\\/novoportal\\\/#\\\/schema\\\/logo\\\/image\\\/\"}},{\"@type\":\"Person\",\"@id\":\"https:\\\/\\\/cnr.org.br\\\/novoportal\\\/#\\\/schema\\\/person\\\/1f46209cd8c9d3d9887a0765b64ca66b\",\"name\":\"Imprensa CNR\",\"sameAs\":[\"https:\\\/\\\/cnr.org.br\\\/site\"],\"url\":\"https:\\\/\\\/cnr.org.br\\\/site\\\/author\\\/imprensa\\\/\"}]}<\/script>\n<!-- \/ Yoast SEO plugin. -->","yoast_head_json":{"title":"\u00c9 poss\u00edvel anular acordo de quem voltou a ficar inadimplente? - CNR","robots":{"index":"index","follow":"follow","max-snippet":"max-snippet:-1","max-image-preview":"max-image-preview:large","max-video-preview":"max-video-preview:-1"},"canonical":"https:\/\/cnr.org.br\/novoportal\/e-possivel-anular-acordo-de-quem-voltou-a-ficar-inadimplente\/","og_locale":"pt_BR","og_type":"article","og_title":"\u00c9 poss\u00edvel anular acordo de quem voltou a ficar inadimplente? - CNR","og_description":"Ap\u00f3s acertar o \u2018acordo extrajudicial\u2019, o morador pagou a 1\u00aa parcela, mas j\u00e1 voltou \u00e0 inadimpl\u00eancia nas duas taxas seguintes. Podemos anular o acordo e executar a cobran\u00e7a judicial?\u00a0\u00a0(Orlando Soares \u2013 Administrador)\u00a0 Com certeza. O nome j\u00e1 diz tudo, \u201cacordo\u201d, se ele deixar de ser cumprido pode perfeitamente ser cancelado, implicando, \u00a0inclusive, na perda de [&hellip;]","og_url":"https:\/\/cnr.org.br\/novoportal\/e-possivel-anular-acordo-de-quem-voltou-a-ficar-inadimplente\/","og_site_name":"CNR","article_published_time":"2018-09-06T18:03:07+00:00","og_image":[{"width":626,"height":417,"url":"https:\/\/cnr.org.br\/novoportal\/wp-content\/uploads\/2018\/09\/2-1.jpg","type":"image\/jpeg"}],"author":"Imprensa CNR","twitter_card":"summary_large_image","twitter_misc":{"Escrito por":"Imprensa CNR","Est. tempo de leitura":"2 minutos"},"schema":{"@context":"https:\/\/schema.org","@graph":[{"@type":"Article","@id":"https:\/\/cnr.org.br\/novoportal\/e-possivel-anular-acordo-de-quem-voltou-a-ficar-inadimplente\/#article","isPartOf":{"@id":"https:\/\/cnr.org.br\/novoportal\/e-possivel-anular-acordo-de-quem-voltou-a-ficar-inadimplente\/"},"author":{"name":"Imprensa CNR","@id":"https:\/\/cnr.org.br\/novoportal\/#\/schema\/person\/1f46209cd8c9d3d9887a0765b64ca66b"},"headline":"\u00c9 poss\u00edvel anular acordo de quem voltou a ficar inadimplente?","datePublished":"2018-09-06T18:03:07+00:00","mainEntityOfPage":{"@id":"https:\/\/cnr.org.br\/novoportal\/e-possivel-anular-acordo-de-quem-voltou-a-ficar-inadimplente\/"},"wordCount":430,"commentCount":0,"publisher":{"@id":"https:\/\/cnr.org.br\/novoportal\/#organization"},"image":{"@id":"https:\/\/cnr.org.br\/novoportal\/e-possivel-anular-acordo-de-quem-voltou-a-ficar-inadimplente\/#primaryimage"},"thumbnailUrl":"https:\/\/cnr.org.br\/site\/wp-content\/uploads\/2018\/09\/2-1.jpg","articleSection":["Not\u00edcia","\u00daltimas Not\u00edcias"],"inLanguage":"pt-BR"},{"@type":"WebPage","@id":"https:\/\/cnr.org.br\/novoportal\/e-possivel-anular-acordo-de-quem-voltou-a-ficar-inadimplente\/","url":"https:\/\/cnr.org.br\/novoportal\/e-possivel-anular-acordo-de-quem-voltou-a-ficar-inadimplente\/","name":"\u00c9 poss\u00edvel anular acordo de quem voltou a ficar inadimplente? - CNR","isPartOf":{"@id":"https:\/\/cnr.org.br\/novoportal\/#website"},"primaryImageOfPage":{"@id":"https:\/\/cnr.org.br\/novoportal\/e-possivel-anular-acordo-de-quem-voltou-a-ficar-inadimplente\/#primaryimage"},"image":{"@id":"https:\/\/cnr.org.br\/novoportal\/e-possivel-anular-acordo-de-quem-voltou-a-ficar-inadimplente\/#primaryimage"},"thumbnailUrl":"https:\/\/cnr.org.br\/site\/wp-content\/uploads\/2018\/09\/2-1.jpg","datePublished":"2018-09-06T18:03:07+00:00","breadcrumb":{"@id":"https:\/\/cnr.org.br\/novoportal\/e-possivel-anular-acordo-de-quem-voltou-a-ficar-inadimplente\/#breadcrumb"},"inLanguage":"pt-BR","potentialAction":[{"@type":"ReadAction","target":["https:\/\/cnr.org.br\/novoportal\/e-possivel-anular-acordo-de-quem-voltou-a-ficar-inadimplente\/"]}]},{"@type":"ImageObject","inLanguage":"pt-BR","@id":"https:\/\/cnr.org.br\/novoportal\/e-possivel-anular-acordo-de-quem-voltou-a-ficar-inadimplente\/#primaryimage","url":"https:\/\/cnr.org.br\/site\/wp-content\/uploads\/2018\/09\/2-1.jpg","contentUrl":"https:\/\/cnr.org.br\/site\/wp-content\/uploads\/2018\/09\/2-1.jpg","width":626,"height":417,"caption":"Foto: Freepik"},{"@type":"BreadcrumbList","@id":"https:\/\/cnr.org.br\/novoportal\/e-possivel-anular-acordo-de-quem-voltou-a-ficar-inadimplente\/#breadcrumb","itemListElement":[{"@type":"ListItem","position":1,"name":"In\u00edcio","item":"https:\/\/cnr.org.br\/site\/"},{"@type":"ListItem","position":2,"name":"\u00c9 poss\u00edvel anular acordo de quem voltou a ficar inadimplente?"}]},{"@type":"WebSite","@id":"https:\/\/cnr.org.br\/novoportal\/#website","url":"https:\/\/cnr.org.br\/novoportal\/","name":"CNR","description":"Confedera\u00e7\u00e3o Nacional de Not\u00e1rios e Registradores","publisher":{"@id":"https:\/\/cnr.org.br\/novoportal\/#organization"},"potentialAction":[{"@type":"SearchAction","target":{"@type":"EntryPoint","urlTemplate":"https:\/\/cnr.org.br\/novoportal\/?s={search_term_string}"},"query-input":{"@type":"PropertyValueSpecification","valueRequired":true,"valueName":"search_term_string"}}],"inLanguage":"pt-BR"},{"@type":"Organization","@id":"https:\/\/cnr.org.br\/novoportal\/#organization","name":"CNR","url":"https:\/\/cnr.org.br\/novoportal\/","logo":{"@type":"ImageObject","inLanguage":"pt-BR","@id":"https:\/\/cnr.org.br\/novoportal\/#\/schema\/logo\/image\/","url":"https:\/\/cnr.org.br\/site\/wp-content\/uploads\/2026\/02\/Logo_CNR_completa_colorida_2024.png","contentUrl":"https:\/\/cnr.org.br\/site\/wp-content\/uploads\/2026\/02\/Logo_CNR_completa_colorida_2024.png","width":910,"height":450,"caption":"CNR"},"image":{"@id":"https:\/\/cnr.org.br\/novoportal\/#\/schema\/logo\/image\/"}},{"@type":"Person","@id":"https:\/\/cnr.org.br\/novoportal\/#\/schema\/person\/1f46209cd8c9d3d9887a0765b64ca66b","name":"Imprensa CNR","sameAs":["https:\/\/cnr.org.br\/site"],"url":"https:\/\/cnr.org.br\/site\/author\/imprensa\/"}]}},"_links":{"self":[{"href":"https:\/\/cnr.org.br\/site\/wp-json\/wp\/v2\/posts\/8205","targetHints":{"allow":["GET"]}}],"collection":[{"href":"https:\/\/cnr.org.br\/site\/wp-json\/wp\/v2\/posts"}],"about":[{"href":"https:\/\/cnr.org.br\/site\/wp-json\/wp\/v2\/types\/post"}],"author":[{"embeddable":true,"href":"https:\/\/cnr.org.br\/site\/wp-json\/wp\/v2\/users\/2"}],"replies":[{"embeddable":true,"href":"https:\/\/cnr.org.br\/site\/wp-json\/wp\/v2\/comments?post=8205"}],"version-history":[{"count":0,"href":"https:\/\/cnr.org.br\/site\/wp-json\/wp\/v2\/posts\/8205\/revisions"}],"wp:featuredmedia":[{"embeddable":true,"href":"https:\/\/cnr.org.br\/site\/wp-json\/wp\/v2\/media\/8206"}],"wp:attachment":[{"href":"https:\/\/cnr.org.br\/site\/wp-json\/wp\/v2\/media?parent=8205"}],"wp:term":[{"taxonomy":"category","embeddable":true,"href":"https:\/\/cnr.org.br\/site\/wp-json\/wp\/v2\/categories?post=8205"},{"taxonomy":"post_tag","embeddable":true,"href":"https:\/\/cnr.org.br\/site\/wp-json\/wp\/v2\/tags?post=8205"}],"curies":[{"name":"wp","href":"https:\/\/api.w.org\/{rel}","templated":true}]}}