{"id":8329,"date":"2018-09-26T17:30:49","date_gmt":"2018-09-26T20:30:49","guid":{"rendered":"https:\/\/cnr.org.br\/site\/?p=8329"},"modified":"2018-09-26T17:30:49","modified_gmt":"2018-09-26T20:30:49","slug":"remarcacao-de-ferias-sem-autorizacao-do-chefe-caracteriza-insubordinacao","status":"publish","type":"post","link":"https:\/\/cnr.org.br\/site\/remarcacao-de-ferias-sem-autorizacao-do-chefe-caracteriza-insubordinacao\/","title":{"rendered":"Remarca\u00e7\u00e3o de f\u00e9rias sem autoriza\u00e7\u00e3o do chefe caracteriza insubordina\u00e7\u00e3o"},"content":{"rendered":"<div id=\"dslc-theme-content\"><div id=\"dslc-theme-content-inner\"><p>\t\t\t\t<em>A norma interna da empresa exigia a autoriza\u00e7\u00e3o do gestor.<\/em><\/p>\n<p>A Quinta Turma do Tribunal Superior do Trabalho considerou cab\u00edvel a pena de advert\u00eancia aplicada pela Companhia Imobili\u00e1ria de Bras\u00edlia (Terracap) a uma empregada que alterou suas f\u00e9rias no sistema sem comunicar a chefia imediata. Como a norma interna da empresa prev\u00ea a responsabilidade do gestor para a concess\u00e3o e a programa\u00e7\u00e3o das f\u00e9rias, a conduta foi considerada insubordina\u00e7\u00e3o.<\/p>\n<p>Na reclama\u00e7\u00e3o trabalhista, a empregada p\u00fablica pedia a retirada da advert\u00eancia de seus assentamentos funcionais e indeniza\u00e7\u00e3o por dano moral. O pedido de repara\u00e7\u00e3o foi julgado improcedente pelo ju\u00edzo de primeiro e de segundo graus. No entanto, o Tribunal Regional do Trabalho da 10\u00aa Regi\u00e3o (DF\/TO) considerou a puni\u00e7\u00e3o indevida.<\/p>\n<p>Entre outros fundamentos, o TRT entendeu que o regulamento interno da Terracap n\u00e3o previa puni\u00e7\u00f5es aos empregados em virtude do descumprimento da norma relativa \u00e0s f\u00e9rias. Tamb\u00e9m assinalou que a advert\u00eancia foi aplicada de forma inesperada, \u201csem que a empregada tivesse pr\u00e9via ci\u00eancia de que tal ato importaria tal pena\u201d.<\/p>\n<p><strong>Sindic\u00e2ncia<\/strong><\/p>\n<p>No recurso de revista, a empresa p\u00fablica sustentou que, mesmo tendo pleno conhecimento da norma organizacional e da impossibilidade de alterar suas f\u00e9rias de forma unilateral, a empregada foi ao setor de Recursos Humanos e, afirmando ter permiss\u00e3o de seus superiores, modificou suas f\u00e9rias. Ainda segundo a Terracap, foi aberta sindic\u00e2ncia, com oportunidade para o contradit\u00f3rio e a ampla defesa, e somente ap\u00f3s a apura\u00e7\u00e3o foi aplicada a advert\u00eancia, \u201cpena mais leve\u201d.<\/p>\n<p><strong>Insubordina\u00e7\u00e3o<\/strong><\/p>\n<p>Para o relator, ministro Breno Medeiros, a conduta da empregada implicou quebra de autoridade do chefe imediato. A ilicitude, segundo ele, consiste na falta de autoriza\u00e7\u00e3o para a pr\u00e1tica de conduta t\u00edpica (a remarca\u00e7\u00e3o das f\u00e9rias) sem qualquer di\u00e1logo com a chefia. \u201cNessa perspectiva, a advert\u00eancia tem a fun\u00e7\u00e3o educativa para a empregada que n\u00e3o cumpriu com as obriga\u00e7\u00f5es decorrentes do seu contrato trabalho\u201d, assinalou.<\/p>\n<p>A penalidade, na avalia\u00e7\u00e3o do ministro, tem respaldo na al\u00ednea \u201ch\u201d do artigo 482 da CLT, segundo a qual constitui justa causa para a rescis\u00e3o do contrato de trabalho \u201cato de indisciplina ou de insubordina\u00e7\u00e3o\u201d.<\/p>\n<p>Por unanimidade, a Turma deu provimento ao recurso para restabelecer a senten\u00e7a, na qual foi mantida a pena de advert\u00eancia.<\/p>\n<p>(RR\/CF)<\/p>\n<p>Processo:\u00a0<a href=\"http:\/\/aplicacao4.tst.jus.br\/consultaProcessual\/consultaTstNumUnica.do?consulta=Consultar&amp;conscsjt=&amp;numeroTst=1032&amp;digitoTst=57&amp;anoTst=2015&amp;orgaoTst=5&amp;tribunalTst=10&amp;varaTst=0019&amp;submit=Consultar\">RR-1032-57.2015.5.10.0019<\/a><\/p>\n<p><strong>Fonte:<\/strong> TST\t\t<\/p>\n<\/div><\/div>","protected":false},"excerpt":{"rendered":"<p>A norma interna da empresa exigia a autoriza\u00e7\u00e3o do gestor. A Quinta Turma do Tribunal Superior do Trabalho considerou cab\u00edvel a pena de advert\u00eancia aplicada pela Companhia Imobili\u00e1ria de Bras\u00edlia (Terracap) a uma empregada que alterou suas f\u00e9rias no sistema sem comunicar a chefia imediata. Como a norma interna da empresa prev\u00ea a responsabilidade do [&hellip;]<\/p>\n","protected":false},"author":2,"featured_media":8330,"comment_status":"open","ping_status":"open","sticky":false,"template":"","format":"standard","meta":{"footnotes":"","_links_to":"","_links_to_target":""},"categories":[507,47],"tags":[],"class_list":["post-8329","post","type-post","status-publish","format-standard","has-post-thumbnail","hentry","category-trabalho-e-previdencia","category-ultimas-noticias"],"yoast_head":"<!-- This site is optimized with the Yoast SEO plugin v28.4 - https:\/\/yoast.com\/product\/yoast-seo-wordpress\/ -->\n<title>Remarca\u00e7\u00e3o de f\u00e9rias sem autoriza\u00e7\u00e3o do chefe caracteriza insubordina\u00e7\u00e3o - CNR<\/title>\n<meta name=\"robots\" content=\"index, follow, max-snippet:-1, max-image-preview:large, max-video-preview:-1\" \/>\n<link rel=\"canonical\" href=\"https:\/\/cnr.org.br\/novoportal\/remarcacao-de-ferias-sem-autorizacao-do-chefe-caracteriza-insubordinacao\/\" \/>\n<meta property=\"og:locale\" content=\"pt_BR\" \/>\n<meta property=\"og:type\" content=\"article\" \/>\n<meta property=\"og:title\" content=\"Remarca\u00e7\u00e3o de f\u00e9rias sem autoriza\u00e7\u00e3o do chefe caracteriza insubordina\u00e7\u00e3o - CNR\" \/>\n<meta property=\"og:description\" content=\"A norma interna da empresa exigia a autoriza\u00e7\u00e3o do gestor. A Quinta Turma do Tribunal Superior do Trabalho considerou cab\u00edvel a pena de advert\u00eancia aplicada pela Companhia Imobili\u00e1ria de Bras\u00edlia (Terracap) a uma empregada que alterou suas f\u00e9rias no sistema sem comunicar a chefia imediata. Como a norma interna da empresa prev\u00ea a responsabilidade do [&hellip;]\" \/>\n<meta property=\"og:url\" content=\"https:\/\/cnr.org.br\/novoportal\/remarcacao-de-ferias-sem-autorizacao-do-chefe-caracteriza-insubordinacao\/\" \/>\n<meta property=\"og:site_name\" content=\"CNR\" \/>\n<meta property=\"article:published_time\" content=\"2018-09-26T20:30:49+00:00\" \/>\n<meta property=\"og:image\" content=\"https:\/\/cnr.org.br\/novoportal\/wp-content\/uploads\/2018\/09\/1-8.jpg\" \/>\n\t<meta property=\"og:image:width\" content=\"960\" \/>\n\t<meta property=\"og:image:height\" content=\"533\" \/>\n\t<meta property=\"og:image:type\" content=\"image\/jpeg\" \/>\n<meta name=\"author\" content=\"Imprensa CNR\" \/>\n<meta name=\"twitter:card\" content=\"summary_large_image\" \/>\n<meta name=\"twitter:label1\" content=\"Escrito por\" \/>\n\t<meta name=\"twitter:data1\" content=\"Imprensa CNR\" \/>\n\t<meta name=\"twitter:label2\" content=\"Est. tempo de leitura\" \/>\n\t<meta name=\"twitter:data2\" content=\"2 minutos\" \/>\n<script type=\"application\/ld+json\" class=\"yoast-schema-graph\">{\"@context\":\"https:\\\/\\\/schema.org\",\"@graph\":[{\"@type\":\"Article\",\"@id\":\"https:\\\/\\\/cnr.org.br\\\/novoportal\\\/remarcacao-de-ferias-sem-autorizacao-do-chefe-caracteriza-insubordinacao\\\/#article\",\"isPartOf\":{\"@id\":\"https:\\\/\\\/cnr.org.br\\\/novoportal\\\/remarcacao-de-ferias-sem-autorizacao-do-chefe-caracteriza-insubordinacao\\\/\"},\"author\":{\"name\":\"Imprensa CNR\",\"@id\":\"https:\\\/\\\/cnr.org.br\\\/novoportal\\\/#\\\/schema\\\/person\\\/1f46209cd8c9d3d9887a0765b64ca66b\"},\"headline\":\"Remarca\u00e7\u00e3o de f\u00e9rias sem autoriza\u00e7\u00e3o do chefe caracteriza insubordina\u00e7\u00e3o\",\"datePublished\":\"2018-09-26T20:30:49+00:00\",\"mainEntityOfPage\":{\"@id\":\"https:\\\/\\\/cnr.org.br\\\/novoportal\\\/remarcacao-de-ferias-sem-autorizacao-do-chefe-caracteriza-insubordinacao\\\/\"},\"wordCount\":434,\"commentCount\":0,\"publisher\":{\"@id\":\"https:\\\/\\\/cnr.org.br\\\/novoportal\\\/#organization\"},\"image\":{\"@id\":\"https:\\\/\\\/cnr.org.br\\\/novoportal\\\/remarcacao-de-ferias-sem-autorizacao-do-chefe-caracteriza-insubordinacao\\\/#primaryimage\"},\"thumbnailUrl\":\"https:\\\/\\\/cnr.org.br\\\/site\\\/wp-content\\\/uploads\\\/2018\\\/09\\\/1-8.jpg\",\"articleSection\":[\"Trabalho e previd\u00eancia\",\"\u00daltimas Not\u00edcias\"],\"inLanguage\":\"pt-BR\"},{\"@type\":\"WebPage\",\"@id\":\"https:\\\/\\\/cnr.org.br\\\/novoportal\\\/remarcacao-de-ferias-sem-autorizacao-do-chefe-caracteriza-insubordinacao\\\/\",\"url\":\"https:\\\/\\\/cnr.org.br\\\/novoportal\\\/remarcacao-de-ferias-sem-autorizacao-do-chefe-caracteriza-insubordinacao\\\/\",\"name\":\"Remarca\u00e7\u00e3o de f\u00e9rias sem autoriza\u00e7\u00e3o do chefe caracteriza insubordina\u00e7\u00e3o - CNR\",\"isPartOf\":{\"@id\":\"https:\\\/\\\/cnr.org.br\\\/novoportal\\\/#website\"},\"primaryImageOfPage\":{\"@id\":\"https:\\\/\\\/cnr.org.br\\\/novoportal\\\/remarcacao-de-ferias-sem-autorizacao-do-chefe-caracteriza-insubordinacao\\\/#primaryimage\"},\"image\":{\"@id\":\"https:\\\/\\\/cnr.org.br\\\/novoportal\\\/remarcacao-de-ferias-sem-autorizacao-do-chefe-caracteriza-insubordinacao\\\/#primaryimage\"},\"thumbnailUrl\":\"https:\\\/\\\/cnr.org.br\\\/site\\\/wp-content\\\/uploads\\\/2018\\\/09\\\/1-8.jpg\",\"datePublished\":\"2018-09-26T20:30:49+00:00\",\"breadcrumb\":{\"@id\":\"https:\\\/\\\/cnr.org.br\\\/novoportal\\\/remarcacao-de-ferias-sem-autorizacao-do-chefe-caracteriza-insubordinacao\\\/#breadcrumb\"},\"inLanguage\":\"pt-BR\",\"potentialAction\":[{\"@type\":\"ReadAction\",\"target\":[\"https:\\\/\\\/cnr.org.br\\\/novoportal\\\/remarcacao-de-ferias-sem-autorizacao-do-chefe-caracteriza-insubordinacao\\\/\"]}]},{\"@type\":\"ImageObject\",\"inLanguage\":\"pt-BR\",\"@id\":\"https:\\\/\\\/cnr.org.br\\\/novoportal\\\/remarcacao-de-ferias-sem-autorizacao-do-chefe-caracteriza-insubordinacao\\\/#primaryimage\",\"url\":\"https:\\\/\\\/cnr.org.br\\\/site\\\/wp-content\\\/uploads\\\/2018\\\/09\\\/1-8.jpg\",\"contentUrl\":\"https:\\\/\\\/cnr.org.br\\\/site\\\/wp-content\\\/uploads\\\/2018\\\/09\\\/1-8.jpg\",\"width\":960,\"height\":533},{\"@type\":\"BreadcrumbList\",\"@id\":\"https:\\\/\\\/cnr.org.br\\\/novoportal\\\/remarcacao-de-ferias-sem-autorizacao-do-chefe-caracteriza-insubordinacao\\\/#breadcrumb\",\"itemListElement\":[{\"@type\":\"ListItem\",\"position\":1,\"name\":\"In\u00edcio\",\"item\":\"https:\\\/\\\/cnr.org.br\\\/site\\\/\"},{\"@type\":\"ListItem\",\"position\":2,\"name\":\"Remarca\u00e7\u00e3o de f\u00e9rias sem autoriza\u00e7\u00e3o do chefe caracteriza insubordina\u00e7\u00e3o\"}]},{\"@type\":\"WebSite\",\"@id\":\"https:\\\/\\\/cnr.org.br\\\/novoportal\\\/#website\",\"url\":\"https:\\\/\\\/cnr.org.br\\\/novoportal\\\/\",\"name\":\"CNR\",\"description\":\"Confedera\u00e7\u00e3o Nacional de Not\u00e1rios e Registradores\",\"publisher\":{\"@id\":\"https:\\\/\\\/cnr.org.br\\\/novoportal\\\/#organization\"},\"potentialAction\":[{\"@type\":\"SearchAction\",\"target\":{\"@type\":\"EntryPoint\",\"urlTemplate\":\"https:\\\/\\\/cnr.org.br\\\/novoportal\\\/?s={search_term_string}\"},\"query-input\":{\"@type\":\"PropertyValueSpecification\",\"valueRequired\":true,\"valueName\":\"search_term_string\"}}],\"inLanguage\":\"pt-BR\"},{\"@type\":\"Organization\",\"@id\":\"https:\\\/\\\/cnr.org.br\\\/novoportal\\\/#organization\",\"name\":\"CNR\",\"url\":\"https:\\\/\\\/cnr.org.br\\\/novoportal\\\/\",\"logo\":{\"@type\":\"ImageObject\",\"inLanguage\":\"pt-BR\",\"@id\":\"https:\\\/\\\/cnr.org.br\\\/novoportal\\\/#\\\/schema\\\/logo\\\/image\\\/\",\"url\":\"https:\\\/\\\/cnr.org.br\\\/site\\\/wp-content\\\/uploads\\\/2026\\\/02\\\/Logo_CNR_completa_colorida_2024.png\",\"contentUrl\":\"https:\\\/\\\/cnr.org.br\\\/site\\\/wp-content\\\/uploads\\\/2026\\\/02\\\/Logo_CNR_completa_colorida_2024.png\",\"width\":910,\"height\":450,\"caption\":\"CNR\"},\"image\":{\"@id\":\"https:\\\/\\\/cnr.org.br\\\/novoportal\\\/#\\\/schema\\\/logo\\\/image\\\/\"}},{\"@type\":\"Person\",\"@id\":\"https:\\\/\\\/cnr.org.br\\\/novoportal\\\/#\\\/schema\\\/person\\\/1f46209cd8c9d3d9887a0765b64ca66b\",\"name\":\"Imprensa CNR\",\"sameAs\":[\"https:\\\/\\\/cnr.org.br\\\/site\"],\"url\":\"https:\\\/\\\/cnr.org.br\\\/site\\\/author\\\/imprensa\\\/\"}]}<\/script>\n<!-- \/ Yoast SEO plugin. -->","yoast_head_json":{"title":"Remarca\u00e7\u00e3o de f\u00e9rias sem autoriza\u00e7\u00e3o do chefe caracteriza insubordina\u00e7\u00e3o - CNR","robots":{"index":"index","follow":"follow","max-snippet":"max-snippet:-1","max-image-preview":"max-image-preview:large","max-video-preview":"max-video-preview:-1"},"canonical":"https:\/\/cnr.org.br\/novoportal\/remarcacao-de-ferias-sem-autorizacao-do-chefe-caracteriza-insubordinacao\/","og_locale":"pt_BR","og_type":"article","og_title":"Remarca\u00e7\u00e3o de f\u00e9rias sem autoriza\u00e7\u00e3o do chefe caracteriza insubordina\u00e7\u00e3o - CNR","og_description":"A norma interna da empresa exigia a autoriza\u00e7\u00e3o do gestor. A Quinta Turma do Tribunal Superior do Trabalho considerou cab\u00edvel a pena de advert\u00eancia aplicada pela Companhia Imobili\u00e1ria de Bras\u00edlia (Terracap) a uma empregada que alterou suas f\u00e9rias no sistema sem comunicar a chefia imediata. Como a norma interna da empresa prev\u00ea a responsabilidade do [&hellip;]","og_url":"https:\/\/cnr.org.br\/novoportal\/remarcacao-de-ferias-sem-autorizacao-do-chefe-caracteriza-insubordinacao\/","og_site_name":"CNR","article_published_time":"2018-09-26T20:30:49+00:00","og_image":[{"width":960,"height":533,"url":"https:\/\/cnr.org.br\/novoportal\/wp-content\/uploads\/2018\/09\/1-8.jpg","type":"image\/jpeg"}],"author":"Imprensa CNR","twitter_card":"summary_large_image","twitter_misc":{"Escrito por":"Imprensa CNR","Est. tempo de leitura":"2 minutos"},"schema":{"@context":"https:\/\/schema.org","@graph":[{"@type":"Article","@id":"https:\/\/cnr.org.br\/novoportal\/remarcacao-de-ferias-sem-autorizacao-do-chefe-caracteriza-insubordinacao\/#article","isPartOf":{"@id":"https:\/\/cnr.org.br\/novoportal\/remarcacao-de-ferias-sem-autorizacao-do-chefe-caracteriza-insubordinacao\/"},"author":{"name":"Imprensa CNR","@id":"https:\/\/cnr.org.br\/novoportal\/#\/schema\/person\/1f46209cd8c9d3d9887a0765b64ca66b"},"headline":"Remarca\u00e7\u00e3o de f\u00e9rias sem autoriza\u00e7\u00e3o do chefe caracteriza insubordina\u00e7\u00e3o","datePublished":"2018-09-26T20:30:49+00:00","mainEntityOfPage":{"@id":"https:\/\/cnr.org.br\/novoportal\/remarcacao-de-ferias-sem-autorizacao-do-chefe-caracteriza-insubordinacao\/"},"wordCount":434,"commentCount":0,"publisher":{"@id":"https:\/\/cnr.org.br\/novoportal\/#organization"},"image":{"@id":"https:\/\/cnr.org.br\/novoportal\/remarcacao-de-ferias-sem-autorizacao-do-chefe-caracteriza-insubordinacao\/#primaryimage"},"thumbnailUrl":"https:\/\/cnr.org.br\/site\/wp-content\/uploads\/2018\/09\/1-8.jpg","articleSection":["Trabalho e previd\u00eancia","\u00daltimas Not\u00edcias"],"inLanguage":"pt-BR"},{"@type":"WebPage","@id":"https:\/\/cnr.org.br\/novoportal\/remarcacao-de-ferias-sem-autorizacao-do-chefe-caracteriza-insubordinacao\/","url":"https:\/\/cnr.org.br\/novoportal\/remarcacao-de-ferias-sem-autorizacao-do-chefe-caracteriza-insubordinacao\/","name":"Remarca\u00e7\u00e3o de f\u00e9rias sem autoriza\u00e7\u00e3o do chefe caracteriza insubordina\u00e7\u00e3o - CNR","isPartOf":{"@id":"https:\/\/cnr.org.br\/novoportal\/#website"},"primaryImageOfPage":{"@id":"https:\/\/cnr.org.br\/novoportal\/remarcacao-de-ferias-sem-autorizacao-do-chefe-caracteriza-insubordinacao\/#primaryimage"},"image":{"@id":"https:\/\/cnr.org.br\/novoportal\/remarcacao-de-ferias-sem-autorizacao-do-chefe-caracteriza-insubordinacao\/#primaryimage"},"thumbnailUrl":"https:\/\/cnr.org.br\/site\/wp-content\/uploads\/2018\/09\/1-8.jpg","datePublished":"2018-09-26T20:30:49+00:00","breadcrumb":{"@id":"https:\/\/cnr.org.br\/novoportal\/remarcacao-de-ferias-sem-autorizacao-do-chefe-caracteriza-insubordinacao\/#breadcrumb"},"inLanguage":"pt-BR","potentialAction":[{"@type":"ReadAction","target":["https:\/\/cnr.org.br\/novoportal\/remarcacao-de-ferias-sem-autorizacao-do-chefe-caracteriza-insubordinacao\/"]}]},{"@type":"ImageObject","inLanguage":"pt-BR","@id":"https:\/\/cnr.org.br\/novoportal\/remarcacao-de-ferias-sem-autorizacao-do-chefe-caracteriza-insubordinacao\/#primaryimage","url":"https:\/\/cnr.org.br\/site\/wp-content\/uploads\/2018\/09\/1-8.jpg","contentUrl":"https:\/\/cnr.org.br\/site\/wp-content\/uploads\/2018\/09\/1-8.jpg","width":960,"height":533},{"@type":"BreadcrumbList","@id":"https:\/\/cnr.org.br\/novoportal\/remarcacao-de-ferias-sem-autorizacao-do-chefe-caracteriza-insubordinacao\/#breadcrumb","itemListElement":[{"@type":"ListItem","position":1,"name":"In\u00edcio","item":"https:\/\/cnr.org.br\/site\/"},{"@type":"ListItem","position":2,"name":"Remarca\u00e7\u00e3o de f\u00e9rias sem autoriza\u00e7\u00e3o do chefe caracteriza insubordina\u00e7\u00e3o"}]},{"@type":"WebSite","@id":"https:\/\/cnr.org.br\/novoportal\/#website","url":"https:\/\/cnr.org.br\/novoportal\/","name":"CNR","description":"Confedera\u00e7\u00e3o Nacional de Not\u00e1rios e Registradores","publisher":{"@id":"https:\/\/cnr.org.br\/novoportal\/#organization"},"potentialAction":[{"@type":"SearchAction","target":{"@type":"EntryPoint","urlTemplate":"https:\/\/cnr.org.br\/novoportal\/?s={search_term_string}"},"query-input":{"@type":"PropertyValueSpecification","valueRequired":true,"valueName":"search_term_string"}}],"inLanguage":"pt-BR"},{"@type":"Organization","@id":"https:\/\/cnr.org.br\/novoportal\/#organization","name":"CNR","url":"https:\/\/cnr.org.br\/novoportal\/","logo":{"@type":"ImageObject","inLanguage":"pt-BR","@id":"https:\/\/cnr.org.br\/novoportal\/#\/schema\/logo\/image\/","url":"https:\/\/cnr.org.br\/site\/wp-content\/uploads\/2026\/02\/Logo_CNR_completa_colorida_2024.png","contentUrl":"https:\/\/cnr.org.br\/site\/wp-content\/uploads\/2026\/02\/Logo_CNR_completa_colorida_2024.png","width":910,"height":450,"caption":"CNR"},"image":{"@id":"https:\/\/cnr.org.br\/novoportal\/#\/schema\/logo\/image\/"}},{"@type":"Person","@id":"https:\/\/cnr.org.br\/novoportal\/#\/schema\/person\/1f46209cd8c9d3d9887a0765b64ca66b","name":"Imprensa CNR","sameAs":["https:\/\/cnr.org.br\/site"],"url":"https:\/\/cnr.org.br\/site\/author\/imprensa\/"}]}},"_links":{"self":[{"href":"https:\/\/cnr.org.br\/site\/wp-json\/wp\/v2\/posts\/8329","targetHints":{"allow":["GET"]}}],"collection":[{"href":"https:\/\/cnr.org.br\/site\/wp-json\/wp\/v2\/posts"}],"about":[{"href":"https:\/\/cnr.org.br\/site\/wp-json\/wp\/v2\/types\/post"}],"author":[{"embeddable":true,"href":"https:\/\/cnr.org.br\/site\/wp-json\/wp\/v2\/users\/2"}],"replies":[{"embeddable":true,"href":"https:\/\/cnr.org.br\/site\/wp-json\/wp\/v2\/comments?post=8329"}],"version-history":[{"count":0,"href":"https:\/\/cnr.org.br\/site\/wp-json\/wp\/v2\/posts\/8329\/revisions"}],"wp:featuredmedia":[{"embeddable":true,"href":"https:\/\/cnr.org.br\/site\/wp-json\/wp\/v2\/media\/8330"}],"wp:attachment":[{"href":"https:\/\/cnr.org.br\/site\/wp-json\/wp\/v2\/media?parent=8329"}],"wp:term":[{"taxonomy":"category","embeddable":true,"href":"https:\/\/cnr.org.br\/site\/wp-json\/wp\/v2\/categories?post=8329"},{"taxonomy":"post_tag","embeddable":true,"href":"https:\/\/cnr.org.br\/site\/wp-json\/wp\/v2\/tags?post=8329"}],"curies":[{"name":"wp","href":"https:\/\/api.w.org\/{rel}","templated":true}]}}