{"id":8377,"date":"2018-09-28T12:02:36","date_gmt":"2018-09-28T15:02:36","guid":{"rendered":"https:\/\/cnr.org.br\/site\/?p=8377"},"modified":"2018-09-28T12:02:36","modified_gmt":"2018-09-28T15:02:36","slug":"stf-referenda-liminar-que-afastou-competencia-da-justica-do-trabalho-para-autorizar-trabalho-artistico-de-menores","status":"publish","type":"post","link":"https:\/\/cnr.org.br\/site\/stf-referenda-liminar-que-afastou-competencia-da-justica-do-trabalho-para-autorizar-trabalho-artistico-de-menores\/","title":{"rendered":"STF referenda liminar que afastou compet\u00eancia da Justi\u00e7a do Trabalho para autorizar trabalho art\u00edstico de menores"},"content":{"rendered":"<div id=\"dslc-theme-content\"><div id=\"dslc-theme-content-inner\"><p>\t\t\t\t<em>O Plen\u00e1rio da Corte, por maioria, referendou liminar concedida pelo ministro Marco Aur\u00e9lio (relator) determinando que pedidos de autoriza\u00e7\u00e3o de trabalho art\u00edstico para crian\u00e7as e adolescentes fossem apreciados pela Justi\u00e7a Comum.<\/em><\/p>\n<p>Em decis\u00e3o majorit\u00e1ria, tomada na sess\u00e3o plen\u00e1ria desta quinta-feira (27), o Supremo Tribunal Federal (STF) referendou medida liminar concedida pelo ministro Marco Aur\u00e9lio para suspender a efic\u00e1cia de normas conjuntas de \u00f3rg\u00e3os do Judici\u00e1rio e do Minist\u00e9rio P\u00fablico nos Estados de S\u00e3o Paulo e de Mato Grosso que disp\u00f5em sobre a compet\u00eancia da Justi\u00e7a do Trabalho para conceder autoriza\u00e7\u00e3o de trabalho art\u00edstico para crian\u00e7as e adolescentes. Para a maioria dos ministros, a mat\u00e9ria \u00e9 de compet\u00eancia da Justi\u00e7a comum.<\/p>\n<p>Os ministros analisaram medida cautelar na A\u00e7\u00e3o Direta de Inconstitucionalidade (ADI) 5326, ajuizada pela Associa\u00e7\u00e3o Brasileira de Emissoras de R\u00e1dio e Televis\u00e3o (Abert). Segundo a entidade, as normas questionadas atribu\u00edram indevidamente nova compet\u00eancia \u00e0 Justi\u00e7a do Trabalho, em detrimento da Justi\u00e7a comum estadual. Trata-se da compet\u00eancia para processar e julgar \u201ccausas que tenham como fulcro a autoriza\u00e7\u00e3o para trabalho de crian\u00e7as e adolescentes, inclusive art\u00edstico\u201d.<\/p>\n<p>De acordo com a associa\u00e7\u00e3o, o artigo 114 da Constitui\u00e7\u00e3o Federal, na reda\u00e7\u00e3o conferida pela Emenda Constitucional (EC) 45\/2004, n\u00e3o d\u00e1 prerrogativa \u00e0 Justi\u00e7a do Trabalho para analisar pedidos de autoriza\u00e7\u00e3o de crian\u00e7as e adolescentes em representa\u00e7\u00f5es art\u00edsticas. Ainda segundo a Abert, o tema sempre foi processado e analisado pela Justi\u00e7a comum, na maioria dos casos por varas especializadas, em harmonia com o artigo 227 da Constitui\u00e7\u00e3o Federal, que trata dos interesses da juventude.<\/p>\n<h2>Voto-vista<\/h2>\n<p>O julgamento da liminar pelo Plen\u00e1rio teve in\u00edcio em 12\/8\/2015. Na ocasi\u00e3o, votaram os ministros Marco Aur\u00e9lio (relator) e Edson Fachin no sentido de conceder a cautelar e, em seguida, a ministra Rosa Weber pediu vista do processo. Ocorre que, em seguida, a Abert reiterou o pedido de liminar, sustentando que os atos impugnados na ADI permaneciam vigentes e continuavam \u201cproduzindo efeitos delet\u00e9rios, perpetuando grave situa\u00e7\u00e3o de inseguran\u00e7a jur\u00eddica\u201d. O relator verificou a exist\u00eancia de \u201cquadro a exigir atua\u00e7\u00e3o imediata\u201d e deferiu monocraticamente a cautelar.<\/p>\n<p>Na sess\u00e3o de hoje, a ministra Rosa Weber apresentou voto-vista no sentido de negar referendo \u00e0 cautelar, divergindo do relator. Para ela, n\u00e3o h\u00e1 plausibilidade jur\u00eddica no pedido nem inconstitucionalidade formal e material nas normas. A ministra reiterou que os atos normativos questionados se referem \u00e0 autoriza\u00e7\u00e3o para o trabalho infantil, e n\u00e3o \u00e0 autoriza\u00e7\u00e3o para a participa\u00e7\u00e3o de crian\u00e7as e adolescentes em eventos ou representa\u00e7\u00f5es art\u00edsticas \u2013 a exemplo dos festivais de m\u00fasica ou de dan\u00e7a e concursos de beleza \u2013 \u201cesta, sim, a cargo da Justi\u00e7a comum\u201d.<\/p>\n<p>A ministra observou ainda que, no caso, s\u00e3o as empresas contratantes da for\u00e7a de trabalho das crian\u00e7as e adolescentes, empregadoras ou tomadoras dos servi\u00e7os do artista mirim que solicitam a autoriza\u00e7\u00e3o para o trabalho infantil para, por exemplo, atuar em uma novela. \u201cEssa rela\u00e7\u00e3o de trabalho art\u00edstico infanto-juvenil n\u00e3o guarda semelhan\u00e7a com as rela\u00e7\u00f5es estabelecidas no artigo 149 do ECA [Estatuto da Crian\u00e7a e do Adolescente], mas refere-se \u00e0 rela\u00e7\u00e3o de trabalho com um tomador de servi\u00e7os ou entre empregado e empregador\u201d, ressaltou, concluindo que, por isso, \u00e9 competente a Justi\u00e7a do Trabalho.<\/p>\n<h2><strong>Referendo da liminar<\/strong><\/h2>\n<p>No entanto, a maioria dos ministros seguiu o voto do relator, que concluiu pela inconstitucionalidade formal e material dos atos normativos questionados. Para o ministro Marco Aur\u00e9lio, a compet\u00eancia \u00e9 da Justi\u00e7a comum, pois o legislador, no ECA, determinou que o juiz da Inf\u00e2ncia e da Juventude fosse a autoridade judici\u00e1ria respons\u00e1vel pelos processos de tutela integral dos menores.<\/p>\n<p>Quanto \u00e0 inconstitucionalidade formal, o relator ressaltou que os dispositivos tratam da distribui\u00e7\u00e3o de compet\u00eancia jurisdicional e da cria\u00e7\u00e3o de ju\u00edzo auxiliar da Inf\u00e2ncia e da Juventude no \u00e2mbito da Justi\u00e7a do Trabalho, por\u00e9m n\u00e3o foram produzidos mediante lei. A inconstitucionalidade material, por sua vez, decorre da circunst\u00e2ncia de ter sido estabelecida compet\u00eancia da Justi\u00e7a do Trabalho sem respaldo na Constitui\u00e7\u00e3o Federal.<\/p>\n<p>Esse entendimento foi acompanhado, na ocasi\u00e3o do in\u00edcio do julgamento, pelo ministro Edson Fachin e seguido, na sess\u00e3o de hoje, pelos ministros Alexandre de Moraes, Lu\u00eds Roberto Barroso, C\u00e1rmen L\u00facia, Luiz Fux, Ricardo Lewandowski e pelo presidente da Corte, ministro Dias Toffoli.<\/p>\n<p>Fonte: STF\t\t<\/p>\n<\/div><\/div>","protected":false},"excerpt":{"rendered":"<p>O Plen\u00e1rio da Corte, por maioria, referendou liminar concedida pelo ministro Marco Aur\u00e9lio (relator) determinando que pedidos de autoriza\u00e7\u00e3o de trabalho art\u00edstico para crian\u00e7as e adolescentes fossem apreciados pela Justi\u00e7a Comum. Em decis\u00e3o majorit\u00e1ria, tomada na sess\u00e3o plen\u00e1ria desta quinta-feira (27), o Supremo Tribunal Federal (STF) referendou medida liminar concedida pelo ministro Marco Aur\u00e9lio para [&hellip;]<\/p>\n","protected":false},"author":2,"featured_media":8418,"comment_status":"open","ping_status":"open","sticky":false,"template":"","format":"standard","meta":{"footnotes":"","_links_to":"","_links_to_target":""},"categories":[507,47],"tags":[],"class_list":["post-8377","post","type-post","status-publish","format-standard","has-post-thumbnail","hentry","category-trabalho-e-previdencia","category-ultimas-noticias"],"yoast_head":"<!-- This site is optimized with the Yoast SEO plugin v28.4 - https:\/\/yoast.com\/product\/yoast-seo-wordpress\/ -->\n<title>STF referenda liminar que afastou compet\u00eancia da Justi\u00e7a do Trabalho para autorizar trabalho art\u00edstico de menores - CNR<\/title>\n<meta name=\"robots\" content=\"index, follow, max-snippet:-1, max-image-preview:large, max-video-preview:-1\" \/>\n<link rel=\"canonical\" href=\"https:\/\/cnr.org.br\/novoportal\/stf-referenda-liminar-que-afastou-competencia-da-justica-do-trabalho-para-autorizar-trabalho-artistico-de-menores\/\" \/>\n<meta property=\"og:locale\" content=\"pt_BR\" \/>\n<meta property=\"og:type\" content=\"article\" \/>\n<meta property=\"og:title\" content=\"STF referenda liminar que afastou compet\u00eancia da Justi\u00e7a do Trabalho para autorizar trabalho art\u00edstico de menores - CNR\" \/>\n<meta property=\"og:description\" content=\"O Plen\u00e1rio da Corte, por maioria, referendou liminar concedida pelo ministro Marco Aur\u00e9lio (relator) determinando que pedidos de autoriza\u00e7\u00e3o de trabalho art\u00edstico para crian\u00e7as e adolescentes fossem apreciados pela Justi\u00e7a Comum. Em decis\u00e3o majorit\u00e1ria, tomada na sess\u00e3o plen\u00e1ria desta quinta-feira (27), o Supremo Tribunal Federal (STF) referendou medida liminar concedida pelo ministro Marco Aur\u00e9lio para [&hellip;]\" \/>\n<meta property=\"og:url\" content=\"https:\/\/cnr.org.br\/novoportal\/stf-referenda-liminar-que-afastou-competencia-da-justica-do-trabalho-para-autorizar-trabalho-artistico-de-menores\/\" \/>\n<meta property=\"og:site_name\" content=\"CNR\" \/>\n<meta property=\"article:published_time\" content=\"2018-09-28T15:02:36+00:00\" \/>\n<meta property=\"og:image\" content=\"https:\/\/cnr.org.br\/novoportal\/wp-content\/uploads\/2018\/09\/3-4-e1538680769860.jpg\" \/>\n\t<meta property=\"og:image:width\" content=\"330\" \/>\n\t<meta property=\"og:image:height\" content=\"150\" \/>\n\t<meta property=\"og:image:type\" content=\"image\/jpeg\" \/>\n<meta name=\"author\" content=\"Imprensa CNR\" \/>\n<meta name=\"twitter:card\" content=\"summary_large_image\" \/>\n<meta name=\"twitter:label1\" content=\"Escrito por\" \/>\n\t<meta name=\"twitter:data1\" content=\"Imprensa CNR\" \/>\n\t<meta name=\"twitter:label2\" content=\"Est. tempo de leitura\" \/>\n\t<meta name=\"twitter:data2\" content=\"4 minutos\" \/>\n<script type=\"application\/ld+json\" class=\"yoast-schema-graph\">{\"@context\":\"https:\\\/\\\/schema.org\",\"@graph\":[{\"@type\":\"Article\",\"@id\":\"https:\\\/\\\/cnr.org.br\\\/novoportal\\\/stf-referenda-liminar-que-afastou-competencia-da-justica-do-trabalho-para-autorizar-trabalho-artistico-de-menores\\\/#article\",\"isPartOf\":{\"@id\":\"https:\\\/\\\/cnr.org.br\\\/novoportal\\\/stf-referenda-liminar-que-afastou-competencia-da-justica-do-trabalho-para-autorizar-trabalho-artistico-de-menores\\\/\"},\"author\":{\"name\":\"Imprensa CNR\",\"@id\":\"https:\\\/\\\/cnr.org.br\\\/novoportal\\\/#\\\/schema\\\/person\\\/1f46209cd8c9d3d9887a0765b64ca66b\"},\"headline\":\"STF referenda liminar que afastou compet\u00eancia da Justi\u00e7a do Trabalho para autorizar trabalho art\u00edstico de menores\",\"datePublished\":\"2018-09-28T15:02:36+00:00\",\"mainEntityOfPage\":{\"@id\":\"https:\\\/\\\/cnr.org.br\\\/novoportal\\\/stf-referenda-liminar-que-afastou-competencia-da-justica-do-trabalho-para-autorizar-trabalho-artistico-de-menores\\\/\"},\"wordCount\":795,\"commentCount\":0,\"publisher\":{\"@id\":\"https:\\\/\\\/cnr.org.br\\\/novoportal\\\/#organization\"},\"image\":{\"@id\":\"https:\\\/\\\/cnr.org.br\\\/novoportal\\\/stf-referenda-liminar-que-afastou-competencia-da-justica-do-trabalho-para-autorizar-trabalho-artistico-de-menores\\\/#primaryimage\"},\"thumbnailUrl\":\"https:\\\/\\\/cnr.org.br\\\/site\\\/wp-content\\\/uploads\\\/2018\\\/09\\\/3-4-e1538680769860.jpg\",\"articleSection\":[\"Trabalho e previd\u00eancia\",\"\u00daltimas Not\u00edcias\"],\"inLanguage\":\"pt-BR\"},{\"@type\":\"WebPage\",\"@id\":\"https:\\\/\\\/cnr.org.br\\\/novoportal\\\/stf-referenda-liminar-que-afastou-competencia-da-justica-do-trabalho-para-autorizar-trabalho-artistico-de-menores\\\/\",\"url\":\"https:\\\/\\\/cnr.org.br\\\/novoportal\\\/stf-referenda-liminar-que-afastou-competencia-da-justica-do-trabalho-para-autorizar-trabalho-artistico-de-menores\\\/\",\"name\":\"STF referenda liminar que afastou compet\u00eancia da Justi\u00e7a do Trabalho para autorizar trabalho art\u00edstico de menores - CNR\",\"isPartOf\":{\"@id\":\"https:\\\/\\\/cnr.org.br\\\/novoportal\\\/#website\"},\"primaryImageOfPage\":{\"@id\":\"https:\\\/\\\/cnr.org.br\\\/novoportal\\\/stf-referenda-liminar-que-afastou-competencia-da-justica-do-trabalho-para-autorizar-trabalho-artistico-de-menores\\\/#primaryimage\"},\"image\":{\"@id\":\"https:\\\/\\\/cnr.org.br\\\/novoportal\\\/stf-referenda-liminar-que-afastou-competencia-da-justica-do-trabalho-para-autorizar-trabalho-artistico-de-menores\\\/#primaryimage\"},\"thumbnailUrl\":\"https:\\\/\\\/cnr.org.br\\\/site\\\/wp-content\\\/uploads\\\/2018\\\/09\\\/3-4-e1538680769860.jpg\",\"datePublished\":\"2018-09-28T15:02:36+00:00\",\"breadcrumb\":{\"@id\":\"https:\\\/\\\/cnr.org.br\\\/novoportal\\\/stf-referenda-liminar-que-afastou-competencia-da-justica-do-trabalho-para-autorizar-trabalho-artistico-de-menores\\\/#breadcrumb\"},\"inLanguage\":\"pt-BR\",\"potentialAction\":[{\"@type\":\"ReadAction\",\"target\":[\"https:\\\/\\\/cnr.org.br\\\/novoportal\\\/stf-referenda-liminar-que-afastou-competencia-da-justica-do-trabalho-para-autorizar-trabalho-artistico-de-menores\\\/\"]}]},{\"@type\":\"ImageObject\",\"inLanguage\":\"pt-BR\",\"@id\":\"https:\\\/\\\/cnr.org.br\\\/novoportal\\\/stf-referenda-liminar-que-afastou-competencia-da-justica-do-trabalho-para-autorizar-trabalho-artistico-de-menores\\\/#primaryimage\",\"url\":\"https:\\\/\\\/cnr.org.br\\\/site\\\/wp-content\\\/uploads\\\/2018\\\/09\\\/3-4-e1538680769860.jpg\",\"contentUrl\":\"https:\\\/\\\/cnr.org.br\\\/site\\\/wp-content\\\/uploads\\\/2018\\\/09\\\/3-4-e1538680769860.jpg\",\"width\":330,\"height\":150,\"caption\":\"Foto: STF\"},{\"@type\":\"BreadcrumbList\",\"@id\":\"https:\\\/\\\/cnr.org.br\\\/novoportal\\\/stf-referenda-liminar-que-afastou-competencia-da-justica-do-trabalho-para-autorizar-trabalho-artistico-de-menores\\\/#breadcrumb\",\"itemListElement\":[{\"@type\":\"ListItem\",\"position\":1,\"name\":\"In\u00edcio\",\"item\":\"https:\\\/\\\/cnr.org.br\\\/site\\\/\"},{\"@type\":\"ListItem\",\"position\":2,\"name\":\"STF referenda liminar que afastou compet\u00eancia da Justi\u00e7a do Trabalho para autorizar trabalho art\u00edstico de menores\"}]},{\"@type\":\"WebSite\",\"@id\":\"https:\\\/\\\/cnr.org.br\\\/novoportal\\\/#website\",\"url\":\"https:\\\/\\\/cnr.org.br\\\/novoportal\\\/\",\"name\":\"CNR\",\"description\":\"Confedera\u00e7\u00e3o Nacional de Not\u00e1rios e Registradores\",\"publisher\":{\"@id\":\"https:\\\/\\\/cnr.org.br\\\/novoportal\\\/#organization\"},\"potentialAction\":[{\"@type\":\"SearchAction\",\"target\":{\"@type\":\"EntryPoint\",\"urlTemplate\":\"https:\\\/\\\/cnr.org.br\\\/novoportal\\\/?s={search_term_string}\"},\"query-input\":{\"@type\":\"PropertyValueSpecification\",\"valueRequired\":true,\"valueName\":\"search_term_string\"}}],\"inLanguage\":\"pt-BR\"},{\"@type\":\"Organization\",\"@id\":\"https:\\\/\\\/cnr.org.br\\\/novoportal\\\/#organization\",\"name\":\"CNR\",\"url\":\"https:\\\/\\\/cnr.org.br\\\/novoportal\\\/\",\"logo\":{\"@type\":\"ImageObject\",\"inLanguage\":\"pt-BR\",\"@id\":\"https:\\\/\\\/cnr.org.br\\\/novoportal\\\/#\\\/schema\\\/logo\\\/image\\\/\",\"url\":\"https:\\\/\\\/cnr.org.br\\\/site\\\/wp-content\\\/uploads\\\/2026\\\/02\\\/Logo_CNR_completa_colorida_2024.png\",\"contentUrl\":\"https:\\\/\\\/cnr.org.br\\\/site\\\/wp-content\\\/uploads\\\/2026\\\/02\\\/Logo_CNR_completa_colorida_2024.png\",\"width\":910,\"height\":450,\"caption\":\"CNR\"},\"image\":{\"@id\":\"https:\\\/\\\/cnr.org.br\\\/novoportal\\\/#\\\/schema\\\/logo\\\/image\\\/\"}},{\"@type\":\"Person\",\"@id\":\"https:\\\/\\\/cnr.org.br\\\/novoportal\\\/#\\\/schema\\\/person\\\/1f46209cd8c9d3d9887a0765b64ca66b\",\"name\":\"Imprensa CNR\",\"sameAs\":[\"https:\\\/\\\/cnr.org.br\\\/site\"],\"url\":\"https:\\\/\\\/cnr.org.br\\\/site\\\/author\\\/imprensa\\\/\"}]}<\/script>\n<!-- \/ Yoast SEO plugin. -->","yoast_head_json":{"title":"STF referenda liminar que afastou compet\u00eancia da Justi\u00e7a do Trabalho para autorizar trabalho art\u00edstico de menores - CNR","robots":{"index":"index","follow":"follow","max-snippet":"max-snippet:-1","max-image-preview":"max-image-preview:large","max-video-preview":"max-video-preview:-1"},"canonical":"https:\/\/cnr.org.br\/novoportal\/stf-referenda-liminar-que-afastou-competencia-da-justica-do-trabalho-para-autorizar-trabalho-artistico-de-menores\/","og_locale":"pt_BR","og_type":"article","og_title":"STF referenda liminar que afastou compet\u00eancia da Justi\u00e7a do Trabalho para autorizar trabalho art\u00edstico de menores - CNR","og_description":"O Plen\u00e1rio da Corte, por maioria, referendou liminar concedida pelo ministro Marco Aur\u00e9lio (relator) determinando que pedidos de autoriza\u00e7\u00e3o de trabalho art\u00edstico para crian\u00e7as e adolescentes fossem apreciados pela Justi\u00e7a Comum. Em decis\u00e3o majorit\u00e1ria, tomada na sess\u00e3o plen\u00e1ria desta quinta-feira (27), o Supremo Tribunal Federal (STF) referendou medida liminar concedida pelo ministro Marco Aur\u00e9lio para [&hellip;]","og_url":"https:\/\/cnr.org.br\/novoportal\/stf-referenda-liminar-que-afastou-competencia-da-justica-do-trabalho-para-autorizar-trabalho-artistico-de-menores\/","og_site_name":"CNR","article_published_time":"2018-09-28T15:02:36+00:00","og_image":[{"width":330,"height":150,"url":"https:\/\/cnr.org.br\/novoportal\/wp-content\/uploads\/2018\/09\/3-4-e1538680769860.jpg","type":"image\/jpeg"}],"author":"Imprensa CNR","twitter_card":"summary_large_image","twitter_misc":{"Escrito por":"Imprensa CNR","Est. tempo de leitura":"4 minutos"},"schema":{"@context":"https:\/\/schema.org","@graph":[{"@type":"Article","@id":"https:\/\/cnr.org.br\/novoportal\/stf-referenda-liminar-que-afastou-competencia-da-justica-do-trabalho-para-autorizar-trabalho-artistico-de-menores\/#article","isPartOf":{"@id":"https:\/\/cnr.org.br\/novoportal\/stf-referenda-liminar-que-afastou-competencia-da-justica-do-trabalho-para-autorizar-trabalho-artistico-de-menores\/"},"author":{"name":"Imprensa CNR","@id":"https:\/\/cnr.org.br\/novoportal\/#\/schema\/person\/1f46209cd8c9d3d9887a0765b64ca66b"},"headline":"STF referenda liminar que afastou compet\u00eancia da Justi\u00e7a do Trabalho para autorizar trabalho art\u00edstico de menores","datePublished":"2018-09-28T15:02:36+00:00","mainEntityOfPage":{"@id":"https:\/\/cnr.org.br\/novoportal\/stf-referenda-liminar-que-afastou-competencia-da-justica-do-trabalho-para-autorizar-trabalho-artistico-de-menores\/"},"wordCount":795,"commentCount":0,"publisher":{"@id":"https:\/\/cnr.org.br\/novoportal\/#organization"},"image":{"@id":"https:\/\/cnr.org.br\/novoportal\/stf-referenda-liminar-que-afastou-competencia-da-justica-do-trabalho-para-autorizar-trabalho-artistico-de-menores\/#primaryimage"},"thumbnailUrl":"https:\/\/cnr.org.br\/site\/wp-content\/uploads\/2018\/09\/3-4-e1538680769860.jpg","articleSection":["Trabalho e previd\u00eancia","\u00daltimas Not\u00edcias"],"inLanguage":"pt-BR"},{"@type":"WebPage","@id":"https:\/\/cnr.org.br\/novoportal\/stf-referenda-liminar-que-afastou-competencia-da-justica-do-trabalho-para-autorizar-trabalho-artistico-de-menores\/","url":"https:\/\/cnr.org.br\/novoportal\/stf-referenda-liminar-que-afastou-competencia-da-justica-do-trabalho-para-autorizar-trabalho-artistico-de-menores\/","name":"STF referenda liminar que afastou compet\u00eancia da Justi\u00e7a do Trabalho para autorizar trabalho art\u00edstico de menores - CNR","isPartOf":{"@id":"https:\/\/cnr.org.br\/novoportal\/#website"},"primaryImageOfPage":{"@id":"https:\/\/cnr.org.br\/novoportal\/stf-referenda-liminar-que-afastou-competencia-da-justica-do-trabalho-para-autorizar-trabalho-artistico-de-menores\/#primaryimage"},"image":{"@id":"https:\/\/cnr.org.br\/novoportal\/stf-referenda-liminar-que-afastou-competencia-da-justica-do-trabalho-para-autorizar-trabalho-artistico-de-menores\/#primaryimage"},"thumbnailUrl":"https:\/\/cnr.org.br\/site\/wp-content\/uploads\/2018\/09\/3-4-e1538680769860.jpg","datePublished":"2018-09-28T15:02:36+00:00","breadcrumb":{"@id":"https:\/\/cnr.org.br\/novoportal\/stf-referenda-liminar-que-afastou-competencia-da-justica-do-trabalho-para-autorizar-trabalho-artistico-de-menores\/#breadcrumb"},"inLanguage":"pt-BR","potentialAction":[{"@type":"ReadAction","target":["https:\/\/cnr.org.br\/novoportal\/stf-referenda-liminar-que-afastou-competencia-da-justica-do-trabalho-para-autorizar-trabalho-artistico-de-menores\/"]}]},{"@type":"ImageObject","inLanguage":"pt-BR","@id":"https:\/\/cnr.org.br\/novoportal\/stf-referenda-liminar-que-afastou-competencia-da-justica-do-trabalho-para-autorizar-trabalho-artistico-de-menores\/#primaryimage","url":"https:\/\/cnr.org.br\/site\/wp-content\/uploads\/2018\/09\/3-4-e1538680769860.jpg","contentUrl":"https:\/\/cnr.org.br\/site\/wp-content\/uploads\/2018\/09\/3-4-e1538680769860.jpg","width":330,"height":150,"caption":"Foto: STF"},{"@type":"BreadcrumbList","@id":"https:\/\/cnr.org.br\/novoportal\/stf-referenda-liminar-que-afastou-competencia-da-justica-do-trabalho-para-autorizar-trabalho-artistico-de-menores\/#breadcrumb","itemListElement":[{"@type":"ListItem","position":1,"name":"In\u00edcio","item":"https:\/\/cnr.org.br\/site\/"},{"@type":"ListItem","position":2,"name":"STF referenda liminar que afastou compet\u00eancia da Justi\u00e7a do Trabalho para autorizar trabalho art\u00edstico de menores"}]},{"@type":"WebSite","@id":"https:\/\/cnr.org.br\/novoportal\/#website","url":"https:\/\/cnr.org.br\/novoportal\/","name":"CNR","description":"Confedera\u00e7\u00e3o Nacional de Not\u00e1rios e Registradores","publisher":{"@id":"https:\/\/cnr.org.br\/novoportal\/#organization"},"potentialAction":[{"@type":"SearchAction","target":{"@type":"EntryPoint","urlTemplate":"https:\/\/cnr.org.br\/novoportal\/?s={search_term_string}"},"query-input":{"@type":"PropertyValueSpecification","valueRequired":true,"valueName":"search_term_string"}}],"inLanguage":"pt-BR"},{"@type":"Organization","@id":"https:\/\/cnr.org.br\/novoportal\/#organization","name":"CNR","url":"https:\/\/cnr.org.br\/novoportal\/","logo":{"@type":"ImageObject","inLanguage":"pt-BR","@id":"https:\/\/cnr.org.br\/novoportal\/#\/schema\/logo\/image\/","url":"https:\/\/cnr.org.br\/site\/wp-content\/uploads\/2026\/02\/Logo_CNR_completa_colorida_2024.png","contentUrl":"https:\/\/cnr.org.br\/site\/wp-content\/uploads\/2026\/02\/Logo_CNR_completa_colorida_2024.png","width":910,"height":450,"caption":"CNR"},"image":{"@id":"https:\/\/cnr.org.br\/novoportal\/#\/schema\/logo\/image\/"}},{"@type":"Person","@id":"https:\/\/cnr.org.br\/novoportal\/#\/schema\/person\/1f46209cd8c9d3d9887a0765b64ca66b","name":"Imprensa CNR","sameAs":["https:\/\/cnr.org.br\/site"],"url":"https:\/\/cnr.org.br\/site\/author\/imprensa\/"}]}},"_links":{"self":[{"href":"https:\/\/cnr.org.br\/site\/wp-json\/wp\/v2\/posts\/8377","targetHints":{"allow":["GET"]}}],"collection":[{"href":"https:\/\/cnr.org.br\/site\/wp-json\/wp\/v2\/posts"}],"about":[{"href":"https:\/\/cnr.org.br\/site\/wp-json\/wp\/v2\/types\/post"}],"author":[{"embeddable":true,"href":"https:\/\/cnr.org.br\/site\/wp-json\/wp\/v2\/users\/2"}],"replies":[{"embeddable":true,"href":"https:\/\/cnr.org.br\/site\/wp-json\/wp\/v2\/comments?post=8377"}],"version-history":[{"count":0,"href":"https:\/\/cnr.org.br\/site\/wp-json\/wp\/v2\/posts\/8377\/revisions"}],"wp:featuredmedia":[{"embeddable":true,"href":"https:\/\/cnr.org.br\/site\/wp-json\/wp\/v2\/media\/8418"}],"wp:attachment":[{"href":"https:\/\/cnr.org.br\/site\/wp-json\/wp\/v2\/media?parent=8377"}],"wp:term":[{"taxonomy":"category","embeddable":true,"href":"https:\/\/cnr.org.br\/site\/wp-json\/wp\/v2\/categories?post=8377"},{"taxonomy":"post_tag","embeddable":true,"href":"https:\/\/cnr.org.br\/site\/wp-json\/wp\/v2\/tags?post=8377"}],"curies":[{"name":"wp","href":"https:\/\/api.w.org\/{rel}","templated":true}]}}