{"id":83812,"date":"2022-06-17T16:48:52","date_gmt":"2022-06-17T19:48:52","guid":{"rendered":"https:\/\/cnr.org.br\/site\/?p=83812"},"modified":"2022-06-17T16:55:54","modified_gmt":"2022-06-17T19:55:54","slug":"protecao-de-dados-e-a-justica-e-pauta-de-seminario-nesta-quarta-15-6","status":"publish","type":"post","link":"https:\/\/cnr.org.br\/site\/protecao-de-dados-e-a-justica-e-pauta-de-seminario-nesta-quarta-15-6\/","title":{"rendered":"Prote\u00e7\u00e3o de dados e a Justi\u00e7a \u00e9 pauta de semin\u00e1rio na \u00faltima quarta-feira (15\/6)"},"content":{"rendered":"<div id=\"dslc-theme-content\"><div id=\"dslc-theme-content-inner\">\n<p>Membros da magistratura e da academia debater\u00e3o, nesta quarta-feira (15\/6), as implica\u00e7\u00f5es da Lei Geral da Prote\u00e7\u00e3o de Dados (LGPD) no meio jur\u00eddico e no conjunto de direitos da popula\u00e7\u00e3o. As rela\u00e7\u00f5es entre prote\u00e7\u00e3o de dados e os tribunais, publicidade processual, justi\u00e7a criminal, responsabilidade civil e as experi\u00eancias internacionais de normatiza\u00e7\u00e3o est\u00e3o entre os assuntos do&nbsp;<a href=\"https:\/\/www.cnj.jus.br\/agendas\/seminario-o-direito-fundamental-a-protecao-de-dados-e-a-lgpd\/\">Semin\u00e1rio O Direito Fundamental \u00e0 Prote\u00e7\u00e3o de Dados e a LGPD<\/a>.<\/p>\n\n\n\n<p>\u00c0s 9h, o presidente do Conselho Nacional de Justi\u00e7a (CNJ), ministro Luiz Fux, far\u00e1 a abertura do evento, com o ministro do&nbsp;<a href=\"https:\/\/www.cnj.jus.br\/poder-judiciario\/tribunais\/superior-tribunal-de-justica-stj\/\" target=\"_blank\" rel=\"noreferrer noopener\">Superior Tribunal de Justi\u00e7a (STJ)<\/a>, Ricardo Villas B\u00f4as Cueva, e com o conselheiro do CNJ Bandeira de Mello, que coordena os trabalhos sobre o tema no Conselho. O evento ter\u00e1 transmiss\u00e3o do&nbsp;<a href=\"https:\/\/www.youtube.com\/user\/cnj\" target=\"_blank\" rel=\"noreferrer noopener\">canal do CNJ no YouTube<\/a>.<\/p>\n\n\n\n<p>A&nbsp;<a href=\"http:\/\/www.planalto.gov.br\/ccivil_03\/_ato2015-2018\/2018\/lei\/l13709.htm\" target=\"_blank\" rel=\"noreferrer noopener\">Lei n. 13.709\/18<\/a>&nbsp;definiu regras para o tratamento de dados pessoais para proteger os direitos de liberdade e de privacidade. Por tratamento, entende-se o conjunto de deveres que as pessoas e as institui\u00e7\u00f5es devem observar para utilizar informa\u00e7\u00f5es que identifiquem determinada pessoa. Em 2021, o&nbsp;<a href=\"https:\/\/atos.cnj.jus.br\/atos\/detalhar\/3668\" target=\"_blank\" rel=\"noreferrer noopener\">CNJ padronizou a ado\u00e7\u00e3o da LGPD pelos tribunais brasileiros<\/a>, que devem ter em sua estrutura administrativa um Comit\u00ea Gestor de Prote\u00e7\u00e3o de Dados Pessoais, um s\u00edtio eletr\u00f4nico com informa\u00e7\u00f5es sobre a legisla\u00e7\u00e3o e uma pol\u00edtica geral de privacidade e prote\u00e7\u00e3o de dados pessoais para ser aplicada em cada \u00f3rg\u00e3o do Judici\u00e1rio.<\/p>\n\n\n\n<p>A rela\u00e7\u00e3o da prote\u00e7\u00e3o de dados com as investiga\u00e7\u00f5es criminais e a seguran\u00e7a p\u00fablica, por exemplo, ser\u00e3o tema de um painel espec\u00edfico com a presen\u00e7a do conselheiro Marcio Freitas, que \u00e9 doutor em Direito pela Universidade de Bras\u00edlia (UnB) e juiz do Tribunal Regional Federal da 1\u00aa Regi\u00e3o (TRF1), o professor da Universidade Goethe em Frankfurt am Main, Christoph Burchard, a doutora e pela Universidade de S\u00e3o Paulo (USP) e pesquisadora do Instituto Max Planck, Ana Carolina Carlos de Oliveira, e a doutora em Direito Penal pela USP e professora da FGV\/SP, Helo\u00edsa Estellita. O painel ser\u00e1 presidido pelo juiz auxiliar da Presid\u00eancia do CNJ, Anderson de Paiva.<\/p>\n\n\n\n<p><a href=\"https:\/\/www.cnj.jus.br\/agendas\/seminario-o-direito-fundamental-a-protecao-de-dados-e-a-lgpd\/\">Confira a programa\u00e7\u00e3o completa<\/a><\/p>\n\n\n\n<p>Fonte: CNJ<\/p>\n<\/div><\/div>","protected":false},"excerpt":{"rendered":"<p>Membros da magistratura e da academia debater\u00e3o, nesta quarta-feira (15\/6), as implica\u00e7\u00f5es da Lei Geral da Prote\u00e7\u00e3o de Dados (LGPD) no meio jur\u00eddico e no conjunto de direitos da popula\u00e7\u00e3o. As rela\u00e7\u00f5es entre prote\u00e7\u00e3o de dados e os tribunais, publicidade processual, justi\u00e7a criminal, responsabilidade civil e as experi\u00eancias internacionais de normatiza\u00e7\u00e3o est\u00e3o entre os assuntos [&hellip;]<\/p>\n","protected":false},"author":2,"featured_media":83608,"comment_status":"closed","ping_status":"closed","sticky":false,"template":"","format":"standard","meta":{"footnotes":"","_links_to":"","_links_to_target":""},"categories":[525,55,47],"tags":[],"class_list":["post-83812","post","type-post","status-publish","format-standard","has-post-thumbnail","hentry","category-home","category-noticia","category-ultimas-noticias"],"yoast_head":"<!-- This site is optimized with the Yoast SEO plugin v27.5 - https:\/\/yoast.com\/product\/yoast-seo-wordpress\/ -->\n<title>Prote\u00e7\u00e3o de dados e a Justi\u00e7a \u00e9 pauta de semin\u00e1rio na \u00faltima quarta-feira (15\/6) - CNR<\/title>\n<meta name=\"robots\" content=\"index, follow, max-snippet:-1, max-image-preview:large, max-video-preview:-1\" \/>\n<link rel=\"canonical\" href=\"https:\/\/cnr.org.br\/novoportal\/protecao-de-dados-e-a-justica-e-pauta-de-seminario-nesta-quarta-15-6\/\" \/>\n<meta property=\"og:locale\" content=\"pt_BR\" \/>\n<meta property=\"og:type\" content=\"article\" \/>\n<meta property=\"og:title\" content=\"Prote\u00e7\u00e3o de dados e a Justi\u00e7a \u00e9 pauta de semin\u00e1rio na \u00faltima quarta-feira (15\/6) - CNR\" \/>\n<meta property=\"og:description\" content=\"Membros da magistratura e da academia debater\u00e3o, nesta quarta-feira (15\/6), as implica\u00e7\u00f5es da Lei Geral da Prote\u00e7\u00e3o de Dados (LGPD) no meio jur\u00eddico e no conjunto de direitos da popula\u00e7\u00e3o. As rela\u00e7\u00f5es entre prote\u00e7\u00e3o de dados e os tribunais, publicidade processual, justi\u00e7a criminal, responsabilidade civil e as experi\u00eancias internacionais de normatiza\u00e7\u00e3o est\u00e3o entre os assuntos [&hellip;]\" \/>\n<meta property=\"og:url\" content=\"https:\/\/cnr.org.br\/novoportal\/protecao-de-dados-e-a-justica-e-pauta-de-seminario-nesta-quarta-15-6\/\" \/>\n<meta property=\"og:site_name\" content=\"CNR\" \/>\n<meta property=\"article:published_time\" content=\"2022-06-17T19:48:52+00:00\" \/>\n<meta property=\"article:modified_time\" content=\"2022-06-17T19:55:54+00:00\" \/>\n<meta property=\"og:image\" content=\"https:\/\/cnr.org.br\/novoportal\/wp-content\/uploads\/2022\/04\/Tamanho-Oficial-para-as-fotos-do-Site-da-CNR-35-1024x655.png\" \/>\n\t<meta property=\"og:image:width\" content=\"1024\" \/>\n\t<meta property=\"og:image:height\" content=\"655\" \/>\n\t<meta property=\"og:image:type\" content=\"image\/png\" \/>\n<meta name=\"author\" content=\"Imprensa CNR\" \/>\n<meta name=\"twitter:card\" content=\"summary_large_image\" \/>\n<meta name=\"twitter:label1\" content=\"Escrito por\" \/>\n\t<meta name=\"twitter:data1\" content=\"Imprensa CNR\" \/>\n\t<meta name=\"twitter:label2\" content=\"Est. tempo de leitura\" \/>\n\t<meta name=\"twitter:data2\" content=\"2 minutos\" \/>\n<script type=\"application\/ld+json\" class=\"yoast-schema-graph\">{\"@context\":\"https:\\\/\\\/schema.org\",\"@graph\":[{\"@type\":\"Article\",\"@id\":\"https:\\\/\\\/cnr.org.br\\\/novoportal\\\/protecao-de-dados-e-a-justica-e-pauta-de-seminario-nesta-quarta-15-6\\\/#article\",\"isPartOf\":{\"@id\":\"https:\\\/\\\/cnr.org.br\\\/novoportal\\\/protecao-de-dados-e-a-justica-e-pauta-de-seminario-nesta-quarta-15-6\\\/\"},\"author\":{\"name\":\"Imprensa CNR\",\"@id\":\"https:\\\/\\\/cnr.org.br\\\/novoportal\\\/#\\\/schema\\\/person\\\/1f46209cd8c9d3d9887a0765b64ca66b\"},\"headline\":\"Prote\u00e7\u00e3o de dados e a Justi\u00e7a \u00e9 pauta de semin\u00e1rio na \u00faltima quarta-feira (15\\\/6)\",\"datePublished\":\"2022-06-17T19:48:52+00:00\",\"dateModified\":\"2022-06-17T19:55:54+00:00\",\"mainEntityOfPage\":{\"@id\":\"https:\\\/\\\/cnr.org.br\\\/novoportal\\\/protecao-de-dados-e-a-justica-e-pauta-de-seminario-nesta-quarta-15-6\\\/\"},\"wordCount\":396,\"publisher\":{\"@id\":\"https:\\\/\\\/cnr.org.br\\\/novoportal\\\/#organization\"},\"image\":{\"@id\":\"https:\\\/\\\/cnr.org.br\\\/novoportal\\\/protecao-de-dados-e-a-justica-e-pauta-de-seminario-nesta-quarta-15-6\\\/#primaryimage\"},\"thumbnailUrl\":\"https:\\\/\\\/cnr.org.br\\\/site\\\/wp-content\\\/uploads\\\/2022\\\/04\\\/Tamanho-Oficial-para-as-fotos-do-Site-da-CNR-35.png\",\"articleSection\":[\"Home\",\"Not\u00edcia\",\"\u00daltimas Not\u00edcias\"],\"inLanguage\":\"pt-BR\"},{\"@type\":\"WebPage\",\"@id\":\"https:\\\/\\\/cnr.org.br\\\/novoportal\\\/protecao-de-dados-e-a-justica-e-pauta-de-seminario-nesta-quarta-15-6\\\/\",\"url\":\"https:\\\/\\\/cnr.org.br\\\/novoportal\\\/protecao-de-dados-e-a-justica-e-pauta-de-seminario-nesta-quarta-15-6\\\/\",\"name\":\"Prote\u00e7\u00e3o de dados e a Justi\u00e7a \u00e9 pauta de semin\u00e1rio na \u00faltima quarta-feira (15\\\/6) - CNR\",\"isPartOf\":{\"@id\":\"https:\\\/\\\/cnr.org.br\\\/novoportal\\\/#website\"},\"primaryImageOfPage\":{\"@id\":\"https:\\\/\\\/cnr.org.br\\\/novoportal\\\/protecao-de-dados-e-a-justica-e-pauta-de-seminario-nesta-quarta-15-6\\\/#primaryimage\"},\"image\":{\"@id\":\"https:\\\/\\\/cnr.org.br\\\/novoportal\\\/protecao-de-dados-e-a-justica-e-pauta-de-seminario-nesta-quarta-15-6\\\/#primaryimage\"},\"thumbnailUrl\":\"https:\\\/\\\/cnr.org.br\\\/site\\\/wp-content\\\/uploads\\\/2022\\\/04\\\/Tamanho-Oficial-para-as-fotos-do-Site-da-CNR-35.png\",\"datePublished\":\"2022-06-17T19:48:52+00:00\",\"dateModified\":\"2022-06-17T19:55:54+00:00\",\"breadcrumb\":{\"@id\":\"https:\\\/\\\/cnr.org.br\\\/novoportal\\\/protecao-de-dados-e-a-justica-e-pauta-de-seminario-nesta-quarta-15-6\\\/#breadcrumb\"},\"inLanguage\":\"pt-BR\",\"potentialAction\":[{\"@type\":\"ReadAction\",\"target\":[\"https:\\\/\\\/cnr.org.br\\\/novoportal\\\/protecao-de-dados-e-a-justica-e-pauta-de-seminario-nesta-quarta-15-6\\\/\"]}]},{\"@type\":\"ImageObject\",\"inLanguage\":\"pt-BR\",\"@id\":\"https:\\\/\\\/cnr.org.br\\\/novoportal\\\/protecao-de-dados-e-a-justica-e-pauta-de-seminario-nesta-quarta-15-6\\\/#primaryimage\",\"url\":\"https:\\\/\\\/cnr.org.br\\\/site\\\/wp-content\\\/uploads\\\/2022\\\/04\\\/Tamanho-Oficial-para-as-fotos-do-Site-da-CNR-35.png\",\"contentUrl\":\"https:\\\/\\\/cnr.org.br\\\/site\\\/wp-content\\\/uploads\\\/2022\\\/04\\\/Tamanho-Oficial-para-as-fotos-do-Site-da-CNR-35.png\",\"width\":1940,\"height\":1240},{\"@type\":\"BreadcrumbList\",\"@id\":\"https:\\\/\\\/cnr.org.br\\\/novoportal\\\/protecao-de-dados-e-a-justica-e-pauta-de-seminario-nesta-quarta-15-6\\\/#breadcrumb\",\"itemListElement\":[{\"@type\":\"ListItem\",\"position\":1,\"name\":\"In\u00edcio\",\"item\":\"https:\\\/\\\/cnr.org.br\\\/site\\\/\"},{\"@type\":\"ListItem\",\"position\":2,\"name\":\"Prote\u00e7\u00e3o de dados e a Justi\u00e7a \u00e9 pauta de semin\u00e1rio na \u00faltima quarta-feira (15\\\/6)\"}]},{\"@type\":\"WebSite\",\"@id\":\"https:\\\/\\\/cnr.org.br\\\/novoportal\\\/#website\",\"url\":\"https:\\\/\\\/cnr.org.br\\\/novoportal\\\/\",\"name\":\"CNR\",\"description\":\"Confedera\u00e7\u00e3o Nacional de Not\u00e1rios e Registradores\",\"publisher\":{\"@id\":\"https:\\\/\\\/cnr.org.br\\\/novoportal\\\/#organization\"},\"potentialAction\":[{\"@type\":\"SearchAction\",\"target\":{\"@type\":\"EntryPoint\",\"urlTemplate\":\"https:\\\/\\\/cnr.org.br\\\/novoportal\\\/?s={search_term_string}\"},\"query-input\":{\"@type\":\"PropertyValueSpecification\",\"valueRequired\":true,\"valueName\":\"search_term_string\"}}],\"inLanguage\":\"pt-BR\"},{\"@type\":\"Organization\",\"@id\":\"https:\\\/\\\/cnr.org.br\\\/novoportal\\\/#organization\",\"name\":\"CNR\",\"url\":\"https:\\\/\\\/cnr.org.br\\\/novoportal\\\/\",\"logo\":{\"@type\":\"ImageObject\",\"inLanguage\":\"pt-BR\",\"@id\":\"https:\\\/\\\/cnr.org.br\\\/novoportal\\\/#\\\/schema\\\/logo\\\/image\\\/\",\"url\":\"https:\\\/\\\/cnr.org.br\\\/site\\\/wp-content\\\/uploads\\\/2026\\\/02\\\/Logo_CNR_completa_colorida_2024.png\",\"contentUrl\":\"https:\\\/\\\/cnr.org.br\\\/site\\\/wp-content\\\/uploads\\\/2026\\\/02\\\/Logo_CNR_completa_colorida_2024.png\",\"width\":910,\"height\":450,\"caption\":\"CNR\"},\"image\":{\"@id\":\"https:\\\/\\\/cnr.org.br\\\/novoportal\\\/#\\\/schema\\\/logo\\\/image\\\/\"}},{\"@type\":\"Person\",\"@id\":\"https:\\\/\\\/cnr.org.br\\\/novoportal\\\/#\\\/schema\\\/person\\\/1f46209cd8c9d3d9887a0765b64ca66b\",\"name\":\"Imprensa CNR\",\"sameAs\":[\"https:\\\/\\\/cnr.org.br\\\/site\"],\"url\":\"https:\\\/\\\/cnr.org.br\\\/site\\\/author\\\/imprensa\\\/\"}]}<\/script>\n<!-- \/ Yoast SEO plugin. -->","yoast_head_json":{"title":"Prote\u00e7\u00e3o de dados e a Justi\u00e7a \u00e9 pauta de semin\u00e1rio na \u00faltima quarta-feira (15\/6) - CNR","robots":{"index":"index","follow":"follow","max-snippet":"max-snippet:-1","max-image-preview":"max-image-preview:large","max-video-preview":"max-video-preview:-1"},"canonical":"https:\/\/cnr.org.br\/novoportal\/protecao-de-dados-e-a-justica-e-pauta-de-seminario-nesta-quarta-15-6\/","og_locale":"pt_BR","og_type":"article","og_title":"Prote\u00e7\u00e3o de dados e a Justi\u00e7a \u00e9 pauta de semin\u00e1rio na \u00faltima quarta-feira (15\/6) - CNR","og_description":"Membros da magistratura e da academia debater\u00e3o, nesta quarta-feira (15\/6), as implica\u00e7\u00f5es da Lei Geral da Prote\u00e7\u00e3o de Dados (LGPD) no meio jur\u00eddico e no conjunto de direitos da popula\u00e7\u00e3o. As rela\u00e7\u00f5es entre prote\u00e7\u00e3o de dados e os tribunais, publicidade processual, justi\u00e7a criminal, responsabilidade civil e as experi\u00eancias internacionais de normatiza\u00e7\u00e3o est\u00e3o entre os assuntos [&hellip;]","og_url":"https:\/\/cnr.org.br\/novoportal\/protecao-de-dados-e-a-justica-e-pauta-de-seminario-nesta-quarta-15-6\/","og_site_name":"CNR","article_published_time":"2022-06-17T19:48:52+00:00","article_modified_time":"2022-06-17T19:55:54+00:00","og_image":[{"width":1024,"height":655,"url":"https:\/\/cnr.org.br\/novoportal\/wp-content\/uploads\/2022\/04\/Tamanho-Oficial-para-as-fotos-do-Site-da-CNR-35-1024x655.png","type":"image\/png"}],"author":"Imprensa CNR","twitter_card":"summary_large_image","twitter_misc":{"Escrito por":"Imprensa CNR","Est. tempo de leitura":"2 minutos"},"schema":{"@context":"https:\/\/schema.org","@graph":[{"@type":"Article","@id":"https:\/\/cnr.org.br\/novoportal\/protecao-de-dados-e-a-justica-e-pauta-de-seminario-nesta-quarta-15-6\/#article","isPartOf":{"@id":"https:\/\/cnr.org.br\/novoportal\/protecao-de-dados-e-a-justica-e-pauta-de-seminario-nesta-quarta-15-6\/"},"author":{"name":"Imprensa CNR","@id":"https:\/\/cnr.org.br\/novoportal\/#\/schema\/person\/1f46209cd8c9d3d9887a0765b64ca66b"},"headline":"Prote\u00e7\u00e3o de dados e a Justi\u00e7a \u00e9 pauta de semin\u00e1rio na \u00faltima quarta-feira (15\/6)","datePublished":"2022-06-17T19:48:52+00:00","dateModified":"2022-06-17T19:55:54+00:00","mainEntityOfPage":{"@id":"https:\/\/cnr.org.br\/novoportal\/protecao-de-dados-e-a-justica-e-pauta-de-seminario-nesta-quarta-15-6\/"},"wordCount":396,"publisher":{"@id":"https:\/\/cnr.org.br\/novoportal\/#organization"},"image":{"@id":"https:\/\/cnr.org.br\/novoportal\/protecao-de-dados-e-a-justica-e-pauta-de-seminario-nesta-quarta-15-6\/#primaryimage"},"thumbnailUrl":"https:\/\/cnr.org.br\/site\/wp-content\/uploads\/2022\/04\/Tamanho-Oficial-para-as-fotos-do-Site-da-CNR-35.png","articleSection":["Home","Not\u00edcia","\u00daltimas Not\u00edcias"],"inLanguage":"pt-BR"},{"@type":"WebPage","@id":"https:\/\/cnr.org.br\/novoportal\/protecao-de-dados-e-a-justica-e-pauta-de-seminario-nesta-quarta-15-6\/","url":"https:\/\/cnr.org.br\/novoportal\/protecao-de-dados-e-a-justica-e-pauta-de-seminario-nesta-quarta-15-6\/","name":"Prote\u00e7\u00e3o de dados e a Justi\u00e7a \u00e9 pauta de semin\u00e1rio na \u00faltima quarta-feira (15\/6) - CNR","isPartOf":{"@id":"https:\/\/cnr.org.br\/novoportal\/#website"},"primaryImageOfPage":{"@id":"https:\/\/cnr.org.br\/novoportal\/protecao-de-dados-e-a-justica-e-pauta-de-seminario-nesta-quarta-15-6\/#primaryimage"},"image":{"@id":"https:\/\/cnr.org.br\/novoportal\/protecao-de-dados-e-a-justica-e-pauta-de-seminario-nesta-quarta-15-6\/#primaryimage"},"thumbnailUrl":"https:\/\/cnr.org.br\/site\/wp-content\/uploads\/2022\/04\/Tamanho-Oficial-para-as-fotos-do-Site-da-CNR-35.png","datePublished":"2022-06-17T19:48:52+00:00","dateModified":"2022-06-17T19:55:54+00:00","breadcrumb":{"@id":"https:\/\/cnr.org.br\/novoportal\/protecao-de-dados-e-a-justica-e-pauta-de-seminario-nesta-quarta-15-6\/#breadcrumb"},"inLanguage":"pt-BR","potentialAction":[{"@type":"ReadAction","target":["https:\/\/cnr.org.br\/novoportal\/protecao-de-dados-e-a-justica-e-pauta-de-seminario-nesta-quarta-15-6\/"]}]},{"@type":"ImageObject","inLanguage":"pt-BR","@id":"https:\/\/cnr.org.br\/novoportal\/protecao-de-dados-e-a-justica-e-pauta-de-seminario-nesta-quarta-15-6\/#primaryimage","url":"https:\/\/cnr.org.br\/site\/wp-content\/uploads\/2022\/04\/Tamanho-Oficial-para-as-fotos-do-Site-da-CNR-35.png","contentUrl":"https:\/\/cnr.org.br\/site\/wp-content\/uploads\/2022\/04\/Tamanho-Oficial-para-as-fotos-do-Site-da-CNR-35.png","width":1940,"height":1240},{"@type":"BreadcrumbList","@id":"https:\/\/cnr.org.br\/novoportal\/protecao-de-dados-e-a-justica-e-pauta-de-seminario-nesta-quarta-15-6\/#breadcrumb","itemListElement":[{"@type":"ListItem","position":1,"name":"In\u00edcio","item":"https:\/\/cnr.org.br\/site\/"},{"@type":"ListItem","position":2,"name":"Prote\u00e7\u00e3o de dados e a Justi\u00e7a \u00e9 pauta de semin\u00e1rio na \u00faltima quarta-feira (15\/6)"}]},{"@type":"WebSite","@id":"https:\/\/cnr.org.br\/novoportal\/#website","url":"https:\/\/cnr.org.br\/novoportal\/","name":"CNR","description":"Confedera\u00e7\u00e3o Nacional de Not\u00e1rios e Registradores","publisher":{"@id":"https:\/\/cnr.org.br\/novoportal\/#organization"},"potentialAction":[{"@type":"SearchAction","target":{"@type":"EntryPoint","urlTemplate":"https:\/\/cnr.org.br\/novoportal\/?s={search_term_string}"},"query-input":{"@type":"PropertyValueSpecification","valueRequired":true,"valueName":"search_term_string"}}],"inLanguage":"pt-BR"},{"@type":"Organization","@id":"https:\/\/cnr.org.br\/novoportal\/#organization","name":"CNR","url":"https:\/\/cnr.org.br\/novoportal\/","logo":{"@type":"ImageObject","inLanguage":"pt-BR","@id":"https:\/\/cnr.org.br\/novoportal\/#\/schema\/logo\/image\/","url":"https:\/\/cnr.org.br\/site\/wp-content\/uploads\/2026\/02\/Logo_CNR_completa_colorida_2024.png","contentUrl":"https:\/\/cnr.org.br\/site\/wp-content\/uploads\/2026\/02\/Logo_CNR_completa_colorida_2024.png","width":910,"height":450,"caption":"CNR"},"image":{"@id":"https:\/\/cnr.org.br\/novoportal\/#\/schema\/logo\/image\/"}},{"@type":"Person","@id":"https:\/\/cnr.org.br\/novoportal\/#\/schema\/person\/1f46209cd8c9d3d9887a0765b64ca66b","name":"Imprensa CNR","sameAs":["https:\/\/cnr.org.br\/site"],"url":"https:\/\/cnr.org.br\/site\/author\/imprensa\/"}]}},"_links":{"self":[{"href":"https:\/\/cnr.org.br\/site\/wp-json\/wp\/v2\/posts\/83812","targetHints":{"allow":["GET"]}}],"collection":[{"href":"https:\/\/cnr.org.br\/site\/wp-json\/wp\/v2\/posts"}],"about":[{"href":"https:\/\/cnr.org.br\/site\/wp-json\/wp\/v2\/types\/post"}],"author":[{"embeddable":true,"href":"https:\/\/cnr.org.br\/site\/wp-json\/wp\/v2\/users\/2"}],"replies":[{"embeddable":true,"href":"https:\/\/cnr.org.br\/site\/wp-json\/wp\/v2\/comments?post=83812"}],"version-history":[{"count":0,"href":"https:\/\/cnr.org.br\/site\/wp-json\/wp\/v2\/posts\/83812\/revisions"}],"wp:featuredmedia":[{"embeddable":true,"href":"https:\/\/cnr.org.br\/site\/wp-json\/wp\/v2\/media\/83608"}],"wp:attachment":[{"href":"https:\/\/cnr.org.br\/site\/wp-json\/wp\/v2\/media?parent=83812"}],"wp:term":[{"taxonomy":"category","embeddable":true,"href":"https:\/\/cnr.org.br\/site\/wp-json\/wp\/v2\/categories?post=83812"},{"taxonomy":"post_tag","embeddable":true,"href":"https:\/\/cnr.org.br\/site\/wp-json\/wp\/v2\/tags?post=83812"}],"curies":[{"name":"wp","href":"https:\/\/api.w.org\/{rel}","templated":true}]}}