{"id":83876,"date":"2022-07-08T11:35:21","date_gmt":"2022-07-08T14:35:21","guid":{"rendered":"https:\/\/cnr.org.br\/site\/?p=83876"},"modified":"2022-07-08T11:35:22","modified_gmt":"2022-07-08T14:35:22","slug":"ministro-sergio-kukina-exalta-a-importancia-da-realizacao-da-i-jornada-de-direito-notarial-e-registral%ef%bf%bc","status":"publish","type":"post","link":"https:\/\/cnr.org.br\/site\/ministro-sergio-kukina-exalta-a-importancia-da-realizacao-da-i-jornada-de-direito-notarial-e-registral%ef%bf%bc\/","title":{"rendered":"Ministro S\u00e9rgio Kukina exalta a import\u00e2ncia da realiza\u00e7\u00e3o da I Jornada de Direito Notarial e Registral\ufffc"},"content":{"rendered":"\n<p>O Conselho da Justi\u00e7a Federal (CJF), por interm\u00e9dio do Centro de Estudos Judici\u00e1rios (CEJ), realizar\u00e1 a&nbsp;<em>I Jornada de Direito Notarial e Registral<\/em>, nos dias 4 e 5 de agosto, na sede do Tribunal Regional Federal da 5\u00aa Regi\u00e3o (TRF5), em Recife. Os interessados em participar do encontro dever\u00e3o&nbsp;encaminhar propostas de enunciados at\u00e9 o dia 27 de junho, por meio do&nbsp;<a href=\"https:\/\/enunciare.cjf.jus.br\/enunciare\/#\/envio\/321\" target=\"_blank\" rel=\"noreferrer noopener\"><strong>formul\u00e1rio eletr\u00f4nico disponibilizado no portal do CJF<\/strong><\/a>.&nbsp; &nbsp;<\/p>\n\n\n\n<p>O evento ter\u00e1 como um de seus coordenadores cient\u00edficos o ministro do Superior Tribunal de Justi\u00e7a (STJ) S\u00e9rgio&nbsp;Kukina. O ministro ressaltou que a motiva\u00e7\u00e3o para um grande evento como esse \u00e9 permanente, diante da import\u00e2ncia de que se reveste o servi\u00e7o prestado pelas categorias dos not\u00e1rios e dos registradores, cujas atividades desenvolvidas&nbsp;est\u00e3o previstas no artigo 236 da&nbsp;Constitui\u00e7\u00e3o Federal.<\/p>\n\n\n\n<p>&#8220;Quando se fala no ramo dos cart\u00f3rios, da atua\u00e7\u00e3o do foro extrajudicial, devemos lembrar que esta atividade nos acompanha praticamente desde o nosso nascimento. Da\u00ed a sua elevada import\u00e2ncia&#8221;, afirmou o magistrado.<\/p>\n\n\n\n<h2 class=\"wp-block-heading\">Jornada ter\u00e1 seis comiss\u00f5es de trabalho<\/h2>\n\n\n\n<p>A relev\u00e2ncia da jornada para a Justi\u00e7a Federal e o universo jur\u00eddico tamb\u00e9m foi exaltada pelo magistrado. O encontro, segundo ele, procurar\u00e1 envolver diversos profissionais que atuam no segmento, n\u00e3o apenas os not\u00e1rios e registradores, mas tamb\u00e9m ju\u00edzes, promotores, advogados e todos aqueles que se ocupam da \u00e1rea e que t\u00eam o seu olhar voltado para tais temas.&nbsp;&nbsp;<\/p>\n\n\n\n<p>O ministro S\u00e9rgio Kukina declarou sua expectativa de contar no evento com a participa\u00e7\u00e3o do p\u00fablico externo no que se refere ao encaminhamento de proposi\u00e7\u00f5es de enunciados \u00e0 jornada,&nbsp;que&nbsp;possam contribuir para a melhor compreens\u00e3o das atividades notariais e registrais e a sua aplica\u00e7\u00e3o no dia a dia.<\/p>\n\n\n\n<p>&#8220;Minhas expectativas para os debates desta primeira edi\u00e7\u00e3o s\u00e3o as melhores. Espero que todos saiamos de l\u00e1, ap\u00f3s os debates, muito melhores e esclarecidos do que quando entramos no evento. Seguramente, ideias muito boas ser\u00e3o disseminadas ao longo dos trabalhos&#8221;, ressaltou o ministro.&nbsp;<\/p>\n\n\n\n<p>O coordenador cient\u00edfico da jornada tamb\u00e9m destacou que todas as seis comiss\u00f5es de trabalho previstas para o encontro s\u00e3o igualmente importantes e se complementam, sendo que &#8220;nenhuma delas poderia faltar&#8221;. As comiss\u00f5es est\u00e3o divididas nos seguintes temas: &#8220;Registro civil de pessoas naturais&#8221;; &#8220;Registro de im\u00f3veis&#8221;; &#8220;Registro de t\u00edtulos e documentos e civis de pessoas jur\u00eddicas&#8221;; &#8220;Tabelionato de notas&#8221;; &#8220;Protesto de t\u00edtulos&#8221;; e &#8220;O juiz e a atividade notarial e registral&#8221;.&nbsp;<\/p>\n\n\n\n<h2 class=\"wp-block-heading\">O evento&nbsp;<\/h2>\n\n\n\n<p>A&nbsp;<em>I Jornada de Direito Notarial e Registral<\/em>&nbsp;tem por objetivo promover condi\u00e7\u00f5es ao delineamento de posi\u00e7\u00f5es interpretativas sobre o direito notarial e registral contempor\u00e2neo, adequando&nbsp;tais&nbsp;interpreta\u00e7\u00f5es&nbsp;\u00e0s&nbsp;inova\u00e7\u00f5es legislativas, doutrin\u00e1rias e jurisprudenciais, a partir de debates entre especialistas e professores, conferindo seguran\u00e7a jur\u00eddica em sua aplica\u00e7\u00e3o.&nbsp;<\/p>\n\n\n\n<p>O evento \u00e9 uma realiza\u00e7\u00e3o do Centro de Estudos Judici\u00e1rios do CJF, em parceria com o TRF5 e a Escola de Magistratura Federal da 5\u00aa Regi\u00e3o (Esmafe). A coordena\u00e7\u00e3o-geral da jornada est\u00e1 a cargo do vice-presidente do STJ e do CJF e diretor do CEJ, ministro Jorge&nbsp;Mussi, e a coordena\u00e7\u00e3o cient\u00edfica ser\u00e1 exercida pelos ministros do STJ S\u00e9rgio&nbsp;Kukina&nbsp;e Ribeiro Dantas.&nbsp;<\/p>\n\n\n\n<p>Mais informa\u00e7\u00f5es est\u00e3o dispon\u00edveis na&nbsp;<a href=\"https:\/\/www.cjf.jus.br\/cjf\/corregedoria-da-justica-federal\/centro-de-estudos-judiciarios-1\/eventos\/jornadas\/ijd_notarial_regisral\" target=\"_blank\" rel=\"noreferrer noopener\"><strong>p\u00e1gina da&nbsp;<\/strong><strong><em>I Jornada de Direito Notarial e Registral<\/em><\/strong><\/a>.&nbsp;<\/p>\n\n\n\n<p><em>Com informa\u00e7\u00f5es do CJF<\/em>.<\/p>\n\n\n\n<p>Fonte:  STJ<\/p>\n","protected":false},"excerpt":{"rendered":"<p>O Conselho da Justi\u00e7a Federal (CJF), por interm\u00e9dio do Centro de Estudos Judici\u00e1rios (CEJ), realizar\u00e1 a&nbsp;I Jornada de Direito Notarial e Registral, nos dias 4 e 5 de agosto, na sede do Tribunal Regional Federal da 5\u00aa Regi\u00e3o (TRF5), em Recife. Os interessados em participar do encontro dever\u00e3o&nbsp;encaminhar propostas de enunciados at\u00e9 o dia 27&#8230;<\/p>\n","protected":false},"author":2,"featured_media":83777,"comment_status":"closed","ping_status":"closed","sticky":false,"template":"","format":"standard","meta":{"_exactmetrics_skip_tracking":false,"_exactmetrics_sitenote_active":false,"_exactmetrics_sitenote_note":"","_exactmetrics_sitenote_category":0,"footnotes":""},"categories":[525,55,47],"tags":[],"class_list":["post-83876","post","type-post","status-publish","format-standard","has-post-thumbnail","hentry","category-home","category-noticia","category-ultimas-noticias"],"_links":{"self":[{"href":"https:\/\/cnr.org.br\/site\/wp-json\/wp\/v2\/posts\/83876"}],"collection":[{"href":"https:\/\/cnr.org.br\/site\/wp-json\/wp\/v2\/posts"}],"about":[{"href":"https:\/\/cnr.org.br\/site\/wp-json\/wp\/v2\/types\/post"}],"author":[{"embeddable":true,"href":"https:\/\/cnr.org.br\/site\/wp-json\/wp\/v2\/users\/2"}],"replies":[{"embeddable":true,"href":"https:\/\/cnr.org.br\/site\/wp-json\/wp\/v2\/comments?post=83876"}],"version-history":[{"count":1,"href":"https:\/\/cnr.org.br\/site\/wp-json\/wp\/v2\/posts\/83876\/revisions"}],"predecessor-version":[{"id":83877,"href":"https:\/\/cnr.org.br\/site\/wp-json\/wp\/v2\/posts\/83876\/revisions\/83877"}],"wp:featuredmedia":[{"embeddable":true,"href":"https:\/\/cnr.org.br\/site\/wp-json\/wp\/v2\/media\/83777"}],"wp:attachment":[{"href":"https:\/\/cnr.org.br\/site\/wp-json\/wp\/v2\/media?parent=83876"}],"wp:term":[{"taxonomy":"category","embeddable":true,"href":"https:\/\/cnr.org.br\/site\/wp-json\/wp\/v2\/categories?post=83876"},{"taxonomy":"post_tag","embeddable":true,"href":"https:\/\/cnr.org.br\/site\/wp-json\/wp\/v2\/tags?post=83876"}],"curies":[{"name":"wp","href":"https:\/\/api.w.org\/{rel}","templated":true}]}}