{"id":84113,"date":"2022-09-06T08:19:11","date_gmt":"2022-09-06T11:19:11","guid":{"rendered":"https:\/\/cnr.org.br\/site\/?p=84113"},"modified":"2022-09-20T10:01:01","modified_gmt":"2022-09-20T13:01:01","slug":"tabelionatos-de-notas-e-protesto-da-era-digital-sao-debatidos-na-concart-2022","status":"publish","type":"post","link":"https:\/\/cnr.org.br\/site\/tabelionatos-de-notas-e-protesto-da-era-digital-sao-debatidos-na-concart-2022\/","title":{"rendered":"Tabelionatos de Notas e Protesto da Era Digital s\u00e3o debatidos na Concart 2022"},"content":{"rendered":"<div id=\"dslc-theme-content\"><div id=\"dslc-theme-content-inner\">\n<p>O pen\u00faltimo painel desta sexta-feira abordou plataformas eletr\u00f4nicas que garantem a evolu\u00e7\u00e3o da pr\u00e1tica notarial<\/p>\n\n\n\n<p>A segunda palestra do terceiro e \u00faltimo dia de Concart, \u201cOs Tabelionatos de Notas e Protesto da Era Digital\u201d, ocorreu com a media\u00e7\u00e3o presidente da Anoreg\/RN e Tabeli\u00e3o de Notas e Protesto do Rio Grande do Norte, Airene Jos\u00e9 Amaral de Paiva e com a participa\u00e7\u00e3o das autoridades: Daniel Driessen J\u00fanior, Presidente do CNB\/PR; Maur\u00edcio Leonardo, Tabeli\u00e3o de Notas de Belo Horizonte; e Luiz Paulo Souto, Gestor de Tecnologia da Informa\u00e7\u00e3o do Instituto de Estudos de Protesto de T\u00edtulos do Brasil (IEPTB).<\/p>\n\n\n\n<p>Abrindo o debate, Paiva agradeceu o convite feito pela CNR e ressaltou a import\u00e2ncia de eventos como a Concart para a troca de experi\u00eancias, fortalecimento e uni\u00e3o da classe.<\/p>\n\n\n\n<p>Na sequ\u00eancia, o primeiro palestrante, Maur\u00edcio Leonardo, fez retrospectivas para relatar como a tecnologia se tornou uma ferramenta rotineira na pr\u00e1tica notarial. \u201cEm 1998, o segundo governo de Fernando Enrique Cardoso come\u00e7ou a falar sobre e-Gov e e-Cart\u00f3rio. Confusos quanto ao significado dessas novidades, nos reunimos e investimos em estudos para inserir o notariado no mundo digital. Em 2000, foi assinada a primeira escritura brasileira usando a tecnologia de chaves p\u00fablicas. Em 2007, uma empresa paranaense criou a primeira certificadora eletr\u00f4nica do pa\u00eds. Nesse momento, os \u00e2nimos se enalteceram e houveram receios de que perder\u00edamos a f\u00e9 p\u00fablica. Mas n\u00f3s, not\u00e1rios est\u00e1vamos certos, os anos passaram e, em resultado, durante a pandemia, est\u00e1vamos preparados para apoiar a classe. Em apenas 50 dias ap\u00f3s o in\u00edcio do per\u00edodo de quarentena, o Brasil inteiro passou a assinar documentos eletronicamente. Nenhum de n\u00f3s fechou as portas ou desamparou a popula\u00e7\u00e3o. Estivemos o tempo todo presentes, atendendo os usu\u00e1rios. Esse foi um avan\u00e7o de dez anos em apenas um\u201d, ressaltou.<\/p>\n\n\n\n<figure class=\"wp-block-image size-large\"><img loading=\"lazy\" decoding=\"async\" width=\"1024\" height=\"682\" src=\"https:\/\/cnr.org.br\/site\/wp-content\/uploads\/2022\/09\/Painel-1024x682.jpeg\" alt=\"\" class=\"wp-image-84117\" srcset=\"https:\/\/cnr.org.br\/site\/wp-content\/uploads\/2022\/09\/Painel-1024x682.jpeg 1024w, https:\/\/cnr.org.br\/site\/wp-content\/uploads\/2022\/09\/Painel-300x200.jpeg 300w, https:\/\/cnr.org.br\/site\/wp-content\/uploads\/2022\/09\/Painel-768x512.jpeg 768w, https:\/\/cnr.org.br\/site\/wp-content\/uploads\/2022\/09\/Painel-1536x1023.jpeg 1536w, https:\/\/cnr.org.br\/site\/wp-content\/uploads\/2022\/09\/Painel-435x290.jpeg 435w, https:\/\/cnr.org.br\/site\/wp-content\/uploads\/2022\/09\/Painel-150x100.jpeg 150w, https:\/\/cnr.org.br\/site\/wp-content\/uploads\/2022\/09\/Painel-370x247.jpeg 370w, https:\/\/cnr.org.br\/site\/wp-content\/uploads\/2022\/09\/Painel.jpeg 1600w\" sizes=\"auto, (max-width: 1024px) 100vw, 1024px\" \/><figcaption>Cr\u00e9ditos: Iratu\u00e3 Freitas<\/figcaption><\/figure>\n\n\n\n<p>Comprovando a fala do Tabeli\u00e3o de Notas de Belo Horizonte, o segundo debatedor, Daniel Driessen J\u00fanior, trouxe n\u00fameros reveladores sobre a presen\u00e7a digital dos cart\u00f3rios nacionais a partir do e-Notariado. \u201cEssa ferramenta \u00e9 o futuro da classe no pa\u00eds. Hoje, o e-Notariado oferece todos os m\u00f3dulos de servi\u00e7os notariais. Na minha serventia, por exemplo, n\u00e3o passa um \u00fanico dia sem que lavremos um ato no e-Notariado. A cultura virtual est\u00e1 crescendo cada vez mais e \u00e9 um caminho sem volta, que oferece praticidade, seguran\u00e7a, economia de tempo aos usu\u00e1rios\u201d, relatou.<\/p>\n\n\n\n<p>Desde maio de 2021, a plataforma emitiu mais de 441,9 mil Certificados, lavrou quase 413 mil atos protocolares e realizou cerca de 93 procura\u00e7\u00f5es.<\/p>\n\n\n\n<p>Segundo o especialista, um levantamento realizado em 16 de agosto de 2022 demonstrou que, em um \u00fanico dia, foram realizadas 8071 assinaturas na plataforma, que contabiliza, atualmente, 1277 cart\u00f3rios credenciados em 24 unidades federativas do pa\u00eds. \u201cDiante de tudo isso, minha recomenda\u00e7\u00e3o \u00e9 utilizem esses servi\u00e7os. Apenas com n\u00fameros ainda mais robustos vamos conquistar maior relev\u00e2ncia no mercado. Quanto mais atos digitais e cadastros tivermos, mais for\u00e7a como classe teremos. A padroniza\u00e7\u00e3o dos servi\u00e7os digitais \u00e9 a ferramenta para seguirmos evoluindo\u201d, finalizou.<\/p>\n\n\n\n<p>Contribuindo com essa convocat\u00f3ria, Paiva afirmou que os n\u00fameros mostram a punjan\u00e7a do sistema e que \u00e9 preciso estimular seu uso: \u201cOs retornos s\u00e3o muitos positivos. No Rio Hrande do Norte, a ideia \u00e9 estimular a ades\u00e3o dos nossos 204 cart\u00f3rios\u201d.<\/p>\n\n\n\n<p>O \u00faltimo palestrante do painel, Luiz Paulo Souto, apresentou outra ferramenta de extrema import\u00e2ncia, a Central Nacional de Protesto (Cenprot): \u201cA plataforma apresenta novos rumos para os Cart\u00f3rios de Protesto. Mas h\u00e1 um desafio: todos os atos e pedidos gerados pela Cenprot precisam ser gerados imediatamente, pois a demora descredibiliza a plataforma. O cliente espera agilidade para dar prioridade a atos eletr\u00f4nicos\u201d, ressaltou.<\/p>\n\n\n\n<p>Como ambiente de neg\u00f3cios, a Cenprot trouxe novas tecnologias para a atribui\u00e7\u00e3o, como pix e cart\u00e3o de cr\u00e9dito como meios de pagamento, e novos atores, mais inovadores e digitais. \u201cDiversas entidades passaram a enxergar no protesto uma forma eficiente de recupera\u00e7\u00e3o de cr\u00e9dito. Deixou de ter a cara de papel e entrou para a era digital\u201d, afirmou Souto.<\/p>\n\n\n\n<p>Hoje instrumentos de protesto, como anu\u00eancia e cancelamento, s\u00e3o totalmente eletr\u00f4nicos. E outras inova\u00e7\u00f5es j\u00e1 est\u00e3o em processo de institui\u00e7\u00e3o. \u201cEm breve teremos uma central de renegocia\u00e7\u00e3o de d\u00edvidas, concilia\u00e7\u00e3o e media\u00e7\u00e3o e mediadas de quita\u00e7\u00e3o de d\u00e9bitos on-line. A central tamb\u00e9m vai disponibilizar a possibilidade do credor, por meio do certificado digital, criar propostas de negocia\u00e7\u00e3o para t\u00edtulos j\u00e1 protestados. Mas precisamos garantir a satisfa\u00e7\u00e3o do usu\u00e1rio on-line, afinal ele tem outros meios e solu\u00e7\u00f5es para recorrer no ambiente virtual\u201d, finalizou Souto.<\/p>\n<\/div><\/div>","protected":false},"excerpt":{"rendered":"<p>O pen\u00faltimo painel desta sexta-feira abordou plataformas eletr\u00f4nicas que garantem a evolu\u00e7\u00e3o da pr\u00e1tica notarial A segunda palestra do terceiro e \u00faltimo dia de Concart, \u201cOs Tabelionatos de Notas e Protesto da Era Digital\u201d, ocorreu com a media\u00e7\u00e3o presidente da Anoreg\/RN e Tabeli\u00e3o de Notas e Protesto do Rio Grande do Norte, Airene Jos\u00e9 Amaral [&hellip;]<\/p>\n","protected":false},"author":2,"featured_media":84114,"comment_status":"closed","ping_status":"closed","sticky":false,"template":"","format":"standard","meta":{"footnotes":"","_links_to":"","_links_to_target":""},"categories":[756,758,755,759,698,525,55,47],"tags":[],"class_list":["post-84113","post","type-post","status-publish","format-standard","has-post-thumbnail","hentry","category-concart-2022-home","category-concart-2022-home-2","category-concart-2022","category-concart-2022-concart-2022-home-2","category-home-2","category-home","category-noticia","category-ultimas-noticias"],"yoast_head":"<!-- This site is optimized with the Yoast SEO plugin v27.5 - https:\/\/yoast.com\/product\/yoast-seo-wordpress\/ -->\n<title>Tabelionatos de Notas e Protesto da Era Digital s\u00e3o debatidos na Concart 2022 - CNR<\/title>\n<meta name=\"robots\" content=\"index, follow, max-snippet:-1, max-image-preview:large, max-video-preview:-1\" \/>\n<link rel=\"canonical\" href=\"https:\/\/cnr.org.br\/novoportal\/tabelionatos-de-notas-e-protesto-da-era-digital-sao-debatidos-na-concart-2022\/\" \/>\n<meta property=\"og:locale\" content=\"pt_BR\" \/>\n<meta property=\"og:type\" content=\"article\" \/>\n<meta property=\"og:title\" content=\"Tabelionatos de Notas e Protesto da Era Digital s\u00e3o debatidos na Concart 2022 - CNR\" \/>\n<meta property=\"og:description\" content=\"O pen\u00faltimo painel desta sexta-feira abordou plataformas eletr\u00f4nicas que garantem a evolu\u00e7\u00e3o da pr\u00e1tica notarial A segunda palestra do terceiro e \u00faltimo dia de Concart, \u201cOs Tabelionatos de Notas e Protesto da Era Digital\u201d, ocorreu com a media\u00e7\u00e3o presidente da Anoreg\/RN e Tabeli\u00e3o de Notas e Protesto do Rio Grande do Norte, Airene Jos\u00e9 Amaral [&hellip;]\" \/>\n<meta property=\"og:url\" content=\"https:\/\/cnr.org.br\/novoportal\/tabelionatos-de-notas-e-protesto-da-era-digital-sao-debatidos-na-concart-2022\/\" \/>\n<meta property=\"og:site_name\" content=\"CNR\" \/>\n<meta property=\"article:published_time\" content=\"2022-09-06T11:19:11+00:00\" \/>\n<meta property=\"article:modified_time\" content=\"2022-09-20T13:01:01+00:00\" \/>\n<meta property=\"og:image\" content=\"https:\/\/cnr.org.br\/novoportal\/wp-content\/uploads\/2022\/09\/Painel-6.jpeg\" \/>\n\t<meta property=\"og:image:width\" content=\"1600\" \/>\n\t<meta property=\"og:image:height\" content=\"1066\" \/>\n\t<meta property=\"og:image:type\" content=\"image\/jpeg\" \/>\n<meta name=\"author\" content=\"Imprensa CNR\" \/>\n<meta name=\"twitter:card\" content=\"summary_large_image\" \/>\n<meta name=\"twitter:label1\" content=\"Escrito por\" \/>\n\t<meta name=\"twitter:data1\" content=\"Imprensa CNR\" \/>\n\t<meta name=\"twitter:label2\" content=\"Est. tempo de leitura\" \/>\n\t<meta name=\"twitter:data2\" content=\"5 minutos\" \/>\n<script type=\"application\/ld+json\" class=\"yoast-schema-graph\">{\"@context\":\"https:\\\/\\\/schema.org\",\"@graph\":[{\"@type\":\"Article\",\"@id\":\"https:\\\/\\\/cnr.org.br\\\/novoportal\\\/tabelionatos-de-notas-e-protesto-da-era-digital-sao-debatidos-na-concart-2022\\\/#article\",\"isPartOf\":{\"@id\":\"https:\\\/\\\/cnr.org.br\\\/novoportal\\\/tabelionatos-de-notas-e-protesto-da-era-digital-sao-debatidos-na-concart-2022\\\/\"},\"author\":{\"name\":\"Imprensa CNR\",\"@id\":\"https:\\\/\\\/cnr.org.br\\\/novoportal\\\/#\\\/schema\\\/person\\\/1f46209cd8c9d3d9887a0765b64ca66b\"},\"headline\":\"Tabelionatos de Notas e Protesto da Era Digital s\u00e3o debatidos na Concart 2022\",\"datePublished\":\"2022-09-06T11:19:11+00:00\",\"dateModified\":\"2022-09-20T13:01:01+00:00\",\"mainEntityOfPage\":{\"@id\":\"https:\\\/\\\/cnr.org.br\\\/novoportal\\\/tabelionatos-de-notas-e-protesto-da-era-digital-sao-debatidos-na-concart-2022\\\/\"},\"wordCount\":822,\"publisher\":{\"@id\":\"https:\\\/\\\/cnr.org.br\\\/novoportal\\\/#organization\"},\"image\":{\"@id\":\"https:\\\/\\\/cnr.org.br\\\/novoportal\\\/tabelionatos-de-notas-e-protesto-da-era-digital-sao-debatidos-na-concart-2022\\\/#primaryimage\"},\"thumbnailUrl\":\"https:\\\/\\\/cnr.org.br\\\/site\\\/wp-content\\\/uploads\\\/2022\\\/09\\\/Painel-6.jpeg\",\"articleSection\":[\"Concart 2022\",\"Concart 2022\",\"Concart 2022\",\"Concart 2022\",\"home\",\"Home\",\"Not\u00edcia\",\"\u00daltimas Not\u00edcias\"],\"inLanguage\":\"pt-BR\"},{\"@type\":\"WebPage\",\"@id\":\"https:\\\/\\\/cnr.org.br\\\/novoportal\\\/tabelionatos-de-notas-e-protesto-da-era-digital-sao-debatidos-na-concart-2022\\\/\",\"url\":\"https:\\\/\\\/cnr.org.br\\\/novoportal\\\/tabelionatos-de-notas-e-protesto-da-era-digital-sao-debatidos-na-concart-2022\\\/\",\"name\":\"Tabelionatos de Notas e Protesto da Era Digital s\u00e3o debatidos na Concart 2022 - CNR\",\"isPartOf\":{\"@id\":\"https:\\\/\\\/cnr.org.br\\\/novoportal\\\/#website\"},\"primaryImageOfPage\":{\"@id\":\"https:\\\/\\\/cnr.org.br\\\/novoportal\\\/tabelionatos-de-notas-e-protesto-da-era-digital-sao-debatidos-na-concart-2022\\\/#primaryimage\"},\"image\":{\"@id\":\"https:\\\/\\\/cnr.org.br\\\/novoportal\\\/tabelionatos-de-notas-e-protesto-da-era-digital-sao-debatidos-na-concart-2022\\\/#primaryimage\"},\"thumbnailUrl\":\"https:\\\/\\\/cnr.org.br\\\/site\\\/wp-content\\\/uploads\\\/2022\\\/09\\\/Painel-6.jpeg\",\"datePublished\":\"2022-09-06T11:19:11+00:00\",\"dateModified\":\"2022-09-20T13:01:01+00:00\",\"breadcrumb\":{\"@id\":\"https:\\\/\\\/cnr.org.br\\\/novoportal\\\/tabelionatos-de-notas-e-protesto-da-era-digital-sao-debatidos-na-concart-2022\\\/#breadcrumb\"},\"inLanguage\":\"pt-BR\",\"potentialAction\":[{\"@type\":\"ReadAction\",\"target\":[\"https:\\\/\\\/cnr.org.br\\\/novoportal\\\/tabelionatos-de-notas-e-protesto-da-era-digital-sao-debatidos-na-concart-2022\\\/\"]}]},{\"@type\":\"ImageObject\",\"inLanguage\":\"pt-BR\",\"@id\":\"https:\\\/\\\/cnr.org.br\\\/novoportal\\\/tabelionatos-de-notas-e-protesto-da-era-digital-sao-debatidos-na-concart-2022\\\/#primaryimage\",\"url\":\"https:\\\/\\\/cnr.org.br\\\/site\\\/wp-content\\\/uploads\\\/2022\\\/09\\\/Painel-6.jpeg\",\"contentUrl\":\"https:\\\/\\\/cnr.org.br\\\/site\\\/wp-content\\\/uploads\\\/2022\\\/09\\\/Painel-6.jpeg\",\"width\":1600,\"height\":1066},{\"@type\":\"BreadcrumbList\",\"@id\":\"https:\\\/\\\/cnr.org.br\\\/novoportal\\\/tabelionatos-de-notas-e-protesto-da-era-digital-sao-debatidos-na-concart-2022\\\/#breadcrumb\",\"itemListElement\":[{\"@type\":\"ListItem\",\"position\":1,\"name\":\"In\u00edcio\",\"item\":\"https:\\\/\\\/cnr.org.br\\\/site\\\/\"},{\"@type\":\"ListItem\",\"position\":2,\"name\":\"Tabelionatos de Notas e Protesto da Era Digital s\u00e3o debatidos na Concart 2022\"}]},{\"@type\":\"WebSite\",\"@id\":\"https:\\\/\\\/cnr.org.br\\\/novoportal\\\/#website\",\"url\":\"https:\\\/\\\/cnr.org.br\\\/novoportal\\\/\",\"name\":\"CNR\",\"description\":\"Confedera\u00e7\u00e3o Nacional de Not\u00e1rios e Registradores\",\"publisher\":{\"@id\":\"https:\\\/\\\/cnr.org.br\\\/novoportal\\\/#organization\"},\"potentialAction\":[{\"@type\":\"SearchAction\",\"target\":{\"@type\":\"EntryPoint\",\"urlTemplate\":\"https:\\\/\\\/cnr.org.br\\\/novoportal\\\/?s={search_term_string}\"},\"query-input\":{\"@type\":\"PropertyValueSpecification\",\"valueRequired\":true,\"valueName\":\"search_term_string\"}}],\"inLanguage\":\"pt-BR\"},{\"@type\":\"Organization\",\"@id\":\"https:\\\/\\\/cnr.org.br\\\/novoportal\\\/#organization\",\"name\":\"CNR\",\"url\":\"https:\\\/\\\/cnr.org.br\\\/novoportal\\\/\",\"logo\":{\"@type\":\"ImageObject\",\"inLanguage\":\"pt-BR\",\"@id\":\"https:\\\/\\\/cnr.org.br\\\/novoportal\\\/#\\\/schema\\\/logo\\\/image\\\/\",\"url\":\"https:\\\/\\\/cnr.org.br\\\/site\\\/wp-content\\\/uploads\\\/2026\\\/02\\\/Logo_CNR_completa_colorida_2024.png\",\"contentUrl\":\"https:\\\/\\\/cnr.org.br\\\/site\\\/wp-content\\\/uploads\\\/2026\\\/02\\\/Logo_CNR_completa_colorida_2024.png\",\"width\":910,\"height\":450,\"caption\":\"CNR\"},\"image\":{\"@id\":\"https:\\\/\\\/cnr.org.br\\\/novoportal\\\/#\\\/schema\\\/logo\\\/image\\\/\"}},{\"@type\":\"Person\",\"@id\":\"https:\\\/\\\/cnr.org.br\\\/novoportal\\\/#\\\/schema\\\/person\\\/1f46209cd8c9d3d9887a0765b64ca66b\",\"name\":\"Imprensa CNR\",\"sameAs\":[\"https:\\\/\\\/cnr.org.br\\\/site\"],\"url\":\"https:\\\/\\\/cnr.org.br\\\/site\\\/author\\\/imprensa\\\/\"}]}<\/script>\n<!-- \/ Yoast SEO plugin. -->","yoast_head_json":{"title":"Tabelionatos de Notas e Protesto da Era Digital s\u00e3o debatidos na Concart 2022 - CNR","robots":{"index":"index","follow":"follow","max-snippet":"max-snippet:-1","max-image-preview":"max-image-preview:large","max-video-preview":"max-video-preview:-1"},"canonical":"https:\/\/cnr.org.br\/novoportal\/tabelionatos-de-notas-e-protesto-da-era-digital-sao-debatidos-na-concart-2022\/","og_locale":"pt_BR","og_type":"article","og_title":"Tabelionatos de Notas e Protesto da Era Digital s\u00e3o debatidos na Concart 2022 - CNR","og_description":"O pen\u00faltimo painel desta sexta-feira abordou plataformas eletr\u00f4nicas que garantem a evolu\u00e7\u00e3o da pr\u00e1tica notarial A segunda palestra do terceiro e \u00faltimo dia de Concart, \u201cOs Tabelionatos de Notas e Protesto da Era Digital\u201d, ocorreu com a media\u00e7\u00e3o presidente da Anoreg\/RN e Tabeli\u00e3o de Notas e Protesto do Rio Grande do Norte, Airene Jos\u00e9 Amaral [&hellip;]","og_url":"https:\/\/cnr.org.br\/novoportal\/tabelionatos-de-notas-e-protesto-da-era-digital-sao-debatidos-na-concart-2022\/","og_site_name":"CNR","article_published_time":"2022-09-06T11:19:11+00:00","article_modified_time":"2022-09-20T13:01:01+00:00","og_image":[{"width":1600,"height":1066,"url":"https:\/\/cnr.org.br\/novoportal\/wp-content\/uploads\/2022\/09\/Painel-6.jpeg","type":"image\/jpeg"}],"author":"Imprensa CNR","twitter_card":"summary_large_image","twitter_misc":{"Escrito por":"Imprensa CNR","Est. tempo de leitura":"5 minutos"},"schema":{"@context":"https:\/\/schema.org","@graph":[{"@type":"Article","@id":"https:\/\/cnr.org.br\/novoportal\/tabelionatos-de-notas-e-protesto-da-era-digital-sao-debatidos-na-concart-2022\/#article","isPartOf":{"@id":"https:\/\/cnr.org.br\/novoportal\/tabelionatos-de-notas-e-protesto-da-era-digital-sao-debatidos-na-concart-2022\/"},"author":{"name":"Imprensa CNR","@id":"https:\/\/cnr.org.br\/novoportal\/#\/schema\/person\/1f46209cd8c9d3d9887a0765b64ca66b"},"headline":"Tabelionatos de Notas e Protesto da Era Digital s\u00e3o debatidos na Concart 2022","datePublished":"2022-09-06T11:19:11+00:00","dateModified":"2022-09-20T13:01:01+00:00","mainEntityOfPage":{"@id":"https:\/\/cnr.org.br\/novoportal\/tabelionatos-de-notas-e-protesto-da-era-digital-sao-debatidos-na-concart-2022\/"},"wordCount":822,"publisher":{"@id":"https:\/\/cnr.org.br\/novoportal\/#organization"},"image":{"@id":"https:\/\/cnr.org.br\/novoportal\/tabelionatos-de-notas-e-protesto-da-era-digital-sao-debatidos-na-concart-2022\/#primaryimage"},"thumbnailUrl":"https:\/\/cnr.org.br\/site\/wp-content\/uploads\/2022\/09\/Painel-6.jpeg","articleSection":["Concart 2022","Concart 2022","Concart 2022","Concart 2022","home","Home","Not\u00edcia","\u00daltimas Not\u00edcias"],"inLanguage":"pt-BR"},{"@type":"WebPage","@id":"https:\/\/cnr.org.br\/novoportal\/tabelionatos-de-notas-e-protesto-da-era-digital-sao-debatidos-na-concart-2022\/","url":"https:\/\/cnr.org.br\/novoportal\/tabelionatos-de-notas-e-protesto-da-era-digital-sao-debatidos-na-concart-2022\/","name":"Tabelionatos de Notas e Protesto da Era Digital s\u00e3o debatidos na Concart 2022 - CNR","isPartOf":{"@id":"https:\/\/cnr.org.br\/novoportal\/#website"},"primaryImageOfPage":{"@id":"https:\/\/cnr.org.br\/novoportal\/tabelionatos-de-notas-e-protesto-da-era-digital-sao-debatidos-na-concart-2022\/#primaryimage"},"image":{"@id":"https:\/\/cnr.org.br\/novoportal\/tabelionatos-de-notas-e-protesto-da-era-digital-sao-debatidos-na-concart-2022\/#primaryimage"},"thumbnailUrl":"https:\/\/cnr.org.br\/site\/wp-content\/uploads\/2022\/09\/Painel-6.jpeg","datePublished":"2022-09-06T11:19:11+00:00","dateModified":"2022-09-20T13:01:01+00:00","breadcrumb":{"@id":"https:\/\/cnr.org.br\/novoportal\/tabelionatos-de-notas-e-protesto-da-era-digital-sao-debatidos-na-concart-2022\/#breadcrumb"},"inLanguage":"pt-BR","potentialAction":[{"@type":"ReadAction","target":["https:\/\/cnr.org.br\/novoportal\/tabelionatos-de-notas-e-protesto-da-era-digital-sao-debatidos-na-concart-2022\/"]}]},{"@type":"ImageObject","inLanguage":"pt-BR","@id":"https:\/\/cnr.org.br\/novoportal\/tabelionatos-de-notas-e-protesto-da-era-digital-sao-debatidos-na-concart-2022\/#primaryimage","url":"https:\/\/cnr.org.br\/site\/wp-content\/uploads\/2022\/09\/Painel-6.jpeg","contentUrl":"https:\/\/cnr.org.br\/site\/wp-content\/uploads\/2022\/09\/Painel-6.jpeg","width":1600,"height":1066},{"@type":"BreadcrumbList","@id":"https:\/\/cnr.org.br\/novoportal\/tabelionatos-de-notas-e-protesto-da-era-digital-sao-debatidos-na-concart-2022\/#breadcrumb","itemListElement":[{"@type":"ListItem","position":1,"name":"In\u00edcio","item":"https:\/\/cnr.org.br\/site\/"},{"@type":"ListItem","position":2,"name":"Tabelionatos de Notas e Protesto da Era Digital s\u00e3o debatidos na Concart 2022"}]},{"@type":"WebSite","@id":"https:\/\/cnr.org.br\/novoportal\/#website","url":"https:\/\/cnr.org.br\/novoportal\/","name":"CNR","description":"Confedera\u00e7\u00e3o Nacional de Not\u00e1rios e Registradores","publisher":{"@id":"https:\/\/cnr.org.br\/novoportal\/#organization"},"potentialAction":[{"@type":"SearchAction","target":{"@type":"EntryPoint","urlTemplate":"https:\/\/cnr.org.br\/novoportal\/?s={search_term_string}"},"query-input":{"@type":"PropertyValueSpecification","valueRequired":true,"valueName":"search_term_string"}}],"inLanguage":"pt-BR"},{"@type":"Organization","@id":"https:\/\/cnr.org.br\/novoportal\/#organization","name":"CNR","url":"https:\/\/cnr.org.br\/novoportal\/","logo":{"@type":"ImageObject","inLanguage":"pt-BR","@id":"https:\/\/cnr.org.br\/novoportal\/#\/schema\/logo\/image\/","url":"https:\/\/cnr.org.br\/site\/wp-content\/uploads\/2026\/02\/Logo_CNR_completa_colorida_2024.png","contentUrl":"https:\/\/cnr.org.br\/site\/wp-content\/uploads\/2026\/02\/Logo_CNR_completa_colorida_2024.png","width":910,"height":450,"caption":"CNR"},"image":{"@id":"https:\/\/cnr.org.br\/novoportal\/#\/schema\/logo\/image\/"}},{"@type":"Person","@id":"https:\/\/cnr.org.br\/novoportal\/#\/schema\/person\/1f46209cd8c9d3d9887a0765b64ca66b","name":"Imprensa CNR","sameAs":["https:\/\/cnr.org.br\/site"],"url":"https:\/\/cnr.org.br\/site\/author\/imprensa\/"}]}},"_links":{"self":[{"href":"https:\/\/cnr.org.br\/site\/wp-json\/wp\/v2\/posts\/84113","targetHints":{"allow":["GET"]}}],"collection":[{"href":"https:\/\/cnr.org.br\/site\/wp-json\/wp\/v2\/posts"}],"about":[{"href":"https:\/\/cnr.org.br\/site\/wp-json\/wp\/v2\/types\/post"}],"author":[{"embeddable":true,"href":"https:\/\/cnr.org.br\/site\/wp-json\/wp\/v2\/users\/2"}],"replies":[{"embeddable":true,"href":"https:\/\/cnr.org.br\/site\/wp-json\/wp\/v2\/comments?post=84113"}],"version-history":[{"count":0,"href":"https:\/\/cnr.org.br\/site\/wp-json\/wp\/v2\/posts\/84113\/revisions"}],"wp:featuredmedia":[{"embeddable":true,"href":"https:\/\/cnr.org.br\/site\/wp-json\/wp\/v2\/media\/84114"}],"wp:attachment":[{"href":"https:\/\/cnr.org.br\/site\/wp-json\/wp\/v2\/media?parent=84113"}],"wp:term":[{"taxonomy":"category","embeddable":true,"href":"https:\/\/cnr.org.br\/site\/wp-json\/wp\/v2\/categories?post=84113"},{"taxonomy":"post_tag","embeddable":true,"href":"https:\/\/cnr.org.br\/site\/wp-json\/wp\/v2\/tags?post=84113"}],"curies":[{"name":"wp","href":"https:\/\/api.w.org\/{rel}","templated":true}]}}