{"id":8459,"date":"2018-10-11T14:02:56","date_gmt":"2018-10-11T17:02:56","guid":{"rendered":"https:\/\/cnr.org.br\/site\/?p=8459"},"modified":"2018-10-11T14:02:56","modified_gmt":"2018-10-11T17:02:56","slug":"stf-decide-que-direito-da-gestante-a-estabilidade-nao-depende-de-conhecimento-previo-do-empregador","status":"publish","type":"post","link":"https:\/\/cnr.org.br\/site\/stf-decide-que-direito-da-gestante-a-estabilidade-nao-depende-de-conhecimento-previo-do-empregador\/","title":{"rendered":"STF decide que direito da gestante \u00e0 estabilidade n\u00e3o depende de conhecimento pr\u00e9vio do empregador"},"content":{"rendered":"<div id=\"dslc-theme-content\"><div id=\"dslc-theme-content-inner\"><p>\t\t\t\t<em>A decis\u00e3o do Plen\u00e1rio foi tomada no julgamento de recurso extraordin\u00e1rio com repercuss\u00e3o geral. Segundo o entendimento do colegiado, o requisito para o reconhecimento da estabilidade e do direito \u00e0 indeniza\u00e7\u00e3o \u00e9 a exist\u00eancia da gravidez, e n\u00e3o sua comunica\u00e7\u00e3o ao empregador.<\/em><\/p>\n<div id=\"attachment_8460\" style=\"width: 1034px\" class=\"wp-caption alignnone\"><img loading=\"lazy\" decoding=\"async\" aria-describedby=\"caption-attachment-8460\" class=\"size-large wp-image-8460\" src=\"https:\/\/cnr.org.br\/site\/wp-content\/uploads\/2018\/10\/1-3-1024x687.jpg\" alt=\"\" width=\"1024\" height=\"687\" srcset=\"https:\/\/cnr.org.br\/site\/wp-content\/uploads\/2018\/10\/1-3.jpg 1024w, https:\/\/cnr.org.br\/site\/wp-content\/uploads\/2018\/10\/1-3-300x201.jpg 300w, https:\/\/cnr.org.br\/site\/wp-content\/uploads\/2018\/10\/1-3-768x515.jpg 768w, https:\/\/cnr.org.br\/site\/wp-content\/uploads\/2018\/10\/1-3-90x60.jpg 90w, https:\/\/cnr.org.br\/site\/wp-content\/uploads\/2018\/10\/1-3-559x375.jpg 559w\" sizes=\"auto, (max-width: 1024px) 100vw, 1024px\" \/><p id=\"caption-attachment-8460\" class=\"wp-caption-text\">Foto: Flickr \/ Leandro Ciuffo<\/p><\/div>\n<p>Na sess\u00e3o plen\u00e1ria desta quarta-feira (10), o Supremo Tribunal Federal (STF) negou provimento ao recurso de uma empresa da \u00e1rea de servi\u00e7os e assentou que o desconhecimento da gravidez de empregada quando da demiss\u00e3o n\u00e3o afasta a responsabilidade do empregador pelo pagamento da indeniza\u00e7\u00e3o por estabilidade. No julgamento do Recurso Extraordin\u00e1rio (RE) 629053, com repercuss\u00e3o geral reconhecida, o colegiado seguiu o voto do ministro Alexandre de Moraes, segundo o qual o relevante \u00e9 a data biol\u00f3gica de exist\u00eancia da gravidez, e n\u00e3o sua comunica\u00e7\u00e3o ao empregador.<\/p>\n<p>Segundo o voto do ministro Alexandre de Moraes, que abriu a diverg\u00eancia em rela\u00e7\u00e3o ao voto do ministro Marco Aur\u00e9lio (relator), a comunica\u00e7\u00e3o formal ou informal ao empregador n\u00e3o \u00e9 necess\u00e1ria, uma vez que se trata de um direito instrumental para a prote\u00e7\u00e3o \u00e0 maternidade e contra a dispensa da gestante e que tem como titulares a empregada e a crian\u00e7a. \u201cO que o texto constitucional coloca como termo inicial \u00e9 a gravidez. Constatado que esta ocorreu antes da dispensa arbitr\u00e1ria, incide a estabilidade\u201d, afirmou.<\/p>\n<p>Segundo ele, a comprova\u00e7\u00e3o pode ser posterior, mas o que importa \u00e9 se a empregada estava ou n\u00e3o gr\u00e1vida antes da dispensa para que incida a prote\u00e7\u00e3o e a efetividade m\u00e1xima do direito \u00e0 maternidade. O desconhecimento por parte da trabalhadora ou a aus\u00eancia de comunica\u00e7\u00e3o, destacou o ministro, n\u00e3o pode prejudicar a gestante, uma vez que a prote\u00e7\u00e3o \u00e0 maternidade, como direito individual, \u00e9 irrenunci\u00e1vel. Ele ressaltou que, no caso dos autos, n\u00e3o se discute que houve a gravidez anterior \u00e0 dispensa, mas sim que era desconhecida tamb\u00e9m da gestante e que foi avisada ao empregador ap\u00f3s a dispensa.<\/p>\n<p>Ficou vencido o relator, ministro Marco Aur\u00e9lio, para quem a estabilidade era v\u00e1lida desde que o empregador tivesse ci\u00eancia da gravidez em momento anterior ao da dispensa imotivada.<\/p>\n<p>A tese de repercuss\u00e3o geral proposta pelo ministro Alexandre de Moraes, que ser\u00e1 o redator do ac\u00f3rd\u00e3o, e aprovada pelo Plen\u00e1rio foi a seguinte: \u201cA incid\u00eancia da estabilidade prevista no artigo 10, inciso II, al\u00ednea \u2018b\u2019, do Ato das Disposi\u00e7\u00f5es Constitucionais Transit\u00f3rias (ADCT), somente exige a anterioridade da gravidez \u00e0 dispensa sem justa causa.\u201d<\/p>\n<p>Fonte: STF\t\t<\/p>\n<\/div><\/div>","protected":false},"excerpt":{"rendered":"<p>A decis\u00e3o do Plen\u00e1rio foi tomada no julgamento de recurso extraordin\u00e1rio com repercuss\u00e3o geral. Segundo o entendimento do colegiado, o requisito para o reconhecimento da estabilidade e do direito \u00e0 indeniza\u00e7\u00e3o \u00e9 a exist\u00eancia da gravidez, e n\u00e3o sua comunica\u00e7\u00e3o ao empregador. Na sess\u00e3o plen\u00e1ria desta quarta-feira (10), o Supremo Tribunal Federal (STF) negou provimento [&hellip;]<\/p>\n","protected":false},"author":2,"featured_media":8460,"comment_status":"open","ping_status":"open","sticky":false,"template":"","format":"standard","meta":{"footnotes":"","_links_to":"","_links_to_target":""},"categories":[507,47],"tags":[],"class_list":["post-8459","post","type-post","status-publish","format-standard","has-post-thumbnail","hentry","category-trabalho-e-previdencia","category-ultimas-noticias"],"yoast_head":"<!-- This site is optimized with the Yoast SEO plugin v28.4 - https:\/\/yoast.com\/product\/yoast-seo-wordpress\/ -->\n<title>STF decide que direito da gestante \u00e0 estabilidade n\u00e3o depende de conhecimento pr\u00e9vio do empregador - CNR<\/title>\n<meta name=\"robots\" content=\"index, follow, max-snippet:-1, max-image-preview:large, max-video-preview:-1\" \/>\n<link rel=\"canonical\" href=\"https:\/\/cnr.org.br\/novoportal\/stf-decide-que-direito-da-gestante-a-estabilidade-nao-depende-de-conhecimento-previo-do-empregador\/\" \/>\n<meta property=\"og:locale\" content=\"pt_BR\" \/>\n<meta property=\"og:type\" content=\"article\" \/>\n<meta property=\"og:title\" content=\"STF decide que direito da gestante \u00e0 estabilidade n\u00e3o depende de conhecimento pr\u00e9vio do empregador - CNR\" \/>\n<meta property=\"og:description\" content=\"A decis\u00e3o do Plen\u00e1rio foi tomada no julgamento de recurso extraordin\u00e1rio com repercuss\u00e3o geral. Segundo o entendimento do colegiado, o requisito para o reconhecimento da estabilidade e do direito \u00e0 indeniza\u00e7\u00e3o \u00e9 a exist\u00eancia da gravidez, e n\u00e3o sua comunica\u00e7\u00e3o ao empregador. Na sess\u00e3o plen\u00e1ria desta quarta-feira (10), o Supremo Tribunal Federal (STF) negou provimento [&hellip;]\" \/>\n<meta property=\"og:url\" content=\"https:\/\/cnr.org.br\/novoportal\/stf-decide-que-direito-da-gestante-a-estabilidade-nao-depende-de-conhecimento-previo-do-empregador\/\" \/>\n<meta property=\"og:site_name\" content=\"CNR\" \/>\n<meta property=\"article:published_time\" content=\"2018-10-11T17:02:56+00:00\" \/>\n<meta property=\"og:image\" content=\"https:\/\/cnr.org.br\/novoportal\/wp-content\/uploads\/2018\/10\/1-3.jpg\" \/>\n\t<meta property=\"og:image:width\" content=\"1024\" \/>\n\t<meta property=\"og:image:height\" content=\"687\" \/>\n\t<meta property=\"og:image:type\" content=\"image\/jpeg\" \/>\n<meta name=\"author\" content=\"Imprensa CNR\" \/>\n<meta name=\"twitter:card\" content=\"summary_large_image\" \/>\n<meta name=\"twitter:label1\" content=\"Escrito por\" \/>\n\t<meta name=\"twitter:data1\" content=\"Imprensa CNR\" \/>\n\t<meta name=\"twitter:label2\" content=\"Est. tempo de leitura\" \/>\n\t<meta name=\"twitter:data2\" content=\"2 minutos\" \/>\n<script type=\"application\/ld+json\" class=\"yoast-schema-graph\">{\"@context\":\"https:\\\/\\\/schema.org\",\"@graph\":[{\"@type\":\"Article\",\"@id\":\"https:\\\/\\\/cnr.org.br\\\/novoportal\\\/stf-decide-que-direito-da-gestante-a-estabilidade-nao-depende-de-conhecimento-previo-do-empregador\\\/#article\",\"isPartOf\":{\"@id\":\"https:\\\/\\\/cnr.org.br\\\/novoportal\\\/stf-decide-que-direito-da-gestante-a-estabilidade-nao-depende-de-conhecimento-previo-do-empregador\\\/\"},\"author\":{\"name\":\"Imprensa CNR\",\"@id\":\"https:\\\/\\\/cnr.org.br\\\/novoportal\\\/#\\\/schema\\\/person\\\/1f46209cd8c9d3d9887a0765b64ca66b\"},\"headline\":\"STF decide que direito da gestante \u00e0 estabilidade n\u00e3o depende de conhecimento pr\u00e9vio do empregador\",\"datePublished\":\"2018-10-11T17:02:56+00:00\",\"mainEntityOfPage\":{\"@id\":\"https:\\\/\\\/cnr.org.br\\\/novoportal\\\/stf-decide-que-direito-da-gestante-a-estabilidade-nao-depende-de-conhecimento-previo-do-empregador\\\/\"},\"wordCount\":462,\"commentCount\":0,\"publisher\":{\"@id\":\"https:\\\/\\\/cnr.org.br\\\/novoportal\\\/#organization\"},\"image\":{\"@id\":\"https:\\\/\\\/cnr.org.br\\\/novoportal\\\/stf-decide-que-direito-da-gestante-a-estabilidade-nao-depende-de-conhecimento-previo-do-empregador\\\/#primaryimage\"},\"thumbnailUrl\":\"https:\\\/\\\/cnr.org.br\\\/site\\\/wp-content\\\/uploads\\\/2018\\\/10\\\/1-3.jpg\",\"articleSection\":[\"Trabalho e previd\u00eancia\",\"\u00daltimas Not\u00edcias\"],\"inLanguage\":\"pt-BR\"},{\"@type\":\"WebPage\",\"@id\":\"https:\\\/\\\/cnr.org.br\\\/novoportal\\\/stf-decide-que-direito-da-gestante-a-estabilidade-nao-depende-de-conhecimento-previo-do-empregador\\\/\",\"url\":\"https:\\\/\\\/cnr.org.br\\\/novoportal\\\/stf-decide-que-direito-da-gestante-a-estabilidade-nao-depende-de-conhecimento-previo-do-empregador\\\/\",\"name\":\"STF decide que direito da gestante \u00e0 estabilidade n\u00e3o depende de conhecimento pr\u00e9vio do empregador - CNR\",\"isPartOf\":{\"@id\":\"https:\\\/\\\/cnr.org.br\\\/novoportal\\\/#website\"},\"primaryImageOfPage\":{\"@id\":\"https:\\\/\\\/cnr.org.br\\\/novoportal\\\/stf-decide-que-direito-da-gestante-a-estabilidade-nao-depende-de-conhecimento-previo-do-empregador\\\/#primaryimage\"},\"image\":{\"@id\":\"https:\\\/\\\/cnr.org.br\\\/novoportal\\\/stf-decide-que-direito-da-gestante-a-estabilidade-nao-depende-de-conhecimento-previo-do-empregador\\\/#primaryimage\"},\"thumbnailUrl\":\"https:\\\/\\\/cnr.org.br\\\/site\\\/wp-content\\\/uploads\\\/2018\\\/10\\\/1-3.jpg\",\"datePublished\":\"2018-10-11T17:02:56+00:00\",\"breadcrumb\":{\"@id\":\"https:\\\/\\\/cnr.org.br\\\/novoportal\\\/stf-decide-que-direito-da-gestante-a-estabilidade-nao-depende-de-conhecimento-previo-do-empregador\\\/#breadcrumb\"},\"inLanguage\":\"pt-BR\",\"potentialAction\":[{\"@type\":\"ReadAction\",\"target\":[\"https:\\\/\\\/cnr.org.br\\\/novoportal\\\/stf-decide-que-direito-da-gestante-a-estabilidade-nao-depende-de-conhecimento-previo-do-empregador\\\/\"]}]},{\"@type\":\"ImageObject\",\"inLanguage\":\"pt-BR\",\"@id\":\"https:\\\/\\\/cnr.org.br\\\/novoportal\\\/stf-decide-que-direito-da-gestante-a-estabilidade-nao-depende-de-conhecimento-previo-do-empregador\\\/#primaryimage\",\"url\":\"https:\\\/\\\/cnr.org.br\\\/site\\\/wp-content\\\/uploads\\\/2018\\\/10\\\/1-3.jpg\",\"contentUrl\":\"https:\\\/\\\/cnr.org.br\\\/site\\\/wp-content\\\/uploads\\\/2018\\\/10\\\/1-3.jpg\",\"width\":1024,\"height\":687,\"caption\":\"Foto: Flickr \\\/ Leandro Ciuffo\"},{\"@type\":\"BreadcrumbList\",\"@id\":\"https:\\\/\\\/cnr.org.br\\\/novoportal\\\/stf-decide-que-direito-da-gestante-a-estabilidade-nao-depende-de-conhecimento-previo-do-empregador\\\/#breadcrumb\",\"itemListElement\":[{\"@type\":\"ListItem\",\"position\":1,\"name\":\"In\u00edcio\",\"item\":\"https:\\\/\\\/cnr.org.br\\\/site\\\/\"},{\"@type\":\"ListItem\",\"position\":2,\"name\":\"STF decide que direito da gestante \u00e0 estabilidade n\u00e3o depende de conhecimento pr\u00e9vio do empregador\"}]},{\"@type\":\"WebSite\",\"@id\":\"https:\\\/\\\/cnr.org.br\\\/novoportal\\\/#website\",\"url\":\"https:\\\/\\\/cnr.org.br\\\/novoportal\\\/\",\"name\":\"CNR\",\"description\":\"Confedera\u00e7\u00e3o Nacional de Not\u00e1rios e Registradores\",\"publisher\":{\"@id\":\"https:\\\/\\\/cnr.org.br\\\/novoportal\\\/#organization\"},\"potentialAction\":[{\"@type\":\"SearchAction\",\"target\":{\"@type\":\"EntryPoint\",\"urlTemplate\":\"https:\\\/\\\/cnr.org.br\\\/novoportal\\\/?s={search_term_string}\"},\"query-input\":{\"@type\":\"PropertyValueSpecification\",\"valueRequired\":true,\"valueName\":\"search_term_string\"}}],\"inLanguage\":\"pt-BR\"},{\"@type\":\"Organization\",\"@id\":\"https:\\\/\\\/cnr.org.br\\\/novoportal\\\/#organization\",\"name\":\"CNR\",\"url\":\"https:\\\/\\\/cnr.org.br\\\/novoportal\\\/\",\"logo\":{\"@type\":\"ImageObject\",\"inLanguage\":\"pt-BR\",\"@id\":\"https:\\\/\\\/cnr.org.br\\\/novoportal\\\/#\\\/schema\\\/logo\\\/image\\\/\",\"url\":\"https:\\\/\\\/cnr.org.br\\\/site\\\/wp-content\\\/uploads\\\/2026\\\/02\\\/Logo_CNR_completa_colorida_2024.png\",\"contentUrl\":\"https:\\\/\\\/cnr.org.br\\\/site\\\/wp-content\\\/uploads\\\/2026\\\/02\\\/Logo_CNR_completa_colorida_2024.png\",\"width\":910,\"height\":450,\"caption\":\"CNR\"},\"image\":{\"@id\":\"https:\\\/\\\/cnr.org.br\\\/novoportal\\\/#\\\/schema\\\/logo\\\/image\\\/\"}},{\"@type\":\"Person\",\"@id\":\"https:\\\/\\\/cnr.org.br\\\/novoportal\\\/#\\\/schema\\\/person\\\/1f46209cd8c9d3d9887a0765b64ca66b\",\"name\":\"Imprensa CNR\",\"sameAs\":[\"https:\\\/\\\/cnr.org.br\\\/site\"],\"url\":\"https:\\\/\\\/cnr.org.br\\\/site\\\/author\\\/imprensa\\\/\"}]}<\/script>\n<!-- \/ Yoast SEO plugin. -->","yoast_head_json":{"title":"STF decide que direito da gestante \u00e0 estabilidade n\u00e3o depende de conhecimento pr\u00e9vio do empregador - CNR","robots":{"index":"index","follow":"follow","max-snippet":"max-snippet:-1","max-image-preview":"max-image-preview:large","max-video-preview":"max-video-preview:-1"},"canonical":"https:\/\/cnr.org.br\/novoportal\/stf-decide-que-direito-da-gestante-a-estabilidade-nao-depende-de-conhecimento-previo-do-empregador\/","og_locale":"pt_BR","og_type":"article","og_title":"STF decide que direito da gestante \u00e0 estabilidade n\u00e3o depende de conhecimento pr\u00e9vio do empregador - CNR","og_description":"A decis\u00e3o do Plen\u00e1rio foi tomada no julgamento de recurso extraordin\u00e1rio com repercuss\u00e3o geral. Segundo o entendimento do colegiado, o requisito para o reconhecimento da estabilidade e do direito \u00e0 indeniza\u00e7\u00e3o \u00e9 a exist\u00eancia da gravidez, e n\u00e3o sua comunica\u00e7\u00e3o ao empregador. Na sess\u00e3o plen\u00e1ria desta quarta-feira (10), o Supremo Tribunal Federal (STF) negou provimento [&hellip;]","og_url":"https:\/\/cnr.org.br\/novoportal\/stf-decide-que-direito-da-gestante-a-estabilidade-nao-depende-de-conhecimento-previo-do-empregador\/","og_site_name":"CNR","article_published_time":"2018-10-11T17:02:56+00:00","og_image":[{"width":1024,"height":687,"url":"https:\/\/cnr.org.br\/novoportal\/wp-content\/uploads\/2018\/10\/1-3.jpg","type":"image\/jpeg"}],"author":"Imprensa CNR","twitter_card":"summary_large_image","twitter_misc":{"Escrito por":"Imprensa CNR","Est. tempo de leitura":"2 minutos"},"schema":{"@context":"https:\/\/schema.org","@graph":[{"@type":"Article","@id":"https:\/\/cnr.org.br\/novoportal\/stf-decide-que-direito-da-gestante-a-estabilidade-nao-depende-de-conhecimento-previo-do-empregador\/#article","isPartOf":{"@id":"https:\/\/cnr.org.br\/novoportal\/stf-decide-que-direito-da-gestante-a-estabilidade-nao-depende-de-conhecimento-previo-do-empregador\/"},"author":{"name":"Imprensa CNR","@id":"https:\/\/cnr.org.br\/novoportal\/#\/schema\/person\/1f46209cd8c9d3d9887a0765b64ca66b"},"headline":"STF decide que direito da gestante \u00e0 estabilidade n\u00e3o depende de conhecimento pr\u00e9vio do empregador","datePublished":"2018-10-11T17:02:56+00:00","mainEntityOfPage":{"@id":"https:\/\/cnr.org.br\/novoportal\/stf-decide-que-direito-da-gestante-a-estabilidade-nao-depende-de-conhecimento-previo-do-empregador\/"},"wordCount":462,"commentCount":0,"publisher":{"@id":"https:\/\/cnr.org.br\/novoportal\/#organization"},"image":{"@id":"https:\/\/cnr.org.br\/novoportal\/stf-decide-que-direito-da-gestante-a-estabilidade-nao-depende-de-conhecimento-previo-do-empregador\/#primaryimage"},"thumbnailUrl":"https:\/\/cnr.org.br\/site\/wp-content\/uploads\/2018\/10\/1-3.jpg","articleSection":["Trabalho e previd\u00eancia","\u00daltimas Not\u00edcias"],"inLanguage":"pt-BR"},{"@type":"WebPage","@id":"https:\/\/cnr.org.br\/novoportal\/stf-decide-que-direito-da-gestante-a-estabilidade-nao-depende-de-conhecimento-previo-do-empregador\/","url":"https:\/\/cnr.org.br\/novoportal\/stf-decide-que-direito-da-gestante-a-estabilidade-nao-depende-de-conhecimento-previo-do-empregador\/","name":"STF decide que direito da gestante \u00e0 estabilidade n\u00e3o depende de conhecimento pr\u00e9vio do empregador - CNR","isPartOf":{"@id":"https:\/\/cnr.org.br\/novoportal\/#website"},"primaryImageOfPage":{"@id":"https:\/\/cnr.org.br\/novoportal\/stf-decide-que-direito-da-gestante-a-estabilidade-nao-depende-de-conhecimento-previo-do-empregador\/#primaryimage"},"image":{"@id":"https:\/\/cnr.org.br\/novoportal\/stf-decide-que-direito-da-gestante-a-estabilidade-nao-depende-de-conhecimento-previo-do-empregador\/#primaryimage"},"thumbnailUrl":"https:\/\/cnr.org.br\/site\/wp-content\/uploads\/2018\/10\/1-3.jpg","datePublished":"2018-10-11T17:02:56+00:00","breadcrumb":{"@id":"https:\/\/cnr.org.br\/novoportal\/stf-decide-que-direito-da-gestante-a-estabilidade-nao-depende-de-conhecimento-previo-do-empregador\/#breadcrumb"},"inLanguage":"pt-BR","potentialAction":[{"@type":"ReadAction","target":["https:\/\/cnr.org.br\/novoportal\/stf-decide-que-direito-da-gestante-a-estabilidade-nao-depende-de-conhecimento-previo-do-empregador\/"]}]},{"@type":"ImageObject","inLanguage":"pt-BR","@id":"https:\/\/cnr.org.br\/novoportal\/stf-decide-que-direito-da-gestante-a-estabilidade-nao-depende-de-conhecimento-previo-do-empregador\/#primaryimage","url":"https:\/\/cnr.org.br\/site\/wp-content\/uploads\/2018\/10\/1-3.jpg","contentUrl":"https:\/\/cnr.org.br\/site\/wp-content\/uploads\/2018\/10\/1-3.jpg","width":1024,"height":687,"caption":"Foto: Flickr \/ Leandro Ciuffo"},{"@type":"BreadcrumbList","@id":"https:\/\/cnr.org.br\/novoportal\/stf-decide-que-direito-da-gestante-a-estabilidade-nao-depende-de-conhecimento-previo-do-empregador\/#breadcrumb","itemListElement":[{"@type":"ListItem","position":1,"name":"In\u00edcio","item":"https:\/\/cnr.org.br\/site\/"},{"@type":"ListItem","position":2,"name":"STF decide que direito da gestante \u00e0 estabilidade n\u00e3o depende de conhecimento pr\u00e9vio do empregador"}]},{"@type":"WebSite","@id":"https:\/\/cnr.org.br\/novoportal\/#website","url":"https:\/\/cnr.org.br\/novoportal\/","name":"CNR","description":"Confedera\u00e7\u00e3o Nacional de Not\u00e1rios e Registradores","publisher":{"@id":"https:\/\/cnr.org.br\/novoportal\/#organization"},"potentialAction":[{"@type":"SearchAction","target":{"@type":"EntryPoint","urlTemplate":"https:\/\/cnr.org.br\/novoportal\/?s={search_term_string}"},"query-input":{"@type":"PropertyValueSpecification","valueRequired":true,"valueName":"search_term_string"}}],"inLanguage":"pt-BR"},{"@type":"Organization","@id":"https:\/\/cnr.org.br\/novoportal\/#organization","name":"CNR","url":"https:\/\/cnr.org.br\/novoportal\/","logo":{"@type":"ImageObject","inLanguage":"pt-BR","@id":"https:\/\/cnr.org.br\/novoportal\/#\/schema\/logo\/image\/","url":"https:\/\/cnr.org.br\/site\/wp-content\/uploads\/2026\/02\/Logo_CNR_completa_colorida_2024.png","contentUrl":"https:\/\/cnr.org.br\/site\/wp-content\/uploads\/2026\/02\/Logo_CNR_completa_colorida_2024.png","width":910,"height":450,"caption":"CNR"},"image":{"@id":"https:\/\/cnr.org.br\/novoportal\/#\/schema\/logo\/image\/"}},{"@type":"Person","@id":"https:\/\/cnr.org.br\/novoportal\/#\/schema\/person\/1f46209cd8c9d3d9887a0765b64ca66b","name":"Imprensa CNR","sameAs":["https:\/\/cnr.org.br\/site"],"url":"https:\/\/cnr.org.br\/site\/author\/imprensa\/"}]}},"_links":{"self":[{"href":"https:\/\/cnr.org.br\/site\/wp-json\/wp\/v2\/posts\/8459","targetHints":{"allow":["GET"]}}],"collection":[{"href":"https:\/\/cnr.org.br\/site\/wp-json\/wp\/v2\/posts"}],"about":[{"href":"https:\/\/cnr.org.br\/site\/wp-json\/wp\/v2\/types\/post"}],"author":[{"embeddable":true,"href":"https:\/\/cnr.org.br\/site\/wp-json\/wp\/v2\/users\/2"}],"replies":[{"embeddable":true,"href":"https:\/\/cnr.org.br\/site\/wp-json\/wp\/v2\/comments?post=8459"}],"version-history":[{"count":0,"href":"https:\/\/cnr.org.br\/site\/wp-json\/wp\/v2\/posts\/8459\/revisions"}],"wp:featuredmedia":[{"embeddable":true,"href":"https:\/\/cnr.org.br\/site\/wp-json\/wp\/v2\/media\/8460"}],"wp:attachment":[{"href":"https:\/\/cnr.org.br\/site\/wp-json\/wp\/v2\/media?parent=8459"}],"wp:term":[{"taxonomy":"category","embeddable":true,"href":"https:\/\/cnr.org.br\/site\/wp-json\/wp\/v2\/categories?post=8459"},{"taxonomy":"post_tag","embeddable":true,"href":"https:\/\/cnr.org.br\/site\/wp-json\/wp\/v2\/tags?post=8459"}],"curies":[{"name":"wp","href":"https:\/\/api.w.org\/{rel}","templated":true}]}}