{"id":8470,"date":"2018-10-15T09:51:11","date_gmt":"2018-10-15T12:51:11","guid":{"rendered":"https:\/\/cnr.org.br\/site\/?p=8470"},"modified":"2018-10-15T09:51:11","modified_gmt":"2018-10-15T12:51:11","slug":"alteracao-do-nome-social-e-feita-em-qualquer-cartorio-do-pais","status":"publish","type":"post","link":"https:\/\/cnr.org.br\/site\/alteracao-do-nome-social-e-feita-em-qualquer-cartorio-do-pais\/","title":{"rendered":"Altera\u00e7\u00e3o do nome social \u00e9 feita em qualquer cart\u00f3rio do pa\u00eds"},"content":{"rendered":"<div id=\"dslc-theme-content\"><div id=\"dslc-theme-content-inner\"><p>\t\t\t\t<em>Processo demora, em m\u00e9dia, dez dias<\/em><\/p>\n<p>Altera\u00e7\u00f5es de nome e de g\u00eanero em certid\u00f5es de nascimento e casamento podem ser feitas diretamente em cart\u00f3rios de registros civis de todo o pa\u00eds. Com a desburocratiza\u00e7\u00e3o, o tempo de espera caiu de cerca de dois anos para, em m\u00e9dia, dez dias.<\/p>\n<p><a href=\"http:\/\/tvbrasil.ebc.com.br\/reporter-visual\/2018\/10\/alteracao-do-nome-social-pode-ser-feita-em-qualquer-cartorio-do-pais\">Clique aqui<\/a>\u00a0e assista ao v\u00eddeo completo.<\/p>\n<p><strong>Fonte:<\/strong> <a href=\"http:\/\/tvbrasil.ebc.com.br\/\">TV Brasil<\/a>\t\t<\/p>\n<\/div><\/div>","protected":false},"excerpt":{"rendered":"<p>Processo demora, em m\u00e9dia, dez dias Altera\u00e7\u00f5es de nome e de g\u00eanero em certid\u00f5es de nascimento e casamento podem ser feitas diretamente em cart\u00f3rios de registros civis de todo o pa\u00eds. Com a desburocratiza\u00e7\u00e3o, o tempo de espera caiu de cerca de dois anos para, em m\u00e9dia, dez dias. Clique aqui\u00a0e assista ao v\u00eddeo completo. [&hellip;]<\/p>\n","protected":false},"author":2,"featured_media":7703,"comment_status":"open","ping_status":"open","sticky":false,"template":"","format":"standard","meta":{"footnotes":"","_links_to":"","_links_to_target":""},"categories":[506,47],"tags":[],"class_list":["post-8470","post","type-post","status-publish","format-standard","has-post-thumbnail","hentry","category-desjudicializacao","category-ultimas-noticias"],"yoast_head":"<!-- This site is optimized with the Yoast SEO plugin v27.5 - https:\/\/yoast.com\/product\/yoast-seo-wordpress\/ -->\n<title>Altera\u00e7\u00e3o do nome social \u00e9 feita em qualquer cart\u00f3rio do pa\u00eds - CNR<\/title>\n<meta name=\"robots\" content=\"index, follow, max-snippet:-1, max-image-preview:large, max-video-preview:-1\" \/>\n<link rel=\"canonical\" href=\"https:\/\/cnr.org.br\/novoportal\/alteracao-do-nome-social-e-feita-em-qualquer-cartorio-do-pais\/\" \/>\n<meta property=\"og:locale\" content=\"pt_BR\" \/>\n<meta property=\"og:type\" content=\"article\" \/>\n<meta property=\"og:title\" content=\"Altera\u00e7\u00e3o do nome social \u00e9 feita em qualquer cart\u00f3rio do pa\u00eds - CNR\" \/>\n<meta property=\"og:description\" content=\"Processo demora, em m\u00e9dia, dez dias Altera\u00e7\u00f5es de nome e de g\u00eanero em certid\u00f5es de nascimento e casamento podem ser feitas diretamente em cart\u00f3rios de registros civis de todo o pa\u00eds. Com a desburocratiza\u00e7\u00e3o, o tempo de espera caiu de cerca de dois anos para, em m\u00e9dia, dez dias. Clique aqui\u00a0e assista ao v\u00eddeo completo. [&hellip;]\" \/>\n<meta property=\"og:url\" content=\"https:\/\/cnr.org.br\/novoportal\/alteracao-do-nome-social-e-feita-em-qualquer-cartorio-do-pais\/\" \/>\n<meta property=\"og:site_name\" content=\"CNR\" \/>\n<meta property=\"article:published_time\" content=\"2018-10-15T12:51:11+00:00\" \/>\n<meta property=\"og:image\" content=\"https:\/\/cnr.org.br\/novoportal\/wp-content\/uploads\/2018\/07\/laptop-3196481_960_720.jpg\" \/>\n\t<meta property=\"og:image:width\" content=\"960\" \/>\n\t<meta property=\"og:image:height\" content=\"640\" \/>\n\t<meta property=\"og:image:type\" content=\"image\/jpeg\" \/>\n<meta name=\"author\" content=\"Imprensa CNR\" \/>\n<meta name=\"twitter:card\" content=\"summary_large_image\" \/>\n<meta name=\"twitter:label1\" content=\"Escrito por\" \/>\n\t<meta name=\"twitter:data1\" content=\"Imprensa CNR\" \/>\n<script type=\"application\/ld+json\" class=\"yoast-schema-graph\">{\"@context\":\"https:\\\/\\\/schema.org\",\"@graph\":[{\"@type\":\"Article\",\"@id\":\"https:\\\/\\\/cnr.org.br\\\/novoportal\\\/alteracao-do-nome-social-e-feita-em-qualquer-cartorio-do-pais\\\/#article\",\"isPartOf\":{\"@id\":\"https:\\\/\\\/cnr.org.br\\\/novoportal\\\/alteracao-do-nome-social-e-feita-em-qualquer-cartorio-do-pais\\\/\"},\"author\":{\"name\":\"Imprensa CNR\",\"@id\":\"https:\\\/\\\/cnr.org.br\\\/novoportal\\\/#\\\/schema\\\/person\\\/1f46209cd8c9d3d9887a0765b64ca66b\"},\"headline\":\"Altera\u00e7\u00e3o do nome social \u00e9 feita em qualquer cart\u00f3rio do pa\u00eds\",\"datePublished\":\"2018-10-15T12:51:11+00:00\",\"mainEntityOfPage\":{\"@id\":\"https:\\\/\\\/cnr.org.br\\\/novoportal\\\/alteracao-do-nome-social-e-feita-em-qualquer-cartorio-do-pais\\\/\"},\"wordCount\":81,\"commentCount\":0,\"image\":{\"@id\":\"https:\\\/\\\/cnr.org.br\\\/novoportal\\\/alteracao-do-nome-social-e-feita-em-qualquer-cartorio-do-pais\\\/#primaryimage\"},\"thumbnailUrl\":\"https:\\\/\\\/cnr.org.br\\\/site\\\/wp-content\\\/uploads\\\/2018\\\/07\\\/laptop-3196481_960_720.jpg\",\"articleSection\":[\"Desjudicializa\u00e7\u00e3o\",\"\u00daltimas Not\u00edcias\"],\"inLanguage\":\"pt-BR\"},{\"@type\":\"WebPage\",\"@id\":\"https:\\\/\\\/cnr.org.br\\\/novoportal\\\/alteracao-do-nome-social-e-feita-em-qualquer-cartorio-do-pais\\\/\",\"url\":\"https:\\\/\\\/cnr.org.br\\\/novoportal\\\/alteracao-do-nome-social-e-feita-em-qualquer-cartorio-do-pais\\\/\",\"name\":\"Altera\u00e7\u00e3o do nome social \u00e9 feita em qualquer cart\u00f3rio do pa\u00eds - CNR\",\"isPartOf\":{\"@id\":\"https:\\\/\\\/cnr.org.br\\\/novoportal\\\/#website\"},\"primaryImageOfPage\":{\"@id\":\"https:\\\/\\\/cnr.org.br\\\/novoportal\\\/alteracao-do-nome-social-e-feita-em-qualquer-cartorio-do-pais\\\/#primaryimage\"},\"image\":{\"@id\":\"https:\\\/\\\/cnr.org.br\\\/novoportal\\\/alteracao-do-nome-social-e-feita-em-qualquer-cartorio-do-pais\\\/#primaryimage\"},\"thumbnailUrl\":\"https:\\\/\\\/cnr.org.br\\\/site\\\/wp-content\\\/uploads\\\/2018\\\/07\\\/laptop-3196481_960_720.jpg\",\"datePublished\":\"2018-10-15T12:51:11+00:00\",\"author\":{\"@id\":\"https:\\\/\\\/cnr.org.br\\\/novoportal\\\/#\\\/schema\\\/person\\\/1f46209cd8c9d3d9887a0765b64ca66b\"},\"breadcrumb\":{\"@id\":\"https:\\\/\\\/cnr.org.br\\\/novoportal\\\/alteracao-do-nome-social-e-feita-em-qualquer-cartorio-do-pais\\\/#breadcrumb\"},\"inLanguage\":\"pt-BR\",\"potentialAction\":[{\"@type\":\"ReadAction\",\"target\":[\"https:\\\/\\\/cnr.org.br\\\/novoportal\\\/alteracao-do-nome-social-e-feita-em-qualquer-cartorio-do-pais\\\/\"]}]},{\"@type\":\"ImageObject\",\"inLanguage\":\"pt-BR\",\"@id\":\"https:\\\/\\\/cnr.org.br\\\/novoportal\\\/alteracao-do-nome-social-e-feita-em-qualquer-cartorio-do-pais\\\/#primaryimage\",\"url\":\"https:\\\/\\\/cnr.org.br\\\/site\\\/wp-content\\\/uploads\\\/2018\\\/07\\\/laptop-3196481_960_720.jpg\",\"contentUrl\":\"https:\\\/\\\/cnr.org.br\\\/site\\\/wp-content\\\/uploads\\\/2018\\\/07\\\/laptop-3196481_960_720.jpg\",\"width\":960,\"height\":640},{\"@type\":\"BreadcrumbList\",\"@id\":\"https:\\\/\\\/cnr.org.br\\\/novoportal\\\/alteracao-do-nome-social-e-feita-em-qualquer-cartorio-do-pais\\\/#breadcrumb\",\"itemListElement\":[{\"@type\":\"ListItem\",\"position\":1,\"name\":\"In\u00edcio\",\"item\":\"https:\\\/\\\/cnr.org.br\\\/novoportal\\\/\"},{\"@type\":\"ListItem\",\"position\":2,\"name\":\"Altera\u00e7\u00e3o do nome social \u00e9 feita em qualquer cart\u00f3rio do pa\u00eds\"}]},{\"@type\":\"WebSite\",\"@id\":\"https:\\\/\\\/cnr.org.br\\\/novoportal\\\/#website\",\"url\":\"https:\\\/\\\/cnr.org.br\\\/novoportal\\\/\",\"name\":\"CNR\",\"description\":\"Confedera\u00e7\u00e3o Nacional de Not\u00e1rios e Registradores\",\"potentialAction\":[{\"@type\":\"SearchAction\",\"target\":{\"@type\":\"EntryPoint\",\"urlTemplate\":\"https:\\\/\\\/cnr.org.br\\\/novoportal\\\/?s={search_term_string}\"},\"query-input\":{\"@type\":\"PropertyValueSpecification\",\"valueRequired\":true,\"valueName\":\"search_term_string\"}}],\"inLanguage\":\"pt-BR\"},{\"@type\":\"Person\",\"@id\":\"https:\\\/\\\/cnr.org.br\\\/novoportal\\\/#\\\/schema\\\/person\\\/1f46209cd8c9d3d9887a0765b64ca66b\",\"name\":\"Imprensa CNR\",\"sameAs\":[\"https:\\\/\\\/cnr.org.br\\\/site\"],\"url\":\"https:\\\/\\\/cnr.org.br\\\/site\\\/author\\\/imprensa\\\/\"}]}<\/script>\n<!-- \/ Yoast SEO plugin. -->","yoast_head_json":{"title":"Altera\u00e7\u00e3o do nome social \u00e9 feita em qualquer cart\u00f3rio do pa\u00eds - CNR","robots":{"index":"index","follow":"follow","max-snippet":"max-snippet:-1","max-image-preview":"max-image-preview:large","max-video-preview":"max-video-preview:-1"},"canonical":"https:\/\/cnr.org.br\/novoportal\/alteracao-do-nome-social-e-feita-em-qualquer-cartorio-do-pais\/","og_locale":"pt_BR","og_type":"article","og_title":"Altera\u00e7\u00e3o do nome social \u00e9 feita em qualquer cart\u00f3rio do pa\u00eds - CNR","og_description":"Processo demora, em m\u00e9dia, dez dias Altera\u00e7\u00f5es de nome e de g\u00eanero em certid\u00f5es de nascimento e casamento podem ser feitas diretamente em cart\u00f3rios de registros civis de todo o pa\u00eds. Com a desburocratiza\u00e7\u00e3o, o tempo de espera caiu de cerca de dois anos para, em m\u00e9dia, dez dias. Clique aqui\u00a0e assista ao v\u00eddeo completo. [&hellip;]","og_url":"https:\/\/cnr.org.br\/novoportal\/alteracao-do-nome-social-e-feita-em-qualquer-cartorio-do-pais\/","og_site_name":"CNR","article_published_time":"2018-10-15T12:51:11+00:00","og_image":[{"width":960,"height":640,"url":"https:\/\/cnr.org.br\/novoportal\/wp-content\/uploads\/2018\/07\/laptop-3196481_960_720.jpg","type":"image\/jpeg"}],"author":"Imprensa CNR","twitter_card":"summary_large_image","twitter_misc":{"Escrito por":"Imprensa CNR"},"schema":{"@context":"https:\/\/schema.org","@graph":[{"@type":"Article","@id":"https:\/\/cnr.org.br\/novoportal\/alteracao-do-nome-social-e-feita-em-qualquer-cartorio-do-pais\/#article","isPartOf":{"@id":"https:\/\/cnr.org.br\/novoportal\/alteracao-do-nome-social-e-feita-em-qualquer-cartorio-do-pais\/"},"author":{"name":"Imprensa CNR","@id":"https:\/\/cnr.org.br\/novoportal\/#\/schema\/person\/1f46209cd8c9d3d9887a0765b64ca66b"},"headline":"Altera\u00e7\u00e3o do nome social \u00e9 feita em qualquer cart\u00f3rio do pa\u00eds","datePublished":"2018-10-15T12:51:11+00:00","mainEntityOfPage":{"@id":"https:\/\/cnr.org.br\/novoportal\/alteracao-do-nome-social-e-feita-em-qualquer-cartorio-do-pais\/"},"wordCount":81,"commentCount":0,"image":{"@id":"https:\/\/cnr.org.br\/novoportal\/alteracao-do-nome-social-e-feita-em-qualquer-cartorio-do-pais\/#primaryimage"},"thumbnailUrl":"https:\/\/cnr.org.br\/site\/wp-content\/uploads\/2018\/07\/laptop-3196481_960_720.jpg","articleSection":["Desjudicializa\u00e7\u00e3o","\u00daltimas Not\u00edcias"],"inLanguage":"pt-BR"},{"@type":"WebPage","@id":"https:\/\/cnr.org.br\/novoportal\/alteracao-do-nome-social-e-feita-em-qualquer-cartorio-do-pais\/","url":"https:\/\/cnr.org.br\/novoportal\/alteracao-do-nome-social-e-feita-em-qualquer-cartorio-do-pais\/","name":"Altera\u00e7\u00e3o do nome social \u00e9 feita em qualquer cart\u00f3rio do pa\u00eds - CNR","isPartOf":{"@id":"https:\/\/cnr.org.br\/novoportal\/#website"},"primaryImageOfPage":{"@id":"https:\/\/cnr.org.br\/novoportal\/alteracao-do-nome-social-e-feita-em-qualquer-cartorio-do-pais\/#primaryimage"},"image":{"@id":"https:\/\/cnr.org.br\/novoportal\/alteracao-do-nome-social-e-feita-em-qualquer-cartorio-do-pais\/#primaryimage"},"thumbnailUrl":"https:\/\/cnr.org.br\/site\/wp-content\/uploads\/2018\/07\/laptop-3196481_960_720.jpg","datePublished":"2018-10-15T12:51:11+00:00","author":{"@id":"https:\/\/cnr.org.br\/novoportal\/#\/schema\/person\/1f46209cd8c9d3d9887a0765b64ca66b"},"breadcrumb":{"@id":"https:\/\/cnr.org.br\/novoportal\/alteracao-do-nome-social-e-feita-em-qualquer-cartorio-do-pais\/#breadcrumb"},"inLanguage":"pt-BR","potentialAction":[{"@type":"ReadAction","target":["https:\/\/cnr.org.br\/novoportal\/alteracao-do-nome-social-e-feita-em-qualquer-cartorio-do-pais\/"]}]},{"@type":"ImageObject","inLanguage":"pt-BR","@id":"https:\/\/cnr.org.br\/novoportal\/alteracao-do-nome-social-e-feita-em-qualquer-cartorio-do-pais\/#primaryimage","url":"https:\/\/cnr.org.br\/site\/wp-content\/uploads\/2018\/07\/laptop-3196481_960_720.jpg","contentUrl":"https:\/\/cnr.org.br\/site\/wp-content\/uploads\/2018\/07\/laptop-3196481_960_720.jpg","width":960,"height":640},{"@type":"BreadcrumbList","@id":"https:\/\/cnr.org.br\/novoportal\/alteracao-do-nome-social-e-feita-em-qualquer-cartorio-do-pais\/#breadcrumb","itemListElement":[{"@type":"ListItem","position":1,"name":"In\u00edcio","item":"https:\/\/cnr.org.br\/novoportal\/"},{"@type":"ListItem","position":2,"name":"Altera\u00e7\u00e3o do nome social \u00e9 feita em qualquer cart\u00f3rio do pa\u00eds"}]},{"@type":"WebSite","@id":"https:\/\/cnr.org.br\/novoportal\/#website","url":"https:\/\/cnr.org.br\/novoportal\/","name":"CNR","description":"Confedera\u00e7\u00e3o Nacional de Not\u00e1rios e Registradores","potentialAction":[{"@type":"SearchAction","target":{"@type":"EntryPoint","urlTemplate":"https:\/\/cnr.org.br\/novoportal\/?s={search_term_string}"},"query-input":{"@type":"PropertyValueSpecification","valueRequired":true,"valueName":"search_term_string"}}],"inLanguage":"pt-BR"},{"@type":"Person","@id":"https:\/\/cnr.org.br\/novoportal\/#\/schema\/person\/1f46209cd8c9d3d9887a0765b64ca66b","name":"Imprensa CNR","sameAs":["https:\/\/cnr.org.br\/site"],"url":"https:\/\/cnr.org.br\/site\/author\/imprensa\/"}]}},"_links":{"self":[{"href":"https:\/\/cnr.org.br\/site\/wp-json\/wp\/v2\/posts\/8470","targetHints":{"allow":["GET"]}}],"collection":[{"href":"https:\/\/cnr.org.br\/site\/wp-json\/wp\/v2\/posts"}],"about":[{"href":"https:\/\/cnr.org.br\/site\/wp-json\/wp\/v2\/types\/post"}],"author":[{"embeddable":true,"href":"https:\/\/cnr.org.br\/site\/wp-json\/wp\/v2\/users\/2"}],"replies":[{"embeddable":true,"href":"https:\/\/cnr.org.br\/site\/wp-json\/wp\/v2\/comments?post=8470"}],"version-history":[{"count":0,"href":"https:\/\/cnr.org.br\/site\/wp-json\/wp\/v2\/posts\/8470\/revisions"}],"wp:featuredmedia":[{"embeddable":true,"href":"https:\/\/cnr.org.br\/site\/wp-json\/wp\/v2\/media\/7703"}],"wp:attachment":[{"href":"https:\/\/cnr.org.br\/site\/wp-json\/wp\/v2\/media?parent=8470"}],"wp:term":[{"taxonomy":"category","embeddable":true,"href":"https:\/\/cnr.org.br\/site\/wp-json\/wp\/v2\/categories?post=8470"},{"taxonomy":"post_tag","embeddable":true,"href":"https:\/\/cnr.org.br\/site\/wp-json\/wp\/v2\/tags?post=8470"}],"curies":[{"name":"wp","href":"https:\/\/api.w.org\/{rel}","templated":true}]}}