{"id":84865,"date":"2023-01-06T14:53:19","date_gmt":"2023-01-06T17:53:19","guid":{"rendered":"https:\/\/cnr.org.br\/site\/?p=84865"},"modified":"2023-01-06T14:53:20","modified_gmt":"2023-01-06T17:53:20","slug":"carlos-lupi-assume-ministerio-da-previdencia-social","status":"publish","type":"post","link":"https:\/\/cnr.org.br\/site\/carlos-lupi-assume-ministerio-da-previdencia-social\/","title":{"rendered":"Carlos Lupi assume Minist\u00e9rio da Previd\u00eancia Social"},"content":{"rendered":"<div id=\"dslc-theme-content\"><div id=\"dslc-theme-content-inner\">\n<p>Ministro destacou que vai trabalhar para zerar a fila do INSS em tempo recorde<\/p>\n\n\n\n<p>O ministro da Previd\u00eancia Social, Carlos Lupi, assumiu a pasta em cerim\u00f4nia na tarde desta ter\u00e7a-feira (3), em Bras\u00edlia. O ministro\u202ffirmou compromisso de zerar a fila de espera por benef\u00edcios do INSS. Ressaltou que a equipe trabalhar\u00e1 para encontrar solu\u00e7\u00f5es a fim de melhorar a automa\u00e7\u00e3o dos processos e valorizar os servidores do Instituto. \u201cQuero acabar com a fila em tempo recorde para o povo brasileiro se sentir respeitado\u201d, afirmou.\u00a0\u00a0<\/p>\n\n\n\n<p>Carlos Lupi destacou\u202ftamb\u00e9m que pretende criar uma comiss\u00e3o quadripartite com representa\u00e7\u00e3o dos sindicatos patronais, dos trabalhadores, aposentados e governo para discutir as \u00faltimas mudan\u00e7as feitas na legisla\u00e7\u00e3o previdenci\u00e1ria. \u201cPrecisamos discutir em profundidade a antirreforma que foi feita\u201d, declarou.&nbsp;<\/p>\n\n\n\n<p>Em seu discurso, o ministro defendeu que a Previd\u00eancia n\u00e3o \u00e9 deficit\u00e1ria: \u201cQueremos que todas as arrecada\u00e7\u00f5es destinadas constitucionalmente \u00e0 Previd\u00eancia estejam no balan\u00e7o na Previd\u00eancia. A Previd\u00eancia n\u00e3o \u00e9 deficit\u00e1ria. Vou provar isso com n\u00fameros, com dados, com informa\u00e7\u00f5es\u201d. E prometeu dar mais transpar\u00eancia aos dados da Previd\u00eancia Social, oferecendo mensalmente informa\u00e7\u00f5es sobre os benefici\u00e1rios e os recursos.&nbsp;<\/p>\n\n\n\n<p>O ministro da Previd\u00eancia salientou ainda a import\u00e2ncia dos repasses da Previd\u00eancia para movimentar as economias dos pequenos munic\u00edpios do Brasil. \u201cMais de 60% das prefeituras de pequeno porte no Brasil sobrevivem por causa do dinheiro dos aposentados e pensionistas. Recebem mais do que do Fundo de Participa\u00e7\u00e3o dos Munic\u00edpios\u201d, destacou.&nbsp;<\/p>\n\n\n\n<p>Lupi disse que quer resgatar a dignidade das aposentadorias. Afirmou que a seguridade e a assist\u00eancia social n\u00e3o s\u00e3o entraves para o desenvolvimento e, sim instrumentos de desenvolvimento. \u201cEsses seres humanos precisam ser tratados com respeito e dignidade. S\u00e3o as pessoas que ajudaram a construir a na\u00e7\u00e3o que temos hoje\u201d, finalizou.&nbsp;<\/p>\n\n\n\n<p>Estiveram presentes na cerim\u00f4nia de transmiss\u00e3o do cargo diversos dirigentes do PDT, parlamentares, representantes de entidades sindicais e da OIT.&nbsp;&nbsp;<\/p>\n\n\n\n<p><strong>Curr\u00edculo<\/strong>&nbsp;-&nbsp;Natural de Campinas (SP), e radicado do Rio de Janeiro (RJ), Carlos Lupi nasceu em 1957 e, ainda na juventude, trabalhou como jornaleiro, quando conheceu Leonel Brizola e o ajudou a fundar o Partido Democr\u00e1tico Trabalhista (PDT), em 1980.&nbsp;<\/p>\n\n\n\n<p>Entre 1983 e 1987, Lupi foi coordenador-geral das regi\u00f5es administrativas da Prefeitura da cidade do Rio de Janeiro. Em 1988, ocupou o cargo de assessor especial do prefeito. Dois anos depois foi eleito deputado federal pelo estado, licenciando-se logo em seguida para assumir a Secretaria Municipal de Transportes do Rio.&nbsp;<\/p>\n\n\n\n<p>Carlos Lupi foi vice-l\u00edder do PDT na C\u00e2mara dos Deputados, tesoureiro e vice-presidente nacional do partido. Em julho de 2004, assumiu a presid\u00eancia nacional do PDT, cargo que ocupa at\u00e9 hoje.&nbsp;<\/p>\n\n\n\n<p>Em mar\u00e7o de 2007, assumiu o Minist\u00e9rio do Trabalho e Emprego e permaneceu no cargo at\u00e9 dezembro de 2011. Em 2017, foi conduzido ao cargo de vice-presidente da Internacional Socialista (IS), que re\u00fane partidos progressistas de todo o mundo e tem o PDT como \u00fanico participante brasileiro, cargo que ainda ocupa na atualidade.\u00a0<\/p>\n\n\n\n<p>Fonte: <a href=\"https:\/\/www.gov.br\/trabalho-e-previdencia\/pt-br\/noticias-e-conteudo\/previdencia\/2023\/janeiro\/carlos-lupi-assume-ministerio-da-previdencia-social\">GOV.BR<\/a><\/p>\n<\/div><\/div>","protected":false},"excerpt":{"rendered":"<p>Ministro destacou que vai trabalhar para zerar a fila do INSS em tempo recorde O ministro da Previd\u00eancia Social, Carlos Lupi, assumiu a pasta em cerim\u00f4nia na tarde desta ter\u00e7a-feira (3), em Bras\u00edlia. O ministro\u202ffirmou compromisso de zerar a fila de espera por benef\u00edcios do INSS. Ressaltou que a equipe trabalhar\u00e1 para encontrar solu\u00e7\u00f5es a [&hellip;]<\/p>\n","protected":false},"author":2,"featured_media":84866,"comment_status":"closed","ping_status":"closed","sticky":false,"template":"","format":"standard","meta":{"footnotes":"","_links_to":"","_links_to_target":""},"categories":[55,47],"tags":[],"class_list":["post-84865","post","type-post","status-publish","format-standard","has-post-thumbnail","hentry","category-noticia","category-ultimas-noticias"],"yoast_head":"<!-- This site is optimized with the Yoast SEO plugin v27.5 - https:\/\/yoast.com\/product\/yoast-seo-wordpress\/ -->\n<title>Carlos Lupi assume Minist\u00e9rio da Previd\u00eancia Social - CNR<\/title>\n<meta name=\"robots\" content=\"index, follow, max-snippet:-1, max-image-preview:large, max-video-preview:-1\" \/>\n<link rel=\"canonical\" href=\"https:\/\/cnr.org.br\/novoportal\/carlos-lupi-assume-ministerio-da-previdencia-social\/\" \/>\n<meta property=\"og:locale\" content=\"pt_BR\" \/>\n<meta property=\"og:type\" content=\"article\" \/>\n<meta property=\"og:title\" content=\"Carlos Lupi assume Minist\u00e9rio da Previd\u00eancia Social - CNR\" \/>\n<meta property=\"og:description\" content=\"Ministro destacou que vai trabalhar para zerar a fila do INSS em tempo recorde O ministro da Previd\u00eancia Social, Carlos Lupi, assumiu a pasta em cerim\u00f4nia na tarde desta ter\u00e7a-feira (3), em Bras\u00edlia. O ministro\u202ffirmou compromisso de zerar a fila de espera por benef\u00edcios do INSS. Ressaltou que a equipe trabalhar\u00e1 para encontrar solu\u00e7\u00f5es a [&hellip;]\" \/>\n<meta property=\"og:url\" content=\"https:\/\/cnr.org.br\/novoportal\/carlos-lupi-assume-ministerio-da-previdencia-social\/\" \/>\n<meta property=\"og:site_name\" content=\"CNR\" \/>\n<meta property=\"article:published_time\" content=\"2023-01-06T17:53:19+00:00\" \/>\n<meta property=\"article:modified_time\" content=\"2023-01-06T17:53:20+00:00\" \/>\n<meta property=\"og:image\" content=\"https:\/\/cnr.org.br\/novoportal\/wp-content\/uploads\/2023\/01\/64ce35a3-f953-433b-8857-f60c1d059945.jpeg\" \/>\n\t<meta property=\"og:image:width\" content=\"768\" \/>\n\t<meta property=\"og:image:height\" content=\"511\" \/>\n\t<meta property=\"og:image:type\" content=\"image\/jpeg\" \/>\n<meta name=\"author\" content=\"Imprensa CNR\" \/>\n<meta name=\"twitter:card\" content=\"summary_large_image\" \/>\n<meta name=\"twitter:label1\" content=\"Escrito por\" \/>\n\t<meta name=\"twitter:data1\" content=\"Imprensa CNR\" \/>\n\t<meta name=\"twitter:label2\" content=\"Est. tempo de leitura\" \/>\n\t<meta name=\"twitter:data2\" content=\"3 minutos\" \/>\n<script type=\"application\/ld+json\" class=\"yoast-schema-graph\">{\"@context\":\"https:\\\/\\\/schema.org\",\"@graph\":[{\"@type\":\"Article\",\"@id\":\"https:\\\/\\\/cnr.org.br\\\/novoportal\\\/carlos-lupi-assume-ministerio-da-previdencia-social\\\/#article\",\"isPartOf\":{\"@id\":\"https:\\\/\\\/cnr.org.br\\\/novoportal\\\/carlos-lupi-assume-ministerio-da-previdencia-social\\\/\"},\"author\":{\"name\":\"Imprensa CNR\",\"@id\":\"https:\\\/\\\/cnr.org.br\\\/novoportal\\\/#\\\/schema\\\/person\\\/1f46209cd8c9d3d9887a0765b64ca66b\"},\"headline\":\"Carlos Lupi assume Minist\u00e9rio da Previd\u00eancia Social\",\"datePublished\":\"2023-01-06T17:53:19+00:00\",\"dateModified\":\"2023-01-06T17:53:20+00:00\",\"mainEntityOfPage\":{\"@id\":\"https:\\\/\\\/cnr.org.br\\\/novoportal\\\/carlos-lupi-assume-ministerio-da-previdencia-social\\\/\"},\"wordCount\":540,\"publisher\":{\"@id\":\"https:\\\/\\\/cnr.org.br\\\/novoportal\\\/#organization\"},\"image\":{\"@id\":\"https:\\\/\\\/cnr.org.br\\\/novoportal\\\/carlos-lupi-assume-ministerio-da-previdencia-social\\\/#primaryimage\"},\"thumbnailUrl\":\"https:\\\/\\\/cnr.org.br\\\/site\\\/wp-content\\\/uploads\\\/2023\\\/01\\\/64ce35a3-f953-433b-8857-f60c1d059945.jpeg\",\"articleSection\":[\"Not\u00edcia\",\"\u00daltimas Not\u00edcias\"],\"inLanguage\":\"pt-BR\"},{\"@type\":\"WebPage\",\"@id\":\"https:\\\/\\\/cnr.org.br\\\/novoportal\\\/carlos-lupi-assume-ministerio-da-previdencia-social\\\/\",\"url\":\"https:\\\/\\\/cnr.org.br\\\/novoportal\\\/carlos-lupi-assume-ministerio-da-previdencia-social\\\/\",\"name\":\"Carlos Lupi assume Minist\u00e9rio da Previd\u00eancia Social - CNR\",\"isPartOf\":{\"@id\":\"https:\\\/\\\/cnr.org.br\\\/novoportal\\\/#website\"},\"primaryImageOfPage\":{\"@id\":\"https:\\\/\\\/cnr.org.br\\\/novoportal\\\/carlos-lupi-assume-ministerio-da-previdencia-social\\\/#primaryimage\"},\"image\":{\"@id\":\"https:\\\/\\\/cnr.org.br\\\/novoportal\\\/carlos-lupi-assume-ministerio-da-previdencia-social\\\/#primaryimage\"},\"thumbnailUrl\":\"https:\\\/\\\/cnr.org.br\\\/site\\\/wp-content\\\/uploads\\\/2023\\\/01\\\/64ce35a3-f953-433b-8857-f60c1d059945.jpeg\",\"datePublished\":\"2023-01-06T17:53:19+00:00\",\"dateModified\":\"2023-01-06T17:53:20+00:00\",\"breadcrumb\":{\"@id\":\"https:\\\/\\\/cnr.org.br\\\/novoportal\\\/carlos-lupi-assume-ministerio-da-previdencia-social\\\/#breadcrumb\"},\"inLanguage\":\"pt-BR\",\"potentialAction\":[{\"@type\":\"ReadAction\",\"target\":[\"https:\\\/\\\/cnr.org.br\\\/novoportal\\\/carlos-lupi-assume-ministerio-da-previdencia-social\\\/\"]}]},{\"@type\":\"ImageObject\",\"inLanguage\":\"pt-BR\",\"@id\":\"https:\\\/\\\/cnr.org.br\\\/novoportal\\\/carlos-lupi-assume-ministerio-da-previdencia-social\\\/#primaryimage\",\"url\":\"https:\\\/\\\/cnr.org.br\\\/site\\\/wp-content\\\/uploads\\\/2023\\\/01\\\/64ce35a3-f953-433b-8857-f60c1d059945.jpeg\",\"contentUrl\":\"https:\\\/\\\/cnr.org.br\\\/site\\\/wp-content\\\/uploads\\\/2023\\\/01\\\/64ce35a3-f953-433b-8857-f60c1d059945.jpeg\",\"width\":768,\"height\":511},{\"@type\":\"BreadcrumbList\",\"@id\":\"https:\\\/\\\/cnr.org.br\\\/novoportal\\\/carlos-lupi-assume-ministerio-da-previdencia-social\\\/#breadcrumb\",\"itemListElement\":[{\"@type\":\"ListItem\",\"position\":1,\"name\":\"In\u00edcio\",\"item\":\"https:\\\/\\\/cnr.org.br\\\/site\\\/\"},{\"@type\":\"ListItem\",\"position\":2,\"name\":\"Carlos Lupi assume Minist\u00e9rio da Previd\u00eancia Social\"}]},{\"@type\":\"WebSite\",\"@id\":\"https:\\\/\\\/cnr.org.br\\\/novoportal\\\/#website\",\"url\":\"https:\\\/\\\/cnr.org.br\\\/novoportal\\\/\",\"name\":\"CNR\",\"description\":\"Confedera\u00e7\u00e3o Nacional de Not\u00e1rios e Registradores\",\"publisher\":{\"@id\":\"https:\\\/\\\/cnr.org.br\\\/novoportal\\\/#organization\"},\"potentialAction\":[{\"@type\":\"SearchAction\",\"target\":{\"@type\":\"EntryPoint\",\"urlTemplate\":\"https:\\\/\\\/cnr.org.br\\\/novoportal\\\/?s={search_term_string}\"},\"query-input\":{\"@type\":\"PropertyValueSpecification\",\"valueRequired\":true,\"valueName\":\"search_term_string\"}}],\"inLanguage\":\"pt-BR\"},{\"@type\":\"Organization\",\"@id\":\"https:\\\/\\\/cnr.org.br\\\/novoportal\\\/#organization\",\"name\":\"CNR\",\"url\":\"https:\\\/\\\/cnr.org.br\\\/novoportal\\\/\",\"logo\":{\"@type\":\"ImageObject\",\"inLanguage\":\"pt-BR\",\"@id\":\"https:\\\/\\\/cnr.org.br\\\/novoportal\\\/#\\\/schema\\\/logo\\\/image\\\/\",\"url\":\"https:\\\/\\\/cnr.org.br\\\/site\\\/wp-content\\\/uploads\\\/2026\\\/02\\\/Logo_CNR_completa_colorida_2024.png\",\"contentUrl\":\"https:\\\/\\\/cnr.org.br\\\/site\\\/wp-content\\\/uploads\\\/2026\\\/02\\\/Logo_CNR_completa_colorida_2024.png\",\"width\":910,\"height\":450,\"caption\":\"CNR\"},\"image\":{\"@id\":\"https:\\\/\\\/cnr.org.br\\\/novoportal\\\/#\\\/schema\\\/logo\\\/image\\\/\"}},{\"@type\":\"Person\",\"@id\":\"https:\\\/\\\/cnr.org.br\\\/novoportal\\\/#\\\/schema\\\/person\\\/1f46209cd8c9d3d9887a0765b64ca66b\",\"name\":\"Imprensa CNR\",\"sameAs\":[\"https:\\\/\\\/cnr.org.br\\\/site\"],\"url\":\"https:\\\/\\\/cnr.org.br\\\/site\\\/author\\\/imprensa\\\/\"}]}<\/script>\n<!-- \/ Yoast SEO plugin. -->","yoast_head_json":{"title":"Carlos Lupi assume Minist\u00e9rio da Previd\u00eancia Social - CNR","robots":{"index":"index","follow":"follow","max-snippet":"max-snippet:-1","max-image-preview":"max-image-preview:large","max-video-preview":"max-video-preview:-1"},"canonical":"https:\/\/cnr.org.br\/novoportal\/carlos-lupi-assume-ministerio-da-previdencia-social\/","og_locale":"pt_BR","og_type":"article","og_title":"Carlos Lupi assume Minist\u00e9rio da Previd\u00eancia Social - CNR","og_description":"Ministro destacou que vai trabalhar para zerar a fila do INSS em tempo recorde O ministro da Previd\u00eancia Social, Carlos Lupi, assumiu a pasta em cerim\u00f4nia na tarde desta ter\u00e7a-feira (3), em Bras\u00edlia. O ministro\u202ffirmou compromisso de zerar a fila de espera por benef\u00edcios do INSS. Ressaltou que a equipe trabalhar\u00e1 para encontrar solu\u00e7\u00f5es a [&hellip;]","og_url":"https:\/\/cnr.org.br\/novoportal\/carlos-lupi-assume-ministerio-da-previdencia-social\/","og_site_name":"CNR","article_published_time":"2023-01-06T17:53:19+00:00","article_modified_time":"2023-01-06T17:53:20+00:00","og_image":[{"width":768,"height":511,"url":"https:\/\/cnr.org.br\/novoportal\/wp-content\/uploads\/2023\/01\/64ce35a3-f953-433b-8857-f60c1d059945.jpeg","type":"image\/jpeg"}],"author":"Imprensa CNR","twitter_card":"summary_large_image","twitter_misc":{"Escrito por":"Imprensa CNR","Est. tempo de leitura":"3 minutos"},"schema":{"@context":"https:\/\/schema.org","@graph":[{"@type":"Article","@id":"https:\/\/cnr.org.br\/novoportal\/carlos-lupi-assume-ministerio-da-previdencia-social\/#article","isPartOf":{"@id":"https:\/\/cnr.org.br\/novoportal\/carlos-lupi-assume-ministerio-da-previdencia-social\/"},"author":{"name":"Imprensa CNR","@id":"https:\/\/cnr.org.br\/novoportal\/#\/schema\/person\/1f46209cd8c9d3d9887a0765b64ca66b"},"headline":"Carlos Lupi assume Minist\u00e9rio da Previd\u00eancia Social","datePublished":"2023-01-06T17:53:19+00:00","dateModified":"2023-01-06T17:53:20+00:00","mainEntityOfPage":{"@id":"https:\/\/cnr.org.br\/novoportal\/carlos-lupi-assume-ministerio-da-previdencia-social\/"},"wordCount":540,"publisher":{"@id":"https:\/\/cnr.org.br\/novoportal\/#organization"},"image":{"@id":"https:\/\/cnr.org.br\/novoportal\/carlos-lupi-assume-ministerio-da-previdencia-social\/#primaryimage"},"thumbnailUrl":"https:\/\/cnr.org.br\/site\/wp-content\/uploads\/2023\/01\/64ce35a3-f953-433b-8857-f60c1d059945.jpeg","articleSection":["Not\u00edcia","\u00daltimas Not\u00edcias"],"inLanguage":"pt-BR"},{"@type":"WebPage","@id":"https:\/\/cnr.org.br\/novoportal\/carlos-lupi-assume-ministerio-da-previdencia-social\/","url":"https:\/\/cnr.org.br\/novoportal\/carlos-lupi-assume-ministerio-da-previdencia-social\/","name":"Carlos Lupi assume Minist\u00e9rio da Previd\u00eancia Social - CNR","isPartOf":{"@id":"https:\/\/cnr.org.br\/novoportal\/#website"},"primaryImageOfPage":{"@id":"https:\/\/cnr.org.br\/novoportal\/carlos-lupi-assume-ministerio-da-previdencia-social\/#primaryimage"},"image":{"@id":"https:\/\/cnr.org.br\/novoportal\/carlos-lupi-assume-ministerio-da-previdencia-social\/#primaryimage"},"thumbnailUrl":"https:\/\/cnr.org.br\/site\/wp-content\/uploads\/2023\/01\/64ce35a3-f953-433b-8857-f60c1d059945.jpeg","datePublished":"2023-01-06T17:53:19+00:00","dateModified":"2023-01-06T17:53:20+00:00","breadcrumb":{"@id":"https:\/\/cnr.org.br\/novoportal\/carlos-lupi-assume-ministerio-da-previdencia-social\/#breadcrumb"},"inLanguage":"pt-BR","potentialAction":[{"@type":"ReadAction","target":["https:\/\/cnr.org.br\/novoportal\/carlos-lupi-assume-ministerio-da-previdencia-social\/"]}]},{"@type":"ImageObject","inLanguage":"pt-BR","@id":"https:\/\/cnr.org.br\/novoportal\/carlos-lupi-assume-ministerio-da-previdencia-social\/#primaryimage","url":"https:\/\/cnr.org.br\/site\/wp-content\/uploads\/2023\/01\/64ce35a3-f953-433b-8857-f60c1d059945.jpeg","contentUrl":"https:\/\/cnr.org.br\/site\/wp-content\/uploads\/2023\/01\/64ce35a3-f953-433b-8857-f60c1d059945.jpeg","width":768,"height":511},{"@type":"BreadcrumbList","@id":"https:\/\/cnr.org.br\/novoportal\/carlos-lupi-assume-ministerio-da-previdencia-social\/#breadcrumb","itemListElement":[{"@type":"ListItem","position":1,"name":"In\u00edcio","item":"https:\/\/cnr.org.br\/site\/"},{"@type":"ListItem","position":2,"name":"Carlos Lupi assume Minist\u00e9rio da Previd\u00eancia Social"}]},{"@type":"WebSite","@id":"https:\/\/cnr.org.br\/novoportal\/#website","url":"https:\/\/cnr.org.br\/novoportal\/","name":"CNR","description":"Confedera\u00e7\u00e3o Nacional de Not\u00e1rios e Registradores","publisher":{"@id":"https:\/\/cnr.org.br\/novoportal\/#organization"},"potentialAction":[{"@type":"SearchAction","target":{"@type":"EntryPoint","urlTemplate":"https:\/\/cnr.org.br\/novoportal\/?s={search_term_string}"},"query-input":{"@type":"PropertyValueSpecification","valueRequired":true,"valueName":"search_term_string"}}],"inLanguage":"pt-BR"},{"@type":"Organization","@id":"https:\/\/cnr.org.br\/novoportal\/#organization","name":"CNR","url":"https:\/\/cnr.org.br\/novoportal\/","logo":{"@type":"ImageObject","inLanguage":"pt-BR","@id":"https:\/\/cnr.org.br\/novoportal\/#\/schema\/logo\/image\/","url":"https:\/\/cnr.org.br\/site\/wp-content\/uploads\/2026\/02\/Logo_CNR_completa_colorida_2024.png","contentUrl":"https:\/\/cnr.org.br\/site\/wp-content\/uploads\/2026\/02\/Logo_CNR_completa_colorida_2024.png","width":910,"height":450,"caption":"CNR"},"image":{"@id":"https:\/\/cnr.org.br\/novoportal\/#\/schema\/logo\/image\/"}},{"@type":"Person","@id":"https:\/\/cnr.org.br\/novoportal\/#\/schema\/person\/1f46209cd8c9d3d9887a0765b64ca66b","name":"Imprensa CNR","sameAs":["https:\/\/cnr.org.br\/site"],"url":"https:\/\/cnr.org.br\/site\/author\/imprensa\/"}]}},"_links":{"self":[{"href":"https:\/\/cnr.org.br\/site\/wp-json\/wp\/v2\/posts\/84865","targetHints":{"allow":["GET"]}}],"collection":[{"href":"https:\/\/cnr.org.br\/site\/wp-json\/wp\/v2\/posts"}],"about":[{"href":"https:\/\/cnr.org.br\/site\/wp-json\/wp\/v2\/types\/post"}],"author":[{"embeddable":true,"href":"https:\/\/cnr.org.br\/site\/wp-json\/wp\/v2\/users\/2"}],"replies":[{"embeddable":true,"href":"https:\/\/cnr.org.br\/site\/wp-json\/wp\/v2\/comments?post=84865"}],"version-history":[{"count":0,"href":"https:\/\/cnr.org.br\/site\/wp-json\/wp\/v2\/posts\/84865\/revisions"}],"wp:featuredmedia":[{"embeddable":true,"href":"https:\/\/cnr.org.br\/site\/wp-json\/wp\/v2\/media\/84866"}],"wp:attachment":[{"href":"https:\/\/cnr.org.br\/site\/wp-json\/wp\/v2\/media?parent=84865"}],"wp:term":[{"taxonomy":"category","embeddable":true,"href":"https:\/\/cnr.org.br\/site\/wp-json\/wp\/v2\/categories?post=84865"},{"taxonomy":"post_tag","embeddable":true,"href":"https:\/\/cnr.org.br\/site\/wp-json\/wp\/v2\/tags?post=84865"}],"curies":[{"name":"wp","href":"https:\/\/api.w.org\/{rel}","templated":true}]}}