{"id":8520,"date":"2018-10-31T10:06:36","date_gmt":"2018-10-31T12:06:36","guid":{"rendered":"https:\/\/cnr.org.br\/site\/?p=8520"},"modified":"2018-10-31T10:06:36","modified_gmt":"2018-10-31T12:06:36","slug":"futuro-governo-podera-elaborar-nova-proposta-de-reforma-da-previdencia","status":"publish","type":"post","link":"https:\/\/cnr.org.br\/site\/futuro-governo-podera-elaborar-nova-proposta-de-reforma-da-previdencia\/","title":{"rendered":"Futuro governo poder\u00e1 elaborar nova proposta de reforma da Previd\u00eancia"},"content":{"rendered":"<div id=\"dslc-theme-content\"><div id=\"dslc-theme-content-inner\"><div id=\"attachment_8521\" style=\"width: 1034px\" class=\"wp-caption aligncenter\"><img loading=\"lazy\" decoding=\"async\" aria-describedby=\"caption-attachment-8521\" class=\"size-large wp-image-8521\" src=\"https:\/\/cnr.org.br\/site\/wp-content\/uploads\/2018\/10\/1-5-1024x671.jpg\" alt=\"\" width=\"1024\" height=\"671\" srcset=\"https:\/\/cnr.org.br\/site\/wp-content\/uploads\/2018\/10\/1-5-1024x671.jpg 1024w, https:\/\/cnr.org.br\/site\/wp-content\/uploads\/2018\/10\/1-5-300x197.jpg 300w, https:\/\/cnr.org.br\/site\/wp-content\/uploads\/2018\/10\/1-5-768x503.jpg 768w, https:\/\/cnr.org.br\/site\/wp-content\/uploads\/2018\/10\/1-5-90x60.jpg 90w, https:\/\/cnr.org.br\/site\/wp-content\/uploads\/2018\/10\/1-5-573x375.jpg 573w, https:\/\/cnr.org.br\/site\/wp-content\/uploads\/2018\/10\/1-5.jpg 2003w\" sizes=\"auto, (max-width: 1024px) 100vw, 1024px\" \/><p id=\"caption-attachment-8521\" class=\"wp-caption-text\">Foto: Ag\u00eancia C\u00e2mara Not\u00edcias<\/p><\/div>\n<p>Eleito o novo presidente da Rep\u00fablica, a expectativa agora \u00e9 para o an\u00fancio das prioridades do governo de Jair Bolsonaro. Um dos assuntos pendentes \u00e9 a reforma da Previd\u00eancia. Em entrevista \u00e0 imprensa nesta segunda-feira (29), o deputado Onyx Lorenzoni (DEM-RS), anunciado como futuro ministro-chefe da Casa Civil, afirmou que a equipe que tomar\u00e1 posse em janeiro de 2019 deve enviar ao Congresso um novo projeto de reforma.<\/p>\n<p>J\u00e1 o presidente Michel Temer disse que, na primeira conversa que tiver com seu sucessor, vai sugerir que a reforma seja votada ainda neste ano. A declara\u00e7\u00e3o foi feita neste domingo (28) em entrevista coletiva de Temer, logo depois da confirma\u00e7\u00e3o da vit\u00f3ria de Bolsonaro.<\/p>\n<p>O atual titular do Pal\u00e1cio do Planalto ressaltou que a proposta j\u00e1 pode passar por dois turnos na C\u00e2mara dos Deputados e no Senado. \"Se for modificar demais aquilo que j\u00e1 est\u00e1 pronto para ser votado, evidentemente n\u00e3o d\u00e1 tempo. Mas se n\u00f3s quisermos avan\u00e7ar, se o presidente eleito quiser avan\u00e7ar na proposta que est\u00e1 j\u00e1 pronta, eu acho que dar\u00e1 tempo, teremos praticamente dois meses pela frente\", disse Temer.<\/p>\n<p>Para o advogado eleitoral F\u00e1bio Lima, existe uma lista de prioridades para o Pa\u00eds e uma lista de pautas de interesse imediato do partido eleito. \"O Pa\u00eds precisa enfrentar a reforma da Previd\u00eancia, precisa pensar em seguran\u00e7a p\u00fablica e em uma reforma administrativa para que tenha or\u00e7amento. Mas o Bolsonaro foi eleito com uma s\u00e9rie de pautas morais e em outras \u00e1reas que ele tamb\u00e9m tem que dar vaz\u00e3o, caso contr\u00e1rio o seu eleitorado ficar\u00e1 facilmente insatisfeito\", declarou.<\/p>\n<h2>Articula\u00e7\u00e3o pol\u00edtica<\/h2>\n<p>Analistas pol\u00edticos tentam desenhar como v\u00e3o ser as negocia\u00e7\u00f5es do novo presidente com o Congresso Nacional. De um lado, uma renova\u00e7\u00e3o significativa, tanto na C\u00e2mara quanto no Senado, e a conquista da segunda maior bancada da C\u00e2mara pelo PSL, partido que elegeu Bolsonaro. Do outro, uma forte oposi\u00e7\u00e3o.<\/p>\n<p>O professor de Ci\u00eancia Pol\u00edtica da Universidade de Bras\u00edlia (UnB) Adrian Albala lembra que a pr\u00f3pria campanha eleitoral j\u00e1 deu uma ideia de como ser\u00e1 a rela\u00e7\u00e3o de Jair Bolsonaro com os partidos pol\u00edticos.<\/p>\n<p>\"Durante as elei\u00e7\u00f5es, houve um n\u00famero significativo de candidatos a senador, a deputado e a governador que se expressaram como sendo representantes locais do Bolsonaro. Provavelmente vai ser com esse tipo de eleitor que o Bolsonaro vai falar, partidos como PRB, partes do PSDB, Novo e outros partidos\", afirmou o professor.<\/p>\n<p>Reportagem \u2013 Cl\u00e1udio Ferreira<br \/>\nEdi\u00e7\u00e3o \u2013 Pierre Triboli<\/p>\n<p><strong>Fonte:<\/strong> Ag\u00eancia C\u00e2mara Not\u00edcias\t\t<\/p>\n<\/div><\/div>","protected":false},"excerpt":{"rendered":"<p>Eleito o novo presidente da Rep\u00fablica, a expectativa agora \u00e9 para o an\u00fancio das prioridades do governo de Jair Bolsonaro. Um dos assuntos pendentes \u00e9 a reforma da Previd\u00eancia. Em entrevista \u00e0 imprensa nesta segunda-feira (29), o deputado Onyx Lorenzoni (DEM-RS), anunciado como futuro ministro-chefe da Casa Civil, afirmou que a equipe que tomar\u00e1 posse [&hellip;]<\/p>\n","protected":false},"author":2,"featured_media":8521,"comment_status":"open","ping_status":"open","sticky":false,"template":"","format":"standard","meta":{"footnotes":"","_links_to":"","_links_to_target":""},"categories":[507,47],"tags":[],"class_list":["post-8520","post","type-post","status-publish","format-standard","has-post-thumbnail","hentry","category-trabalho-e-previdencia","category-ultimas-noticias"],"yoast_head":"<!-- This site is optimized with the Yoast SEO plugin v28.4 - https:\/\/yoast.com\/product\/yoast-seo-wordpress\/ -->\n<title>Futuro governo poder\u00e1 elaborar nova proposta de reforma da Previd\u00eancia - CNR<\/title>\n<meta name=\"robots\" content=\"index, follow, max-snippet:-1, max-image-preview:large, max-video-preview:-1\" \/>\n<link rel=\"canonical\" href=\"https:\/\/cnr.org.br\/novoportal\/futuro-governo-podera-elaborar-nova-proposta-de-reforma-da-previdencia\/\" \/>\n<meta property=\"og:locale\" content=\"pt_BR\" \/>\n<meta property=\"og:type\" content=\"article\" \/>\n<meta property=\"og:title\" content=\"Futuro governo poder\u00e1 elaborar nova proposta de reforma da Previd\u00eancia - CNR\" \/>\n<meta property=\"og:description\" content=\"Eleito o novo presidente da Rep\u00fablica, a expectativa agora \u00e9 para o an\u00fancio das prioridades do governo de Jair Bolsonaro. Um dos assuntos pendentes \u00e9 a reforma da Previd\u00eancia. Em entrevista \u00e0 imprensa nesta segunda-feira (29), o deputado Onyx Lorenzoni (DEM-RS), anunciado como futuro ministro-chefe da Casa Civil, afirmou que a equipe que tomar\u00e1 posse [&hellip;]\" \/>\n<meta property=\"og:url\" content=\"https:\/\/cnr.org.br\/novoportal\/futuro-governo-podera-elaborar-nova-proposta-de-reforma-da-previdencia\/\" \/>\n<meta property=\"og:site_name\" content=\"CNR\" \/>\n<meta property=\"article:published_time\" content=\"2018-10-31T12:06:36+00:00\" \/>\n<meta property=\"og:image\" content=\"https:\/\/cnr.org.br\/novoportal\/wp-content\/uploads\/2018\/10\/1-5.jpg\" \/>\n\t<meta property=\"og:image:width\" content=\"2003\" \/>\n\t<meta property=\"og:image:height\" content=\"1312\" \/>\n\t<meta property=\"og:image:type\" content=\"image\/jpeg\" \/>\n<meta name=\"author\" content=\"Imprensa CNR\" \/>\n<meta name=\"twitter:card\" content=\"summary_large_image\" \/>\n<meta name=\"twitter:label1\" content=\"Escrito por\" \/>\n\t<meta name=\"twitter:data1\" content=\"Imprensa CNR\" \/>\n\t<meta name=\"twitter:label2\" content=\"Est. tempo de leitura\" \/>\n\t<meta name=\"twitter:data2\" content=\"2 minutos\" \/>\n<script type=\"application\/ld+json\" class=\"yoast-schema-graph\">{\"@context\":\"https:\\\/\\\/schema.org\",\"@graph\":[{\"@type\":\"Article\",\"@id\":\"https:\\\/\\\/cnr.org.br\\\/novoportal\\\/futuro-governo-podera-elaborar-nova-proposta-de-reforma-da-previdencia\\\/#article\",\"isPartOf\":{\"@id\":\"https:\\\/\\\/cnr.org.br\\\/novoportal\\\/futuro-governo-podera-elaborar-nova-proposta-de-reforma-da-previdencia\\\/\"},\"author\":{\"name\":\"Imprensa CNR\",\"@id\":\"https:\\\/\\\/cnr.org.br\\\/novoportal\\\/#\\\/schema\\\/person\\\/1f46209cd8c9d3d9887a0765b64ca66b\"},\"headline\":\"Futuro governo poder\u00e1 elaborar nova proposta de reforma da Previd\u00eancia\",\"datePublished\":\"2018-10-31T12:06:36+00:00\",\"mainEntityOfPage\":{\"@id\":\"https:\\\/\\\/cnr.org.br\\\/novoportal\\\/futuro-governo-podera-elaborar-nova-proposta-de-reforma-da-previdencia\\\/\"},\"wordCount\":470,\"commentCount\":0,\"publisher\":{\"@id\":\"https:\\\/\\\/cnr.org.br\\\/novoportal\\\/#organization\"},\"image\":{\"@id\":\"https:\\\/\\\/cnr.org.br\\\/novoportal\\\/futuro-governo-podera-elaborar-nova-proposta-de-reforma-da-previdencia\\\/#primaryimage\"},\"thumbnailUrl\":\"https:\\\/\\\/cnr.org.br\\\/site\\\/wp-content\\\/uploads\\\/2018\\\/10\\\/1-5.jpg\",\"articleSection\":[\"Trabalho e previd\u00eancia\",\"\u00daltimas Not\u00edcias\"],\"inLanguage\":\"pt-BR\"},{\"@type\":\"WebPage\",\"@id\":\"https:\\\/\\\/cnr.org.br\\\/novoportal\\\/futuro-governo-podera-elaborar-nova-proposta-de-reforma-da-previdencia\\\/\",\"url\":\"https:\\\/\\\/cnr.org.br\\\/novoportal\\\/futuro-governo-podera-elaborar-nova-proposta-de-reforma-da-previdencia\\\/\",\"name\":\"Futuro governo poder\u00e1 elaborar nova proposta de reforma da Previd\u00eancia - CNR\",\"isPartOf\":{\"@id\":\"https:\\\/\\\/cnr.org.br\\\/novoportal\\\/#website\"},\"primaryImageOfPage\":{\"@id\":\"https:\\\/\\\/cnr.org.br\\\/novoportal\\\/futuro-governo-podera-elaborar-nova-proposta-de-reforma-da-previdencia\\\/#primaryimage\"},\"image\":{\"@id\":\"https:\\\/\\\/cnr.org.br\\\/novoportal\\\/futuro-governo-podera-elaborar-nova-proposta-de-reforma-da-previdencia\\\/#primaryimage\"},\"thumbnailUrl\":\"https:\\\/\\\/cnr.org.br\\\/site\\\/wp-content\\\/uploads\\\/2018\\\/10\\\/1-5.jpg\",\"datePublished\":\"2018-10-31T12:06:36+00:00\",\"breadcrumb\":{\"@id\":\"https:\\\/\\\/cnr.org.br\\\/novoportal\\\/futuro-governo-podera-elaborar-nova-proposta-de-reforma-da-previdencia\\\/#breadcrumb\"},\"inLanguage\":\"pt-BR\",\"potentialAction\":[{\"@type\":\"ReadAction\",\"target\":[\"https:\\\/\\\/cnr.org.br\\\/novoportal\\\/futuro-governo-podera-elaborar-nova-proposta-de-reforma-da-previdencia\\\/\"]}]},{\"@type\":\"ImageObject\",\"inLanguage\":\"pt-BR\",\"@id\":\"https:\\\/\\\/cnr.org.br\\\/novoportal\\\/futuro-governo-podera-elaborar-nova-proposta-de-reforma-da-previdencia\\\/#primaryimage\",\"url\":\"https:\\\/\\\/cnr.org.br\\\/site\\\/wp-content\\\/uploads\\\/2018\\\/10\\\/1-5.jpg\",\"contentUrl\":\"https:\\\/\\\/cnr.org.br\\\/site\\\/wp-content\\\/uploads\\\/2018\\\/10\\\/1-5.jpg\",\"width\":2003,\"height\":1312,\"caption\":\"Foto: Ag\u00eancia C\u00e2mara Not\u00edcias\"},{\"@type\":\"BreadcrumbList\",\"@id\":\"https:\\\/\\\/cnr.org.br\\\/novoportal\\\/futuro-governo-podera-elaborar-nova-proposta-de-reforma-da-previdencia\\\/#breadcrumb\",\"itemListElement\":[{\"@type\":\"ListItem\",\"position\":1,\"name\":\"In\u00edcio\",\"item\":\"https:\\\/\\\/cnr.org.br\\\/site\\\/\"},{\"@type\":\"ListItem\",\"position\":2,\"name\":\"Futuro governo poder\u00e1 elaborar nova proposta de reforma da Previd\u00eancia\"}]},{\"@type\":\"WebSite\",\"@id\":\"https:\\\/\\\/cnr.org.br\\\/novoportal\\\/#website\",\"url\":\"https:\\\/\\\/cnr.org.br\\\/novoportal\\\/\",\"name\":\"CNR\",\"description\":\"Confedera\u00e7\u00e3o Nacional de Not\u00e1rios e Registradores\",\"publisher\":{\"@id\":\"https:\\\/\\\/cnr.org.br\\\/novoportal\\\/#organization\"},\"potentialAction\":[{\"@type\":\"SearchAction\",\"target\":{\"@type\":\"EntryPoint\",\"urlTemplate\":\"https:\\\/\\\/cnr.org.br\\\/novoportal\\\/?s={search_term_string}\"},\"query-input\":{\"@type\":\"PropertyValueSpecification\",\"valueRequired\":true,\"valueName\":\"search_term_string\"}}],\"inLanguage\":\"pt-BR\"},{\"@type\":\"Organization\",\"@id\":\"https:\\\/\\\/cnr.org.br\\\/novoportal\\\/#organization\",\"name\":\"CNR\",\"url\":\"https:\\\/\\\/cnr.org.br\\\/novoportal\\\/\",\"logo\":{\"@type\":\"ImageObject\",\"inLanguage\":\"pt-BR\",\"@id\":\"https:\\\/\\\/cnr.org.br\\\/novoportal\\\/#\\\/schema\\\/logo\\\/image\\\/\",\"url\":\"https:\\\/\\\/cnr.org.br\\\/site\\\/wp-content\\\/uploads\\\/2026\\\/02\\\/Logo_CNR_completa_colorida_2024.png\",\"contentUrl\":\"https:\\\/\\\/cnr.org.br\\\/site\\\/wp-content\\\/uploads\\\/2026\\\/02\\\/Logo_CNR_completa_colorida_2024.png\",\"width\":910,\"height\":450,\"caption\":\"CNR\"},\"image\":{\"@id\":\"https:\\\/\\\/cnr.org.br\\\/novoportal\\\/#\\\/schema\\\/logo\\\/image\\\/\"}},{\"@type\":\"Person\",\"@id\":\"https:\\\/\\\/cnr.org.br\\\/novoportal\\\/#\\\/schema\\\/person\\\/1f46209cd8c9d3d9887a0765b64ca66b\",\"name\":\"Imprensa CNR\",\"sameAs\":[\"https:\\\/\\\/cnr.org.br\\\/site\"],\"url\":\"https:\\\/\\\/cnr.org.br\\\/site\\\/author\\\/imprensa\\\/\"}]}<\/script>\n<!-- \/ Yoast SEO plugin. -->","yoast_head_json":{"title":"Futuro governo poder\u00e1 elaborar nova proposta de reforma da Previd\u00eancia - CNR","robots":{"index":"index","follow":"follow","max-snippet":"max-snippet:-1","max-image-preview":"max-image-preview:large","max-video-preview":"max-video-preview:-1"},"canonical":"https:\/\/cnr.org.br\/novoportal\/futuro-governo-podera-elaborar-nova-proposta-de-reforma-da-previdencia\/","og_locale":"pt_BR","og_type":"article","og_title":"Futuro governo poder\u00e1 elaborar nova proposta de reforma da Previd\u00eancia - CNR","og_description":"Eleito o novo presidente da Rep\u00fablica, a expectativa agora \u00e9 para o an\u00fancio das prioridades do governo de Jair Bolsonaro. Um dos assuntos pendentes \u00e9 a reforma da Previd\u00eancia. Em entrevista \u00e0 imprensa nesta segunda-feira (29), o deputado Onyx Lorenzoni (DEM-RS), anunciado como futuro ministro-chefe da Casa Civil, afirmou que a equipe que tomar\u00e1 posse [&hellip;]","og_url":"https:\/\/cnr.org.br\/novoportal\/futuro-governo-podera-elaborar-nova-proposta-de-reforma-da-previdencia\/","og_site_name":"CNR","article_published_time":"2018-10-31T12:06:36+00:00","og_image":[{"width":2003,"height":1312,"url":"https:\/\/cnr.org.br\/novoportal\/wp-content\/uploads\/2018\/10\/1-5.jpg","type":"image\/jpeg"}],"author":"Imprensa CNR","twitter_card":"summary_large_image","twitter_misc":{"Escrito por":"Imprensa CNR","Est. tempo de leitura":"2 minutos"},"schema":{"@context":"https:\/\/schema.org","@graph":[{"@type":"Article","@id":"https:\/\/cnr.org.br\/novoportal\/futuro-governo-podera-elaborar-nova-proposta-de-reforma-da-previdencia\/#article","isPartOf":{"@id":"https:\/\/cnr.org.br\/novoportal\/futuro-governo-podera-elaborar-nova-proposta-de-reforma-da-previdencia\/"},"author":{"name":"Imprensa CNR","@id":"https:\/\/cnr.org.br\/novoportal\/#\/schema\/person\/1f46209cd8c9d3d9887a0765b64ca66b"},"headline":"Futuro governo poder\u00e1 elaborar nova proposta de reforma da Previd\u00eancia","datePublished":"2018-10-31T12:06:36+00:00","mainEntityOfPage":{"@id":"https:\/\/cnr.org.br\/novoportal\/futuro-governo-podera-elaborar-nova-proposta-de-reforma-da-previdencia\/"},"wordCount":470,"commentCount":0,"publisher":{"@id":"https:\/\/cnr.org.br\/novoportal\/#organization"},"image":{"@id":"https:\/\/cnr.org.br\/novoportal\/futuro-governo-podera-elaborar-nova-proposta-de-reforma-da-previdencia\/#primaryimage"},"thumbnailUrl":"https:\/\/cnr.org.br\/site\/wp-content\/uploads\/2018\/10\/1-5.jpg","articleSection":["Trabalho e previd\u00eancia","\u00daltimas Not\u00edcias"],"inLanguage":"pt-BR"},{"@type":"WebPage","@id":"https:\/\/cnr.org.br\/novoportal\/futuro-governo-podera-elaborar-nova-proposta-de-reforma-da-previdencia\/","url":"https:\/\/cnr.org.br\/novoportal\/futuro-governo-podera-elaborar-nova-proposta-de-reforma-da-previdencia\/","name":"Futuro governo poder\u00e1 elaborar nova proposta de reforma da Previd\u00eancia - CNR","isPartOf":{"@id":"https:\/\/cnr.org.br\/novoportal\/#website"},"primaryImageOfPage":{"@id":"https:\/\/cnr.org.br\/novoportal\/futuro-governo-podera-elaborar-nova-proposta-de-reforma-da-previdencia\/#primaryimage"},"image":{"@id":"https:\/\/cnr.org.br\/novoportal\/futuro-governo-podera-elaborar-nova-proposta-de-reforma-da-previdencia\/#primaryimage"},"thumbnailUrl":"https:\/\/cnr.org.br\/site\/wp-content\/uploads\/2018\/10\/1-5.jpg","datePublished":"2018-10-31T12:06:36+00:00","breadcrumb":{"@id":"https:\/\/cnr.org.br\/novoportal\/futuro-governo-podera-elaborar-nova-proposta-de-reforma-da-previdencia\/#breadcrumb"},"inLanguage":"pt-BR","potentialAction":[{"@type":"ReadAction","target":["https:\/\/cnr.org.br\/novoportal\/futuro-governo-podera-elaborar-nova-proposta-de-reforma-da-previdencia\/"]}]},{"@type":"ImageObject","inLanguage":"pt-BR","@id":"https:\/\/cnr.org.br\/novoportal\/futuro-governo-podera-elaborar-nova-proposta-de-reforma-da-previdencia\/#primaryimage","url":"https:\/\/cnr.org.br\/site\/wp-content\/uploads\/2018\/10\/1-5.jpg","contentUrl":"https:\/\/cnr.org.br\/site\/wp-content\/uploads\/2018\/10\/1-5.jpg","width":2003,"height":1312,"caption":"Foto: Ag\u00eancia C\u00e2mara Not\u00edcias"},{"@type":"BreadcrumbList","@id":"https:\/\/cnr.org.br\/novoportal\/futuro-governo-podera-elaborar-nova-proposta-de-reforma-da-previdencia\/#breadcrumb","itemListElement":[{"@type":"ListItem","position":1,"name":"In\u00edcio","item":"https:\/\/cnr.org.br\/site\/"},{"@type":"ListItem","position":2,"name":"Futuro governo poder\u00e1 elaborar nova proposta de reforma da Previd\u00eancia"}]},{"@type":"WebSite","@id":"https:\/\/cnr.org.br\/novoportal\/#website","url":"https:\/\/cnr.org.br\/novoportal\/","name":"CNR","description":"Confedera\u00e7\u00e3o Nacional de Not\u00e1rios e Registradores","publisher":{"@id":"https:\/\/cnr.org.br\/novoportal\/#organization"},"potentialAction":[{"@type":"SearchAction","target":{"@type":"EntryPoint","urlTemplate":"https:\/\/cnr.org.br\/novoportal\/?s={search_term_string}"},"query-input":{"@type":"PropertyValueSpecification","valueRequired":true,"valueName":"search_term_string"}}],"inLanguage":"pt-BR"},{"@type":"Organization","@id":"https:\/\/cnr.org.br\/novoportal\/#organization","name":"CNR","url":"https:\/\/cnr.org.br\/novoportal\/","logo":{"@type":"ImageObject","inLanguage":"pt-BR","@id":"https:\/\/cnr.org.br\/novoportal\/#\/schema\/logo\/image\/","url":"https:\/\/cnr.org.br\/site\/wp-content\/uploads\/2026\/02\/Logo_CNR_completa_colorida_2024.png","contentUrl":"https:\/\/cnr.org.br\/site\/wp-content\/uploads\/2026\/02\/Logo_CNR_completa_colorida_2024.png","width":910,"height":450,"caption":"CNR"},"image":{"@id":"https:\/\/cnr.org.br\/novoportal\/#\/schema\/logo\/image\/"}},{"@type":"Person","@id":"https:\/\/cnr.org.br\/novoportal\/#\/schema\/person\/1f46209cd8c9d3d9887a0765b64ca66b","name":"Imprensa CNR","sameAs":["https:\/\/cnr.org.br\/site"],"url":"https:\/\/cnr.org.br\/site\/author\/imprensa\/"}]}},"_links":{"self":[{"href":"https:\/\/cnr.org.br\/site\/wp-json\/wp\/v2\/posts\/8520","targetHints":{"allow":["GET"]}}],"collection":[{"href":"https:\/\/cnr.org.br\/site\/wp-json\/wp\/v2\/posts"}],"about":[{"href":"https:\/\/cnr.org.br\/site\/wp-json\/wp\/v2\/types\/post"}],"author":[{"embeddable":true,"href":"https:\/\/cnr.org.br\/site\/wp-json\/wp\/v2\/users\/2"}],"replies":[{"embeddable":true,"href":"https:\/\/cnr.org.br\/site\/wp-json\/wp\/v2\/comments?post=8520"}],"version-history":[{"count":0,"href":"https:\/\/cnr.org.br\/site\/wp-json\/wp\/v2\/posts\/8520\/revisions"}],"wp:featuredmedia":[{"embeddable":true,"href":"https:\/\/cnr.org.br\/site\/wp-json\/wp\/v2\/media\/8521"}],"wp:attachment":[{"href":"https:\/\/cnr.org.br\/site\/wp-json\/wp\/v2\/media?parent=8520"}],"wp:term":[{"taxonomy":"category","embeddable":true,"href":"https:\/\/cnr.org.br\/site\/wp-json\/wp\/v2\/categories?post=8520"},{"taxonomy":"post_tag","embeddable":true,"href":"https:\/\/cnr.org.br\/site\/wp-json\/wp\/v2\/tags?post=8520"}],"curies":[{"name":"wp","href":"https:\/\/api.w.org\/{rel}","templated":true}]}}