{"id":85349,"date":"2023-04-12T09:45:47","date_gmt":"2023-04-12T12:45:47","guid":{"rendered":"https:\/\/cnr.org.br\/site\/?p=85349"},"modified":"2023-04-12T09:46:00","modified_gmt":"2023-04-12T12:46:00","slug":"programa-cartorio-contemporaneo-episodio-79","status":"publish","type":"post","link":"https:\/\/cnr.org.br\/site\/programa-cartorio-contemporaneo-episodio-79\/","title":{"rendered":"Programa \u201cCart\u00f3rio Contempor\u00e2neo\u201d epis\u00f3dio 79"},"content":{"rendered":"\n<p>Confira a 79\u00aa edi\u00e7\u00e3o in\u00e9dita do Programa &#8220;Cart\u00f3rio Contempor\u00e2neo&#8221;, na TV Justi\u00e7a, uma realiza\u00e7\u00e3o da Confedera\u00e7\u00e3o Nacional de Not\u00e1rios e Registradores (CNR).<\/p>\n\n\n\n<p>Neste epis\u00f3dio in\u00e9dito, com apresenta\u00e7\u00e3o de Duda Meirelles, foram abordados os seguintes temas:<\/p>\n\n\n\n<p>Cart\u00f3rio de Protesto: Contribui\u00e7\u00e3o e Seguran\u00e7a Jur\u00eddica com a participa\u00e7\u00e3o da Dra. Ionara Pacheco de Lacerda<\/p>\n\n\n\n<p>Import\u00e2ncia do Cart\u00f3rio de Registro Civil de Pessoas Naturais para sociedade com a Dra. Fl\u00e1via Pereira Hill<\/p>\n\n\n\n<p>Melhores momentos do Lan\u00e7amento do Livro Direito Notarial e Registral com Dr. Hercules Ben\u00edcio e Dr. Alexis M. Cavichini<\/p>\n\n\n\n<p>Assista:<\/p>\n\n\n\n<figure class=\"wp-block-embed is-type-video is-provider-youtube wp-block-embed-youtube wp-embed-aspect-16-9 wp-has-aspect-ratio\"><div class=\"wp-block-embed__wrapper\">\n<iframe loading=\"lazy\" title=\"Cart\u00f3rio Contempor\u00e2neo - Ep. 79\" width=\"660\" height=\"371\" src=\"https:\/\/www.youtube.com\/embed\/KfHkwiTXjOc?feature=oembed\" frameborder=\"0\" allow=\"accelerometer; autoplay; clipboard-write; encrypted-media; gyroscope; picture-in-picture; web-share\" referrerpolicy=\"strict-origin-when-cross-origin\" allowfullscreen><\/iframe>\n<\/div><\/figure>\n\n\n\n<p>Sobre o &#8220;Cart\u00f3rio Contempor\u00e2neo&#8221; na TV Justi\u00e7a<br><br>Realiza\u00e7\u00e3o: Confedera\u00e7\u00e3o Nacional de Not\u00e1rios Registradores (CNR)<br><br>Exibi\u00e7\u00e3o: Todas as quintas-feiras, \u00e0s 19h, com reprise todas as segundas-feiras, \u00e0s 19h.<br><br>Todos os programas: <a href=\"https:\/\/bit.ly\/3jm0Wlb\">https:\/\/bit.ly\/3jm0Wlb<\/a><\/p>\n","protected":false},"excerpt":{"rendered":"<p>Confira a 79\u00aa edi\u00e7\u00e3o in\u00e9dita do Programa &#8220;Cart\u00f3rio Contempor\u00e2neo&#8221;, na TV Justi\u00e7a, uma realiza\u00e7\u00e3o da Confedera\u00e7\u00e3o Nacional de Not\u00e1rios e Registradores (CNR). Neste epis\u00f3dio in\u00e9dito, com apresenta\u00e7\u00e3o de Duda Meirelles, foram abordados os seguintes temas: Cart\u00f3rio de Protesto: Contribui\u00e7\u00e3o e Seguran\u00e7a Jur\u00eddica com a participa\u00e7\u00e3o da Dra. Ionara Pacheco de Lacerda Import\u00e2ncia do Cart\u00f3rio de&#8230;<\/p>\n","protected":false},"author":2,"featured_media":84984,"comment_status":"closed","ping_status":"closed","sticky":false,"template":"","format":"standard","meta":{"_exactmetrics_skip_tracking":false,"_exactmetrics_sitenote_active":false,"_exactmetrics_sitenote_note":"","_exactmetrics_sitenote_category":0,"footnotes":""},"categories":[751],"tags":[],"class_list":["post-85349","post","type-post","status-publish","format-standard","has-post-thumbnail","hentry","category-cartorio-contemporaneo-2"],"_links":{"self":[{"href":"https:\/\/cnr.org.br\/site\/wp-json\/wp\/v2\/posts\/85349"}],"collection":[{"href":"https:\/\/cnr.org.br\/site\/wp-json\/wp\/v2\/posts"}],"about":[{"href":"https:\/\/cnr.org.br\/site\/wp-json\/wp\/v2\/types\/post"}],"author":[{"embeddable":true,"href":"https:\/\/cnr.org.br\/site\/wp-json\/wp\/v2\/users\/2"}],"replies":[{"embeddable":true,"href":"https:\/\/cnr.org.br\/site\/wp-json\/wp\/v2\/comments?post=85349"}],"version-history":[{"count":2,"href":"https:\/\/cnr.org.br\/site\/wp-json\/wp\/v2\/posts\/85349\/revisions"}],"predecessor-version":[{"id":85351,"href":"https:\/\/cnr.org.br\/site\/wp-json\/wp\/v2\/posts\/85349\/revisions\/85351"}],"wp:featuredmedia":[{"embeddable":true,"href":"https:\/\/cnr.org.br\/site\/wp-json\/wp\/v2\/media\/84984"}],"wp:attachment":[{"href":"https:\/\/cnr.org.br\/site\/wp-json\/wp\/v2\/media?parent=85349"}],"wp:term":[{"taxonomy":"category","embeddable":true,"href":"https:\/\/cnr.org.br\/site\/wp-json\/wp\/v2\/categories?post=85349"},{"taxonomy":"post_tag","embeddable":true,"href":"https:\/\/cnr.org.br\/site\/wp-json\/wp\/v2\/tags?post=85349"}],"curies":[{"name":"wp","href":"https:\/\/api.w.org\/{rel}","templated":true}]}}