{"id":8536,"date":"2018-10-31T18:37:45","date_gmt":"2018-10-31T20:37:45","guid":{"rendered":"https:\/\/cnr.org.br\/site\/?p=8536"},"modified":"2018-10-31T18:37:45","modified_gmt":"2018-10-31T20:37:45","slug":"ministro-dias-toffoli-regulamenta-teletrabalho-no-stf-e-homenageia-servidores","status":"publish","type":"post","link":"https:\/\/cnr.org.br\/site\/ministro-dias-toffoli-regulamenta-teletrabalho-no-stf-e-homenageia-servidores\/","title":{"rendered":"Ministro Dias Toffoli regulamenta teletrabalho no STF e homenageia servidores"},"content":{"rendered":"<h3 class=\"noticia-resumo m-b-24\">N\u00e3o adianta termos uma Constitui\u00e7\u00e3o da Rep\u00fablica repleta de garantias se n\u00e3o houver agentes p\u00fablicos na linha de frente para converter em a\u00e7\u00e3o concreta as garantias ali contidas\u201d, disse o presidente do STF em homenagem ao Dia do Servidor P\u00fablico.<\/h3>\n<figure id=\"attachment_8537\" aria-describedby=\"caption-attachment-8537\" style=\"width: 330px\" class=\"wp-caption aligncenter\"><img loading=\"lazy\" decoding=\"async\" class=\"size-full wp-image-8537\" src=\"https:\/\/cnr.org.br\/site\/wp-content\/uploads\/2018\/10\/3-2.jpg\" alt=\"\" width=\"330\" height=\"190\" srcset=\"https:\/\/cnr.org.br\/site\/wp-content\/uploads\/2018\/10\/3-2.jpg 330w, https:\/\/cnr.org.br\/site\/wp-content\/uploads\/2018\/10\/3-2-300x173.jpg 300w\" sizes=\"(max-width: 330px) 100vw, 330px\" \/><figcaption id=\"caption-attachment-8537\" class=\"wp-caption-text\">Foto: STF<\/figcaption><\/figure>\n<p class=\"noticia-imagem-xs text-center\">O presidente do Supremo Tribunal Federal, ministro Dias Toffoli, assinou nesta segunda-feira resolu\u00e7\u00e3o que regulamenta o teletrabalho na Corte. A assinatura ocorreu em solenidade em homenagem ao Dia do Servidor P\u00fablico, comemorado em 28\/10.<\/p>\n<div class=\"noticia-conteudo p-l-8 p-r-8 m-t-16\">\n<h2><b>Mundo hiperconectado<\/b><\/h2>\n<p>Ao assinar a resolu\u00e7\u00e3o, o presidente do STF reiterou a import\u00e2ncia do uso das novas ferramentas tecnol\u00f3gicas pelo Poder Judici\u00e1rio. \u201cO Brasil faz parte de uma sociedade global e digitalmente conectada\u201d, afirmou. \u201cVivemos num mundo hiperconectado, e precisamos usar os recursos da tecnologia em favor da efici\u00eancia e da cidadania\u201d.<\/p>\n<p>A resolu\u00e7\u00e3o, segundo o ministro, \u00e9 um dos caminhos adotados pelo STF para aperfei\u00e7oar a presta\u00e7\u00e3o jurisdicional e os servi\u00e7os prestados pela Corte \u00e0 sociedade. \u201cA complexidade e o dinamismo da na\u00e7\u00e3o exigem a moderniza\u00e7\u00e3o\u201d, observou.<\/p>\n<h2><b>Teletrabalho<\/b><\/h2>\n<p>O trabalho remoto come\u00e7ou a ser implantado no STF em mar\u00e7o de 2016 por meio de um projeto piloto que contemplou inicialmente 27 servidores da Secretaria Judici\u00e1ria. Atualmente, 105 servidores atuam nessa modalidade.<\/p>\n<p>\u201cA resolu\u00e7\u00e3o estabelece normas gerais para o uso das ferramentas de tecnologia da comunica\u00e7\u00e3o e da informa\u00e7\u00e3o por parte do corpo de servidores da Casa\u201d, assinalou Toffoli. Entre outros aspectos, o documento consolida par\u00e2metros de aferi\u00e7\u00e3o de resultados e d\u00e1 mais autonomia \u00e0s unidades do STF para a implanta\u00e7\u00e3o do teletrabalho.<\/p>\n<p>De acordo com o presidente, a experi\u00eancia de mais de dois anos demonstra que o teletrabalho produz benef\u00edcios tanto para a institui\u00e7\u00e3o quanto para os servidores. Entre eles est\u00e1 o aumento da produtividade e a melhoria da qualidade de vida. A meta anunciada por Toffoli \u00e9 que essa modalidade de servi\u00e7o chegue a 40% do quadro do STF.<\/p>\n<h2><b>Servidores<\/b><\/h2>\n<p>O presidente do STF homenageou os servidores da Corte destacando o papel destes como agentes da cidadania, da democracia e da rep\u00fablica. \u201cOs servidores p\u00fablicos s\u00e3o essenciais \u00e0 realiza\u00e7\u00e3o do Estado Democr\u00e1tico de Direito\u201d, ressaltou. \u201cN\u00e3o adianta termos uma Constitui\u00e7\u00e3o da Rep\u00fablica repleta de garantias se n\u00e3o houver agentes p\u00fablicos na linha de frente para converter em a\u00e7\u00e3o concreta as garantias ali contidas\u201d.<\/p>\n<p>\u201cAgentes pol\u00edticos v\u00eam e v\u00e3o, mas os servidores continuam\u201d, assinalou. \u201cE os servidores do Poder Judici\u00e1rio e do Supremo Tribunal Federal s\u00e3o, tamb\u00e9m, guardi\u00f5es dos direitos civis, sociais e pol\u00edticos do pa\u00eds\u201d.<\/p>\n<p><a href=\"http:\/\/www.stf.jus.br\/arquivo\/cms\/noticiaNoticiaStf\/anexo\/ResoluoTrabalhoRemoto_DJe.pdf\">Leia a \u00edntegra da resolu\u00e7\u00e3o.<\/a><\/p>\n<p>CF\/EH<\/p>\n<p><strong>Fonte:<\/strong> STF<\/p>\n<\/div>\n","protected":false},"excerpt":{"rendered":"<p>N\u00e3o adianta termos uma Constitui\u00e7\u00e3o da Rep\u00fablica repleta de garantias se n\u00e3o houver agentes p\u00fablicos na linha de frente para converter em a\u00e7\u00e3o concreta as garantias ali contidas\u201d, disse o presidente do STF em homenagem ao Dia do Servidor P\u00fablico. O presidente do Supremo Tribunal Federal, ministro Dias Toffoli, assinou nesta segunda-feira resolu\u00e7\u00e3o que regulamenta&#8230;<\/p>\n","protected":false},"author":2,"featured_media":8537,"comment_status":"open","ping_status":"open","sticky":false,"template":"","format":"standard","meta":{"_exactmetrics_skip_tracking":false,"_exactmetrics_sitenote_active":false,"_exactmetrics_sitenote_note":"","_exactmetrics_sitenote_category":0,"footnotes":""},"categories":[512,47],"tags":[],"class_list":["post-8536","post","type-post","status-publish","format-standard","has-post-thumbnail","hentry","category-constituicao","category-ultimas-noticias"],"_links":{"self":[{"href":"https:\/\/cnr.org.br\/site\/wp-json\/wp\/v2\/posts\/8536"}],"collection":[{"href":"https:\/\/cnr.org.br\/site\/wp-json\/wp\/v2\/posts"}],"about":[{"href":"https:\/\/cnr.org.br\/site\/wp-json\/wp\/v2\/types\/post"}],"author":[{"embeddable":true,"href":"https:\/\/cnr.org.br\/site\/wp-json\/wp\/v2\/users\/2"}],"replies":[{"embeddable":true,"href":"https:\/\/cnr.org.br\/site\/wp-json\/wp\/v2\/comments?post=8536"}],"version-history":[{"count":0,"href":"https:\/\/cnr.org.br\/site\/wp-json\/wp\/v2\/posts\/8536\/revisions"}],"wp:featuredmedia":[{"embeddable":true,"href":"https:\/\/cnr.org.br\/site\/wp-json\/wp\/v2\/media\/8537"}],"wp:attachment":[{"href":"https:\/\/cnr.org.br\/site\/wp-json\/wp\/v2\/media?parent=8536"}],"wp:term":[{"taxonomy":"category","embeddable":true,"href":"https:\/\/cnr.org.br\/site\/wp-json\/wp\/v2\/categories?post=8536"},{"taxonomy":"post_tag","embeddable":true,"href":"https:\/\/cnr.org.br\/site\/wp-json\/wp\/v2\/tags?post=8536"}],"curies":[{"name":"wp","href":"https:\/\/api.w.org\/{rel}","templated":true}]}}