{"id":8550,"date":"2018-11-07T15:31:03","date_gmt":"2018-11-07T17:31:03","guid":{"rendered":"https:\/\/cnr.org.br\/site\/?p=8550"},"modified":"2018-11-07T15:31:03","modified_gmt":"2018-11-07T17:31:03","slug":"maiores-autoridades-da-republica-se-unem-na-defesa-da-constituicao-em-sessao-solene-do-congresso","status":"publish","type":"post","link":"https:\/\/cnr.org.br\/site\/maiores-autoridades-da-republica-se-unem-na-defesa-da-constituicao-em-sessao-solene-do-congresso\/","title":{"rendered":"Maiores autoridades da Rep\u00fablica se unem na defesa da Constitui\u00e7\u00e3o em sess\u00e3o solene do Congresso"},"content":{"rendered":"<div id=\"dslc-theme-content\"><div id=\"dslc-theme-content-inner\"><div id=\"attachment_8551\" style=\"width: 870px\" class=\"wp-caption aligncenter\"><img loading=\"lazy\" decoding=\"async\" aria-describedby=\"caption-attachment-8551\" class=\"size-full wp-image-8551\" src=\"https:\/\/cnr.org.br\/site\/wp-content\/uploads\/2018\/11\/2.jpeg\" alt=\"\" width=\"860\" height=\"570\" srcset=\"https:\/\/cnr.org.br\/site\/wp-content\/uploads\/2018\/11\/2.jpeg 860w, https:\/\/cnr.org.br\/site\/wp-content\/uploads\/2018\/11\/2-300x199.jpeg 300w, https:\/\/cnr.org.br\/site\/wp-content\/uploads\/2018\/11\/2-768x509.jpeg 768w, https:\/\/cnr.org.br\/site\/wp-content\/uploads\/2018\/11\/2-90x60.jpeg 90w, https:\/\/cnr.org.br\/site\/wp-content\/uploads\/2018\/11\/2-566x375.jpeg 566w\" sizes=\"auto, (max-width: 860px) 100vw, 860px\" \/><p id=\"caption-attachment-8551\" class=\"wp-caption-text\">Anivers\u00e1rio da Constitui\u00e7\u00e3o une representantes do Executivo, do Legislativo e do Judici\u00e1rio, al\u00e9m do presidente eleito Jair Bolsonaro, no Plen\u00e1rio da C\u00e2mara dos Deputados<\/p><\/div>\n<p>Em 5 de outubro de 1988, o presidente da Assembleia Nacional Constituinte, deputado Ulysses Guimar\u00e3es (1916-1992), promulgava a nova Constitui\u00e7\u00e3o brasileira. Trinta anos depois, uma nova sess\u00e3o solene do Congresso marcou a data hist\u00f3rica, com a presen\u00e7a dos chefes dos tr\u00eas poderes, do ex-presidente Jos\u00e9 Sarney e do presidente eleito Jair Bolsonaro.<\/p>\n<p>Em mais de tr\u00eas horas de sess\u00e3o no Plen\u00e1rio da C\u00e2mara \u2014 que recebeu tamb\u00e9m parlamentares rec\u00e9m-eleitos \u2014, os participantes foram un\u00e2nimes na defesa da Constitui\u00e7\u00e3o Cidad\u00e3. Al\u00e9m disso, destacaram a import\u00e2ncia do texto no processo de redemocratiza\u00e7\u00e3o p\u00f3s-regime militar.<\/p>\n<p>O presidente do Senado e do Congresso, Eun\u00edcio Oliveira, lembrou que a Constitui\u00e7\u00e3o de 1988 marca a transi\u00e7\u00e3o para o mais longo per\u00edodo democr\u00e1tico do pa\u00eds ap\u00f3s a ditadura.<\/p>\n<p>\u2014 Foi a primeira Constitui\u00e7\u00e3o brasileira a n\u00e3o se originar de uma ruptura institucional nem ser precedida de um ato de independ\u00eancia. \u00c9 uma obra eloquente do avan\u00e7o institucional, social e legislativo da civiliza\u00e7\u00e3o brasileira. \u00c9 ineg\u00e1vel que marca a transi\u00e7\u00e3o para o mais longo per\u00edodo democr\u00e1tico da Rep\u00fablica Federativa do Brasil \u2014 afirmou, ao refor\u00e7ar que o documento precisa ser respeitado e cumprido.<\/p>\n<h3><strong>Norte<\/strong><\/h3>\n<p>Na primeira visita a Bras\u00edlia depois de eleito presidente da Rep\u00fablica, o deputado Jair Bolsonaro ressaltou que, na democracia, deve existir somente um norte: o da Constitui\u00e7\u00e3o. Ele chegou ao Plen\u00e1rio acompanhado de um forte esquema de seguran\u00e7a; cumprimentou v\u00e1rios colegas e, num breve discurso, afirmou que o Brasil tem tudo para se tornar um grande pa\u00eds; mas que, para isso, ser\u00e1 necess\u00e1ria a uni\u00e3o de todos.<\/p>\n<p>\u2014 Quero dizer a todos: na topografia existem tr\u00eas nortes, o da quadr\u00edcula, o verdadeiro e o magn\u00e9tico, mas na democracia h\u00e1 s\u00f3 um: \u00e9 o da nossa Constitui\u00e7\u00e3o \u2014 disse.<\/p>\n<p>J\u00e1 o atual presidente Michel Temer, al\u00e9m de defender a tese de que n\u00e3o h\u00e1 caminho fora da Constitui\u00e7\u00e3o, recordou momentos importantes da Assembleia Constituinte e lembrou que o povo tinha acesso ao Congresso para trazer suas reivindica\u00e7\u00f5es, que eram filtradas pelos parlamentares e depois acolhidas.<\/p>\n<p>Representando o Judici\u00e1rio, o presidente do Supremo Tribunal Federal (STF), Dias Toffoli, tamb\u00e9m pregou a uni\u00e3o. Segundo ele, passado o per\u00edodo eleitoral, este \u00e9 o momento de a<strong>\u00a0<\/strong>sociedade se unir pelo desenvolvimento do pa\u00eds.<\/p>\n<p>\u2014 Chegou a hora de a pol\u00edtica voltar a liderar as grandes quest\u00f5es. Assim ser\u00e1 poss\u00edvel voltar \u00e0 cl\u00e1ssica divis\u00e3o dos Poderes, com o Legislativo cuidando do futuro, o Executivo do presente e o Judici\u00e1rio do passado \u2014 afirmou o ministro, que ainda defendeu a imprensa livre e um Judici\u00e1rio \"forte, independente e aut\u00f4nomo\".<\/p>\n<h3><strong>Minorias<\/strong><\/h3>\n<p>A procuradora-geral da Rep\u00fablica, Raquel Dodge, por sua vez, destacou que o texto constitucional \u00e9 um marco na supera\u00e7\u00e3o das desigualdades sociais ao prestigiar a erradica\u00e7\u00e3o da pobreza e a prote\u00e7\u00e3o \u00e0s minorias.<\/p>\n<p>\u2014 Em uma na\u00e7\u00e3o de imigrantes e nativos, nossa Constitui\u00e7\u00e3o reconhece a pluralidade \u00e9tnica, lingu\u00edstica, de cren\u00e7a e de opini\u00e3o, a equidade no tratamento e o respeito \u00e0s minorias. [...] N\u00e3o basta reverenci\u00e1-la em uma atitude contemplativa. \u00c9 preciso cumpri-la \u2014 alertou.<\/p>\n<p>Tamb\u00e9m ocuparam a tribuna o presidente da C\u00e2mara, Rodrigo Maia (DEM-RJ) \u2014 que reafirmou o compromisso de assegurar as conquistas democr\u00e1ticas promovidas pela Carta Magna \u2014, al\u00e9m de deputados e senadores, alguns deles constituintes, como Jos\u00e9 Serra (PSDB-SP).<\/p>\n<h3><strong>Exposi\u00e7\u00e3o<\/strong><\/h3>\n<p>Durante o evento, foram lan\u00e7adas publica\u00e7\u00f5es elaboradas pelas \u00e1reas t\u00e9cnicas do Senado e da C\u00e2mara para marcar a data: uma edi\u00e7\u00e3o especial da\u00a0<i><a class=\"external-link\" href=\"http:\/\/www12.senado.leg.br\/ril\">Revista de Informa\u00e7\u00e3o Legislativa<\/a><\/i>\u00a0(RIL), um livro digital, um livro infantil e um audiolivro para pessoas com defici\u00eancia.<\/p>\n<p>Paralelamente, no Sal\u00e3o Negro do Congresso Nacional segue at\u00e9 o dia 16 de dezembro a exposi\u00e7\u00e3o<i>\u00a0O Brasil em Constru\u00e7\u00e3o: 30 anos de Constitui\u00e7\u00e3o Cidad\u00e3.\u00a0<\/i>S\u00e3o pain\u00e9is com fotos, textos e v\u00eddeos que v\u00e3o levar o visitante a uma viagem pelos antecedentes hist\u00f3ricos, pelo processo legislativo, pela participa\u00e7\u00e3o popular e pelos resultados da Constituinte e da Constitui\u00e7\u00e3o de 1988.<\/p>\n<p><strong>Fonte:<\/strong> Ag\u00eancia Senado (Reprodu\u00e7\u00e3o autorizada mediante cita\u00e7\u00e3o da Ag\u00eancia Senado)\t\t<\/p>\n<\/div><\/div>","protected":false},"excerpt":{"rendered":"<p>Em 5 de outubro de 1988, o presidente da Assembleia Nacional Constituinte, deputado Ulysses Guimar\u00e3es (1916-1992), promulgava a nova Constitui\u00e7\u00e3o brasileira. Trinta anos depois, uma nova sess\u00e3o solene do Congresso marcou a data hist\u00f3rica, com a presen\u00e7a dos chefes dos tr\u00eas poderes, do ex-presidente Jos\u00e9 Sarney e do presidente eleito Jair Bolsonaro. Em mais de [&hellip;]<\/p>\n","protected":false},"author":2,"featured_media":8551,"comment_status":"open","ping_status":"open","sticky":false,"template":"","format":"standard","meta":{"footnotes":"","_links_to":"","_links_to_target":""},"categories":[512,47],"tags":[],"class_list":["post-8550","post","type-post","status-publish","format-standard","has-post-thumbnail","hentry","category-constituicao","category-ultimas-noticias"],"yoast_head":"<!-- This site is optimized with the Yoast SEO plugin v28.4 - https:\/\/yoast.com\/product\/yoast-seo-wordpress\/ -->\n<title>Maiores autoridades da Rep\u00fablica se unem na defesa da Constitui\u00e7\u00e3o em sess\u00e3o solene do Congresso - CNR<\/title>\n<meta name=\"robots\" content=\"index, follow, max-snippet:-1, max-image-preview:large, max-video-preview:-1\" \/>\n<link rel=\"canonical\" href=\"https:\/\/cnr.org.br\/novoportal\/maiores-autoridades-da-republica-se-unem-na-defesa-da-constituicao-em-sessao-solene-do-congresso\/\" \/>\n<meta property=\"og:locale\" content=\"pt_BR\" \/>\n<meta property=\"og:type\" content=\"article\" \/>\n<meta property=\"og:title\" content=\"Maiores autoridades da Rep\u00fablica se unem na defesa da Constitui\u00e7\u00e3o em sess\u00e3o solene do Congresso - CNR\" \/>\n<meta property=\"og:description\" content=\"Em 5 de outubro de 1988, o presidente da Assembleia Nacional Constituinte, deputado Ulysses Guimar\u00e3es (1916-1992), promulgava a nova Constitui\u00e7\u00e3o brasileira. Trinta anos depois, uma nova sess\u00e3o solene do Congresso marcou a data hist\u00f3rica, com a presen\u00e7a dos chefes dos tr\u00eas poderes, do ex-presidente Jos\u00e9 Sarney e do presidente eleito Jair Bolsonaro. Em mais de [&hellip;]\" \/>\n<meta property=\"og:url\" content=\"https:\/\/cnr.org.br\/novoportal\/maiores-autoridades-da-republica-se-unem-na-defesa-da-constituicao-em-sessao-solene-do-congresso\/\" \/>\n<meta property=\"og:site_name\" content=\"CNR\" \/>\n<meta property=\"article:published_time\" content=\"2018-11-07T17:31:03+00:00\" \/>\n<meta property=\"og:image\" content=\"https:\/\/cnr.org.br\/novoportal\/wp-content\/uploads\/2018\/11\/2.jpeg\" \/>\n\t<meta property=\"og:image:width\" content=\"860\" \/>\n\t<meta property=\"og:image:height\" content=\"570\" \/>\n\t<meta property=\"og:image:type\" content=\"image\/jpeg\" \/>\n<meta name=\"author\" content=\"Imprensa CNR\" \/>\n<meta name=\"twitter:card\" content=\"summary_large_image\" \/>\n<meta name=\"twitter:label1\" content=\"Escrito por\" \/>\n\t<meta name=\"twitter:data1\" content=\"Imprensa CNR\" \/>\n\t<meta name=\"twitter:label2\" content=\"Est. tempo de leitura\" \/>\n\t<meta name=\"twitter:data2\" content=\"4 minutos\" \/>\n<script type=\"application\/ld+json\" class=\"yoast-schema-graph\">{\"@context\":\"https:\\\/\\\/schema.org\",\"@graph\":[{\"@type\":\"Article\",\"@id\":\"https:\\\/\\\/cnr.org.br\\\/novoportal\\\/maiores-autoridades-da-republica-se-unem-na-defesa-da-constituicao-em-sessao-solene-do-congresso\\\/#article\",\"isPartOf\":{\"@id\":\"https:\\\/\\\/cnr.org.br\\\/novoportal\\\/maiores-autoridades-da-republica-se-unem-na-defesa-da-constituicao-em-sessao-solene-do-congresso\\\/\"},\"author\":{\"name\":\"Imprensa CNR\",\"@id\":\"https:\\\/\\\/cnr.org.br\\\/novoportal\\\/#\\\/schema\\\/person\\\/1f46209cd8c9d3d9887a0765b64ca66b\"},\"headline\":\"Maiores autoridades da Rep\u00fablica se unem na defesa da Constitui\u00e7\u00e3o em sess\u00e3o solene do Congresso\",\"datePublished\":\"2018-11-07T17:31:03+00:00\",\"mainEntityOfPage\":{\"@id\":\"https:\\\/\\\/cnr.org.br\\\/novoportal\\\/maiores-autoridades-da-republica-se-unem-na-defesa-da-constituicao-em-sessao-solene-do-congresso\\\/\"},\"wordCount\":777,\"commentCount\":0,\"publisher\":{\"@id\":\"https:\\\/\\\/cnr.org.br\\\/novoportal\\\/#organization\"},\"image\":{\"@id\":\"https:\\\/\\\/cnr.org.br\\\/novoportal\\\/maiores-autoridades-da-republica-se-unem-na-defesa-da-constituicao-em-sessao-solene-do-congresso\\\/#primaryimage\"},\"thumbnailUrl\":\"https:\\\/\\\/cnr.org.br\\\/site\\\/wp-content\\\/uploads\\\/2018\\\/11\\\/2.jpeg\",\"articleSection\":[\"Constitui\u00e7\u00e3o\",\"\u00daltimas Not\u00edcias\"],\"inLanguage\":\"pt-BR\"},{\"@type\":\"WebPage\",\"@id\":\"https:\\\/\\\/cnr.org.br\\\/novoportal\\\/maiores-autoridades-da-republica-se-unem-na-defesa-da-constituicao-em-sessao-solene-do-congresso\\\/\",\"url\":\"https:\\\/\\\/cnr.org.br\\\/novoportal\\\/maiores-autoridades-da-republica-se-unem-na-defesa-da-constituicao-em-sessao-solene-do-congresso\\\/\",\"name\":\"Maiores autoridades da Rep\u00fablica se unem na defesa da Constitui\u00e7\u00e3o em sess\u00e3o solene do Congresso - CNR\",\"isPartOf\":{\"@id\":\"https:\\\/\\\/cnr.org.br\\\/novoportal\\\/#website\"},\"primaryImageOfPage\":{\"@id\":\"https:\\\/\\\/cnr.org.br\\\/novoportal\\\/maiores-autoridades-da-republica-se-unem-na-defesa-da-constituicao-em-sessao-solene-do-congresso\\\/#primaryimage\"},\"image\":{\"@id\":\"https:\\\/\\\/cnr.org.br\\\/novoportal\\\/maiores-autoridades-da-republica-se-unem-na-defesa-da-constituicao-em-sessao-solene-do-congresso\\\/#primaryimage\"},\"thumbnailUrl\":\"https:\\\/\\\/cnr.org.br\\\/site\\\/wp-content\\\/uploads\\\/2018\\\/11\\\/2.jpeg\",\"datePublished\":\"2018-11-07T17:31:03+00:00\",\"breadcrumb\":{\"@id\":\"https:\\\/\\\/cnr.org.br\\\/novoportal\\\/maiores-autoridades-da-republica-se-unem-na-defesa-da-constituicao-em-sessao-solene-do-congresso\\\/#breadcrumb\"},\"inLanguage\":\"pt-BR\",\"potentialAction\":[{\"@type\":\"ReadAction\",\"target\":[\"https:\\\/\\\/cnr.org.br\\\/novoportal\\\/maiores-autoridades-da-republica-se-unem-na-defesa-da-constituicao-em-sessao-solene-do-congresso\\\/\"]}]},{\"@type\":\"ImageObject\",\"inLanguage\":\"pt-BR\",\"@id\":\"https:\\\/\\\/cnr.org.br\\\/novoportal\\\/maiores-autoridades-da-republica-se-unem-na-defesa-da-constituicao-em-sessao-solene-do-congresso\\\/#primaryimage\",\"url\":\"https:\\\/\\\/cnr.org.br\\\/site\\\/wp-content\\\/uploads\\\/2018\\\/11\\\/2.jpeg\",\"contentUrl\":\"https:\\\/\\\/cnr.org.br\\\/site\\\/wp-content\\\/uploads\\\/2018\\\/11\\\/2.jpeg\",\"width\":860,\"height\":570,\"caption\":\"Anivers\u00e1rio da Constitui\u00e7\u00e3o une representantes do Executivo, do Legislativo e do Judici\u00e1rio, al\u00e9m do presidente eleito Jair Bolsonaro, no Plen\u00e1rio da C\u00e2mara dos Deputados\"},{\"@type\":\"BreadcrumbList\",\"@id\":\"https:\\\/\\\/cnr.org.br\\\/novoportal\\\/maiores-autoridades-da-republica-se-unem-na-defesa-da-constituicao-em-sessao-solene-do-congresso\\\/#breadcrumb\",\"itemListElement\":[{\"@type\":\"ListItem\",\"position\":1,\"name\":\"In\u00edcio\",\"item\":\"https:\\\/\\\/cnr.org.br\\\/site\\\/\"},{\"@type\":\"ListItem\",\"position\":2,\"name\":\"Maiores autoridades da Rep\u00fablica se unem na defesa da Constitui\u00e7\u00e3o em sess\u00e3o solene do Congresso\"}]},{\"@type\":\"WebSite\",\"@id\":\"https:\\\/\\\/cnr.org.br\\\/novoportal\\\/#website\",\"url\":\"https:\\\/\\\/cnr.org.br\\\/novoportal\\\/\",\"name\":\"CNR\",\"description\":\"Confedera\u00e7\u00e3o Nacional de Not\u00e1rios e Registradores\",\"publisher\":{\"@id\":\"https:\\\/\\\/cnr.org.br\\\/novoportal\\\/#organization\"},\"potentialAction\":[{\"@type\":\"SearchAction\",\"target\":{\"@type\":\"EntryPoint\",\"urlTemplate\":\"https:\\\/\\\/cnr.org.br\\\/novoportal\\\/?s={search_term_string}\"},\"query-input\":{\"@type\":\"PropertyValueSpecification\",\"valueRequired\":true,\"valueName\":\"search_term_string\"}}],\"inLanguage\":\"pt-BR\"},{\"@type\":\"Organization\",\"@id\":\"https:\\\/\\\/cnr.org.br\\\/novoportal\\\/#organization\",\"name\":\"CNR\",\"url\":\"https:\\\/\\\/cnr.org.br\\\/novoportal\\\/\",\"logo\":{\"@type\":\"ImageObject\",\"inLanguage\":\"pt-BR\",\"@id\":\"https:\\\/\\\/cnr.org.br\\\/novoportal\\\/#\\\/schema\\\/logo\\\/image\\\/\",\"url\":\"https:\\\/\\\/cnr.org.br\\\/site\\\/wp-content\\\/uploads\\\/2026\\\/02\\\/Logo_CNR_completa_colorida_2024.png\",\"contentUrl\":\"https:\\\/\\\/cnr.org.br\\\/site\\\/wp-content\\\/uploads\\\/2026\\\/02\\\/Logo_CNR_completa_colorida_2024.png\",\"width\":910,\"height\":450,\"caption\":\"CNR\"},\"image\":{\"@id\":\"https:\\\/\\\/cnr.org.br\\\/novoportal\\\/#\\\/schema\\\/logo\\\/image\\\/\"}},{\"@type\":\"Person\",\"@id\":\"https:\\\/\\\/cnr.org.br\\\/novoportal\\\/#\\\/schema\\\/person\\\/1f46209cd8c9d3d9887a0765b64ca66b\",\"name\":\"Imprensa CNR\",\"sameAs\":[\"https:\\\/\\\/cnr.org.br\\\/site\"],\"url\":\"https:\\\/\\\/cnr.org.br\\\/site\\\/author\\\/imprensa\\\/\"}]}<\/script>\n<!-- \/ Yoast SEO plugin. -->","yoast_head_json":{"title":"Maiores autoridades da Rep\u00fablica se unem na defesa da Constitui\u00e7\u00e3o em sess\u00e3o solene do Congresso - CNR","robots":{"index":"index","follow":"follow","max-snippet":"max-snippet:-1","max-image-preview":"max-image-preview:large","max-video-preview":"max-video-preview:-1"},"canonical":"https:\/\/cnr.org.br\/novoportal\/maiores-autoridades-da-republica-se-unem-na-defesa-da-constituicao-em-sessao-solene-do-congresso\/","og_locale":"pt_BR","og_type":"article","og_title":"Maiores autoridades da Rep\u00fablica se unem na defesa da Constitui\u00e7\u00e3o em sess\u00e3o solene do Congresso - CNR","og_description":"Em 5 de outubro de 1988, o presidente da Assembleia Nacional Constituinte, deputado Ulysses Guimar\u00e3es (1916-1992), promulgava a nova Constitui\u00e7\u00e3o brasileira. Trinta anos depois, uma nova sess\u00e3o solene do Congresso marcou a data hist\u00f3rica, com a presen\u00e7a dos chefes dos tr\u00eas poderes, do ex-presidente Jos\u00e9 Sarney e do presidente eleito Jair Bolsonaro. Em mais de [&hellip;]","og_url":"https:\/\/cnr.org.br\/novoportal\/maiores-autoridades-da-republica-se-unem-na-defesa-da-constituicao-em-sessao-solene-do-congresso\/","og_site_name":"CNR","article_published_time":"2018-11-07T17:31:03+00:00","og_image":[{"width":860,"height":570,"url":"https:\/\/cnr.org.br\/novoportal\/wp-content\/uploads\/2018\/11\/2.jpeg","type":"image\/jpeg"}],"author":"Imprensa CNR","twitter_card":"summary_large_image","twitter_misc":{"Escrito por":"Imprensa CNR","Est. tempo de leitura":"4 minutos"},"schema":{"@context":"https:\/\/schema.org","@graph":[{"@type":"Article","@id":"https:\/\/cnr.org.br\/novoportal\/maiores-autoridades-da-republica-se-unem-na-defesa-da-constituicao-em-sessao-solene-do-congresso\/#article","isPartOf":{"@id":"https:\/\/cnr.org.br\/novoportal\/maiores-autoridades-da-republica-se-unem-na-defesa-da-constituicao-em-sessao-solene-do-congresso\/"},"author":{"name":"Imprensa CNR","@id":"https:\/\/cnr.org.br\/novoportal\/#\/schema\/person\/1f46209cd8c9d3d9887a0765b64ca66b"},"headline":"Maiores autoridades da Rep\u00fablica se unem na defesa da Constitui\u00e7\u00e3o em sess\u00e3o solene do Congresso","datePublished":"2018-11-07T17:31:03+00:00","mainEntityOfPage":{"@id":"https:\/\/cnr.org.br\/novoportal\/maiores-autoridades-da-republica-se-unem-na-defesa-da-constituicao-em-sessao-solene-do-congresso\/"},"wordCount":777,"commentCount":0,"publisher":{"@id":"https:\/\/cnr.org.br\/novoportal\/#organization"},"image":{"@id":"https:\/\/cnr.org.br\/novoportal\/maiores-autoridades-da-republica-se-unem-na-defesa-da-constituicao-em-sessao-solene-do-congresso\/#primaryimage"},"thumbnailUrl":"https:\/\/cnr.org.br\/site\/wp-content\/uploads\/2018\/11\/2.jpeg","articleSection":["Constitui\u00e7\u00e3o","\u00daltimas Not\u00edcias"],"inLanguage":"pt-BR"},{"@type":"WebPage","@id":"https:\/\/cnr.org.br\/novoportal\/maiores-autoridades-da-republica-se-unem-na-defesa-da-constituicao-em-sessao-solene-do-congresso\/","url":"https:\/\/cnr.org.br\/novoportal\/maiores-autoridades-da-republica-se-unem-na-defesa-da-constituicao-em-sessao-solene-do-congresso\/","name":"Maiores autoridades da Rep\u00fablica se unem na defesa da Constitui\u00e7\u00e3o em sess\u00e3o solene do Congresso - CNR","isPartOf":{"@id":"https:\/\/cnr.org.br\/novoportal\/#website"},"primaryImageOfPage":{"@id":"https:\/\/cnr.org.br\/novoportal\/maiores-autoridades-da-republica-se-unem-na-defesa-da-constituicao-em-sessao-solene-do-congresso\/#primaryimage"},"image":{"@id":"https:\/\/cnr.org.br\/novoportal\/maiores-autoridades-da-republica-se-unem-na-defesa-da-constituicao-em-sessao-solene-do-congresso\/#primaryimage"},"thumbnailUrl":"https:\/\/cnr.org.br\/site\/wp-content\/uploads\/2018\/11\/2.jpeg","datePublished":"2018-11-07T17:31:03+00:00","breadcrumb":{"@id":"https:\/\/cnr.org.br\/novoportal\/maiores-autoridades-da-republica-se-unem-na-defesa-da-constituicao-em-sessao-solene-do-congresso\/#breadcrumb"},"inLanguage":"pt-BR","potentialAction":[{"@type":"ReadAction","target":["https:\/\/cnr.org.br\/novoportal\/maiores-autoridades-da-republica-se-unem-na-defesa-da-constituicao-em-sessao-solene-do-congresso\/"]}]},{"@type":"ImageObject","inLanguage":"pt-BR","@id":"https:\/\/cnr.org.br\/novoportal\/maiores-autoridades-da-republica-se-unem-na-defesa-da-constituicao-em-sessao-solene-do-congresso\/#primaryimage","url":"https:\/\/cnr.org.br\/site\/wp-content\/uploads\/2018\/11\/2.jpeg","contentUrl":"https:\/\/cnr.org.br\/site\/wp-content\/uploads\/2018\/11\/2.jpeg","width":860,"height":570,"caption":"Anivers\u00e1rio da Constitui\u00e7\u00e3o une representantes do Executivo, do Legislativo e do Judici\u00e1rio, al\u00e9m do presidente eleito Jair Bolsonaro, no Plen\u00e1rio da C\u00e2mara dos Deputados"},{"@type":"BreadcrumbList","@id":"https:\/\/cnr.org.br\/novoportal\/maiores-autoridades-da-republica-se-unem-na-defesa-da-constituicao-em-sessao-solene-do-congresso\/#breadcrumb","itemListElement":[{"@type":"ListItem","position":1,"name":"In\u00edcio","item":"https:\/\/cnr.org.br\/site\/"},{"@type":"ListItem","position":2,"name":"Maiores autoridades da Rep\u00fablica se unem na defesa da Constitui\u00e7\u00e3o em sess\u00e3o solene do Congresso"}]},{"@type":"WebSite","@id":"https:\/\/cnr.org.br\/novoportal\/#website","url":"https:\/\/cnr.org.br\/novoportal\/","name":"CNR","description":"Confedera\u00e7\u00e3o Nacional de Not\u00e1rios e Registradores","publisher":{"@id":"https:\/\/cnr.org.br\/novoportal\/#organization"},"potentialAction":[{"@type":"SearchAction","target":{"@type":"EntryPoint","urlTemplate":"https:\/\/cnr.org.br\/novoportal\/?s={search_term_string}"},"query-input":{"@type":"PropertyValueSpecification","valueRequired":true,"valueName":"search_term_string"}}],"inLanguage":"pt-BR"},{"@type":"Organization","@id":"https:\/\/cnr.org.br\/novoportal\/#organization","name":"CNR","url":"https:\/\/cnr.org.br\/novoportal\/","logo":{"@type":"ImageObject","inLanguage":"pt-BR","@id":"https:\/\/cnr.org.br\/novoportal\/#\/schema\/logo\/image\/","url":"https:\/\/cnr.org.br\/site\/wp-content\/uploads\/2026\/02\/Logo_CNR_completa_colorida_2024.png","contentUrl":"https:\/\/cnr.org.br\/site\/wp-content\/uploads\/2026\/02\/Logo_CNR_completa_colorida_2024.png","width":910,"height":450,"caption":"CNR"},"image":{"@id":"https:\/\/cnr.org.br\/novoportal\/#\/schema\/logo\/image\/"}},{"@type":"Person","@id":"https:\/\/cnr.org.br\/novoportal\/#\/schema\/person\/1f46209cd8c9d3d9887a0765b64ca66b","name":"Imprensa CNR","sameAs":["https:\/\/cnr.org.br\/site"],"url":"https:\/\/cnr.org.br\/site\/author\/imprensa\/"}]}},"_links":{"self":[{"href":"https:\/\/cnr.org.br\/site\/wp-json\/wp\/v2\/posts\/8550","targetHints":{"allow":["GET"]}}],"collection":[{"href":"https:\/\/cnr.org.br\/site\/wp-json\/wp\/v2\/posts"}],"about":[{"href":"https:\/\/cnr.org.br\/site\/wp-json\/wp\/v2\/types\/post"}],"author":[{"embeddable":true,"href":"https:\/\/cnr.org.br\/site\/wp-json\/wp\/v2\/users\/2"}],"replies":[{"embeddable":true,"href":"https:\/\/cnr.org.br\/site\/wp-json\/wp\/v2\/comments?post=8550"}],"version-history":[{"count":0,"href":"https:\/\/cnr.org.br\/site\/wp-json\/wp\/v2\/posts\/8550\/revisions"}],"wp:featuredmedia":[{"embeddable":true,"href":"https:\/\/cnr.org.br\/site\/wp-json\/wp\/v2\/media\/8551"}],"wp:attachment":[{"href":"https:\/\/cnr.org.br\/site\/wp-json\/wp\/v2\/media?parent=8550"}],"wp:term":[{"taxonomy":"category","embeddable":true,"href":"https:\/\/cnr.org.br\/site\/wp-json\/wp\/v2\/categories?post=8550"},{"taxonomy":"post_tag","embeddable":true,"href":"https:\/\/cnr.org.br\/site\/wp-json\/wp\/v2\/tags?post=8550"}],"curies":[{"name":"wp","href":"https:\/\/api.w.org\/{rel}","templated":true}]}}