{"id":8557,"date":"2018-11-07T16:24:32","date_gmt":"2018-11-07T18:24:32","guid":{"rendered":"https:\/\/cnr.org.br\/site\/?p=8557"},"modified":"2018-11-07T16:24:32","modified_gmt":"2018-11-07T18:24:32","slug":"presidente-do-stf-destaca-importancia-da-adocao-de-meios-extrajudiciais-de-solucao-de-conflitos","status":"publish","type":"post","link":"https:\/\/cnr.org.br\/site\/presidente-do-stf-destaca-importancia-da-adocao-de-meios-extrajudiciais-de-solucao-de-conflitos\/","title":{"rendered":"Presidente do STF destaca import\u00e2ncia da ado\u00e7\u00e3o de meios extrajudiciais de solu\u00e7\u00e3o de conflitos"},"content":{"rendered":"<div id=\"dslc-theme-content\"><div id=\"dslc-theme-content-inner\"><p>\t\t\t\tO presidente do Supremo Tribunal Federal (STF), ministro Dias Toffoli, abriu hoje (7), em Bras\u00edlia (DF), o XXI Congresso Internacional de Direito Constitucional, promovido pelo Instituto Brasiliense de Direito P\u00fablico (IDP), que discute os desafios a serem enfrentados\u00a0pela Constitui\u00e7\u00e3o de 1988. Falando para uma plateia composta em sua maioria por estudantes de Direito, o ministro enfatizou a import\u00e2ncia da busca de meios extrajudiciais de solu\u00e7\u00e3o dos conflitos, tais como negocia\u00e7\u00e3o, concilia\u00e7\u00e3o, media\u00e7\u00e3o e arbitragem, a partir de uma mudan\u00e7a cultural.<\/p>\n<p>Toffoli salientou que, a despeito de o Poder Judici\u00e1rio exercer a importante miss\u00e3o de ser o guardi\u00e3o dos direitos assegurados no texto constitucional por meio de mecanismos que limitam os poderes atribu\u00eddos ao Executivo, ao Legislativo e ao pr\u00f3prio Judici\u00e1rio, n\u00e3o se pode transferir ao Poder Judici\u00e1rio todos os conflitos que existem na sociedade. \u201c\u00c9 necess\u00e1rio investir em uma mudan\u00e7a de cultura. A sociedade, atrav\u00e9s das suas organiza\u00e7\u00f5es, das suas lideran\u00e7as, tamb\u00e9m \u00e9 respons\u00e1vel pela solu\u00e7\u00e3o de conflitos. E n\u00e3o s\u00f3 o Estado. E, muito menos, exclusivamente, o Poder Judici\u00e1rio. A sociedade n\u00e3o deve ser estado-dependente\u201d, afirmou.<\/p>\n<p>O presidente do STF afirmou que, no mundo das redes sociais e da comunica\u00e7\u00e3o instant\u00e2nea, o Poder Judici\u00e1rio necessita ser cada vez mais eficiente, transparente e respons\u00e1vel. \u201cN\u00e3o tenho d\u00favidas de que esta gera\u00e7\u00e3o que est\u00e1 se formando hoje nas escolas de Direito far\u00e1 um acompanhamento do Judici\u00e1rio de um jeito que n\u00e3o se tem ideia: por meio de f\u00f3rmulas matem\u00e1ticas, atrav\u00e9s da intelig\u00eancia artificial. A coer\u00eancia do juiz ser\u00e1 fiscalizada por softwares, por programas de computador\u201d, afirmou o ministro.<\/p>\n<p>Dias\u00a0Toffoli saudou a decis\u00e3o do Minist\u00e9rio da Educa\u00e7\u00e3o de homologar, a partir de uma provoca\u00e7\u00e3o conjunta do Conselho Nacional de Justi\u00e7a (CNJ) e do Conselho Federal da Ordem dos Advogados do Brasil (OAB), a inclus\u00e3o, a partir de 2019, da media\u00e7\u00e3o e da concilia\u00e7\u00e3o como disciplinas obrigat\u00f3rias nas grades curriculares dos cursos de Direito de todo o Pa\u00eds. \u201cAs escolas de Direito nos ensinaram a resolver conflitos nas Cortes, nos Tribunais, na Justi\u00e7a. Mas o mundo de hoje demanda que tenhamos uma outra cultura para que os conflitos sejam mediados e conciliados, e o Judici\u00e1rio seja utilizado para resolu\u00e7\u00e3o daquilo que n\u00e3o se conseguiu pacificar no \u00e2mbito da sociedade\u201d, assinalou.<\/p>\n<p><strong>Fonte:<\/strong> STF\t\t<\/p>\n<\/div><\/div>","protected":false},"excerpt":{"rendered":"<p>O presidente do Supremo Tribunal Federal (STF), ministro Dias Toffoli, abriu hoje (7), em Bras\u00edlia (DF), o XXI Congresso Internacional de Direito Constitucional, promovido pelo Instituto Brasiliense de Direito P\u00fablico (IDP), que discute os desafios a serem enfrentados\u00a0pela Constitui\u00e7\u00e3o de 1988. Falando para uma plateia composta em sua maioria por estudantes de Direito, o ministro [&hellip;]<\/p>\n","protected":false},"author":2,"featured_media":8558,"comment_status":"open","ping_status":"open","sticky":false,"template":"","format":"standard","meta":{"footnotes":"","_links_to":"","_links_to_target":""},"categories":[515,47],"tags":[],"class_list":["post-8557","post","type-post","status-publish","format-standard","has-post-thumbnail","hentry","category-solucao-de-conflitos","category-ultimas-noticias"],"yoast_head":"<!-- This site is optimized with the Yoast SEO plugin v28.4 - https:\/\/yoast.com\/product\/yoast-seo-wordpress\/ -->\n<title>Presidente do STF destaca import\u00e2ncia da ado\u00e7\u00e3o de meios extrajudiciais de solu\u00e7\u00e3o de conflitos - CNR<\/title>\n<meta name=\"robots\" content=\"index, follow, max-snippet:-1, max-image-preview:large, max-video-preview:-1\" \/>\n<link rel=\"canonical\" href=\"https:\/\/cnr.org.br\/novoportal\/presidente-do-stf-destaca-importancia-da-adocao-de-meios-extrajudiciais-de-solucao-de-conflitos\/\" \/>\n<meta property=\"og:locale\" content=\"pt_BR\" \/>\n<meta property=\"og:type\" content=\"article\" \/>\n<meta property=\"og:title\" content=\"Presidente do STF destaca import\u00e2ncia da ado\u00e7\u00e3o de meios extrajudiciais de solu\u00e7\u00e3o de conflitos - CNR\" \/>\n<meta property=\"og:description\" content=\"O presidente do Supremo Tribunal Federal (STF), ministro Dias Toffoli, abriu hoje (7), em Bras\u00edlia (DF), o XXI Congresso Internacional de Direito Constitucional, promovido pelo Instituto Brasiliense de Direito P\u00fablico (IDP), que discute os desafios a serem enfrentados\u00a0pela Constitui\u00e7\u00e3o de 1988. Falando para uma plateia composta em sua maioria por estudantes de Direito, o ministro [&hellip;]\" \/>\n<meta property=\"og:url\" content=\"https:\/\/cnr.org.br\/novoportal\/presidente-do-stf-destaca-importancia-da-adocao-de-meios-extrajudiciais-de-solucao-de-conflitos\/\" \/>\n<meta property=\"og:site_name\" content=\"CNR\" \/>\n<meta property=\"article:published_time\" content=\"2018-11-07T18:24:32+00:00\" \/>\n<meta property=\"og:image\" content=\"https:\/\/cnr.org.br\/novoportal\/wp-content\/uploads\/2018\/11\/5.jpg\" \/>\n\t<meta property=\"og:image:width\" content=\"330\" \/>\n\t<meta property=\"og:image:height\" content=\"190\" \/>\n\t<meta property=\"og:image:type\" content=\"image\/jpeg\" \/>\n<meta name=\"author\" content=\"Imprensa CNR\" \/>\n<meta name=\"twitter:card\" content=\"summary_large_image\" \/>\n<meta name=\"twitter:label1\" content=\"Escrito por\" \/>\n\t<meta name=\"twitter:data1\" content=\"Imprensa CNR\" \/>\n\t<meta name=\"twitter:label2\" content=\"Est. tempo de leitura\" \/>\n\t<meta name=\"twitter:data2\" content=\"2 minutos\" \/>\n<script type=\"application\/ld+json\" class=\"yoast-schema-graph\">{\"@context\":\"https:\\\/\\\/schema.org\",\"@graph\":[{\"@type\":\"Article\",\"@id\":\"https:\\\/\\\/cnr.org.br\\\/novoportal\\\/presidente-do-stf-destaca-importancia-da-adocao-de-meios-extrajudiciais-de-solucao-de-conflitos\\\/#article\",\"isPartOf\":{\"@id\":\"https:\\\/\\\/cnr.org.br\\\/novoportal\\\/presidente-do-stf-destaca-importancia-da-adocao-de-meios-extrajudiciais-de-solucao-de-conflitos\\\/\"},\"author\":{\"name\":\"Imprensa CNR\",\"@id\":\"https:\\\/\\\/cnr.org.br\\\/novoportal\\\/#\\\/schema\\\/person\\\/1f46209cd8c9d3d9887a0765b64ca66b\"},\"headline\":\"Presidente do STF destaca import\u00e2ncia da ado\u00e7\u00e3o de meios extrajudiciais de solu\u00e7\u00e3o de conflitos\",\"datePublished\":\"2018-11-07T18:24:32+00:00\",\"mainEntityOfPage\":{\"@id\":\"https:\\\/\\\/cnr.org.br\\\/novoportal\\\/presidente-do-stf-destaca-importancia-da-adocao-de-meios-extrajudiciais-de-solucao-de-conflitos\\\/\"},\"wordCount\":439,\"commentCount\":0,\"publisher\":{\"@id\":\"https:\\\/\\\/cnr.org.br\\\/novoportal\\\/#organization\"},\"image\":{\"@id\":\"https:\\\/\\\/cnr.org.br\\\/novoportal\\\/presidente-do-stf-destaca-importancia-da-adocao-de-meios-extrajudiciais-de-solucao-de-conflitos\\\/#primaryimage\"},\"thumbnailUrl\":\"https:\\\/\\\/cnr.org.br\\\/site\\\/wp-content\\\/uploads\\\/2018\\\/11\\\/5.jpg\",\"articleSection\":[\"Solu\u00e7\u00e3o de Conflitos\",\"\u00daltimas Not\u00edcias\"],\"inLanguage\":\"pt-BR\"},{\"@type\":\"WebPage\",\"@id\":\"https:\\\/\\\/cnr.org.br\\\/novoportal\\\/presidente-do-stf-destaca-importancia-da-adocao-de-meios-extrajudiciais-de-solucao-de-conflitos\\\/\",\"url\":\"https:\\\/\\\/cnr.org.br\\\/novoportal\\\/presidente-do-stf-destaca-importancia-da-adocao-de-meios-extrajudiciais-de-solucao-de-conflitos\\\/\",\"name\":\"Presidente do STF destaca import\u00e2ncia da ado\u00e7\u00e3o de meios extrajudiciais de solu\u00e7\u00e3o de conflitos - CNR\",\"isPartOf\":{\"@id\":\"https:\\\/\\\/cnr.org.br\\\/novoportal\\\/#website\"},\"primaryImageOfPage\":{\"@id\":\"https:\\\/\\\/cnr.org.br\\\/novoportal\\\/presidente-do-stf-destaca-importancia-da-adocao-de-meios-extrajudiciais-de-solucao-de-conflitos\\\/#primaryimage\"},\"image\":{\"@id\":\"https:\\\/\\\/cnr.org.br\\\/novoportal\\\/presidente-do-stf-destaca-importancia-da-adocao-de-meios-extrajudiciais-de-solucao-de-conflitos\\\/#primaryimage\"},\"thumbnailUrl\":\"https:\\\/\\\/cnr.org.br\\\/site\\\/wp-content\\\/uploads\\\/2018\\\/11\\\/5.jpg\",\"datePublished\":\"2018-11-07T18:24:32+00:00\",\"breadcrumb\":{\"@id\":\"https:\\\/\\\/cnr.org.br\\\/novoportal\\\/presidente-do-stf-destaca-importancia-da-adocao-de-meios-extrajudiciais-de-solucao-de-conflitos\\\/#breadcrumb\"},\"inLanguage\":\"pt-BR\",\"potentialAction\":[{\"@type\":\"ReadAction\",\"target\":[\"https:\\\/\\\/cnr.org.br\\\/novoportal\\\/presidente-do-stf-destaca-importancia-da-adocao-de-meios-extrajudiciais-de-solucao-de-conflitos\\\/\"]}]},{\"@type\":\"ImageObject\",\"inLanguage\":\"pt-BR\",\"@id\":\"https:\\\/\\\/cnr.org.br\\\/novoportal\\\/presidente-do-stf-destaca-importancia-da-adocao-de-meios-extrajudiciais-de-solucao-de-conflitos\\\/#primaryimage\",\"url\":\"https:\\\/\\\/cnr.org.br\\\/site\\\/wp-content\\\/uploads\\\/2018\\\/11\\\/5.jpg\",\"contentUrl\":\"https:\\\/\\\/cnr.org.br\\\/site\\\/wp-content\\\/uploads\\\/2018\\\/11\\\/5.jpg\",\"width\":330,\"height\":190,\"caption\":\"Foto: STF\"},{\"@type\":\"BreadcrumbList\",\"@id\":\"https:\\\/\\\/cnr.org.br\\\/novoportal\\\/presidente-do-stf-destaca-importancia-da-adocao-de-meios-extrajudiciais-de-solucao-de-conflitos\\\/#breadcrumb\",\"itemListElement\":[{\"@type\":\"ListItem\",\"position\":1,\"name\":\"In\u00edcio\",\"item\":\"https:\\\/\\\/cnr.org.br\\\/site\\\/\"},{\"@type\":\"ListItem\",\"position\":2,\"name\":\"Presidente do STF destaca import\u00e2ncia da ado\u00e7\u00e3o de meios extrajudiciais de solu\u00e7\u00e3o de conflitos\"}]},{\"@type\":\"WebSite\",\"@id\":\"https:\\\/\\\/cnr.org.br\\\/novoportal\\\/#website\",\"url\":\"https:\\\/\\\/cnr.org.br\\\/novoportal\\\/\",\"name\":\"CNR\",\"description\":\"Confedera\u00e7\u00e3o Nacional de Not\u00e1rios e Registradores\",\"publisher\":{\"@id\":\"https:\\\/\\\/cnr.org.br\\\/novoportal\\\/#organization\"},\"potentialAction\":[{\"@type\":\"SearchAction\",\"target\":{\"@type\":\"EntryPoint\",\"urlTemplate\":\"https:\\\/\\\/cnr.org.br\\\/novoportal\\\/?s={search_term_string}\"},\"query-input\":{\"@type\":\"PropertyValueSpecification\",\"valueRequired\":true,\"valueName\":\"search_term_string\"}}],\"inLanguage\":\"pt-BR\"},{\"@type\":\"Organization\",\"@id\":\"https:\\\/\\\/cnr.org.br\\\/novoportal\\\/#organization\",\"name\":\"CNR\",\"url\":\"https:\\\/\\\/cnr.org.br\\\/novoportal\\\/\",\"logo\":{\"@type\":\"ImageObject\",\"inLanguage\":\"pt-BR\",\"@id\":\"https:\\\/\\\/cnr.org.br\\\/novoportal\\\/#\\\/schema\\\/logo\\\/image\\\/\",\"url\":\"https:\\\/\\\/cnr.org.br\\\/site\\\/wp-content\\\/uploads\\\/2026\\\/02\\\/Logo_CNR_completa_colorida_2024.png\",\"contentUrl\":\"https:\\\/\\\/cnr.org.br\\\/site\\\/wp-content\\\/uploads\\\/2026\\\/02\\\/Logo_CNR_completa_colorida_2024.png\",\"width\":910,\"height\":450,\"caption\":\"CNR\"},\"image\":{\"@id\":\"https:\\\/\\\/cnr.org.br\\\/novoportal\\\/#\\\/schema\\\/logo\\\/image\\\/\"}},{\"@type\":\"Person\",\"@id\":\"https:\\\/\\\/cnr.org.br\\\/novoportal\\\/#\\\/schema\\\/person\\\/1f46209cd8c9d3d9887a0765b64ca66b\",\"name\":\"Imprensa CNR\",\"sameAs\":[\"https:\\\/\\\/cnr.org.br\\\/site\"],\"url\":\"https:\\\/\\\/cnr.org.br\\\/site\\\/author\\\/imprensa\\\/\"}]}<\/script>\n<!-- \/ Yoast SEO plugin. -->","yoast_head_json":{"title":"Presidente do STF destaca import\u00e2ncia da ado\u00e7\u00e3o de meios extrajudiciais de solu\u00e7\u00e3o de conflitos - CNR","robots":{"index":"index","follow":"follow","max-snippet":"max-snippet:-1","max-image-preview":"max-image-preview:large","max-video-preview":"max-video-preview:-1"},"canonical":"https:\/\/cnr.org.br\/novoportal\/presidente-do-stf-destaca-importancia-da-adocao-de-meios-extrajudiciais-de-solucao-de-conflitos\/","og_locale":"pt_BR","og_type":"article","og_title":"Presidente do STF destaca import\u00e2ncia da ado\u00e7\u00e3o de meios extrajudiciais de solu\u00e7\u00e3o de conflitos - CNR","og_description":"O presidente do Supremo Tribunal Federal (STF), ministro Dias Toffoli, abriu hoje (7), em Bras\u00edlia (DF), o XXI Congresso Internacional de Direito Constitucional, promovido pelo Instituto Brasiliense de Direito P\u00fablico (IDP), que discute os desafios a serem enfrentados\u00a0pela Constitui\u00e7\u00e3o de 1988. Falando para uma plateia composta em sua maioria por estudantes de Direito, o ministro [&hellip;]","og_url":"https:\/\/cnr.org.br\/novoportal\/presidente-do-stf-destaca-importancia-da-adocao-de-meios-extrajudiciais-de-solucao-de-conflitos\/","og_site_name":"CNR","article_published_time":"2018-11-07T18:24:32+00:00","og_image":[{"width":330,"height":190,"url":"https:\/\/cnr.org.br\/novoportal\/wp-content\/uploads\/2018\/11\/5.jpg","type":"image\/jpeg"}],"author":"Imprensa CNR","twitter_card":"summary_large_image","twitter_misc":{"Escrito por":"Imprensa CNR","Est. tempo de leitura":"2 minutos"},"schema":{"@context":"https:\/\/schema.org","@graph":[{"@type":"Article","@id":"https:\/\/cnr.org.br\/novoportal\/presidente-do-stf-destaca-importancia-da-adocao-de-meios-extrajudiciais-de-solucao-de-conflitos\/#article","isPartOf":{"@id":"https:\/\/cnr.org.br\/novoportal\/presidente-do-stf-destaca-importancia-da-adocao-de-meios-extrajudiciais-de-solucao-de-conflitos\/"},"author":{"name":"Imprensa CNR","@id":"https:\/\/cnr.org.br\/novoportal\/#\/schema\/person\/1f46209cd8c9d3d9887a0765b64ca66b"},"headline":"Presidente do STF destaca import\u00e2ncia da ado\u00e7\u00e3o de meios extrajudiciais de solu\u00e7\u00e3o de conflitos","datePublished":"2018-11-07T18:24:32+00:00","mainEntityOfPage":{"@id":"https:\/\/cnr.org.br\/novoportal\/presidente-do-stf-destaca-importancia-da-adocao-de-meios-extrajudiciais-de-solucao-de-conflitos\/"},"wordCount":439,"commentCount":0,"publisher":{"@id":"https:\/\/cnr.org.br\/novoportal\/#organization"},"image":{"@id":"https:\/\/cnr.org.br\/novoportal\/presidente-do-stf-destaca-importancia-da-adocao-de-meios-extrajudiciais-de-solucao-de-conflitos\/#primaryimage"},"thumbnailUrl":"https:\/\/cnr.org.br\/site\/wp-content\/uploads\/2018\/11\/5.jpg","articleSection":["Solu\u00e7\u00e3o de Conflitos","\u00daltimas Not\u00edcias"],"inLanguage":"pt-BR"},{"@type":"WebPage","@id":"https:\/\/cnr.org.br\/novoportal\/presidente-do-stf-destaca-importancia-da-adocao-de-meios-extrajudiciais-de-solucao-de-conflitos\/","url":"https:\/\/cnr.org.br\/novoportal\/presidente-do-stf-destaca-importancia-da-adocao-de-meios-extrajudiciais-de-solucao-de-conflitos\/","name":"Presidente do STF destaca import\u00e2ncia da ado\u00e7\u00e3o de meios extrajudiciais de solu\u00e7\u00e3o de conflitos - CNR","isPartOf":{"@id":"https:\/\/cnr.org.br\/novoportal\/#website"},"primaryImageOfPage":{"@id":"https:\/\/cnr.org.br\/novoportal\/presidente-do-stf-destaca-importancia-da-adocao-de-meios-extrajudiciais-de-solucao-de-conflitos\/#primaryimage"},"image":{"@id":"https:\/\/cnr.org.br\/novoportal\/presidente-do-stf-destaca-importancia-da-adocao-de-meios-extrajudiciais-de-solucao-de-conflitos\/#primaryimage"},"thumbnailUrl":"https:\/\/cnr.org.br\/site\/wp-content\/uploads\/2018\/11\/5.jpg","datePublished":"2018-11-07T18:24:32+00:00","breadcrumb":{"@id":"https:\/\/cnr.org.br\/novoportal\/presidente-do-stf-destaca-importancia-da-adocao-de-meios-extrajudiciais-de-solucao-de-conflitos\/#breadcrumb"},"inLanguage":"pt-BR","potentialAction":[{"@type":"ReadAction","target":["https:\/\/cnr.org.br\/novoportal\/presidente-do-stf-destaca-importancia-da-adocao-de-meios-extrajudiciais-de-solucao-de-conflitos\/"]}]},{"@type":"ImageObject","inLanguage":"pt-BR","@id":"https:\/\/cnr.org.br\/novoportal\/presidente-do-stf-destaca-importancia-da-adocao-de-meios-extrajudiciais-de-solucao-de-conflitos\/#primaryimage","url":"https:\/\/cnr.org.br\/site\/wp-content\/uploads\/2018\/11\/5.jpg","contentUrl":"https:\/\/cnr.org.br\/site\/wp-content\/uploads\/2018\/11\/5.jpg","width":330,"height":190,"caption":"Foto: STF"},{"@type":"BreadcrumbList","@id":"https:\/\/cnr.org.br\/novoportal\/presidente-do-stf-destaca-importancia-da-adocao-de-meios-extrajudiciais-de-solucao-de-conflitos\/#breadcrumb","itemListElement":[{"@type":"ListItem","position":1,"name":"In\u00edcio","item":"https:\/\/cnr.org.br\/site\/"},{"@type":"ListItem","position":2,"name":"Presidente do STF destaca import\u00e2ncia da ado\u00e7\u00e3o de meios extrajudiciais de solu\u00e7\u00e3o de conflitos"}]},{"@type":"WebSite","@id":"https:\/\/cnr.org.br\/novoportal\/#website","url":"https:\/\/cnr.org.br\/novoportal\/","name":"CNR","description":"Confedera\u00e7\u00e3o Nacional de Not\u00e1rios e Registradores","publisher":{"@id":"https:\/\/cnr.org.br\/novoportal\/#organization"},"potentialAction":[{"@type":"SearchAction","target":{"@type":"EntryPoint","urlTemplate":"https:\/\/cnr.org.br\/novoportal\/?s={search_term_string}"},"query-input":{"@type":"PropertyValueSpecification","valueRequired":true,"valueName":"search_term_string"}}],"inLanguage":"pt-BR"},{"@type":"Organization","@id":"https:\/\/cnr.org.br\/novoportal\/#organization","name":"CNR","url":"https:\/\/cnr.org.br\/novoportal\/","logo":{"@type":"ImageObject","inLanguage":"pt-BR","@id":"https:\/\/cnr.org.br\/novoportal\/#\/schema\/logo\/image\/","url":"https:\/\/cnr.org.br\/site\/wp-content\/uploads\/2026\/02\/Logo_CNR_completa_colorida_2024.png","contentUrl":"https:\/\/cnr.org.br\/site\/wp-content\/uploads\/2026\/02\/Logo_CNR_completa_colorida_2024.png","width":910,"height":450,"caption":"CNR"},"image":{"@id":"https:\/\/cnr.org.br\/novoportal\/#\/schema\/logo\/image\/"}},{"@type":"Person","@id":"https:\/\/cnr.org.br\/novoportal\/#\/schema\/person\/1f46209cd8c9d3d9887a0765b64ca66b","name":"Imprensa CNR","sameAs":["https:\/\/cnr.org.br\/site"],"url":"https:\/\/cnr.org.br\/site\/author\/imprensa\/"}]}},"_links":{"self":[{"href":"https:\/\/cnr.org.br\/site\/wp-json\/wp\/v2\/posts\/8557","targetHints":{"allow":["GET"]}}],"collection":[{"href":"https:\/\/cnr.org.br\/site\/wp-json\/wp\/v2\/posts"}],"about":[{"href":"https:\/\/cnr.org.br\/site\/wp-json\/wp\/v2\/types\/post"}],"author":[{"embeddable":true,"href":"https:\/\/cnr.org.br\/site\/wp-json\/wp\/v2\/users\/2"}],"replies":[{"embeddable":true,"href":"https:\/\/cnr.org.br\/site\/wp-json\/wp\/v2\/comments?post=8557"}],"version-history":[{"count":0,"href":"https:\/\/cnr.org.br\/site\/wp-json\/wp\/v2\/posts\/8557\/revisions"}],"wp:featuredmedia":[{"embeddable":true,"href":"https:\/\/cnr.org.br\/site\/wp-json\/wp\/v2\/media\/8558"}],"wp:attachment":[{"href":"https:\/\/cnr.org.br\/site\/wp-json\/wp\/v2\/media?parent=8557"}],"wp:term":[{"taxonomy":"category","embeddable":true,"href":"https:\/\/cnr.org.br\/site\/wp-json\/wp\/v2\/categories?post=8557"},{"taxonomy":"post_tag","embeddable":true,"href":"https:\/\/cnr.org.br\/site\/wp-json\/wp\/v2\/tags?post=8557"}],"curies":[{"name":"wp","href":"https:\/\/api.w.org\/{rel}","templated":true}]}}