{"id":8589,"date":"2018-11-09T12:10:30","date_gmt":"2018-11-09T14:10:30","guid":{"rendered":"https:\/\/cnr.org.br\/site\/?p=8589"},"modified":"2018-11-09T12:10:30","modified_gmt":"2018-11-09T14:10:30","slug":"servidores-fazem-manifestacao-em-defesa-da-permanencia-do-ministerio-do-trabalho","status":"publish","type":"post","link":"https:\/\/cnr.org.br\/site\/servidores-fazem-manifestacao-em-defesa-da-permanencia-do-ministerio-do-trabalho\/","title":{"rendered":"Servidores fazem manifesta\u00e7\u00e3o em defesa da perman\u00eancia do Minist\u00e9rio do Trabalho"},"content":{"rendered":"<div id=\"dslc-theme-content\"><div id=\"dslc-theme-content-inner\"><div class=\"subtitle\">\n<p><em>Mais de 600 funcion\u00e1rios abra\u00e7aram o edif\u00edcio-sede da institui\u00e7\u00e3o, em Bras\u00edlia, e falaram sobre a import\u00e2ncia da Pasta para a prote\u00e7\u00e3o dos direitos dos trabalhadores<\/em><\/p>\n<div id=\"attachment_8590\" style=\"width: 304px\" class=\"wp-caption aligncenter\"><img loading=\"lazy\" decoding=\"async\" aria-describedby=\"caption-attachment-8590\" class=\"wp-image-8590 size-full\" src=\"https:\/\/cnr.org.br\/site\/wp-content\/uploads\/2018\/11\/1.jpeg\" alt=\"\" width=\"294\" height=\"171\" \/><p id=\"caption-attachment-8590\" class=\"wp-caption-text\">Foto: Wikimedia Comons<\/p><\/div>\n<\/div>\n<p>Servidores do Minist\u00e9rio do Trabalho realizaram nesta quinta-feira (8), em Bras\u00edlia, uma manifesta\u00e7\u00e3o em defesa da perman\u00eancia do Pasta. Mais de 600 pessoas, segundo a administra\u00e7\u00e3o do edif\u00edcio-sede do Minist\u00e9rio, abra\u00e7aram o pr\u00e9dio, numa demonstra\u00e7\u00e3o de rep\u00fadio \u00e0 extin\u00e7\u00e3o do \u00f3rg\u00e3o, anunciada pela equipe de transi\u00e7\u00e3o do novo governo. \u00a0A iniciativa dos servidores teve o objetivo de reiterar a import\u00e2ncia do Minist\u00e9rio do Trabalho para a sociedade brasileira.<\/p>\n<p>\u201cO Minist\u00e9rio do Trabalho \u00e9 a casa da fiscaliza\u00e7\u00e3o do trabalho, instrumento pelo qual se combate o trabalho infantil e se garante a sa\u00fade e a seguran\u00e7a do trabalhador. O \u00f3rg\u00e3o \u00e9 essencial para equilibrar essa balan\u00e7a, que \u00e9 desequilibrada por natureza. O Minist\u00e9rio do Trabalho \u00e9 fundamental para garantir os direitos dos trabalhadores\u201d, enfatizou o auditor-fiscal do trabalho Ant\u00f4nio Alves Mendon\u00e7a J\u00fanior, servidor da Casa h\u00e1 oito anos.<\/p>\n<p>Segundo a servidora Maria Aparecida Fernandes Ara\u00fajo, o ato organizado entre os pr\u00f3prios funcion\u00e1rios expressou a import\u00e2ncia do trabalho realizado pela Pasta o longo de mais de oito d\u00e9cadas em favor dos trabalhadores brasileiros. \u201cFazemos pol\u00edtica p\u00fablica para proteger e garantir os direitos dos trabalhadores do pa\u00eds, uma atua\u00e7\u00e3o reconhecida, por exemplo, pela Organiza\u00e7\u00e3o Internacional do Trabalho. O Minist\u00e9rio n\u00e3o tem que ser extinto, mas, sim, crescer com o pa\u00eds\u201d, argumentou a servidora, que tem 24 anos de trabalho no \u00f3rg\u00e3o.<\/p>\n<p>Funcion\u00e1ria do Minist\u00e9rio h\u00e1 40 anos, Maria das Gra\u00e7as de Sousa afirma: \u201cEm todas as v\u00e1rias \u00e1reas nas quais j\u00e1 trabalhei aqui Minist\u00e9rio desde 1978 testemunhei a grande import\u00e2ncia do Minist\u00e9rio para o desenvolvimento econ\u00f4mico e social do pa\u00eds\u201d, ressaltou.<strong>\u00a0<\/strong><\/p>\n<p><strong>Fonte:\u00a0<\/strong>Minist\u00e9rio do Trabalho\t\t<\/p>\n<\/div><\/div>","protected":false},"excerpt":{"rendered":"<p>Mais de 600 funcion\u00e1rios abra\u00e7aram o edif\u00edcio-sede da institui\u00e7\u00e3o, em Bras\u00edlia, e falaram sobre a import\u00e2ncia da Pasta para a prote\u00e7\u00e3o dos direitos dos trabalhadores Servidores do Minist\u00e9rio do Trabalho realizaram nesta quinta-feira (8), em Bras\u00edlia, uma manifesta\u00e7\u00e3o em defesa da perman\u00eancia do Pasta. Mais de 600 pessoas, segundo a administra\u00e7\u00e3o do edif\u00edcio-sede do Minist\u00e9rio, [&hellip;]<\/p>\n","protected":false},"author":2,"featured_media":8590,"comment_status":"open","ping_status":"open","sticky":false,"template":"","format":"standard","meta":{"footnotes":"","_links_to":"","_links_to_target":""},"categories":[507,47],"tags":[],"class_list":["post-8589","post","type-post","status-publish","format-standard","has-post-thumbnail","hentry","category-trabalho-e-previdencia","category-ultimas-noticias"],"yoast_head":"<!-- This site is optimized with the Yoast SEO plugin v28.4 - https:\/\/yoast.com\/product\/yoast-seo-wordpress\/ -->\n<title>Servidores fazem manifesta\u00e7\u00e3o em defesa da perman\u00eancia do Minist\u00e9rio do Trabalho - CNR<\/title>\n<meta name=\"robots\" content=\"index, follow, max-snippet:-1, max-image-preview:large, max-video-preview:-1\" \/>\n<link rel=\"canonical\" href=\"https:\/\/cnr.org.br\/novoportal\/servidores-fazem-manifestacao-em-defesa-da-permanencia-do-ministerio-do-trabalho\/\" \/>\n<meta property=\"og:locale\" content=\"pt_BR\" \/>\n<meta property=\"og:type\" content=\"article\" \/>\n<meta property=\"og:title\" content=\"Servidores fazem manifesta\u00e7\u00e3o em defesa da perman\u00eancia do Minist\u00e9rio do Trabalho - CNR\" \/>\n<meta property=\"og:description\" content=\"Mais de 600 funcion\u00e1rios abra\u00e7aram o edif\u00edcio-sede da institui\u00e7\u00e3o, em Bras\u00edlia, e falaram sobre a import\u00e2ncia da Pasta para a prote\u00e7\u00e3o dos direitos dos trabalhadores Servidores do Minist\u00e9rio do Trabalho realizaram nesta quinta-feira (8), em Bras\u00edlia, uma manifesta\u00e7\u00e3o em defesa da perman\u00eancia do Pasta. Mais de 600 pessoas, segundo a administra\u00e7\u00e3o do edif\u00edcio-sede do Minist\u00e9rio, [&hellip;]\" \/>\n<meta property=\"og:url\" content=\"https:\/\/cnr.org.br\/novoportal\/servidores-fazem-manifestacao-em-defesa-da-permanencia-do-ministerio-do-trabalho\/\" \/>\n<meta property=\"og:site_name\" content=\"CNR\" \/>\n<meta property=\"article:published_time\" content=\"2018-11-09T14:10:30+00:00\" \/>\n<meta property=\"og:image\" content=\"https:\/\/cnr.org.br\/novoportal\/wp-content\/uploads\/2018\/11\/1.jpeg\" \/>\n\t<meta property=\"og:image:width\" content=\"294\" \/>\n\t<meta property=\"og:image:height\" content=\"171\" \/>\n\t<meta property=\"og:image:type\" content=\"image\/jpeg\" \/>\n<meta name=\"author\" content=\"Imprensa CNR\" \/>\n<meta name=\"twitter:card\" content=\"summary_large_image\" \/>\n<meta name=\"twitter:label1\" content=\"Escrito por\" \/>\n\t<meta name=\"twitter:data1\" content=\"Imprensa CNR\" \/>\n\t<meta name=\"twitter:label2\" content=\"Est. tempo de leitura\" \/>\n\t<meta name=\"twitter:data2\" content=\"2 minutos\" \/>\n<script type=\"application\/ld+json\" class=\"yoast-schema-graph\">{\"@context\":\"https:\\\/\\\/schema.org\",\"@graph\":[{\"@type\":\"Article\",\"@id\":\"https:\\\/\\\/cnr.org.br\\\/novoportal\\\/servidores-fazem-manifestacao-em-defesa-da-permanencia-do-ministerio-do-trabalho\\\/#article\",\"isPartOf\":{\"@id\":\"https:\\\/\\\/cnr.org.br\\\/novoportal\\\/servidores-fazem-manifestacao-em-defesa-da-permanencia-do-ministerio-do-trabalho\\\/\"},\"author\":{\"name\":\"Imprensa CNR\",\"@id\":\"https:\\\/\\\/cnr.org.br\\\/novoportal\\\/#\\\/schema\\\/person\\\/1f46209cd8c9d3d9887a0765b64ca66b\"},\"headline\":\"Servidores fazem manifesta\u00e7\u00e3o em defesa da perman\u00eancia do Minist\u00e9rio do Trabalho\",\"datePublished\":\"2018-11-09T14:10:30+00:00\",\"mainEntityOfPage\":{\"@id\":\"https:\\\/\\\/cnr.org.br\\\/novoportal\\\/servidores-fazem-manifestacao-em-defesa-da-permanencia-do-ministerio-do-trabalho\\\/\"},\"wordCount\":357,\"commentCount\":0,\"publisher\":{\"@id\":\"https:\\\/\\\/cnr.org.br\\\/novoportal\\\/#organization\"},\"image\":{\"@id\":\"https:\\\/\\\/cnr.org.br\\\/novoportal\\\/servidores-fazem-manifestacao-em-defesa-da-permanencia-do-ministerio-do-trabalho\\\/#primaryimage\"},\"thumbnailUrl\":\"https:\\\/\\\/cnr.org.br\\\/site\\\/wp-content\\\/uploads\\\/2018\\\/11\\\/1.jpeg\",\"articleSection\":[\"Trabalho e previd\u00eancia\",\"\u00daltimas Not\u00edcias\"],\"inLanguage\":\"pt-BR\"},{\"@type\":\"WebPage\",\"@id\":\"https:\\\/\\\/cnr.org.br\\\/novoportal\\\/servidores-fazem-manifestacao-em-defesa-da-permanencia-do-ministerio-do-trabalho\\\/\",\"url\":\"https:\\\/\\\/cnr.org.br\\\/novoportal\\\/servidores-fazem-manifestacao-em-defesa-da-permanencia-do-ministerio-do-trabalho\\\/\",\"name\":\"Servidores fazem manifesta\u00e7\u00e3o em defesa da perman\u00eancia do Minist\u00e9rio do Trabalho - CNR\",\"isPartOf\":{\"@id\":\"https:\\\/\\\/cnr.org.br\\\/novoportal\\\/#website\"},\"primaryImageOfPage\":{\"@id\":\"https:\\\/\\\/cnr.org.br\\\/novoportal\\\/servidores-fazem-manifestacao-em-defesa-da-permanencia-do-ministerio-do-trabalho\\\/#primaryimage\"},\"image\":{\"@id\":\"https:\\\/\\\/cnr.org.br\\\/novoportal\\\/servidores-fazem-manifestacao-em-defesa-da-permanencia-do-ministerio-do-trabalho\\\/#primaryimage\"},\"thumbnailUrl\":\"https:\\\/\\\/cnr.org.br\\\/site\\\/wp-content\\\/uploads\\\/2018\\\/11\\\/1.jpeg\",\"datePublished\":\"2018-11-09T14:10:30+00:00\",\"breadcrumb\":{\"@id\":\"https:\\\/\\\/cnr.org.br\\\/novoportal\\\/servidores-fazem-manifestacao-em-defesa-da-permanencia-do-ministerio-do-trabalho\\\/#breadcrumb\"},\"inLanguage\":\"pt-BR\",\"potentialAction\":[{\"@type\":\"ReadAction\",\"target\":[\"https:\\\/\\\/cnr.org.br\\\/novoportal\\\/servidores-fazem-manifestacao-em-defesa-da-permanencia-do-ministerio-do-trabalho\\\/\"]}]},{\"@type\":\"ImageObject\",\"inLanguage\":\"pt-BR\",\"@id\":\"https:\\\/\\\/cnr.org.br\\\/novoportal\\\/servidores-fazem-manifestacao-em-defesa-da-permanencia-do-ministerio-do-trabalho\\\/#primaryimage\",\"url\":\"https:\\\/\\\/cnr.org.br\\\/site\\\/wp-content\\\/uploads\\\/2018\\\/11\\\/1.jpeg\",\"contentUrl\":\"https:\\\/\\\/cnr.org.br\\\/site\\\/wp-content\\\/uploads\\\/2018\\\/11\\\/1.jpeg\",\"width\":294,\"height\":171},{\"@type\":\"BreadcrumbList\",\"@id\":\"https:\\\/\\\/cnr.org.br\\\/novoportal\\\/servidores-fazem-manifestacao-em-defesa-da-permanencia-do-ministerio-do-trabalho\\\/#breadcrumb\",\"itemListElement\":[{\"@type\":\"ListItem\",\"position\":1,\"name\":\"In\u00edcio\",\"item\":\"https:\\\/\\\/cnr.org.br\\\/site\\\/\"},{\"@type\":\"ListItem\",\"position\":2,\"name\":\"Servidores fazem manifesta\u00e7\u00e3o em defesa da perman\u00eancia do Minist\u00e9rio do Trabalho\"}]},{\"@type\":\"WebSite\",\"@id\":\"https:\\\/\\\/cnr.org.br\\\/novoportal\\\/#website\",\"url\":\"https:\\\/\\\/cnr.org.br\\\/novoportal\\\/\",\"name\":\"CNR\",\"description\":\"Confedera\u00e7\u00e3o Nacional de Not\u00e1rios e Registradores\",\"publisher\":{\"@id\":\"https:\\\/\\\/cnr.org.br\\\/novoportal\\\/#organization\"},\"potentialAction\":[{\"@type\":\"SearchAction\",\"target\":{\"@type\":\"EntryPoint\",\"urlTemplate\":\"https:\\\/\\\/cnr.org.br\\\/novoportal\\\/?s={search_term_string}\"},\"query-input\":{\"@type\":\"PropertyValueSpecification\",\"valueRequired\":true,\"valueName\":\"search_term_string\"}}],\"inLanguage\":\"pt-BR\"},{\"@type\":\"Organization\",\"@id\":\"https:\\\/\\\/cnr.org.br\\\/novoportal\\\/#organization\",\"name\":\"CNR\",\"url\":\"https:\\\/\\\/cnr.org.br\\\/novoportal\\\/\",\"logo\":{\"@type\":\"ImageObject\",\"inLanguage\":\"pt-BR\",\"@id\":\"https:\\\/\\\/cnr.org.br\\\/novoportal\\\/#\\\/schema\\\/logo\\\/image\\\/\",\"url\":\"https:\\\/\\\/cnr.org.br\\\/site\\\/wp-content\\\/uploads\\\/2026\\\/02\\\/Logo_CNR_completa_colorida_2024.png\",\"contentUrl\":\"https:\\\/\\\/cnr.org.br\\\/site\\\/wp-content\\\/uploads\\\/2026\\\/02\\\/Logo_CNR_completa_colorida_2024.png\",\"width\":910,\"height\":450,\"caption\":\"CNR\"},\"image\":{\"@id\":\"https:\\\/\\\/cnr.org.br\\\/novoportal\\\/#\\\/schema\\\/logo\\\/image\\\/\"}},{\"@type\":\"Person\",\"@id\":\"https:\\\/\\\/cnr.org.br\\\/novoportal\\\/#\\\/schema\\\/person\\\/1f46209cd8c9d3d9887a0765b64ca66b\",\"name\":\"Imprensa CNR\",\"sameAs\":[\"https:\\\/\\\/cnr.org.br\\\/site\"],\"url\":\"https:\\\/\\\/cnr.org.br\\\/site\\\/author\\\/imprensa\\\/\"}]}<\/script>\n<!-- \/ Yoast SEO plugin. -->","yoast_head_json":{"title":"Servidores fazem manifesta\u00e7\u00e3o em defesa da perman\u00eancia do Minist\u00e9rio do Trabalho - CNR","robots":{"index":"index","follow":"follow","max-snippet":"max-snippet:-1","max-image-preview":"max-image-preview:large","max-video-preview":"max-video-preview:-1"},"canonical":"https:\/\/cnr.org.br\/novoportal\/servidores-fazem-manifestacao-em-defesa-da-permanencia-do-ministerio-do-trabalho\/","og_locale":"pt_BR","og_type":"article","og_title":"Servidores fazem manifesta\u00e7\u00e3o em defesa da perman\u00eancia do Minist\u00e9rio do Trabalho - CNR","og_description":"Mais de 600 funcion\u00e1rios abra\u00e7aram o edif\u00edcio-sede da institui\u00e7\u00e3o, em Bras\u00edlia, e falaram sobre a import\u00e2ncia da Pasta para a prote\u00e7\u00e3o dos direitos dos trabalhadores Servidores do Minist\u00e9rio do Trabalho realizaram nesta quinta-feira (8), em Bras\u00edlia, uma manifesta\u00e7\u00e3o em defesa da perman\u00eancia do Pasta. Mais de 600 pessoas, segundo a administra\u00e7\u00e3o do edif\u00edcio-sede do Minist\u00e9rio, [&hellip;]","og_url":"https:\/\/cnr.org.br\/novoportal\/servidores-fazem-manifestacao-em-defesa-da-permanencia-do-ministerio-do-trabalho\/","og_site_name":"CNR","article_published_time":"2018-11-09T14:10:30+00:00","og_image":[{"width":294,"height":171,"url":"https:\/\/cnr.org.br\/novoportal\/wp-content\/uploads\/2018\/11\/1.jpeg","type":"image\/jpeg"}],"author":"Imprensa CNR","twitter_card":"summary_large_image","twitter_misc":{"Escrito por":"Imprensa CNR","Est. tempo de leitura":"2 minutos"},"schema":{"@context":"https:\/\/schema.org","@graph":[{"@type":"Article","@id":"https:\/\/cnr.org.br\/novoportal\/servidores-fazem-manifestacao-em-defesa-da-permanencia-do-ministerio-do-trabalho\/#article","isPartOf":{"@id":"https:\/\/cnr.org.br\/novoportal\/servidores-fazem-manifestacao-em-defesa-da-permanencia-do-ministerio-do-trabalho\/"},"author":{"name":"Imprensa CNR","@id":"https:\/\/cnr.org.br\/novoportal\/#\/schema\/person\/1f46209cd8c9d3d9887a0765b64ca66b"},"headline":"Servidores fazem manifesta\u00e7\u00e3o em defesa da perman\u00eancia do Minist\u00e9rio do Trabalho","datePublished":"2018-11-09T14:10:30+00:00","mainEntityOfPage":{"@id":"https:\/\/cnr.org.br\/novoportal\/servidores-fazem-manifestacao-em-defesa-da-permanencia-do-ministerio-do-trabalho\/"},"wordCount":357,"commentCount":0,"publisher":{"@id":"https:\/\/cnr.org.br\/novoportal\/#organization"},"image":{"@id":"https:\/\/cnr.org.br\/novoportal\/servidores-fazem-manifestacao-em-defesa-da-permanencia-do-ministerio-do-trabalho\/#primaryimage"},"thumbnailUrl":"https:\/\/cnr.org.br\/site\/wp-content\/uploads\/2018\/11\/1.jpeg","articleSection":["Trabalho e previd\u00eancia","\u00daltimas Not\u00edcias"],"inLanguage":"pt-BR"},{"@type":"WebPage","@id":"https:\/\/cnr.org.br\/novoportal\/servidores-fazem-manifestacao-em-defesa-da-permanencia-do-ministerio-do-trabalho\/","url":"https:\/\/cnr.org.br\/novoportal\/servidores-fazem-manifestacao-em-defesa-da-permanencia-do-ministerio-do-trabalho\/","name":"Servidores fazem manifesta\u00e7\u00e3o em defesa da perman\u00eancia do Minist\u00e9rio do Trabalho - CNR","isPartOf":{"@id":"https:\/\/cnr.org.br\/novoportal\/#website"},"primaryImageOfPage":{"@id":"https:\/\/cnr.org.br\/novoportal\/servidores-fazem-manifestacao-em-defesa-da-permanencia-do-ministerio-do-trabalho\/#primaryimage"},"image":{"@id":"https:\/\/cnr.org.br\/novoportal\/servidores-fazem-manifestacao-em-defesa-da-permanencia-do-ministerio-do-trabalho\/#primaryimage"},"thumbnailUrl":"https:\/\/cnr.org.br\/site\/wp-content\/uploads\/2018\/11\/1.jpeg","datePublished":"2018-11-09T14:10:30+00:00","breadcrumb":{"@id":"https:\/\/cnr.org.br\/novoportal\/servidores-fazem-manifestacao-em-defesa-da-permanencia-do-ministerio-do-trabalho\/#breadcrumb"},"inLanguage":"pt-BR","potentialAction":[{"@type":"ReadAction","target":["https:\/\/cnr.org.br\/novoportal\/servidores-fazem-manifestacao-em-defesa-da-permanencia-do-ministerio-do-trabalho\/"]}]},{"@type":"ImageObject","inLanguage":"pt-BR","@id":"https:\/\/cnr.org.br\/novoportal\/servidores-fazem-manifestacao-em-defesa-da-permanencia-do-ministerio-do-trabalho\/#primaryimage","url":"https:\/\/cnr.org.br\/site\/wp-content\/uploads\/2018\/11\/1.jpeg","contentUrl":"https:\/\/cnr.org.br\/site\/wp-content\/uploads\/2018\/11\/1.jpeg","width":294,"height":171},{"@type":"BreadcrumbList","@id":"https:\/\/cnr.org.br\/novoportal\/servidores-fazem-manifestacao-em-defesa-da-permanencia-do-ministerio-do-trabalho\/#breadcrumb","itemListElement":[{"@type":"ListItem","position":1,"name":"In\u00edcio","item":"https:\/\/cnr.org.br\/site\/"},{"@type":"ListItem","position":2,"name":"Servidores fazem manifesta\u00e7\u00e3o em defesa da perman\u00eancia do Minist\u00e9rio do Trabalho"}]},{"@type":"WebSite","@id":"https:\/\/cnr.org.br\/novoportal\/#website","url":"https:\/\/cnr.org.br\/novoportal\/","name":"CNR","description":"Confedera\u00e7\u00e3o Nacional de Not\u00e1rios e Registradores","publisher":{"@id":"https:\/\/cnr.org.br\/novoportal\/#organization"},"potentialAction":[{"@type":"SearchAction","target":{"@type":"EntryPoint","urlTemplate":"https:\/\/cnr.org.br\/novoportal\/?s={search_term_string}"},"query-input":{"@type":"PropertyValueSpecification","valueRequired":true,"valueName":"search_term_string"}}],"inLanguage":"pt-BR"},{"@type":"Organization","@id":"https:\/\/cnr.org.br\/novoportal\/#organization","name":"CNR","url":"https:\/\/cnr.org.br\/novoportal\/","logo":{"@type":"ImageObject","inLanguage":"pt-BR","@id":"https:\/\/cnr.org.br\/novoportal\/#\/schema\/logo\/image\/","url":"https:\/\/cnr.org.br\/site\/wp-content\/uploads\/2026\/02\/Logo_CNR_completa_colorida_2024.png","contentUrl":"https:\/\/cnr.org.br\/site\/wp-content\/uploads\/2026\/02\/Logo_CNR_completa_colorida_2024.png","width":910,"height":450,"caption":"CNR"},"image":{"@id":"https:\/\/cnr.org.br\/novoportal\/#\/schema\/logo\/image\/"}},{"@type":"Person","@id":"https:\/\/cnr.org.br\/novoportal\/#\/schema\/person\/1f46209cd8c9d3d9887a0765b64ca66b","name":"Imprensa CNR","sameAs":["https:\/\/cnr.org.br\/site"],"url":"https:\/\/cnr.org.br\/site\/author\/imprensa\/"}]}},"_links":{"self":[{"href":"https:\/\/cnr.org.br\/site\/wp-json\/wp\/v2\/posts\/8589","targetHints":{"allow":["GET"]}}],"collection":[{"href":"https:\/\/cnr.org.br\/site\/wp-json\/wp\/v2\/posts"}],"about":[{"href":"https:\/\/cnr.org.br\/site\/wp-json\/wp\/v2\/types\/post"}],"author":[{"embeddable":true,"href":"https:\/\/cnr.org.br\/site\/wp-json\/wp\/v2\/users\/2"}],"replies":[{"embeddable":true,"href":"https:\/\/cnr.org.br\/site\/wp-json\/wp\/v2\/comments?post=8589"}],"version-history":[{"count":0,"href":"https:\/\/cnr.org.br\/site\/wp-json\/wp\/v2\/posts\/8589\/revisions"}],"wp:featuredmedia":[{"embeddable":true,"href":"https:\/\/cnr.org.br\/site\/wp-json\/wp\/v2\/media\/8590"}],"wp:attachment":[{"href":"https:\/\/cnr.org.br\/site\/wp-json\/wp\/v2\/media?parent=8589"}],"wp:term":[{"taxonomy":"category","embeddable":true,"href":"https:\/\/cnr.org.br\/site\/wp-json\/wp\/v2\/categories?post=8589"},{"taxonomy":"post_tag","embeddable":true,"href":"https:\/\/cnr.org.br\/site\/wp-json\/wp\/v2\/tags?post=8589"}],"curies":[{"name":"wp","href":"https:\/\/api.w.org\/{rel}","templated":true}]}}