{"id":85927,"date":"2023-07-12T10:01:26","date_gmt":"2023-07-12T13:01:26","guid":{"rendered":"https:\/\/cnr.org.br\/site\/?p=85927"},"modified":"2023-07-12T10:01:48","modified_gmt":"2023-07-12T13:01:48","slug":"artigo-negociacao-coletiva-e-as-transformacoes-no-mundo-do-trabalho-por-clemente-ganz-lucio","status":"publish","type":"post","link":"https:\/\/cnr.org.br\/site\/artigo-negociacao-coletiva-e-as-transformacoes-no-mundo-do-trabalho-por-clemente-ganz-lucio\/","title":{"rendered":"Artigo: Negocia\u00e7\u00e3o coletiva e as transforma\u00e7\u00f5es no mundo do trabalho - Por Clemente Ganz L\u00facio*"},"content":{"rendered":"<div id=\"dslc-theme-content\"><div id=\"dslc-theme-content-inner\">\n<p><strong><em>O mundo do trabalho est\u00e1 mergulhado em oceano de transforma\u00e7\u00f5es tecnol\u00f3gicas, muita disruptivas. Na extens\u00e3o, as mudan\u00e7as abrangem todos os setores produtivos, todas as atividades econ\u00f4micas e impactam todos os postos de trabalho e profiss\u00f5es.\u00a0<\/em><\/strong><\/p>\n\n\n\n<p>Na din\u00e2mica, s\u00e3o cont\u00ednuas, multiplicam-se e se espraiam. Na velocidade, circulam em crescente acelera\u00e7\u00e3o. Na intensidade e profundidade, ultrapassam limites e alcan\u00e7am \u00e2mbitos, postos e processos, rompendo paradigmas.<br>No Brasil, essas mudan\u00e7as ocorrem em ambiente econ\u00f4mico de baixo crescimento econ\u00f4mico, entre outras causas, fruto de produtividade do trabalho estagnada pelo fr\u00e1gil investimento em inova\u00e7\u00e3o e amplia\u00e7\u00e3o da capacidade produtiva, pela regress\u00e3o das cadeias produtivas industriais, pela aus\u00eancia de valoriza\u00e7\u00e3o universal da educa\u00e7\u00e3o em todos os n\u00edveis, pela desmobiliza\u00e7\u00e3o dos instrumentos do Estado que s\u00e3o articuladores e mobilizadores de inova\u00e7\u00e3o, pelos baixos sal\u00e1rios e p\u00e9ssima qualidade da maior parte dos postos de trabalho.<br>Dramaticamente, o Pa\u00eds precisa conceber e implementar estrat\u00e9gia coordenada de crescimento econ\u00f4mico verde, digital e igualit\u00e1rio, que estruture rela\u00e7\u00f5es virtuosas entre tecnologia, inova\u00e7\u00e3o e trabalho. Na qual as mudan\u00e7as no mundo do trabalho abram caminho para atividade laboral humanizada que seja capaz de espraiar qualidade de vida para todos.<br>Temos, como Pa\u00eds e Na\u00e7\u00e3o, o desafio de posicionar nosso sistema de rela\u00e7\u00f5es de trabalho como instrumento para enfrentar dois desafios:<br>\u2022 ser institucionalidade agente de incremento da produtividade do trabalho e de justa distribui\u00e7\u00e3o dos ganhos;<br>\u2022 ser meio eficaz de compreender, tratar e regular as transforma\u00e7\u00f5es em curso, respondendo \u00e0s inova\u00e7\u00f5es e \u00e0s situa\u00e7\u00f5es in\u00e9ditas, tratando dos problemas que afligem empresas e trabalhadores em tempo real, aqui e agora.<br>Negocia\u00e7\u00f5es coletivas, bem estruturadas, lastreadas nos princ\u00edpios da boa-f\u00e9 e da confian\u00e7a que se estabelece pela rela\u00e7\u00e3o cont\u00ednua, poder\u00e3o responder aos 2 desafios acima.<br>Os problemas que irrompem nas transforma\u00e7\u00f5es, as novas situa\u00e7\u00f5es e as demandas que emergem exigem respostas inovadoras, que sejam capazes de oferecer a seguran\u00e7a desejada pelas partes interessadas, flexibilidade para a melhoria cont\u00ednua e capacidade de gerar respostas processuais diante das descobertas realizadas ou situa\u00e7\u00f5es in\u00e9ditas.&nbsp;<br>Somente o que pode gerar respostas \u201ca quente\u201d, no ch\u00e3o da empresa, no cotidiano do processo de trabalho, nos novos encadeamentos produtivos em curso \u00e9 a negocia\u00e7\u00e3o coletiva, espa\u00e7o no qual empresas e trabalhadores s\u00e3o capazes de abordar os problemas, coloc\u00e1-los sob a perspectiva de desafios e construir solu\u00e7\u00f5es pelo entendimento compartilhado.<br>Se as respostas constru\u00eddas no espa\u00e7o de negocia\u00e7\u00f5es e de acordos coletivos estiverem em conson\u00e2ncia com o incremento da produtividade e com a humaniza\u00e7\u00e3o do mundo do trabalho, abrem-se portas para que o sistema produtivo impulsione com qualidade a din\u00e2mica de crescimento econ\u00f4mico e de desenvolvimento socioambiental.<br>Por isso, hoje estamos desafiados a inovar, promovendo mudan\u00e7as nos marcos normativos do sistema de rela\u00e7\u00f5es de trabalho brasileiro, lastreando e valorizando a negocia\u00e7\u00e3o coletiva e fortalecendo os sindicatos para terem ampla base de representa\u00e7\u00e3o e alta representatividade, condi\u00e7\u00f5es essenciais para processarem e celebrarem acordos e conven\u00e7\u00f5es coletivas que proteger\u00e3o todos os trabalhadores e todas as empresas de um determinado \u00e2mbito de negocia\u00e7\u00e3o.<br>Podemos ousar mais, ser\u00e1 fundamental faz\u00ea-lo, criando institucionalidade que promova a autonomia das partes interessadas, empresas e trabalhadores, para regularem de maneira aut\u00f4noma o sistema sindical e as negocia\u00e7\u00f5es coletiva.&nbsp;<em><br>(*) Soci\u00f3logo, coordenador do F\u00f3rum das Centrais Sindicais, consultor sindical, membro do Cdess (Conselho de Desenvolvimento Econ\u00f4mico e Social Sustent\u00e1vel) e do Conselho Diretivo da Oxfam Brasil.<\/em><\/p>\n<\/div><\/div>","protected":false},"excerpt":{"rendered":"<p>O mundo do trabalho est\u00e1 mergulhado em oceano de transforma\u00e7\u00f5es tecnol\u00f3gicas, muita disruptivas. Na extens\u00e3o, as mudan\u00e7as abrangem todos os setores produtivos, todas as atividades econ\u00f4micas e impactam todos os postos de trabalho e profiss\u00f5es.\u00a0 Na din\u00e2mica, s\u00e3o cont\u00ednuas, multiplicam-se e se espraiam. Na velocidade, circulam em crescente acelera\u00e7\u00e3o. Na intensidade e profundidade, ultrapassam limites [&hellip;]<\/p>\n","protected":false},"author":2,"featured_media":85928,"comment_status":"closed","ping_status":"closed","sticky":false,"template":"","format":"standard","meta":{"footnotes":"","_links_to":"","_links_to_target":""},"categories":[502,55,47],"tags":[],"class_list":["post-85927","post","type-post","status-publish","format-standard","has-post-thumbnail","hentry","category-artigo","category-noticia","category-ultimas-noticias"],"yoast_head":"<!-- This site is optimized with the Yoast SEO plugin v27.5 - https:\/\/yoast.com\/product\/yoast-seo-wordpress\/ -->\n<title>Artigo: Negocia\u00e7\u00e3o coletiva e as transforma\u00e7\u00f5es no mundo do trabalho - Por Clemente Ganz L\u00facio* - CNR<\/title>\n<meta name=\"robots\" content=\"index, follow, max-snippet:-1, max-image-preview:large, max-video-preview:-1\" \/>\n<link rel=\"canonical\" href=\"https:\/\/cnr.org.br\/novoportal\/artigo-negociacao-coletiva-e-as-transformacoes-no-mundo-do-trabalho-por-clemente-ganz-lucio\/\" \/>\n<meta property=\"og:locale\" content=\"pt_BR\" \/>\n<meta property=\"og:type\" content=\"article\" \/>\n<meta property=\"og:title\" content=\"Artigo: Negocia\u00e7\u00e3o coletiva e as transforma\u00e7\u00f5es no mundo do trabalho - Por Clemente Ganz L\u00facio* - CNR\" \/>\n<meta property=\"og:description\" content=\"O mundo do trabalho est\u00e1 mergulhado em oceano de transforma\u00e7\u00f5es tecnol\u00f3gicas, muita disruptivas. Na extens\u00e3o, as mudan\u00e7as abrangem todos os setores produtivos, todas as atividades econ\u00f4micas e impactam todos os postos de trabalho e profiss\u00f5es.\u00a0 Na din\u00e2mica, s\u00e3o cont\u00ednuas, multiplicam-se e se espraiam. Na velocidade, circulam em crescente acelera\u00e7\u00e3o. Na intensidade e profundidade, ultrapassam limites [&hellip;]\" \/>\n<meta property=\"og:url\" content=\"https:\/\/cnr.org.br\/novoportal\/artigo-negociacao-coletiva-e-as-transformacoes-no-mundo-do-trabalho-por-clemente-ganz-lucio\/\" \/>\n<meta property=\"og:site_name\" content=\"CNR\" \/>\n<meta property=\"article:published_time\" content=\"2023-07-12T13:01:26+00:00\" \/>\n<meta property=\"article:modified_time\" content=\"2023-07-12T13:01:48+00:00\" \/>\n<meta property=\"og:image\" content=\"https:\/\/cnr.org.br\/novoportal\/wp-content\/uploads\/2023\/07\/negociacao-coletiva-artigo-clemente.png\" \/>\n\t<meta property=\"og:image:width\" content=\"696\" \/>\n\t<meta property=\"og:image:height\" content=\"392\" \/>\n\t<meta property=\"og:image:type\" content=\"image\/png\" \/>\n<meta name=\"author\" content=\"Imprensa CNR\" \/>\n<meta name=\"twitter:card\" content=\"summary_large_image\" \/>\n<meta name=\"twitter:label1\" content=\"Escrito por\" \/>\n\t<meta name=\"twitter:data1\" content=\"Imprensa CNR\" \/>\n\t<meta name=\"twitter:label2\" content=\"Est. tempo de leitura\" \/>\n\t<meta name=\"twitter:data2\" content=\"4 minutos\" \/>\n<script type=\"application\/ld+json\" class=\"yoast-schema-graph\">{\"@context\":\"https:\\\/\\\/schema.org\",\"@graph\":[{\"@type\":\"Article\",\"@id\":\"https:\\\/\\\/cnr.org.br\\\/novoportal\\\/artigo-negociacao-coletiva-e-as-transformacoes-no-mundo-do-trabalho-por-clemente-ganz-lucio\\\/#article\",\"isPartOf\":{\"@id\":\"https:\\\/\\\/cnr.org.br\\\/novoportal\\\/artigo-negociacao-coletiva-e-as-transformacoes-no-mundo-do-trabalho-por-clemente-ganz-lucio\\\/\"},\"author\":{\"name\":\"Imprensa CNR\",\"@id\":\"https:\\\/\\\/cnr.org.br\\\/novoportal\\\/#\\\/schema\\\/person\\\/1f46209cd8c9d3d9887a0765b64ca66b\"},\"headline\":\"Artigo: Negocia\u00e7\u00e3o coletiva e as transforma\u00e7\u00f5es no mundo do trabalho - Por Clemente Ganz L\u00facio*\",\"datePublished\":\"2023-07-12T13:01:26+00:00\",\"dateModified\":\"2023-07-12T13:01:48+00:00\",\"mainEntityOfPage\":{\"@id\":\"https:\\\/\\\/cnr.org.br\\\/novoportal\\\/artigo-negociacao-coletiva-e-as-transformacoes-no-mundo-do-trabalho-por-clemente-ganz-lucio\\\/\"},\"wordCount\":643,\"publisher\":{\"@id\":\"https:\\\/\\\/cnr.org.br\\\/novoportal\\\/#organization\"},\"image\":{\"@id\":\"https:\\\/\\\/cnr.org.br\\\/novoportal\\\/artigo-negociacao-coletiva-e-as-transformacoes-no-mundo-do-trabalho-por-clemente-ganz-lucio\\\/#primaryimage\"},\"thumbnailUrl\":\"https:\\\/\\\/cnr.org.br\\\/site\\\/wp-content\\\/uploads\\\/2023\\\/07\\\/negociacao-coletiva-artigo-clemente.png\",\"articleSection\":[\"Artigo\",\"Not\u00edcia\",\"\u00daltimas Not\u00edcias\"],\"inLanguage\":\"pt-BR\"},{\"@type\":\"WebPage\",\"@id\":\"https:\\\/\\\/cnr.org.br\\\/novoportal\\\/artigo-negociacao-coletiva-e-as-transformacoes-no-mundo-do-trabalho-por-clemente-ganz-lucio\\\/\",\"url\":\"https:\\\/\\\/cnr.org.br\\\/novoportal\\\/artigo-negociacao-coletiva-e-as-transformacoes-no-mundo-do-trabalho-por-clemente-ganz-lucio\\\/\",\"name\":\"Artigo: Negocia\u00e7\u00e3o coletiva e as transforma\u00e7\u00f5es no mundo do trabalho - Por Clemente Ganz L\u00facio* - CNR\",\"isPartOf\":{\"@id\":\"https:\\\/\\\/cnr.org.br\\\/novoportal\\\/#website\"},\"primaryImageOfPage\":{\"@id\":\"https:\\\/\\\/cnr.org.br\\\/novoportal\\\/artigo-negociacao-coletiva-e-as-transformacoes-no-mundo-do-trabalho-por-clemente-ganz-lucio\\\/#primaryimage\"},\"image\":{\"@id\":\"https:\\\/\\\/cnr.org.br\\\/novoportal\\\/artigo-negociacao-coletiva-e-as-transformacoes-no-mundo-do-trabalho-por-clemente-ganz-lucio\\\/#primaryimage\"},\"thumbnailUrl\":\"https:\\\/\\\/cnr.org.br\\\/site\\\/wp-content\\\/uploads\\\/2023\\\/07\\\/negociacao-coletiva-artigo-clemente.png\",\"datePublished\":\"2023-07-12T13:01:26+00:00\",\"dateModified\":\"2023-07-12T13:01:48+00:00\",\"breadcrumb\":{\"@id\":\"https:\\\/\\\/cnr.org.br\\\/novoportal\\\/artigo-negociacao-coletiva-e-as-transformacoes-no-mundo-do-trabalho-por-clemente-ganz-lucio\\\/#breadcrumb\"},\"inLanguage\":\"pt-BR\",\"potentialAction\":[{\"@type\":\"ReadAction\",\"target\":[\"https:\\\/\\\/cnr.org.br\\\/novoportal\\\/artigo-negociacao-coletiva-e-as-transformacoes-no-mundo-do-trabalho-por-clemente-ganz-lucio\\\/\"]}]},{\"@type\":\"ImageObject\",\"inLanguage\":\"pt-BR\",\"@id\":\"https:\\\/\\\/cnr.org.br\\\/novoportal\\\/artigo-negociacao-coletiva-e-as-transformacoes-no-mundo-do-trabalho-por-clemente-ganz-lucio\\\/#primaryimage\",\"url\":\"https:\\\/\\\/cnr.org.br\\\/site\\\/wp-content\\\/uploads\\\/2023\\\/07\\\/negociacao-coletiva-artigo-clemente.png\",\"contentUrl\":\"https:\\\/\\\/cnr.org.br\\\/site\\\/wp-content\\\/uploads\\\/2023\\\/07\\\/negociacao-coletiva-artigo-clemente.png\",\"width\":696,\"height\":392},{\"@type\":\"BreadcrumbList\",\"@id\":\"https:\\\/\\\/cnr.org.br\\\/novoportal\\\/artigo-negociacao-coletiva-e-as-transformacoes-no-mundo-do-trabalho-por-clemente-ganz-lucio\\\/#breadcrumb\",\"itemListElement\":[{\"@type\":\"ListItem\",\"position\":1,\"name\":\"In\u00edcio\",\"item\":\"https:\\\/\\\/cnr.org.br\\\/site\\\/\"},{\"@type\":\"ListItem\",\"position\":2,\"name\":\"Artigo: Negocia\u00e7\u00e3o coletiva e as transforma\u00e7\u00f5es no mundo do trabalho - Por Clemente Ganz L\u00facio*\"}]},{\"@type\":\"WebSite\",\"@id\":\"https:\\\/\\\/cnr.org.br\\\/novoportal\\\/#website\",\"url\":\"https:\\\/\\\/cnr.org.br\\\/novoportal\\\/\",\"name\":\"CNR\",\"description\":\"Confedera\u00e7\u00e3o Nacional de Not\u00e1rios e Registradores\",\"publisher\":{\"@id\":\"https:\\\/\\\/cnr.org.br\\\/novoportal\\\/#organization\"},\"potentialAction\":[{\"@type\":\"SearchAction\",\"target\":{\"@type\":\"EntryPoint\",\"urlTemplate\":\"https:\\\/\\\/cnr.org.br\\\/novoportal\\\/?s={search_term_string}\"},\"query-input\":{\"@type\":\"PropertyValueSpecification\",\"valueRequired\":true,\"valueName\":\"search_term_string\"}}],\"inLanguage\":\"pt-BR\"},{\"@type\":\"Organization\",\"@id\":\"https:\\\/\\\/cnr.org.br\\\/novoportal\\\/#organization\",\"name\":\"CNR\",\"url\":\"https:\\\/\\\/cnr.org.br\\\/novoportal\\\/\",\"logo\":{\"@type\":\"ImageObject\",\"inLanguage\":\"pt-BR\",\"@id\":\"https:\\\/\\\/cnr.org.br\\\/novoportal\\\/#\\\/schema\\\/logo\\\/image\\\/\",\"url\":\"https:\\\/\\\/cnr.org.br\\\/site\\\/wp-content\\\/uploads\\\/2026\\\/02\\\/Logo_CNR_completa_colorida_2024.png\",\"contentUrl\":\"https:\\\/\\\/cnr.org.br\\\/site\\\/wp-content\\\/uploads\\\/2026\\\/02\\\/Logo_CNR_completa_colorida_2024.png\",\"width\":910,\"height\":450,\"caption\":\"CNR\"},\"image\":{\"@id\":\"https:\\\/\\\/cnr.org.br\\\/novoportal\\\/#\\\/schema\\\/logo\\\/image\\\/\"}},{\"@type\":\"Person\",\"@id\":\"https:\\\/\\\/cnr.org.br\\\/novoportal\\\/#\\\/schema\\\/person\\\/1f46209cd8c9d3d9887a0765b64ca66b\",\"name\":\"Imprensa CNR\",\"sameAs\":[\"https:\\\/\\\/cnr.org.br\\\/site\"],\"url\":\"https:\\\/\\\/cnr.org.br\\\/site\\\/author\\\/imprensa\\\/\"}]}<\/script>\n<!-- \/ Yoast SEO plugin. -->","yoast_head_json":{"title":"Artigo: Negocia\u00e7\u00e3o coletiva e as transforma\u00e7\u00f5es no mundo do trabalho - Por Clemente Ganz L\u00facio* - CNR","robots":{"index":"index","follow":"follow","max-snippet":"max-snippet:-1","max-image-preview":"max-image-preview:large","max-video-preview":"max-video-preview:-1"},"canonical":"https:\/\/cnr.org.br\/novoportal\/artigo-negociacao-coletiva-e-as-transformacoes-no-mundo-do-trabalho-por-clemente-ganz-lucio\/","og_locale":"pt_BR","og_type":"article","og_title":"Artigo: Negocia\u00e7\u00e3o coletiva e as transforma\u00e7\u00f5es no mundo do trabalho - Por Clemente Ganz L\u00facio* - CNR","og_description":"O mundo do trabalho est\u00e1 mergulhado em oceano de transforma\u00e7\u00f5es tecnol\u00f3gicas, muita disruptivas. Na extens\u00e3o, as mudan\u00e7as abrangem todos os setores produtivos, todas as atividades econ\u00f4micas e impactam todos os postos de trabalho e profiss\u00f5es.\u00a0 Na din\u00e2mica, s\u00e3o cont\u00ednuas, multiplicam-se e se espraiam. Na velocidade, circulam em crescente acelera\u00e7\u00e3o. Na intensidade e profundidade, ultrapassam limites [&hellip;]","og_url":"https:\/\/cnr.org.br\/novoportal\/artigo-negociacao-coletiva-e-as-transformacoes-no-mundo-do-trabalho-por-clemente-ganz-lucio\/","og_site_name":"CNR","article_published_time":"2023-07-12T13:01:26+00:00","article_modified_time":"2023-07-12T13:01:48+00:00","og_image":[{"width":696,"height":392,"url":"https:\/\/cnr.org.br\/novoportal\/wp-content\/uploads\/2023\/07\/negociacao-coletiva-artigo-clemente.png","type":"image\/png"}],"author":"Imprensa CNR","twitter_card":"summary_large_image","twitter_misc":{"Escrito por":"Imprensa CNR","Est. tempo de leitura":"4 minutos"},"schema":{"@context":"https:\/\/schema.org","@graph":[{"@type":"Article","@id":"https:\/\/cnr.org.br\/novoportal\/artigo-negociacao-coletiva-e-as-transformacoes-no-mundo-do-trabalho-por-clemente-ganz-lucio\/#article","isPartOf":{"@id":"https:\/\/cnr.org.br\/novoportal\/artigo-negociacao-coletiva-e-as-transformacoes-no-mundo-do-trabalho-por-clemente-ganz-lucio\/"},"author":{"name":"Imprensa CNR","@id":"https:\/\/cnr.org.br\/novoportal\/#\/schema\/person\/1f46209cd8c9d3d9887a0765b64ca66b"},"headline":"Artigo: Negocia\u00e7\u00e3o coletiva e as transforma\u00e7\u00f5es no mundo do trabalho - Por Clemente Ganz L\u00facio*","datePublished":"2023-07-12T13:01:26+00:00","dateModified":"2023-07-12T13:01:48+00:00","mainEntityOfPage":{"@id":"https:\/\/cnr.org.br\/novoportal\/artigo-negociacao-coletiva-e-as-transformacoes-no-mundo-do-trabalho-por-clemente-ganz-lucio\/"},"wordCount":643,"publisher":{"@id":"https:\/\/cnr.org.br\/novoportal\/#organization"},"image":{"@id":"https:\/\/cnr.org.br\/novoportal\/artigo-negociacao-coletiva-e-as-transformacoes-no-mundo-do-trabalho-por-clemente-ganz-lucio\/#primaryimage"},"thumbnailUrl":"https:\/\/cnr.org.br\/site\/wp-content\/uploads\/2023\/07\/negociacao-coletiva-artigo-clemente.png","articleSection":["Artigo","Not\u00edcia","\u00daltimas Not\u00edcias"],"inLanguage":"pt-BR"},{"@type":"WebPage","@id":"https:\/\/cnr.org.br\/novoportal\/artigo-negociacao-coletiva-e-as-transformacoes-no-mundo-do-trabalho-por-clemente-ganz-lucio\/","url":"https:\/\/cnr.org.br\/novoportal\/artigo-negociacao-coletiva-e-as-transformacoes-no-mundo-do-trabalho-por-clemente-ganz-lucio\/","name":"Artigo: Negocia\u00e7\u00e3o coletiva e as transforma\u00e7\u00f5es no mundo do trabalho - Por Clemente Ganz L\u00facio* - CNR","isPartOf":{"@id":"https:\/\/cnr.org.br\/novoportal\/#website"},"primaryImageOfPage":{"@id":"https:\/\/cnr.org.br\/novoportal\/artigo-negociacao-coletiva-e-as-transformacoes-no-mundo-do-trabalho-por-clemente-ganz-lucio\/#primaryimage"},"image":{"@id":"https:\/\/cnr.org.br\/novoportal\/artigo-negociacao-coletiva-e-as-transformacoes-no-mundo-do-trabalho-por-clemente-ganz-lucio\/#primaryimage"},"thumbnailUrl":"https:\/\/cnr.org.br\/site\/wp-content\/uploads\/2023\/07\/negociacao-coletiva-artigo-clemente.png","datePublished":"2023-07-12T13:01:26+00:00","dateModified":"2023-07-12T13:01:48+00:00","breadcrumb":{"@id":"https:\/\/cnr.org.br\/novoportal\/artigo-negociacao-coletiva-e-as-transformacoes-no-mundo-do-trabalho-por-clemente-ganz-lucio\/#breadcrumb"},"inLanguage":"pt-BR","potentialAction":[{"@type":"ReadAction","target":["https:\/\/cnr.org.br\/novoportal\/artigo-negociacao-coletiva-e-as-transformacoes-no-mundo-do-trabalho-por-clemente-ganz-lucio\/"]}]},{"@type":"ImageObject","inLanguage":"pt-BR","@id":"https:\/\/cnr.org.br\/novoportal\/artigo-negociacao-coletiva-e-as-transformacoes-no-mundo-do-trabalho-por-clemente-ganz-lucio\/#primaryimage","url":"https:\/\/cnr.org.br\/site\/wp-content\/uploads\/2023\/07\/negociacao-coletiva-artigo-clemente.png","contentUrl":"https:\/\/cnr.org.br\/site\/wp-content\/uploads\/2023\/07\/negociacao-coletiva-artigo-clemente.png","width":696,"height":392},{"@type":"BreadcrumbList","@id":"https:\/\/cnr.org.br\/novoportal\/artigo-negociacao-coletiva-e-as-transformacoes-no-mundo-do-trabalho-por-clemente-ganz-lucio\/#breadcrumb","itemListElement":[{"@type":"ListItem","position":1,"name":"In\u00edcio","item":"https:\/\/cnr.org.br\/site\/"},{"@type":"ListItem","position":2,"name":"Artigo: Negocia\u00e7\u00e3o coletiva e as transforma\u00e7\u00f5es no mundo do trabalho - Por Clemente Ganz L\u00facio*"}]},{"@type":"WebSite","@id":"https:\/\/cnr.org.br\/novoportal\/#website","url":"https:\/\/cnr.org.br\/novoportal\/","name":"CNR","description":"Confedera\u00e7\u00e3o Nacional de Not\u00e1rios e Registradores","publisher":{"@id":"https:\/\/cnr.org.br\/novoportal\/#organization"},"potentialAction":[{"@type":"SearchAction","target":{"@type":"EntryPoint","urlTemplate":"https:\/\/cnr.org.br\/novoportal\/?s={search_term_string}"},"query-input":{"@type":"PropertyValueSpecification","valueRequired":true,"valueName":"search_term_string"}}],"inLanguage":"pt-BR"},{"@type":"Organization","@id":"https:\/\/cnr.org.br\/novoportal\/#organization","name":"CNR","url":"https:\/\/cnr.org.br\/novoportal\/","logo":{"@type":"ImageObject","inLanguage":"pt-BR","@id":"https:\/\/cnr.org.br\/novoportal\/#\/schema\/logo\/image\/","url":"https:\/\/cnr.org.br\/site\/wp-content\/uploads\/2026\/02\/Logo_CNR_completa_colorida_2024.png","contentUrl":"https:\/\/cnr.org.br\/site\/wp-content\/uploads\/2026\/02\/Logo_CNR_completa_colorida_2024.png","width":910,"height":450,"caption":"CNR"},"image":{"@id":"https:\/\/cnr.org.br\/novoportal\/#\/schema\/logo\/image\/"}},{"@type":"Person","@id":"https:\/\/cnr.org.br\/novoportal\/#\/schema\/person\/1f46209cd8c9d3d9887a0765b64ca66b","name":"Imprensa CNR","sameAs":["https:\/\/cnr.org.br\/site"],"url":"https:\/\/cnr.org.br\/site\/author\/imprensa\/"}]}},"_links":{"self":[{"href":"https:\/\/cnr.org.br\/site\/wp-json\/wp\/v2\/posts\/85927","targetHints":{"allow":["GET"]}}],"collection":[{"href":"https:\/\/cnr.org.br\/site\/wp-json\/wp\/v2\/posts"}],"about":[{"href":"https:\/\/cnr.org.br\/site\/wp-json\/wp\/v2\/types\/post"}],"author":[{"embeddable":true,"href":"https:\/\/cnr.org.br\/site\/wp-json\/wp\/v2\/users\/2"}],"replies":[{"embeddable":true,"href":"https:\/\/cnr.org.br\/site\/wp-json\/wp\/v2\/comments?post=85927"}],"version-history":[{"count":0,"href":"https:\/\/cnr.org.br\/site\/wp-json\/wp\/v2\/posts\/85927\/revisions"}],"wp:featuredmedia":[{"embeddable":true,"href":"https:\/\/cnr.org.br\/site\/wp-json\/wp\/v2\/media\/85928"}],"wp:attachment":[{"href":"https:\/\/cnr.org.br\/site\/wp-json\/wp\/v2\/media?parent=85927"}],"wp:term":[{"taxonomy":"category","embeddable":true,"href":"https:\/\/cnr.org.br\/site\/wp-json\/wp\/v2\/categories?post=85927"},{"taxonomy":"post_tag","embeddable":true,"href":"https:\/\/cnr.org.br\/site\/wp-json\/wp\/v2\/tags?post=85927"}],"curies":[{"name":"wp","href":"https:\/\/api.w.org\/{rel}","templated":true}]}}