{"id":8619,"date":"2018-11-13T15:36:49","date_gmt":"2018-11-13T17:36:49","guid":{"rendered":"https:\/\/cnr.org.br\/site\/?p=8619"},"modified":"2018-11-13T15:36:49","modified_gmt":"2018-11-13T17:36:49","slug":"conciliacao-justica-do-trabalho-paulista-lanca-plano-de-incentivo","status":"publish","type":"post","link":"https:\/\/cnr.org.br\/site\/conciliacao-justica-do-trabalho-paulista-lanca-plano-de-incentivo\/","title":{"rendered":"Concilia\u00e7\u00e3o: Justi\u00e7a do Trabalho paulista lan\u00e7a plano de incentivo"},"content":{"rendered":"<div id=\"dslc-theme-content\"><div id=\"dslc-theme-content-inner\"><p>\t\t\t\tDada a import\u00e2ncia e o incremento nos casos de concilia\u00e7\u00f5es obtidas pela Justi\u00e7a do Trabalho nos \u00faltimos anos, o TRT da 2\u00aa Regi\u00e3o elaborou um documento que re\u00fane informa\u00e7\u00f5es valiosas para orientar as a\u00e7\u00f5es de seus centros de solu\u00e7\u00e3o de conflitos: o plano de incentivo \u00e0 concilia\u00e7\u00e3o trabalhista 2018.<\/p>\n<div id=\"attachment_8620\" style=\"width: 412px\" class=\"wp-caption aligncenter\"><img loading=\"lazy\" decoding=\"async\" aria-describedby=\"caption-attachment-8620\" class=\"wp-image-8620 size-full\" src=\"https:\/\/cnr.org.br\/site\/wp-content\/uploads\/2018\/11\/2.png\" alt=\"\" width=\"402\" height=\"255\" srcset=\"https:\/\/cnr.org.br\/site\/wp-content\/uploads\/2018\/11\/2.png 402w, https:\/\/cnr.org.br\/site\/wp-content\/uploads\/2018\/11\/2-300x190.png 300w\" sizes=\"auto, (max-width: 402px) 100vw, 402px\" \/><p id=\"caption-attachment-8620\" class=\"wp-caption-text\">Material orienta a\u00e7\u00f5es dos centros de solu\u00e7\u00e3o de conflitos do TRT da 2\u00aa Regi\u00e3o, na capital de SP (Divulga\u00e7\u00e3o\/TRT2)<\/p><\/div>\n<p>Com o intuito principal de promover a pacifica\u00e7\u00e3o social e a dissemina\u00e7\u00e3o da cultura da paz, colaborando com as metas estabelecidas pelo CSJT e pelo CNJ e reduzindo, assim, o n\u00famero de demandas em tr\u00e2mite no TRT-2 e no TST (oriundas do TRT-2), a proposta apresenta a situa\u00e7\u00e3o num\u00e9rica do Tribunal, destaca os maiores litigantes e suas pol\u00edticas de acordo, a quantidade de processos em cada fase e faz uma an\u00e1lise por regi\u00e3o de jurisdi\u00e7\u00e3o. Em seguida, exp\u00f5e os principais elementos para a adequada gest\u00e3o estrat\u00e9gica de conflitos trabalhistas, descrevendo os projetos desenvolvidos, tais como as concilia\u00e7\u00f5es de empresas litigantes em massa, as semanas de concilia\u00e7\u00e3o itinerante, de concilia\u00e7\u00e3o banc\u00e1ria e de telecomunica\u00e7\u00f5es, al\u00e9m de projetos em 2\u00aa inst\u00e2ncia, sumar\u00edssimo e do recurso de revista via concilia\u00e7\u00e3o.<\/p>\n<p>O Regional tamb\u00e9m divulgou o relat\u00f3rio das atividades realizadas pelo N\u00facleo Permanente de M\u00e9todos Consensuais de Solu\u00e7\u00e3o de Disputas (Nupemec-JT2) no bi\u00eanio 2016-2018 (as \u00edntegras dos dois documentos \u2013 plano de incentivo e relat\u00f3rio do bi\u00eanio \u2013 podem ser acessadas ao final da not\u00edcia).<\/p>\n<p>Ambos os documentos foram produzidos pelo Nupemec-JT2, cuja coordena\u00e7\u00e3o at\u00e9 setembro era exercida pela desembargadora C\u00e2ndida Alves Le\u00e3o.<\/p>\n<p>Desde 1\u00ba de outubro, as atividades passaram a ser coordenadas pela desembargadora Jucirema Maria Godinho Gon\u00e7alves, atual vice-presidente administrativa do Tribunal.<\/p>\n<p>No dia a dia de alguns centros judici\u00e1rios de m\u00e9todos consensuais de solu\u00e7\u00e3o de disputas (Cejuscs-JT) do TRT da 2\u00aa Regi\u00e3o, j\u00e1 se percebem os primeiros efeitos positivos dos esfor\u00e7os de concilia\u00e7\u00e3o.<\/p>\n<p>No Cejusc-JT Baixada Santista, por exemplo, instalado h\u00e1 pouco mais de um ano no F\u00f3rum de Cubat\u00e3o para atender \u00e0 demanda tamb\u00e9m de Santos, S\u00e3o Vicente, Praia Grande e Guaruj\u00e1, verificou-se que o \u00edndice de concilia\u00e7\u00e3o passou de cerca de 16% para aproximadamente 30%. \u201cA cultura de acordos nunca foi muito difundida por aqui\u201d, disse Bianca Salom\u00e3o, coordenadora do centro. Gra\u00e7as ao trabalho desenvolvido, empresas de grande porte que n\u00e3o faziam acordo passaram a encaminhar mensalmente listas de processos para tentar conciliar. \u201cFazemos pautas concentradas, de modo que o dia todo s\u00e3o realizadas audi\u00eancias exclusivas dessas empresas\u201d, contou Bianca. E os valores desses acordos, muitas vezes, s\u00e3o de grande monta, como no caso de uma empresa que pagou ao reclamante a quantia l\u00edquida de R$ 1,3 milh\u00e3o.<\/p>\n<p>Caso similar ocorre no Cejusc-JT ABC, que registrou aumento significativo de comparecimento das partes depois que foi transferido do F\u00f3rum da Zona Sul (na capital paulista) para o F\u00f3rum de Santo Andr\u00e9, em julho de 2018. \u201cAntes disso, a presen\u00e7a das duas partes ocorria em 52% dos casos; hoje, est\u00e1 em 77%\u201d, afirmou Diego Musse, coordenador daquele centro de concilia\u00e7\u00e3o. O resultado concreto foi a realiza\u00e7\u00e3o de quase 200 acordos em menos de tr\u00eas meses, totalizando cerca de R$ 15 milh\u00f5es obtidos em concilia\u00e7\u00f5es \u2013 n\u00e3o inclu\u00eddos a\u00ed os acordos extrajudiciais trazidos pela reforma trabalhista (Lei 13.467\/17).<\/p>\n<p><em><strong>Fonte:<\/strong> TRT-2<\/em>\t\t<\/p>\n<\/div><\/div>","protected":false},"excerpt":{"rendered":"<p>Dada a import\u00e2ncia e o incremento nos casos de concilia\u00e7\u00f5es obtidas pela Justi\u00e7a do Trabalho nos \u00faltimos anos, o TRT da 2\u00aa Regi\u00e3o elaborou um documento que re\u00fane informa\u00e7\u00f5es valiosas para orientar as a\u00e7\u00f5es de seus centros de solu\u00e7\u00e3o de conflitos: o plano de incentivo \u00e0 concilia\u00e7\u00e3o trabalhista 2018. Com o intuito principal de promover [&hellip;]<\/p>\n","protected":false},"author":2,"featured_media":8620,"comment_status":"open","ping_status":"open","sticky":false,"template":"","format":"standard","meta":{"footnotes":"","_links_to":"","_links_to_target":""},"categories":[513,47],"tags":[],"class_list":["post-8619","post","type-post","status-publish","format-standard","has-post-thumbnail","hentry","category-justica","category-ultimas-noticias"],"yoast_head":"<!-- This site is optimized with the Yoast SEO plugin v28.4 - https:\/\/yoast.com\/product\/yoast-seo-wordpress\/ -->\n<title>Concilia\u00e7\u00e3o: Justi\u00e7a do Trabalho paulista lan\u00e7a plano de incentivo - CNR<\/title>\n<meta name=\"robots\" content=\"index, follow, max-snippet:-1, max-image-preview:large, max-video-preview:-1\" \/>\n<link rel=\"canonical\" href=\"https:\/\/cnr.org.br\/novoportal\/conciliacao-justica-do-trabalho-paulista-lanca-plano-de-incentivo\/\" \/>\n<meta property=\"og:locale\" content=\"pt_BR\" \/>\n<meta property=\"og:type\" content=\"article\" \/>\n<meta property=\"og:title\" content=\"Concilia\u00e7\u00e3o: Justi\u00e7a do Trabalho paulista lan\u00e7a plano de incentivo - CNR\" \/>\n<meta property=\"og:description\" content=\"Dada a import\u00e2ncia e o incremento nos casos de concilia\u00e7\u00f5es obtidas pela Justi\u00e7a do Trabalho nos \u00faltimos anos, o TRT da 2\u00aa Regi\u00e3o elaborou um documento que re\u00fane informa\u00e7\u00f5es valiosas para orientar as a\u00e7\u00f5es de seus centros de solu\u00e7\u00e3o de conflitos: o plano de incentivo \u00e0 concilia\u00e7\u00e3o trabalhista 2018. Com o intuito principal de promover [&hellip;]\" \/>\n<meta property=\"og:url\" content=\"https:\/\/cnr.org.br\/novoportal\/conciliacao-justica-do-trabalho-paulista-lanca-plano-de-incentivo\/\" \/>\n<meta property=\"og:site_name\" content=\"CNR\" \/>\n<meta property=\"article:published_time\" content=\"2018-11-13T17:36:49+00:00\" \/>\n<meta property=\"og:image\" content=\"https:\/\/cnr.org.br\/novoportal\/wp-content\/uploads\/2018\/11\/2.png\" \/>\n\t<meta property=\"og:image:width\" content=\"402\" \/>\n\t<meta property=\"og:image:height\" content=\"255\" \/>\n\t<meta property=\"og:image:type\" content=\"image\/png\" \/>\n<meta name=\"author\" content=\"Imprensa CNR\" \/>\n<meta name=\"twitter:card\" content=\"summary_large_image\" \/>\n<meta name=\"twitter:label1\" content=\"Escrito por\" \/>\n\t<meta name=\"twitter:data1\" content=\"Imprensa CNR\" \/>\n\t<meta name=\"twitter:label2\" content=\"Est. tempo de leitura\" \/>\n\t<meta name=\"twitter:data2\" content=\"3 minutos\" \/>\n<script type=\"application\/ld+json\" class=\"yoast-schema-graph\">{\"@context\":\"https:\\\/\\\/schema.org\",\"@graph\":[{\"@type\":\"Article\",\"@id\":\"https:\\\/\\\/cnr.org.br\\\/novoportal\\\/conciliacao-justica-do-trabalho-paulista-lanca-plano-de-incentivo\\\/#article\",\"isPartOf\":{\"@id\":\"https:\\\/\\\/cnr.org.br\\\/novoportal\\\/conciliacao-justica-do-trabalho-paulista-lanca-plano-de-incentivo\\\/\"},\"author\":{\"name\":\"Imprensa CNR\",\"@id\":\"https:\\\/\\\/cnr.org.br\\\/novoportal\\\/#\\\/schema\\\/person\\\/1f46209cd8c9d3d9887a0765b64ca66b\"},\"headline\":\"Concilia\u00e7\u00e3o: Justi\u00e7a do Trabalho paulista lan\u00e7a plano de incentivo\",\"datePublished\":\"2018-11-13T17:36:49+00:00\",\"mainEntityOfPage\":{\"@id\":\"https:\\\/\\\/cnr.org.br\\\/novoportal\\\/conciliacao-justica-do-trabalho-paulista-lanca-plano-de-incentivo\\\/\"},\"wordCount\":613,\"commentCount\":0,\"publisher\":{\"@id\":\"https:\\\/\\\/cnr.org.br\\\/novoportal\\\/#organization\"},\"image\":{\"@id\":\"https:\\\/\\\/cnr.org.br\\\/novoportal\\\/conciliacao-justica-do-trabalho-paulista-lanca-plano-de-incentivo\\\/#primaryimage\"},\"thumbnailUrl\":\"https:\\\/\\\/cnr.org.br\\\/site\\\/wp-content\\\/uploads\\\/2018\\\/11\\\/2.png\",\"articleSection\":[\"Justi\u00e7a\",\"\u00daltimas Not\u00edcias\"],\"inLanguage\":\"pt-BR\"},{\"@type\":\"WebPage\",\"@id\":\"https:\\\/\\\/cnr.org.br\\\/novoportal\\\/conciliacao-justica-do-trabalho-paulista-lanca-plano-de-incentivo\\\/\",\"url\":\"https:\\\/\\\/cnr.org.br\\\/novoportal\\\/conciliacao-justica-do-trabalho-paulista-lanca-plano-de-incentivo\\\/\",\"name\":\"Concilia\u00e7\u00e3o: Justi\u00e7a do Trabalho paulista lan\u00e7a plano de incentivo - CNR\",\"isPartOf\":{\"@id\":\"https:\\\/\\\/cnr.org.br\\\/novoportal\\\/#website\"},\"primaryImageOfPage\":{\"@id\":\"https:\\\/\\\/cnr.org.br\\\/novoportal\\\/conciliacao-justica-do-trabalho-paulista-lanca-plano-de-incentivo\\\/#primaryimage\"},\"image\":{\"@id\":\"https:\\\/\\\/cnr.org.br\\\/novoportal\\\/conciliacao-justica-do-trabalho-paulista-lanca-plano-de-incentivo\\\/#primaryimage\"},\"thumbnailUrl\":\"https:\\\/\\\/cnr.org.br\\\/site\\\/wp-content\\\/uploads\\\/2018\\\/11\\\/2.png\",\"datePublished\":\"2018-11-13T17:36:49+00:00\",\"breadcrumb\":{\"@id\":\"https:\\\/\\\/cnr.org.br\\\/novoportal\\\/conciliacao-justica-do-trabalho-paulista-lanca-plano-de-incentivo\\\/#breadcrumb\"},\"inLanguage\":\"pt-BR\",\"potentialAction\":[{\"@type\":\"ReadAction\",\"target\":[\"https:\\\/\\\/cnr.org.br\\\/novoportal\\\/conciliacao-justica-do-trabalho-paulista-lanca-plano-de-incentivo\\\/\"]}]},{\"@type\":\"ImageObject\",\"inLanguage\":\"pt-BR\",\"@id\":\"https:\\\/\\\/cnr.org.br\\\/novoportal\\\/conciliacao-justica-do-trabalho-paulista-lanca-plano-de-incentivo\\\/#primaryimage\",\"url\":\"https:\\\/\\\/cnr.org.br\\\/site\\\/wp-content\\\/uploads\\\/2018\\\/11\\\/2.png\",\"contentUrl\":\"https:\\\/\\\/cnr.org.br\\\/site\\\/wp-content\\\/uploads\\\/2018\\\/11\\\/2.png\",\"width\":402,\"height\":255,\"caption\":\"Material orienta a\u00e7\u00f5es dos centros de solu\u00e7\u00e3o de conflitos do TRT da 2\u00aa Regi\u00e3o, na capital de SP (Divulga\u00e7\u00e3o\\\/TRT2)\"},{\"@type\":\"BreadcrumbList\",\"@id\":\"https:\\\/\\\/cnr.org.br\\\/novoportal\\\/conciliacao-justica-do-trabalho-paulista-lanca-plano-de-incentivo\\\/#breadcrumb\",\"itemListElement\":[{\"@type\":\"ListItem\",\"position\":1,\"name\":\"In\u00edcio\",\"item\":\"https:\\\/\\\/cnr.org.br\\\/site\\\/\"},{\"@type\":\"ListItem\",\"position\":2,\"name\":\"Concilia\u00e7\u00e3o: Justi\u00e7a do Trabalho paulista lan\u00e7a plano de incentivo\"}]},{\"@type\":\"WebSite\",\"@id\":\"https:\\\/\\\/cnr.org.br\\\/novoportal\\\/#website\",\"url\":\"https:\\\/\\\/cnr.org.br\\\/novoportal\\\/\",\"name\":\"CNR\",\"description\":\"Confedera\u00e7\u00e3o Nacional de Not\u00e1rios e Registradores\",\"publisher\":{\"@id\":\"https:\\\/\\\/cnr.org.br\\\/novoportal\\\/#organization\"},\"potentialAction\":[{\"@type\":\"SearchAction\",\"target\":{\"@type\":\"EntryPoint\",\"urlTemplate\":\"https:\\\/\\\/cnr.org.br\\\/novoportal\\\/?s={search_term_string}\"},\"query-input\":{\"@type\":\"PropertyValueSpecification\",\"valueRequired\":true,\"valueName\":\"search_term_string\"}}],\"inLanguage\":\"pt-BR\"},{\"@type\":\"Organization\",\"@id\":\"https:\\\/\\\/cnr.org.br\\\/novoportal\\\/#organization\",\"name\":\"CNR\",\"url\":\"https:\\\/\\\/cnr.org.br\\\/novoportal\\\/\",\"logo\":{\"@type\":\"ImageObject\",\"inLanguage\":\"pt-BR\",\"@id\":\"https:\\\/\\\/cnr.org.br\\\/novoportal\\\/#\\\/schema\\\/logo\\\/image\\\/\",\"url\":\"https:\\\/\\\/cnr.org.br\\\/site\\\/wp-content\\\/uploads\\\/2026\\\/02\\\/Logo_CNR_completa_colorida_2024.png\",\"contentUrl\":\"https:\\\/\\\/cnr.org.br\\\/site\\\/wp-content\\\/uploads\\\/2026\\\/02\\\/Logo_CNR_completa_colorida_2024.png\",\"width\":910,\"height\":450,\"caption\":\"CNR\"},\"image\":{\"@id\":\"https:\\\/\\\/cnr.org.br\\\/novoportal\\\/#\\\/schema\\\/logo\\\/image\\\/\"}},{\"@type\":\"Person\",\"@id\":\"https:\\\/\\\/cnr.org.br\\\/novoportal\\\/#\\\/schema\\\/person\\\/1f46209cd8c9d3d9887a0765b64ca66b\",\"name\":\"Imprensa CNR\",\"sameAs\":[\"https:\\\/\\\/cnr.org.br\\\/site\"],\"url\":\"https:\\\/\\\/cnr.org.br\\\/site\\\/author\\\/imprensa\\\/\"}]}<\/script>\n<!-- \/ Yoast SEO plugin. -->","yoast_head_json":{"title":"Concilia\u00e7\u00e3o: Justi\u00e7a do Trabalho paulista lan\u00e7a plano de incentivo - CNR","robots":{"index":"index","follow":"follow","max-snippet":"max-snippet:-1","max-image-preview":"max-image-preview:large","max-video-preview":"max-video-preview:-1"},"canonical":"https:\/\/cnr.org.br\/novoportal\/conciliacao-justica-do-trabalho-paulista-lanca-plano-de-incentivo\/","og_locale":"pt_BR","og_type":"article","og_title":"Concilia\u00e7\u00e3o: Justi\u00e7a do Trabalho paulista lan\u00e7a plano de incentivo - CNR","og_description":"Dada a import\u00e2ncia e o incremento nos casos de concilia\u00e7\u00f5es obtidas pela Justi\u00e7a do Trabalho nos \u00faltimos anos, o TRT da 2\u00aa Regi\u00e3o elaborou um documento que re\u00fane informa\u00e7\u00f5es valiosas para orientar as a\u00e7\u00f5es de seus centros de solu\u00e7\u00e3o de conflitos: o plano de incentivo \u00e0 concilia\u00e7\u00e3o trabalhista 2018. Com o intuito principal de promover [&hellip;]","og_url":"https:\/\/cnr.org.br\/novoportal\/conciliacao-justica-do-trabalho-paulista-lanca-plano-de-incentivo\/","og_site_name":"CNR","article_published_time":"2018-11-13T17:36:49+00:00","og_image":[{"width":402,"height":255,"url":"https:\/\/cnr.org.br\/novoportal\/wp-content\/uploads\/2018\/11\/2.png","type":"image\/png"}],"author":"Imprensa CNR","twitter_card":"summary_large_image","twitter_misc":{"Escrito por":"Imprensa CNR","Est. tempo de leitura":"3 minutos"},"schema":{"@context":"https:\/\/schema.org","@graph":[{"@type":"Article","@id":"https:\/\/cnr.org.br\/novoportal\/conciliacao-justica-do-trabalho-paulista-lanca-plano-de-incentivo\/#article","isPartOf":{"@id":"https:\/\/cnr.org.br\/novoportal\/conciliacao-justica-do-trabalho-paulista-lanca-plano-de-incentivo\/"},"author":{"name":"Imprensa CNR","@id":"https:\/\/cnr.org.br\/novoportal\/#\/schema\/person\/1f46209cd8c9d3d9887a0765b64ca66b"},"headline":"Concilia\u00e7\u00e3o: Justi\u00e7a do Trabalho paulista lan\u00e7a plano de incentivo","datePublished":"2018-11-13T17:36:49+00:00","mainEntityOfPage":{"@id":"https:\/\/cnr.org.br\/novoportal\/conciliacao-justica-do-trabalho-paulista-lanca-plano-de-incentivo\/"},"wordCount":613,"commentCount":0,"publisher":{"@id":"https:\/\/cnr.org.br\/novoportal\/#organization"},"image":{"@id":"https:\/\/cnr.org.br\/novoportal\/conciliacao-justica-do-trabalho-paulista-lanca-plano-de-incentivo\/#primaryimage"},"thumbnailUrl":"https:\/\/cnr.org.br\/site\/wp-content\/uploads\/2018\/11\/2.png","articleSection":["Justi\u00e7a","\u00daltimas Not\u00edcias"],"inLanguage":"pt-BR"},{"@type":"WebPage","@id":"https:\/\/cnr.org.br\/novoportal\/conciliacao-justica-do-trabalho-paulista-lanca-plano-de-incentivo\/","url":"https:\/\/cnr.org.br\/novoportal\/conciliacao-justica-do-trabalho-paulista-lanca-plano-de-incentivo\/","name":"Concilia\u00e7\u00e3o: Justi\u00e7a do Trabalho paulista lan\u00e7a plano de incentivo - CNR","isPartOf":{"@id":"https:\/\/cnr.org.br\/novoportal\/#website"},"primaryImageOfPage":{"@id":"https:\/\/cnr.org.br\/novoportal\/conciliacao-justica-do-trabalho-paulista-lanca-plano-de-incentivo\/#primaryimage"},"image":{"@id":"https:\/\/cnr.org.br\/novoportal\/conciliacao-justica-do-trabalho-paulista-lanca-plano-de-incentivo\/#primaryimage"},"thumbnailUrl":"https:\/\/cnr.org.br\/site\/wp-content\/uploads\/2018\/11\/2.png","datePublished":"2018-11-13T17:36:49+00:00","breadcrumb":{"@id":"https:\/\/cnr.org.br\/novoportal\/conciliacao-justica-do-trabalho-paulista-lanca-plano-de-incentivo\/#breadcrumb"},"inLanguage":"pt-BR","potentialAction":[{"@type":"ReadAction","target":["https:\/\/cnr.org.br\/novoportal\/conciliacao-justica-do-trabalho-paulista-lanca-plano-de-incentivo\/"]}]},{"@type":"ImageObject","inLanguage":"pt-BR","@id":"https:\/\/cnr.org.br\/novoportal\/conciliacao-justica-do-trabalho-paulista-lanca-plano-de-incentivo\/#primaryimage","url":"https:\/\/cnr.org.br\/site\/wp-content\/uploads\/2018\/11\/2.png","contentUrl":"https:\/\/cnr.org.br\/site\/wp-content\/uploads\/2018\/11\/2.png","width":402,"height":255,"caption":"Material orienta a\u00e7\u00f5es dos centros de solu\u00e7\u00e3o de conflitos do TRT da 2\u00aa Regi\u00e3o, na capital de SP (Divulga\u00e7\u00e3o\/TRT2)"},{"@type":"BreadcrumbList","@id":"https:\/\/cnr.org.br\/novoportal\/conciliacao-justica-do-trabalho-paulista-lanca-plano-de-incentivo\/#breadcrumb","itemListElement":[{"@type":"ListItem","position":1,"name":"In\u00edcio","item":"https:\/\/cnr.org.br\/site\/"},{"@type":"ListItem","position":2,"name":"Concilia\u00e7\u00e3o: Justi\u00e7a do Trabalho paulista lan\u00e7a plano de incentivo"}]},{"@type":"WebSite","@id":"https:\/\/cnr.org.br\/novoportal\/#website","url":"https:\/\/cnr.org.br\/novoportal\/","name":"CNR","description":"Confedera\u00e7\u00e3o Nacional de Not\u00e1rios e Registradores","publisher":{"@id":"https:\/\/cnr.org.br\/novoportal\/#organization"},"potentialAction":[{"@type":"SearchAction","target":{"@type":"EntryPoint","urlTemplate":"https:\/\/cnr.org.br\/novoportal\/?s={search_term_string}"},"query-input":{"@type":"PropertyValueSpecification","valueRequired":true,"valueName":"search_term_string"}}],"inLanguage":"pt-BR"},{"@type":"Organization","@id":"https:\/\/cnr.org.br\/novoportal\/#organization","name":"CNR","url":"https:\/\/cnr.org.br\/novoportal\/","logo":{"@type":"ImageObject","inLanguage":"pt-BR","@id":"https:\/\/cnr.org.br\/novoportal\/#\/schema\/logo\/image\/","url":"https:\/\/cnr.org.br\/site\/wp-content\/uploads\/2026\/02\/Logo_CNR_completa_colorida_2024.png","contentUrl":"https:\/\/cnr.org.br\/site\/wp-content\/uploads\/2026\/02\/Logo_CNR_completa_colorida_2024.png","width":910,"height":450,"caption":"CNR"},"image":{"@id":"https:\/\/cnr.org.br\/novoportal\/#\/schema\/logo\/image\/"}},{"@type":"Person","@id":"https:\/\/cnr.org.br\/novoportal\/#\/schema\/person\/1f46209cd8c9d3d9887a0765b64ca66b","name":"Imprensa CNR","sameAs":["https:\/\/cnr.org.br\/site"],"url":"https:\/\/cnr.org.br\/site\/author\/imprensa\/"}]}},"_links":{"self":[{"href":"https:\/\/cnr.org.br\/site\/wp-json\/wp\/v2\/posts\/8619","targetHints":{"allow":["GET"]}}],"collection":[{"href":"https:\/\/cnr.org.br\/site\/wp-json\/wp\/v2\/posts"}],"about":[{"href":"https:\/\/cnr.org.br\/site\/wp-json\/wp\/v2\/types\/post"}],"author":[{"embeddable":true,"href":"https:\/\/cnr.org.br\/site\/wp-json\/wp\/v2\/users\/2"}],"replies":[{"embeddable":true,"href":"https:\/\/cnr.org.br\/site\/wp-json\/wp\/v2\/comments?post=8619"}],"version-history":[{"count":0,"href":"https:\/\/cnr.org.br\/site\/wp-json\/wp\/v2\/posts\/8619\/revisions"}],"wp:featuredmedia":[{"embeddable":true,"href":"https:\/\/cnr.org.br\/site\/wp-json\/wp\/v2\/media\/8620"}],"wp:attachment":[{"href":"https:\/\/cnr.org.br\/site\/wp-json\/wp\/v2\/media?parent=8619"}],"wp:term":[{"taxonomy":"category","embeddable":true,"href":"https:\/\/cnr.org.br\/site\/wp-json\/wp\/v2\/categories?post=8619"},{"taxonomy":"post_tag","embeddable":true,"href":"https:\/\/cnr.org.br\/site\/wp-json\/wp\/v2\/tags?post=8619"}],"curies":[{"name":"wp","href":"https:\/\/api.w.org\/{rel}","templated":true}]}}