{"id":86408,"date":"2023-10-20T17:35:13","date_gmt":"2023-10-20T20:35:13","guid":{"rendered":"https:\/\/cnr.org.br\/site\/?p=86408"},"modified":"2023-10-20T17:35:50","modified_gmt":"2023-10-20T20:35:50","slug":"sinoredi-ce-comunicado-sobre-a-extincao-do-salario-educacao","status":"publish","type":"post","link":"https:\/\/cnr.org.br\/site\/sinoredi-ce-comunicado-sobre-a-extincao-do-salario-educacao\/","title":{"rendered":"SINOREDI-CE: COMUNICADO SOBRE A EXTIN\u00c7\u00c3O DO SAL\u00c1RIO-EDUCA\u00c7\u00c3O"},"content":{"rendered":"<div id=\"dslc-theme-content\"><div id=\"dslc-theme-content-inner\">\n<p>O SINOREDI-CE presta informa\u00e7\u00f5es e esclarecimentos importantes sobre a extin\u00e7\u00e3o da cobran\u00e7a do tributo sal\u00e1rio-educa\u00e7\u00e3o.<\/p>\n\n\n\n<p>A a\u00e7\u00e3o declarat\u00f3ria coletiva cumulada com repeti\u00e7\u00e3o de ind\u00e9bito movida pelo SINOREDI-CE teve senten\u00e7a favor\u00e1vel proferida pela 7\u00aa Vara Federal de Fortaleza, no sentido de desobrigar todos os not\u00e1rios, registradores e distribuidores com atividade no estado do Cear\u00e1 do recolhimento do sal\u00e1rio-educa\u00e7\u00e3o, tributo com al\u00edquota de 2,5% sobre o total das remunera\u00e7\u00f5es pagas pelos empregadores aos seus colaboradores.<\/p>\n\n\n\n<p>Ainda, a senten\u00e7a condenou a Uni\u00e3o a devolver todos os recolhimentos do sal\u00e1rio-educa\u00e7\u00e3o realizados pelos not\u00e1rios e registradores com atividade no estado do Cear\u00e1, <strong>desde a compet\u00eancia novembro\/2017 (5 anos anteriores \u00e0 data de ajuizamento da a\u00e7\u00e3o coletiva) at\u00e9 o efetivo tr\u00e2nsito em julgado.<\/strong><\/p>\n\n\n\n<p>Cumpre informar tamb\u00e9m que houve deferimento do pedido de antecipa\u00e7\u00e3o de tutela, no sentido de suspender a exigibilidade da cobran\u00e7a do sal\u00e1rio-educa\u00e7\u00e3o, embora o pleito formulado pelo SINOREDI-CE tenha tido como objeto o dep\u00f3sito judicial dos valores referentes ao mencionado tributo.Para maiores esclarecimentos e orienta\u00e7\u00f5es, a assessoria jur\u00eddica contratada pelo Sindicato entrar\u00e1 em contato com os not\u00e1rios e registradores do Cear\u00e1 a partir desta semana.<\/p>\n\n\n\n<p>Quem preferir, pode entrar em contato diretamente com os canais de atendimento do sal\u00e1rio-educa\u00e7\u00e3o da CNR pelo <a href=\"https:\/\/wa.me\/5561994052411\">WhatsApp<\/a> ou pelo <a href=\"mailto:salarioeducacao@cnr.com.br\">e-mail<\/a><\/p>\n\n\n\n<p><\/p>\n<\/div><\/div>","protected":false},"excerpt":{"rendered":"<p>O SINOREDI-CE presta informa\u00e7\u00f5es e esclarecimentos importantes sobre a extin\u00e7\u00e3o da cobran\u00e7a do tributo sal\u00e1rio-educa\u00e7\u00e3o. A a\u00e7\u00e3o declarat\u00f3ria coletiva cumulada com repeti\u00e7\u00e3o de ind\u00e9bito movida pelo SINOREDI-CE teve senten\u00e7a favor\u00e1vel proferida pela 7\u00aa Vara Federal de Fortaleza, no sentido de desobrigar todos os not\u00e1rios, registradores e distribuidores com atividade no estado do Cear\u00e1 do recolhimento [&hellip;]<\/p>\n","protected":false},"author":2,"featured_media":85959,"comment_status":"closed","ping_status":"closed","sticky":false,"template":"","format":"standard","meta":{"footnotes":"","_links_to":"","_links_to_target":""},"categories":[55,47],"tags":[],"class_list":["post-86408","post","type-post","status-publish","format-standard","has-post-thumbnail","hentry","category-noticia","category-ultimas-noticias"],"yoast_head":"<!-- This site is optimized with the Yoast SEO plugin v27.5 - https:\/\/yoast.com\/product\/yoast-seo-wordpress\/ -->\n<title>SINOREDI-CE: COMUNICADO SOBRE A EXTIN\u00c7\u00c3O DO SAL\u00c1RIO-EDUCA\u00c7\u00c3O - CNR<\/title>\n<meta name=\"robots\" content=\"index, follow, max-snippet:-1, max-image-preview:large, max-video-preview:-1\" \/>\n<link rel=\"canonical\" href=\"https:\/\/cnr.org.br\/novoportal\/sinoredi-ce-comunicado-sobre-a-extincao-do-salario-educacao\/\" \/>\n<meta property=\"og:locale\" content=\"pt_BR\" \/>\n<meta property=\"og:type\" content=\"article\" \/>\n<meta property=\"og:title\" content=\"SINOREDI-CE: COMUNICADO SOBRE A EXTIN\u00c7\u00c3O DO SAL\u00c1RIO-EDUCA\u00c7\u00c3O - CNR\" \/>\n<meta property=\"og:description\" content=\"O SINOREDI-CE presta informa\u00e7\u00f5es e esclarecimentos importantes sobre a extin\u00e7\u00e3o da cobran\u00e7a do tributo sal\u00e1rio-educa\u00e7\u00e3o. A a\u00e7\u00e3o declarat\u00f3ria coletiva cumulada com repeti\u00e7\u00e3o de ind\u00e9bito movida pelo SINOREDI-CE teve senten\u00e7a favor\u00e1vel proferida pela 7\u00aa Vara Federal de Fortaleza, no sentido de desobrigar todos os not\u00e1rios, registradores e distribuidores com atividade no estado do Cear\u00e1 do recolhimento [&hellip;]\" \/>\n<meta property=\"og:url\" content=\"https:\/\/cnr.org.br\/novoportal\/sinoredi-ce-comunicado-sobre-a-extincao-do-salario-educacao\/\" \/>\n<meta property=\"og:site_name\" content=\"CNR\" \/>\n<meta property=\"article:published_time\" content=\"2023-10-20T20:35:13+00:00\" \/>\n<meta property=\"article:modified_time\" content=\"2023-10-20T20:35:50+00:00\" \/>\n<meta property=\"og:image\" content=\"https:\/\/cnr.org.br\/novoportal\/wp-content\/uploads\/2023\/07\/comunicado-17.07-1024x655.png\" \/>\n\t<meta property=\"og:image:width\" content=\"1024\" \/>\n\t<meta property=\"og:image:height\" content=\"655\" \/>\n\t<meta property=\"og:image:type\" content=\"image\/png\" \/>\n<meta name=\"author\" content=\"Imprensa CNR\" \/>\n<meta name=\"twitter:card\" content=\"summary_large_image\" \/>\n<meta name=\"twitter:label1\" content=\"Escrito por\" \/>\n\t<meta name=\"twitter:data1\" content=\"Imprensa CNR\" \/>\n\t<meta name=\"twitter:label2\" content=\"Est. tempo de leitura\" \/>\n\t<meta name=\"twitter:data2\" content=\"2 minutos\" \/>\n<script type=\"application\/ld+json\" class=\"yoast-schema-graph\">{\"@context\":\"https:\\\/\\\/schema.org\",\"@graph\":[{\"@type\":\"Article\",\"@id\":\"https:\\\/\\\/cnr.org.br\\\/novoportal\\\/sinoredi-ce-comunicado-sobre-a-extincao-do-salario-educacao\\\/#article\",\"isPartOf\":{\"@id\":\"https:\\\/\\\/cnr.org.br\\\/novoportal\\\/sinoredi-ce-comunicado-sobre-a-extincao-do-salario-educacao\\\/\"},\"author\":{\"name\":\"Imprensa CNR\",\"@id\":\"https:\\\/\\\/cnr.org.br\\\/novoportal\\\/#\\\/schema\\\/person\\\/1f46209cd8c9d3d9887a0765b64ca66b\"},\"headline\":\"SINOREDI-CE: COMUNICADO SOBRE A EXTIN\u00c7\u00c3O DO SAL\u00c1RIO-EDUCA\u00c7\u00c3O\",\"datePublished\":\"2023-10-20T20:35:13+00:00\",\"dateModified\":\"2023-10-20T20:35:50+00:00\",\"mainEntityOfPage\":{\"@id\":\"https:\\\/\\\/cnr.org.br\\\/novoportal\\\/sinoredi-ce-comunicado-sobre-a-extincao-do-salario-educacao\\\/\"},\"wordCount\":245,\"publisher\":{\"@id\":\"https:\\\/\\\/cnr.org.br\\\/novoportal\\\/#organization\"},\"image\":{\"@id\":\"https:\\\/\\\/cnr.org.br\\\/novoportal\\\/sinoredi-ce-comunicado-sobre-a-extincao-do-salario-educacao\\\/#primaryimage\"},\"thumbnailUrl\":\"https:\\\/\\\/cnr.org.br\\\/site\\\/wp-content\\\/uploads\\\/2023\\\/07\\\/comunicado-17.07.png\",\"articleSection\":[\"Not\u00edcia\",\"\u00daltimas Not\u00edcias\"],\"inLanguage\":\"pt-BR\"},{\"@type\":\"WebPage\",\"@id\":\"https:\\\/\\\/cnr.org.br\\\/novoportal\\\/sinoredi-ce-comunicado-sobre-a-extincao-do-salario-educacao\\\/\",\"url\":\"https:\\\/\\\/cnr.org.br\\\/novoportal\\\/sinoredi-ce-comunicado-sobre-a-extincao-do-salario-educacao\\\/\",\"name\":\"SINOREDI-CE: COMUNICADO SOBRE A EXTIN\u00c7\u00c3O DO SAL\u00c1RIO-EDUCA\u00c7\u00c3O - CNR\",\"isPartOf\":{\"@id\":\"https:\\\/\\\/cnr.org.br\\\/novoportal\\\/#website\"},\"primaryImageOfPage\":{\"@id\":\"https:\\\/\\\/cnr.org.br\\\/novoportal\\\/sinoredi-ce-comunicado-sobre-a-extincao-do-salario-educacao\\\/#primaryimage\"},\"image\":{\"@id\":\"https:\\\/\\\/cnr.org.br\\\/novoportal\\\/sinoredi-ce-comunicado-sobre-a-extincao-do-salario-educacao\\\/#primaryimage\"},\"thumbnailUrl\":\"https:\\\/\\\/cnr.org.br\\\/site\\\/wp-content\\\/uploads\\\/2023\\\/07\\\/comunicado-17.07.png\",\"datePublished\":\"2023-10-20T20:35:13+00:00\",\"dateModified\":\"2023-10-20T20:35:50+00:00\",\"breadcrumb\":{\"@id\":\"https:\\\/\\\/cnr.org.br\\\/novoportal\\\/sinoredi-ce-comunicado-sobre-a-extincao-do-salario-educacao\\\/#breadcrumb\"},\"inLanguage\":\"pt-BR\",\"potentialAction\":[{\"@type\":\"ReadAction\",\"target\":[\"https:\\\/\\\/cnr.org.br\\\/novoportal\\\/sinoredi-ce-comunicado-sobre-a-extincao-do-salario-educacao\\\/\"]}]},{\"@type\":\"ImageObject\",\"inLanguage\":\"pt-BR\",\"@id\":\"https:\\\/\\\/cnr.org.br\\\/novoportal\\\/sinoredi-ce-comunicado-sobre-a-extincao-do-salario-educacao\\\/#primaryimage\",\"url\":\"https:\\\/\\\/cnr.org.br\\\/site\\\/wp-content\\\/uploads\\\/2023\\\/07\\\/comunicado-17.07.png\",\"contentUrl\":\"https:\\\/\\\/cnr.org.br\\\/site\\\/wp-content\\\/uploads\\\/2023\\\/07\\\/comunicado-17.07.png\",\"width\":1940,\"height\":1240},{\"@type\":\"BreadcrumbList\",\"@id\":\"https:\\\/\\\/cnr.org.br\\\/novoportal\\\/sinoredi-ce-comunicado-sobre-a-extincao-do-salario-educacao\\\/#breadcrumb\",\"itemListElement\":[{\"@type\":\"ListItem\",\"position\":1,\"name\":\"In\u00edcio\",\"item\":\"https:\\\/\\\/cnr.org.br\\\/site\\\/\"},{\"@type\":\"ListItem\",\"position\":2,\"name\":\"SINOREDI-CE: COMUNICADO SOBRE A EXTIN\u00c7\u00c3O DO SAL\u00c1RIO-EDUCA\u00c7\u00c3O\"}]},{\"@type\":\"WebSite\",\"@id\":\"https:\\\/\\\/cnr.org.br\\\/novoportal\\\/#website\",\"url\":\"https:\\\/\\\/cnr.org.br\\\/novoportal\\\/\",\"name\":\"CNR\",\"description\":\"Confedera\u00e7\u00e3o Nacional de Not\u00e1rios e Registradores\",\"publisher\":{\"@id\":\"https:\\\/\\\/cnr.org.br\\\/novoportal\\\/#organization\"},\"potentialAction\":[{\"@type\":\"SearchAction\",\"target\":{\"@type\":\"EntryPoint\",\"urlTemplate\":\"https:\\\/\\\/cnr.org.br\\\/novoportal\\\/?s={search_term_string}\"},\"query-input\":{\"@type\":\"PropertyValueSpecification\",\"valueRequired\":true,\"valueName\":\"search_term_string\"}}],\"inLanguage\":\"pt-BR\"},{\"@type\":\"Organization\",\"@id\":\"https:\\\/\\\/cnr.org.br\\\/novoportal\\\/#organization\",\"name\":\"CNR\",\"url\":\"https:\\\/\\\/cnr.org.br\\\/novoportal\\\/\",\"logo\":{\"@type\":\"ImageObject\",\"inLanguage\":\"pt-BR\",\"@id\":\"https:\\\/\\\/cnr.org.br\\\/novoportal\\\/#\\\/schema\\\/logo\\\/image\\\/\",\"url\":\"https:\\\/\\\/cnr.org.br\\\/site\\\/wp-content\\\/uploads\\\/2026\\\/02\\\/Logo_CNR_completa_colorida_2024.png\",\"contentUrl\":\"https:\\\/\\\/cnr.org.br\\\/site\\\/wp-content\\\/uploads\\\/2026\\\/02\\\/Logo_CNR_completa_colorida_2024.png\",\"width\":910,\"height\":450,\"caption\":\"CNR\"},\"image\":{\"@id\":\"https:\\\/\\\/cnr.org.br\\\/novoportal\\\/#\\\/schema\\\/logo\\\/image\\\/\"}},{\"@type\":\"Person\",\"@id\":\"https:\\\/\\\/cnr.org.br\\\/novoportal\\\/#\\\/schema\\\/person\\\/1f46209cd8c9d3d9887a0765b64ca66b\",\"name\":\"Imprensa CNR\",\"sameAs\":[\"https:\\\/\\\/cnr.org.br\\\/site\"],\"url\":\"https:\\\/\\\/cnr.org.br\\\/site\\\/author\\\/imprensa\\\/\"}]}<\/script>\n<!-- \/ Yoast SEO plugin. -->","yoast_head_json":{"title":"SINOREDI-CE: COMUNICADO SOBRE A EXTIN\u00c7\u00c3O DO SAL\u00c1RIO-EDUCA\u00c7\u00c3O - CNR","robots":{"index":"index","follow":"follow","max-snippet":"max-snippet:-1","max-image-preview":"max-image-preview:large","max-video-preview":"max-video-preview:-1"},"canonical":"https:\/\/cnr.org.br\/novoportal\/sinoredi-ce-comunicado-sobre-a-extincao-do-salario-educacao\/","og_locale":"pt_BR","og_type":"article","og_title":"SINOREDI-CE: COMUNICADO SOBRE A EXTIN\u00c7\u00c3O DO SAL\u00c1RIO-EDUCA\u00c7\u00c3O - CNR","og_description":"O SINOREDI-CE presta informa\u00e7\u00f5es e esclarecimentos importantes sobre a extin\u00e7\u00e3o da cobran\u00e7a do tributo sal\u00e1rio-educa\u00e7\u00e3o. A a\u00e7\u00e3o declarat\u00f3ria coletiva cumulada com repeti\u00e7\u00e3o de ind\u00e9bito movida pelo SINOREDI-CE teve senten\u00e7a favor\u00e1vel proferida pela 7\u00aa Vara Federal de Fortaleza, no sentido de desobrigar todos os not\u00e1rios, registradores e distribuidores com atividade no estado do Cear\u00e1 do recolhimento [&hellip;]","og_url":"https:\/\/cnr.org.br\/novoportal\/sinoredi-ce-comunicado-sobre-a-extincao-do-salario-educacao\/","og_site_name":"CNR","article_published_time":"2023-10-20T20:35:13+00:00","article_modified_time":"2023-10-20T20:35:50+00:00","og_image":[{"width":1024,"height":655,"url":"https:\/\/cnr.org.br\/novoportal\/wp-content\/uploads\/2023\/07\/comunicado-17.07-1024x655.png","type":"image\/png"}],"author":"Imprensa CNR","twitter_card":"summary_large_image","twitter_misc":{"Escrito por":"Imprensa CNR","Est. tempo de leitura":"2 minutos"},"schema":{"@context":"https:\/\/schema.org","@graph":[{"@type":"Article","@id":"https:\/\/cnr.org.br\/novoportal\/sinoredi-ce-comunicado-sobre-a-extincao-do-salario-educacao\/#article","isPartOf":{"@id":"https:\/\/cnr.org.br\/novoportal\/sinoredi-ce-comunicado-sobre-a-extincao-do-salario-educacao\/"},"author":{"name":"Imprensa CNR","@id":"https:\/\/cnr.org.br\/novoportal\/#\/schema\/person\/1f46209cd8c9d3d9887a0765b64ca66b"},"headline":"SINOREDI-CE: COMUNICADO SOBRE A EXTIN\u00c7\u00c3O DO SAL\u00c1RIO-EDUCA\u00c7\u00c3O","datePublished":"2023-10-20T20:35:13+00:00","dateModified":"2023-10-20T20:35:50+00:00","mainEntityOfPage":{"@id":"https:\/\/cnr.org.br\/novoportal\/sinoredi-ce-comunicado-sobre-a-extincao-do-salario-educacao\/"},"wordCount":245,"publisher":{"@id":"https:\/\/cnr.org.br\/novoportal\/#organization"},"image":{"@id":"https:\/\/cnr.org.br\/novoportal\/sinoredi-ce-comunicado-sobre-a-extincao-do-salario-educacao\/#primaryimage"},"thumbnailUrl":"https:\/\/cnr.org.br\/site\/wp-content\/uploads\/2023\/07\/comunicado-17.07.png","articleSection":["Not\u00edcia","\u00daltimas Not\u00edcias"],"inLanguage":"pt-BR"},{"@type":"WebPage","@id":"https:\/\/cnr.org.br\/novoportal\/sinoredi-ce-comunicado-sobre-a-extincao-do-salario-educacao\/","url":"https:\/\/cnr.org.br\/novoportal\/sinoredi-ce-comunicado-sobre-a-extincao-do-salario-educacao\/","name":"SINOREDI-CE: COMUNICADO SOBRE A EXTIN\u00c7\u00c3O DO SAL\u00c1RIO-EDUCA\u00c7\u00c3O - CNR","isPartOf":{"@id":"https:\/\/cnr.org.br\/novoportal\/#website"},"primaryImageOfPage":{"@id":"https:\/\/cnr.org.br\/novoportal\/sinoredi-ce-comunicado-sobre-a-extincao-do-salario-educacao\/#primaryimage"},"image":{"@id":"https:\/\/cnr.org.br\/novoportal\/sinoredi-ce-comunicado-sobre-a-extincao-do-salario-educacao\/#primaryimage"},"thumbnailUrl":"https:\/\/cnr.org.br\/site\/wp-content\/uploads\/2023\/07\/comunicado-17.07.png","datePublished":"2023-10-20T20:35:13+00:00","dateModified":"2023-10-20T20:35:50+00:00","breadcrumb":{"@id":"https:\/\/cnr.org.br\/novoportal\/sinoredi-ce-comunicado-sobre-a-extincao-do-salario-educacao\/#breadcrumb"},"inLanguage":"pt-BR","potentialAction":[{"@type":"ReadAction","target":["https:\/\/cnr.org.br\/novoportal\/sinoredi-ce-comunicado-sobre-a-extincao-do-salario-educacao\/"]}]},{"@type":"ImageObject","inLanguage":"pt-BR","@id":"https:\/\/cnr.org.br\/novoportal\/sinoredi-ce-comunicado-sobre-a-extincao-do-salario-educacao\/#primaryimage","url":"https:\/\/cnr.org.br\/site\/wp-content\/uploads\/2023\/07\/comunicado-17.07.png","contentUrl":"https:\/\/cnr.org.br\/site\/wp-content\/uploads\/2023\/07\/comunicado-17.07.png","width":1940,"height":1240},{"@type":"BreadcrumbList","@id":"https:\/\/cnr.org.br\/novoportal\/sinoredi-ce-comunicado-sobre-a-extincao-do-salario-educacao\/#breadcrumb","itemListElement":[{"@type":"ListItem","position":1,"name":"In\u00edcio","item":"https:\/\/cnr.org.br\/site\/"},{"@type":"ListItem","position":2,"name":"SINOREDI-CE: COMUNICADO SOBRE A EXTIN\u00c7\u00c3O DO SAL\u00c1RIO-EDUCA\u00c7\u00c3O"}]},{"@type":"WebSite","@id":"https:\/\/cnr.org.br\/novoportal\/#website","url":"https:\/\/cnr.org.br\/novoportal\/","name":"CNR","description":"Confedera\u00e7\u00e3o Nacional de Not\u00e1rios e Registradores","publisher":{"@id":"https:\/\/cnr.org.br\/novoportal\/#organization"},"potentialAction":[{"@type":"SearchAction","target":{"@type":"EntryPoint","urlTemplate":"https:\/\/cnr.org.br\/novoportal\/?s={search_term_string}"},"query-input":{"@type":"PropertyValueSpecification","valueRequired":true,"valueName":"search_term_string"}}],"inLanguage":"pt-BR"},{"@type":"Organization","@id":"https:\/\/cnr.org.br\/novoportal\/#organization","name":"CNR","url":"https:\/\/cnr.org.br\/novoportal\/","logo":{"@type":"ImageObject","inLanguage":"pt-BR","@id":"https:\/\/cnr.org.br\/novoportal\/#\/schema\/logo\/image\/","url":"https:\/\/cnr.org.br\/site\/wp-content\/uploads\/2026\/02\/Logo_CNR_completa_colorida_2024.png","contentUrl":"https:\/\/cnr.org.br\/site\/wp-content\/uploads\/2026\/02\/Logo_CNR_completa_colorida_2024.png","width":910,"height":450,"caption":"CNR"},"image":{"@id":"https:\/\/cnr.org.br\/novoportal\/#\/schema\/logo\/image\/"}},{"@type":"Person","@id":"https:\/\/cnr.org.br\/novoportal\/#\/schema\/person\/1f46209cd8c9d3d9887a0765b64ca66b","name":"Imprensa CNR","sameAs":["https:\/\/cnr.org.br\/site"],"url":"https:\/\/cnr.org.br\/site\/author\/imprensa\/"}]}},"_links":{"self":[{"href":"https:\/\/cnr.org.br\/site\/wp-json\/wp\/v2\/posts\/86408","targetHints":{"allow":["GET"]}}],"collection":[{"href":"https:\/\/cnr.org.br\/site\/wp-json\/wp\/v2\/posts"}],"about":[{"href":"https:\/\/cnr.org.br\/site\/wp-json\/wp\/v2\/types\/post"}],"author":[{"embeddable":true,"href":"https:\/\/cnr.org.br\/site\/wp-json\/wp\/v2\/users\/2"}],"replies":[{"embeddable":true,"href":"https:\/\/cnr.org.br\/site\/wp-json\/wp\/v2\/comments?post=86408"}],"version-history":[{"count":0,"href":"https:\/\/cnr.org.br\/site\/wp-json\/wp\/v2\/posts\/86408\/revisions"}],"wp:featuredmedia":[{"embeddable":true,"href":"https:\/\/cnr.org.br\/site\/wp-json\/wp\/v2\/media\/85959"}],"wp:attachment":[{"href":"https:\/\/cnr.org.br\/site\/wp-json\/wp\/v2\/media?parent=86408"}],"wp:term":[{"taxonomy":"category","embeddable":true,"href":"https:\/\/cnr.org.br\/site\/wp-json\/wp\/v2\/categories?post=86408"},{"taxonomy":"post_tag","embeddable":true,"href":"https:\/\/cnr.org.br\/site\/wp-json\/wp\/v2\/tags?post=86408"}],"curies":[{"name":"wp","href":"https:\/\/api.w.org\/{rel}","templated":true}]}}