{"id":86652,"date":"2023-12-08T17:05:22","date_gmt":"2023-12-08T20:05:22","guid":{"rendered":"https:\/\/cnr.org.br\/site\/?p=86652"},"modified":"2023-12-08T17:05:25","modified_gmt":"2023-12-08T20:05:25","slug":"governo-inclui-covid-19-burnout-e-cancer-como-doencas-do-trabalho","status":"publish","type":"post","link":"https:\/\/cnr.org.br\/site\/governo-inclui-covid-19-burnout-e-cancer-como-doencas-do-trabalho\/","title":{"rendered":"Governo inclui covid-19, burnout e c\u00e2ncer como doen\u00e7as do trabalho"},"content":{"rendered":"<div id=\"dslc-theme-content\"><div id=\"dslc-theme-content-inner\">\n<p><strong><em>O Minist\u00e9rio da Sa\u00fade anunciou, na \u00faltima quarta-feira (29), a atualiza\u00e7\u00e3o na lista de doen\u00e7as relacionadas ao trabalho. <a href=\"https:\/\/www.in.gov.br\/web\/dou\/-\/portaria-gm\/ms-n-1.999-de-27-de-novembro-de-2023-526629116\">Portaria GM\/MS 1.999<\/a> foi publicada, em 27 de novembro, incluindo 165 novas patologias, apontadas como respons\u00e1veis por danos \u00e0 integridade f\u00edsica ou mental do trabalhador.<\/em><\/strong><\/p>\n\n\n\n<p>Entre as patologias est\u00e3o a covid-19, dist\u00farbios m\u00fasculos esquel\u00e9ticos e alguns tipos de c\u00e2nceres.<\/p>\n\n\n\n<p>Transtornos mentais como Burnout, ansiedade, depress\u00e3o e tentativa de suic\u00eddio tamb\u00e9m foram acrescentadas \u00e0 lista. Foi ainda reconhecido que o uso de determinadas drogas pode ser consequ\u00eancia de jornadas exaustivas e ass\u00e9dio moral, da mesma forma como o abuso de \u00e1lcool que j\u00e1 constava na lista.<\/p>\n\n\n\n<p>Os ajustes receberam parecer favor\u00e1vel dos minist\u00e9rios do Trabalho e Emprego e da Previd\u00eancia Social e passam a valer em 30 dias.<\/p>\n\n\n\n<p><strong>Planejamento de medidas de assist\u00eancia e vigil\u00e2ncia<\/strong><br>Com as mudan\u00e7as, o poder p\u00fablico dever\u00e1 planejar medidas de assist\u00eancia e vigil\u00e2ncia para evitar essas doen\u00e7as em locais de trabalho, possibilitando ambientes laborais mais seguros e saud\u00e1veis.<\/p>\n\n\n\n<p>As altera\u00e7\u00f5es tamb\u00e9m d\u00e3o respaldo para a fiscaliza\u00e7\u00e3o dos auditores fiscais do trabalho, favorecem o acesso a benef\u00edcios previdenci\u00e1rios e d\u00e1 mais prote\u00e7\u00e3o ao trabalhador diagnosticado pelas doen\u00e7as elencadas. A atualiza\u00e7\u00e3o leva em conta todas as ocupa\u00e7\u00f5es. Ou seja, vale para trabalhadores formais e informais, que atuam no meio urbano ou rural.<\/p>\n\n\n\n<p><strong>Lista de doen\u00e7as ocupacionais<\/strong><br>A lista de doen\u00e7as ocupacionais foi institu\u00edda em 1999. O documento \u00e9 composto de 2 partes: a primeira apresenta os riscos para o desenvolvimento de doen\u00e7as e a segunda estabelece as doen\u00e7as para identifica\u00e7\u00e3o, diagn\u00f3stico e tratamento.<\/p>\n\n\n\n<p>Com a atualiza\u00e7\u00e3o, a quantidade de c\u00f3digos de diagn\u00f3sticos passa de 182 para 347. A lista pode ser conferida no Di\u00e1rio Oficial da Uni\u00e3o.<\/p>\n\n\n\n<p>De acordo com o Minist\u00e9rio da Sa\u00fade, a atualiza\u00e7\u00e3o foi prioridade da nova gest\u00e3o e reflete a retomada do protagonismo da coordena\u00e7\u00e3o nacional da pol\u00edtica de sa\u00fade do trabalhador.<\/p>\n\n\n\n<p>As inclus\u00f5es foram avaliadas pela Renast (Rede Nacional de Aten\u00e7\u00e3o Integral \u00e0 Sa\u00fade do Trabalhador) no 11\u00ba encontro conhecido como Renast\u00e3o, que come\u00e7ou dia 27, e se encerrou na \u00faltima quarta-feira (29), em Bras\u00edlia.<\/p>\n\n\n\n<p><strong>Renast tem papel estrat\u00e9gico<\/strong><br>Institu\u00edda em 2002, a Renast tem papel estrat\u00e9gico no desenvolvimento da aten\u00e7\u00e3o integral \u00e0 sa\u00fade do trabalhador e envolve o Minist\u00e9rio da Sa\u00fade e as secretarias de sa\u00fade de estados, munic\u00edpios e do Distrito Federal.<\/p>\n\n\n\n<p>Quase 3 milh\u00f5es de casos de doen\u00e7as ocupacionais foram atendidos pelo SUS entre 2007 e 2022, segundo apontam dados do Sinan (Sistema de Informa\u00e7\u00e3o de Agravos de Notifica\u00e7\u00e3o), que \u00e9 gerenciado pelo Minist\u00e9rio da Sa\u00fade. De todas as notifica\u00e7\u00f5es, 52,9% est\u00e1 relacionada com acidentes de trabalho graves.<\/p>\n\n\n\n<p>Conforme os dados do Sinan, 26,8% das notifica\u00e7\u00f5es foram geradas pela exposi\u00e7\u00e3o a material biol\u00f3gico; 12,2% devido a acidente com animais pe\u00e7onhentos; e 3,7% por les\u00f5es por esfor\u00e7os repetitivos ou dist\u00farbios osteomusculares relacionados ao trabalho.<\/p>\n\n\n\n<p>Somente em 2023, j\u00e1 s\u00e3o mais de 390 mil casos notificados de doen\u00e7as relacionados ao trabalho. <\/p>\n\n\n\n<p>Fonte: <em>Com informa\u00e7\u00f5es do portal Migalhas e Ag\u00eancia Brasil<\/em><\/p>\n<\/div><\/div>","protected":false},"excerpt":{"rendered":"<p>O Minist\u00e9rio da Sa\u00fade anunciou, na \u00faltima quarta-feira (29), a atualiza\u00e7\u00e3o na lista de doen\u00e7as relacionadas ao trabalho. Portaria GM\/MS 1.999 foi publicada, em 27 de novembro, incluindo 165 novas patologias, apontadas como respons\u00e1veis por danos \u00e0 integridade f\u00edsica ou mental do trabalhador. Entre as patologias est\u00e3o a covid-19, dist\u00farbios m\u00fasculos esquel\u00e9ticos e alguns tipos [&hellip;]<\/p>\n","protected":false},"author":2,"featured_media":18632,"comment_status":"closed","ping_status":"closed","sticky":false,"template":"","format":"standard","meta":{"footnotes":"","_links_to":"","_links_to_target":""},"categories":[55,47],"tags":[],"class_list":["post-86652","post","type-post","status-publish","format-standard","has-post-thumbnail","hentry","category-noticia","category-ultimas-noticias"],"yoast_head":"<!-- This site is optimized with the Yoast SEO plugin v27.5 - https:\/\/yoast.com\/product\/yoast-seo-wordpress\/ -->\n<title>Governo inclui covid-19, burnout e c\u00e2ncer como doen\u00e7as do trabalho - CNR<\/title>\n<meta name=\"robots\" content=\"index, follow, max-snippet:-1, max-image-preview:large, max-video-preview:-1\" \/>\n<link rel=\"canonical\" href=\"https:\/\/cnr.org.br\/novoportal\/governo-inclui-covid-19-burnout-e-cancer-como-doencas-do-trabalho\/\" \/>\n<meta property=\"og:locale\" content=\"pt_BR\" \/>\n<meta property=\"og:type\" content=\"article\" \/>\n<meta property=\"og:title\" content=\"Governo inclui covid-19, burnout e c\u00e2ncer como doen\u00e7as do trabalho - CNR\" \/>\n<meta property=\"og:description\" content=\"O Minist\u00e9rio da Sa\u00fade anunciou, na \u00faltima quarta-feira (29), a atualiza\u00e7\u00e3o na lista de doen\u00e7as relacionadas ao trabalho. Portaria GM\/MS 1.999 foi publicada, em 27 de novembro, incluindo 165 novas patologias, apontadas como respons\u00e1veis por danos \u00e0 integridade f\u00edsica ou mental do trabalhador. Entre as patologias est\u00e3o a covid-19, dist\u00farbios m\u00fasculos esquel\u00e9ticos e alguns tipos [&hellip;]\" \/>\n<meta property=\"og:url\" content=\"https:\/\/cnr.org.br\/novoportal\/governo-inclui-covid-19-burnout-e-cancer-como-doencas-do-trabalho\/\" \/>\n<meta property=\"og:site_name\" content=\"CNR\" \/>\n<meta property=\"article:published_time\" content=\"2023-12-08T20:05:22+00:00\" \/>\n<meta property=\"article:modified_time\" content=\"2023-12-08T20:05:25+00:00\" \/>\n<meta property=\"og:image\" content=\"https:\/\/cnr.org.br\/novoportal\/wp-content\/uploads\/2020\/05\/Cart\u00f3rios-contra-a-COVID19_CNR_PostLink.jpg\" \/>\n\t<meta property=\"og:image:width\" content=\"1201\" \/>\n\t<meta property=\"og:image:height\" content=\"628\" \/>\n\t<meta property=\"og:image:type\" content=\"image\/jpeg\" \/>\n<meta name=\"author\" content=\"Imprensa CNR\" \/>\n<meta name=\"twitter:card\" content=\"summary_large_image\" \/>\n<meta name=\"twitter:label1\" content=\"Escrito por\" \/>\n\t<meta name=\"twitter:data1\" content=\"Imprensa CNR\" \/>\n\t<meta name=\"twitter:label2\" content=\"Est. tempo de leitura\" \/>\n\t<meta name=\"twitter:data2\" content=\"3 minutos\" \/>\n<script type=\"application\/ld+json\" class=\"yoast-schema-graph\">{\"@context\":\"https:\\\/\\\/schema.org\",\"@graph\":[{\"@type\":\"Article\",\"@id\":\"https:\\\/\\\/cnr.org.br\\\/novoportal\\\/governo-inclui-covid-19-burnout-e-cancer-como-doencas-do-trabalho\\\/#article\",\"isPartOf\":{\"@id\":\"https:\\\/\\\/cnr.org.br\\\/novoportal\\\/governo-inclui-covid-19-burnout-e-cancer-como-doencas-do-trabalho\\\/\"},\"author\":{\"name\":\"Imprensa CNR\",\"@id\":\"https:\\\/\\\/cnr.org.br\\\/novoportal\\\/#\\\/schema\\\/person\\\/1f46209cd8c9d3d9887a0765b64ca66b\"},\"headline\":\"Governo inclui covid-19, burnout e c\u00e2ncer como doen\u00e7as do trabalho\",\"datePublished\":\"2023-12-08T20:05:22+00:00\",\"dateModified\":\"2023-12-08T20:05:25+00:00\",\"mainEntityOfPage\":{\"@id\":\"https:\\\/\\\/cnr.org.br\\\/novoportal\\\/governo-inclui-covid-19-burnout-e-cancer-como-doencas-do-trabalho\\\/\"},\"wordCount\":560,\"publisher\":{\"@id\":\"https:\\\/\\\/cnr.org.br\\\/novoportal\\\/#organization\"},\"image\":{\"@id\":\"https:\\\/\\\/cnr.org.br\\\/novoportal\\\/governo-inclui-covid-19-burnout-e-cancer-como-doencas-do-trabalho\\\/#primaryimage\"},\"thumbnailUrl\":\"https:\\\/\\\/cnr.org.br\\\/site\\\/wp-content\\\/uploads\\\/2020\\\/05\\\/Cart\u00f3rios-contra-a-COVID19_CNR_PostLink.jpg\",\"articleSection\":[\"Not\u00edcia\",\"\u00daltimas Not\u00edcias\"],\"inLanguage\":\"pt-BR\"},{\"@type\":\"WebPage\",\"@id\":\"https:\\\/\\\/cnr.org.br\\\/novoportal\\\/governo-inclui-covid-19-burnout-e-cancer-como-doencas-do-trabalho\\\/\",\"url\":\"https:\\\/\\\/cnr.org.br\\\/novoportal\\\/governo-inclui-covid-19-burnout-e-cancer-como-doencas-do-trabalho\\\/\",\"name\":\"Governo inclui covid-19, burnout e c\u00e2ncer como doen\u00e7as do trabalho - CNR\",\"isPartOf\":{\"@id\":\"https:\\\/\\\/cnr.org.br\\\/novoportal\\\/#website\"},\"primaryImageOfPage\":{\"@id\":\"https:\\\/\\\/cnr.org.br\\\/novoportal\\\/governo-inclui-covid-19-burnout-e-cancer-como-doencas-do-trabalho\\\/#primaryimage\"},\"image\":{\"@id\":\"https:\\\/\\\/cnr.org.br\\\/novoportal\\\/governo-inclui-covid-19-burnout-e-cancer-como-doencas-do-trabalho\\\/#primaryimage\"},\"thumbnailUrl\":\"https:\\\/\\\/cnr.org.br\\\/site\\\/wp-content\\\/uploads\\\/2020\\\/05\\\/Cart\u00f3rios-contra-a-COVID19_CNR_PostLink.jpg\",\"datePublished\":\"2023-12-08T20:05:22+00:00\",\"dateModified\":\"2023-12-08T20:05:25+00:00\",\"breadcrumb\":{\"@id\":\"https:\\\/\\\/cnr.org.br\\\/novoportal\\\/governo-inclui-covid-19-burnout-e-cancer-como-doencas-do-trabalho\\\/#breadcrumb\"},\"inLanguage\":\"pt-BR\",\"potentialAction\":[{\"@type\":\"ReadAction\",\"target\":[\"https:\\\/\\\/cnr.org.br\\\/novoportal\\\/governo-inclui-covid-19-burnout-e-cancer-como-doencas-do-trabalho\\\/\"]}]},{\"@type\":\"ImageObject\",\"inLanguage\":\"pt-BR\",\"@id\":\"https:\\\/\\\/cnr.org.br\\\/novoportal\\\/governo-inclui-covid-19-burnout-e-cancer-como-doencas-do-trabalho\\\/#primaryimage\",\"url\":\"https:\\\/\\\/cnr.org.br\\\/site\\\/wp-content\\\/uploads\\\/2020\\\/05\\\/Cart\u00f3rios-contra-a-COVID19_CNR_PostLink.jpg\",\"contentUrl\":\"https:\\\/\\\/cnr.org.br\\\/site\\\/wp-content\\\/uploads\\\/2020\\\/05\\\/Cart\u00f3rios-contra-a-COVID19_CNR_PostLink.jpg\",\"width\":1201,\"height\":628,\"caption\":\"Cart\u00f3rios contra a Covid-19\"},{\"@type\":\"BreadcrumbList\",\"@id\":\"https:\\\/\\\/cnr.org.br\\\/novoportal\\\/governo-inclui-covid-19-burnout-e-cancer-como-doencas-do-trabalho\\\/#breadcrumb\",\"itemListElement\":[{\"@type\":\"ListItem\",\"position\":1,\"name\":\"In\u00edcio\",\"item\":\"https:\\\/\\\/cnr.org.br\\\/site\\\/\"},{\"@type\":\"ListItem\",\"position\":2,\"name\":\"Governo inclui covid-19, burnout e c\u00e2ncer como doen\u00e7as do trabalho\"}]},{\"@type\":\"WebSite\",\"@id\":\"https:\\\/\\\/cnr.org.br\\\/novoportal\\\/#website\",\"url\":\"https:\\\/\\\/cnr.org.br\\\/novoportal\\\/\",\"name\":\"CNR\",\"description\":\"Confedera\u00e7\u00e3o Nacional de Not\u00e1rios e Registradores\",\"publisher\":{\"@id\":\"https:\\\/\\\/cnr.org.br\\\/novoportal\\\/#organization\"},\"potentialAction\":[{\"@type\":\"SearchAction\",\"target\":{\"@type\":\"EntryPoint\",\"urlTemplate\":\"https:\\\/\\\/cnr.org.br\\\/novoportal\\\/?s={search_term_string}\"},\"query-input\":{\"@type\":\"PropertyValueSpecification\",\"valueRequired\":true,\"valueName\":\"search_term_string\"}}],\"inLanguage\":\"pt-BR\"},{\"@type\":\"Organization\",\"@id\":\"https:\\\/\\\/cnr.org.br\\\/novoportal\\\/#organization\",\"name\":\"CNR\",\"url\":\"https:\\\/\\\/cnr.org.br\\\/novoportal\\\/\",\"logo\":{\"@type\":\"ImageObject\",\"inLanguage\":\"pt-BR\",\"@id\":\"https:\\\/\\\/cnr.org.br\\\/novoportal\\\/#\\\/schema\\\/logo\\\/image\\\/\",\"url\":\"https:\\\/\\\/cnr.org.br\\\/site\\\/wp-content\\\/uploads\\\/2026\\\/02\\\/Logo_CNR_completa_colorida_2024.png\",\"contentUrl\":\"https:\\\/\\\/cnr.org.br\\\/site\\\/wp-content\\\/uploads\\\/2026\\\/02\\\/Logo_CNR_completa_colorida_2024.png\",\"width\":910,\"height\":450,\"caption\":\"CNR\"},\"image\":{\"@id\":\"https:\\\/\\\/cnr.org.br\\\/novoportal\\\/#\\\/schema\\\/logo\\\/image\\\/\"}},{\"@type\":\"Person\",\"@id\":\"https:\\\/\\\/cnr.org.br\\\/novoportal\\\/#\\\/schema\\\/person\\\/1f46209cd8c9d3d9887a0765b64ca66b\",\"name\":\"Imprensa CNR\",\"sameAs\":[\"https:\\\/\\\/cnr.org.br\\\/site\"],\"url\":\"https:\\\/\\\/cnr.org.br\\\/site\\\/author\\\/imprensa\\\/\"}]}<\/script>\n<!-- \/ Yoast SEO plugin. -->","yoast_head_json":{"title":"Governo inclui covid-19, burnout e c\u00e2ncer como doen\u00e7as do trabalho - CNR","robots":{"index":"index","follow":"follow","max-snippet":"max-snippet:-1","max-image-preview":"max-image-preview:large","max-video-preview":"max-video-preview:-1"},"canonical":"https:\/\/cnr.org.br\/novoportal\/governo-inclui-covid-19-burnout-e-cancer-como-doencas-do-trabalho\/","og_locale":"pt_BR","og_type":"article","og_title":"Governo inclui covid-19, burnout e c\u00e2ncer como doen\u00e7as do trabalho - CNR","og_description":"O Minist\u00e9rio da Sa\u00fade anunciou, na \u00faltima quarta-feira (29), a atualiza\u00e7\u00e3o na lista de doen\u00e7as relacionadas ao trabalho. Portaria GM\/MS 1.999 foi publicada, em 27 de novembro, incluindo 165 novas patologias, apontadas como respons\u00e1veis por danos \u00e0 integridade f\u00edsica ou mental do trabalhador. Entre as patologias est\u00e3o a covid-19, dist\u00farbios m\u00fasculos esquel\u00e9ticos e alguns tipos [&hellip;]","og_url":"https:\/\/cnr.org.br\/novoportal\/governo-inclui-covid-19-burnout-e-cancer-como-doencas-do-trabalho\/","og_site_name":"CNR","article_published_time":"2023-12-08T20:05:22+00:00","article_modified_time":"2023-12-08T20:05:25+00:00","og_image":[{"width":1201,"height":628,"url":"https:\/\/cnr.org.br\/novoportal\/wp-content\/uploads\/2020\/05\/Cart\u00f3rios-contra-a-COVID19_CNR_PostLink.jpg","type":"image\/jpeg"}],"author":"Imprensa CNR","twitter_card":"summary_large_image","twitter_misc":{"Escrito por":"Imprensa CNR","Est. tempo de leitura":"3 minutos"},"schema":{"@context":"https:\/\/schema.org","@graph":[{"@type":"Article","@id":"https:\/\/cnr.org.br\/novoportal\/governo-inclui-covid-19-burnout-e-cancer-como-doencas-do-trabalho\/#article","isPartOf":{"@id":"https:\/\/cnr.org.br\/novoportal\/governo-inclui-covid-19-burnout-e-cancer-como-doencas-do-trabalho\/"},"author":{"name":"Imprensa CNR","@id":"https:\/\/cnr.org.br\/novoportal\/#\/schema\/person\/1f46209cd8c9d3d9887a0765b64ca66b"},"headline":"Governo inclui covid-19, burnout e c\u00e2ncer como doen\u00e7as do trabalho","datePublished":"2023-12-08T20:05:22+00:00","dateModified":"2023-12-08T20:05:25+00:00","mainEntityOfPage":{"@id":"https:\/\/cnr.org.br\/novoportal\/governo-inclui-covid-19-burnout-e-cancer-como-doencas-do-trabalho\/"},"wordCount":560,"publisher":{"@id":"https:\/\/cnr.org.br\/novoportal\/#organization"},"image":{"@id":"https:\/\/cnr.org.br\/novoportal\/governo-inclui-covid-19-burnout-e-cancer-como-doencas-do-trabalho\/#primaryimage"},"thumbnailUrl":"https:\/\/cnr.org.br\/site\/wp-content\/uploads\/2020\/05\/Cart\u00f3rios-contra-a-COVID19_CNR_PostLink.jpg","articleSection":["Not\u00edcia","\u00daltimas Not\u00edcias"],"inLanguage":"pt-BR"},{"@type":"WebPage","@id":"https:\/\/cnr.org.br\/novoportal\/governo-inclui-covid-19-burnout-e-cancer-como-doencas-do-trabalho\/","url":"https:\/\/cnr.org.br\/novoportal\/governo-inclui-covid-19-burnout-e-cancer-como-doencas-do-trabalho\/","name":"Governo inclui covid-19, burnout e c\u00e2ncer como doen\u00e7as do trabalho - CNR","isPartOf":{"@id":"https:\/\/cnr.org.br\/novoportal\/#website"},"primaryImageOfPage":{"@id":"https:\/\/cnr.org.br\/novoportal\/governo-inclui-covid-19-burnout-e-cancer-como-doencas-do-trabalho\/#primaryimage"},"image":{"@id":"https:\/\/cnr.org.br\/novoportal\/governo-inclui-covid-19-burnout-e-cancer-como-doencas-do-trabalho\/#primaryimage"},"thumbnailUrl":"https:\/\/cnr.org.br\/site\/wp-content\/uploads\/2020\/05\/Cart\u00f3rios-contra-a-COVID19_CNR_PostLink.jpg","datePublished":"2023-12-08T20:05:22+00:00","dateModified":"2023-12-08T20:05:25+00:00","breadcrumb":{"@id":"https:\/\/cnr.org.br\/novoportal\/governo-inclui-covid-19-burnout-e-cancer-como-doencas-do-trabalho\/#breadcrumb"},"inLanguage":"pt-BR","potentialAction":[{"@type":"ReadAction","target":["https:\/\/cnr.org.br\/novoportal\/governo-inclui-covid-19-burnout-e-cancer-como-doencas-do-trabalho\/"]}]},{"@type":"ImageObject","inLanguage":"pt-BR","@id":"https:\/\/cnr.org.br\/novoportal\/governo-inclui-covid-19-burnout-e-cancer-como-doencas-do-trabalho\/#primaryimage","url":"https:\/\/cnr.org.br\/site\/wp-content\/uploads\/2020\/05\/Cart\u00f3rios-contra-a-COVID19_CNR_PostLink.jpg","contentUrl":"https:\/\/cnr.org.br\/site\/wp-content\/uploads\/2020\/05\/Cart\u00f3rios-contra-a-COVID19_CNR_PostLink.jpg","width":1201,"height":628,"caption":"Cart\u00f3rios contra a Covid-19"},{"@type":"BreadcrumbList","@id":"https:\/\/cnr.org.br\/novoportal\/governo-inclui-covid-19-burnout-e-cancer-como-doencas-do-trabalho\/#breadcrumb","itemListElement":[{"@type":"ListItem","position":1,"name":"In\u00edcio","item":"https:\/\/cnr.org.br\/site\/"},{"@type":"ListItem","position":2,"name":"Governo inclui covid-19, burnout e c\u00e2ncer como doen\u00e7as do trabalho"}]},{"@type":"WebSite","@id":"https:\/\/cnr.org.br\/novoportal\/#website","url":"https:\/\/cnr.org.br\/novoportal\/","name":"CNR","description":"Confedera\u00e7\u00e3o Nacional de Not\u00e1rios e Registradores","publisher":{"@id":"https:\/\/cnr.org.br\/novoportal\/#organization"},"potentialAction":[{"@type":"SearchAction","target":{"@type":"EntryPoint","urlTemplate":"https:\/\/cnr.org.br\/novoportal\/?s={search_term_string}"},"query-input":{"@type":"PropertyValueSpecification","valueRequired":true,"valueName":"search_term_string"}}],"inLanguage":"pt-BR"},{"@type":"Organization","@id":"https:\/\/cnr.org.br\/novoportal\/#organization","name":"CNR","url":"https:\/\/cnr.org.br\/novoportal\/","logo":{"@type":"ImageObject","inLanguage":"pt-BR","@id":"https:\/\/cnr.org.br\/novoportal\/#\/schema\/logo\/image\/","url":"https:\/\/cnr.org.br\/site\/wp-content\/uploads\/2026\/02\/Logo_CNR_completa_colorida_2024.png","contentUrl":"https:\/\/cnr.org.br\/site\/wp-content\/uploads\/2026\/02\/Logo_CNR_completa_colorida_2024.png","width":910,"height":450,"caption":"CNR"},"image":{"@id":"https:\/\/cnr.org.br\/novoportal\/#\/schema\/logo\/image\/"}},{"@type":"Person","@id":"https:\/\/cnr.org.br\/novoportal\/#\/schema\/person\/1f46209cd8c9d3d9887a0765b64ca66b","name":"Imprensa CNR","sameAs":["https:\/\/cnr.org.br\/site"],"url":"https:\/\/cnr.org.br\/site\/author\/imprensa\/"}]}},"_links":{"self":[{"href":"https:\/\/cnr.org.br\/site\/wp-json\/wp\/v2\/posts\/86652","targetHints":{"allow":["GET"]}}],"collection":[{"href":"https:\/\/cnr.org.br\/site\/wp-json\/wp\/v2\/posts"}],"about":[{"href":"https:\/\/cnr.org.br\/site\/wp-json\/wp\/v2\/types\/post"}],"author":[{"embeddable":true,"href":"https:\/\/cnr.org.br\/site\/wp-json\/wp\/v2\/users\/2"}],"replies":[{"embeddable":true,"href":"https:\/\/cnr.org.br\/site\/wp-json\/wp\/v2\/comments?post=86652"}],"version-history":[{"count":0,"href":"https:\/\/cnr.org.br\/site\/wp-json\/wp\/v2\/posts\/86652\/revisions"}],"wp:featuredmedia":[{"embeddable":true,"href":"https:\/\/cnr.org.br\/site\/wp-json\/wp\/v2\/media\/18632"}],"wp:attachment":[{"href":"https:\/\/cnr.org.br\/site\/wp-json\/wp\/v2\/media?parent=86652"}],"wp:term":[{"taxonomy":"category","embeddable":true,"href":"https:\/\/cnr.org.br\/site\/wp-json\/wp\/v2\/categories?post=86652"},{"taxonomy":"post_tag","embeddable":true,"href":"https:\/\/cnr.org.br\/site\/wp-json\/wp\/v2\/tags?post=86652"}],"curies":[{"name":"wp","href":"https:\/\/api.w.org\/{rel}","templated":true}]}}