{"id":86879,"date":"2024-02-02T14:37:54","date_gmt":"2024-02-02T17:37:54","guid":{"rendered":"https:\/\/cnr.org.br\/site\/?p=86879"},"modified":"2024-02-02T14:37:56","modified_gmt":"2024-02-02T17:37:56","slug":"cnr-prestigia-posse-de-lewandowski-como-ministro-da-justica-e-seguranca-publica","status":"publish","type":"post","link":"https:\/\/cnr.org.br\/site\/cnr-prestigia-posse-de-lewandowski-como-ministro-da-justica-e-seguranca-publica\/","title":{"rendered":"CNR prestigia posse de Lewandowski como ministro da Justi\u00e7a e Seguran\u00e7a P\u00fablica"},"content":{"rendered":"<div id=\"dslc-theme-content\"><div id=\"dslc-theme-content-inner\">\n<p>A Confedera\u00e7\u00e3o Nacional de Not\u00e1rios e Registradores (CNR) foi uma das entidades de classe representadas na posse do novo ministro da Justi\u00e7a e Seguran\u00e7a P\u00fablica, Ricardo Lewandowski, realizada na \u00faltima quinta-feira (1\u00ba de fevereiro), em Bras\u00edlia. O ex-ministro do Supremo Tribunal Federal (STF) ocupar\u00e1 a vaga deixada por Fl\u00e1vio Dino, que passa a integrar a Suprema Corte.<\/p>\n\n\n\n<p>Na cerim\u00f4nia, Lewandowski se disse honrado pelo convite do presidente da Rep\u00fablica. \u201cRessalto que tenho muito orgulho de ter sido convidado pelo presidente Luiz In\u00e1cio Lula da Silva. Ali\u00e1s, tenho muito orgulho de participar de um projeto que busca os prop\u00f3sitos da Constituinte de 1988, explicitados no pre\u00e2mbulo da nossa Carta Magna\u201d, discursou.<\/p>\n\n\n\n<p>Com forma\u00e7\u00e3o em Ci\u00eancias Pol\u00edticas e Sociais, pela Escola de Sociologia e Pol\u00edtica de S\u00e3o Paulo (1971) e em Ci\u00eancias Jur\u00eddicas e Sociais pela Faculdade de Direito de S\u00e3o Bernardo do Campo (1973), Ricardo Lewandowski ocupou o cargo de ministro do STF durante 17 anos. Nesse per\u00edodo, ele exerceu a presid\u00eancia do STF e do Conselho Nacional de Justi\u00e7a (CNJ) de 2014 e 2016. Lewandowski foi tamb\u00e9m ministro do Tribunal Superior Eleitoral (TSE) e presidente do \u00f3rg\u00e3o entre 2010 e 2012.<\/p>\n\n\n\n<p>Assista a cerim\u00f4nia de posse do ministro:<\/p>\n\n\n\n<figure class=\"wp-block-embed is-type-video is-provider-youtube wp-block-embed-youtube wp-embed-aspect-16-9 wp-has-aspect-ratio\"><div class=\"wp-block-embed__wrapper\">\n<iframe loading=\"lazy\" title=\"Presidente Lula d\u00e1 posse ao novo Ministro da Justi\u00e7a e Seguran\u00e7a P\u00fablica, Ricardo Lewandowski\" width=\"1180\" height=\"664\" src=\"https:\/\/www.youtube.com\/embed\/GgP9u8rrqns?feature=oembed\" frameborder=\"0\" allow=\"accelerometer; autoplay; clipboard-write; encrypted-media; gyroscope; picture-in-picture; web-share\" referrerpolicy=\"strict-origin-when-cross-origin\" allowfullscreen><\/iframe>\n<\/div><\/figure>\n\n\n\n<p>Fonte: Assessoria de Comunica\u00e7\u00e3o da CNR, com informa\u00e7\u00f5es da Ag\u00eancia Brasil<\/p>\n<\/div><\/div>","protected":false},"excerpt":{"rendered":"<p>A Confedera\u00e7\u00e3o Nacional de Not\u00e1rios e Registradores (CNR) foi uma das entidades de classe representadas na posse do novo ministro da Justi\u00e7a e Seguran\u00e7a P\u00fablica, Ricardo Lewandowski, realizada na \u00faltima quinta-feira (1\u00ba de fevereiro), em Bras\u00edlia. O ex-ministro do Supremo Tribunal Federal (STF) ocupar\u00e1 a vaga deixada por Fl\u00e1vio Dino, que passa a integrar a [&hellip;]<\/p>\n","protected":false},"author":2,"featured_media":86880,"comment_status":"closed","ping_status":"closed","sticky":false,"template":"","format":"standard","meta":{"footnotes":"","_links_to":"","_links_to_target":""},"categories":[55,47],"tags":[],"class_list":["post-86879","post","type-post","status-publish","format-standard","has-post-thumbnail","hentry","category-noticia","category-ultimas-noticias"],"yoast_head":"<!-- This site is optimized with the Yoast SEO plugin v27.5 - https:\/\/yoast.com\/product\/yoast-seo-wordpress\/ -->\n<title>CNR prestigia posse de Lewandowski como ministro da Justi\u00e7a e Seguran\u00e7a P\u00fablica - CNR<\/title>\n<meta name=\"robots\" content=\"index, follow, max-snippet:-1, max-image-preview:large, max-video-preview:-1\" \/>\n<link rel=\"canonical\" href=\"https:\/\/cnr.org.br\/novoportal\/cnr-prestigia-posse-de-lewandowski-como-ministro-da-justica-e-seguranca-publica\/\" \/>\n<meta property=\"og:locale\" content=\"pt_BR\" \/>\n<meta property=\"og:type\" content=\"article\" \/>\n<meta property=\"og:title\" content=\"CNR prestigia posse de Lewandowski como ministro da Justi\u00e7a e Seguran\u00e7a P\u00fablica - CNR\" \/>\n<meta property=\"og:description\" content=\"A Confedera\u00e7\u00e3o Nacional de Not\u00e1rios e Registradores (CNR) foi uma das entidades de classe representadas na posse do novo ministro da Justi\u00e7a e Seguran\u00e7a P\u00fablica, Ricardo Lewandowski, realizada na \u00faltima quinta-feira (1\u00ba de fevereiro), em Bras\u00edlia. O ex-ministro do Supremo Tribunal Federal (STF) ocupar\u00e1 a vaga deixada por Fl\u00e1vio Dino, que passa a integrar a [&hellip;]\" \/>\n<meta property=\"og:url\" content=\"https:\/\/cnr.org.br\/novoportal\/cnr-prestigia-posse-de-lewandowski-como-ministro-da-justica-e-seguranca-publica\/\" \/>\n<meta property=\"og:site_name\" content=\"CNR\" \/>\n<meta property=\"article:published_time\" content=\"2024-02-02T17:37:54+00:00\" \/>\n<meta property=\"article:modified_time\" content=\"2024-02-02T17:37:56+00:00\" \/>\n<meta property=\"og:image\" content=\"https:\/\/cnr.org.br\/novoportal\/wp-content\/uploads\/2024\/02\/92f2d382-329b-4050-953f-0608e05c2815.jpeg\" \/>\n\t<meta property=\"og:image:width\" content=\"768\" \/>\n\t<meta property=\"og:image:height\" content=\"333\" \/>\n\t<meta property=\"og:image:type\" content=\"image\/jpeg\" \/>\n<meta name=\"author\" content=\"Imprensa CNR\" \/>\n<meta name=\"twitter:card\" content=\"summary_large_image\" \/>\n<meta name=\"twitter:label1\" content=\"Escrito por\" \/>\n\t<meta name=\"twitter:data1\" content=\"Imprensa CNR\" \/>\n\t<meta name=\"twitter:label2\" content=\"Est. tempo de leitura\" \/>\n\t<meta name=\"twitter:data2\" content=\"2 minutos\" \/>\n<script type=\"application\/ld+json\" class=\"yoast-schema-graph\">{\"@context\":\"https:\\\/\\\/schema.org\",\"@graph\":[{\"@type\":\"Article\",\"@id\":\"https:\\\/\\\/cnr.org.br\\\/novoportal\\\/cnr-prestigia-posse-de-lewandowski-como-ministro-da-justica-e-seguranca-publica\\\/#article\",\"isPartOf\":{\"@id\":\"https:\\\/\\\/cnr.org.br\\\/novoportal\\\/cnr-prestigia-posse-de-lewandowski-como-ministro-da-justica-e-seguranca-publica\\\/\"},\"author\":{\"name\":\"Imprensa CNR\",\"@id\":\"https:\\\/\\\/cnr.org.br\\\/novoportal\\\/#\\\/schema\\\/person\\\/1f46209cd8c9d3d9887a0765b64ca66b\"},\"headline\":\"CNR prestigia posse de Lewandowski como ministro da Justi\u00e7a e Seguran\u00e7a P\u00fablica\",\"datePublished\":\"2024-02-02T17:37:54+00:00\",\"dateModified\":\"2024-02-02T17:37:56+00:00\",\"mainEntityOfPage\":{\"@id\":\"https:\\\/\\\/cnr.org.br\\\/novoportal\\\/cnr-prestigia-posse-de-lewandowski-como-ministro-da-justica-e-seguranca-publica\\\/\"},\"wordCount\":258,\"publisher\":{\"@id\":\"https:\\\/\\\/cnr.org.br\\\/novoportal\\\/#organization\"},\"image\":{\"@id\":\"https:\\\/\\\/cnr.org.br\\\/novoportal\\\/cnr-prestigia-posse-de-lewandowski-como-ministro-da-justica-e-seguranca-publica\\\/#primaryimage\"},\"thumbnailUrl\":\"https:\\\/\\\/cnr.org.br\\\/site\\\/wp-content\\\/uploads\\\/2024\\\/02\\\/92f2d382-329b-4050-953f-0608e05c2815.jpeg\",\"articleSection\":[\"Not\u00edcia\",\"\u00daltimas Not\u00edcias\"],\"inLanguage\":\"pt-BR\"},{\"@type\":\"WebPage\",\"@id\":\"https:\\\/\\\/cnr.org.br\\\/novoportal\\\/cnr-prestigia-posse-de-lewandowski-como-ministro-da-justica-e-seguranca-publica\\\/\",\"url\":\"https:\\\/\\\/cnr.org.br\\\/novoportal\\\/cnr-prestigia-posse-de-lewandowski-como-ministro-da-justica-e-seguranca-publica\\\/\",\"name\":\"CNR prestigia posse de Lewandowski como ministro da Justi\u00e7a e Seguran\u00e7a P\u00fablica - CNR\",\"isPartOf\":{\"@id\":\"https:\\\/\\\/cnr.org.br\\\/novoportal\\\/#website\"},\"primaryImageOfPage\":{\"@id\":\"https:\\\/\\\/cnr.org.br\\\/novoportal\\\/cnr-prestigia-posse-de-lewandowski-como-ministro-da-justica-e-seguranca-publica\\\/#primaryimage\"},\"image\":{\"@id\":\"https:\\\/\\\/cnr.org.br\\\/novoportal\\\/cnr-prestigia-posse-de-lewandowski-como-ministro-da-justica-e-seguranca-publica\\\/#primaryimage\"},\"thumbnailUrl\":\"https:\\\/\\\/cnr.org.br\\\/site\\\/wp-content\\\/uploads\\\/2024\\\/02\\\/92f2d382-329b-4050-953f-0608e05c2815.jpeg\",\"datePublished\":\"2024-02-02T17:37:54+00:00\",\"dateModified\":\"2024-02-02T17:37:56+00:00\",\"breadcrumb\":{\"@id\":\"https:\\\/\\\/cnr.org.br\\\/novoportal\\\/cnr-prestigia-posse-de-lewandowski-como-ministro-da-justica-e-seguranca-publica\\\/#breadcrumb\"},\"inLanguage\":\"pt-BR\",\"potentialAction\":[{\"@type\":\"ReadAction\",\"target\":[\"https:\\\/\\\/cnr.org.br\\\/novoportal\\\/cnr-prestigia-posse-de-lewandowski-como-ministro-da-justica-e-seguranca-publica\\\/\"]}]},{\"@type\":\"ImageObject\",\"inLanguage\":\"pt-BR\",\"@id\":\"https:\\\/\\\/cnr.org.br\\\/novoportal\\\/cnr-prestigia-posse-de-lewandowski-como-ministro-da-justica-e-seguranca-publica\\\/#primaryimage\",\"url\":\"https:\\\/\\\/cnr.org.br\\\/site\\\/wp-content\\\/uploads\\\/2024\\\/02\\\/92f2d382-329b-4050-953f-0608e05c2815.jpeg\",\"contentUrl\":\"https:\\\/\\\/cnr.org.br\\\/site\\\/wp-content\\\/uploads\\\/2024\\\/02\\\/92f2d382-329b-4050-953f-0608e05c2815.jpeg\",\"width\":768,\"height\":333,\"caption\":\"Foto: Isaac Amorim\\\/MJSP.\"},{\"@type\":\"BreadcrumbList\",\"@id\":\"https:\\\/\\\/cnr.org.br\\\/novoportal\\\/cnr-prestigia-posse-de-lewandowski-como-ministro-da-justica-e-seguranca-publica\\\/#breadcrumb\",\"itemListElement\":[{\"@type\":\"ListItem\",\"position\":1,\"name\":\"In\u00edcio\",\"item\":\"https:\\\/\\\/cnr.org.br\\\/site\\\/\"},{\"@type\":\"ListItem\",\"position\":2,\"name\":\"CNR prestigia posse de Lewandowski como ministro da Justi\u00e7a e Seguran\u00e7a P\u00fablica\"}]},{\"@type\":\"WebSite\",\"@id\":\"https:\\\/\\\/cnr.org.br\\\/novoportal\\\/#website\",\"url\":\"https:\\\/\\\/cnr.org.br\\\/novoportal\\\/\",\"name\":\"CNR\",\"description\":\"Confedera\u00e7\u00e3o Nacional de Not\u00e1rios e Registradores\",\"publisher\":{\"@id\":\"https:\\\/\\\/cnr.org.br\\\/novoportal\\\/#organization\"},\"potentialAction\":[{\"@type\":\"SearchAction\",\"target\":{\"@type\":\"EntryPoint\",\"urlTemplate\":\"https:\\\/\\\/cnr.org.br\\\/novoportal\\\/?s={search_term_string}\"},\"query-input\":{\"@type\":\"PropertyValueSpecification\",\"valueRequired\":true,\"valueName\":\"search_term_string\"}}],\"inLanguage\":\"pt-BR\"},{\"@type\":\"Organization\",\"@id\":\"https:\\\/\\\/cnr.org.br\\\/novoportal\\\/#organization\",\"name\":\"CNR\",\"url\":\"https:\\\/\\\/cnr.org.br\\\/novoportal\\\/\",\"logo\":{\"@type\":\"ImageObject\",\"inLanguage\":\"pt-BR\",\"@id\":\"https:\\\/\\\/cnr.org.br\\\/novoportal\\\/#\\\/schema\\\/logo\\\/image\\\/\",\"url\":\"https:\\\/\\\/cnr.org.br\\\/site\\\/wp-content\\\/uploads\\\/2026\\\/02\\\/Logo_CNR_completa_colorida_2024.png\",\"contentUrl\":\"https:\\\/\\\/cnr.org.br\\\/site\\\/wp-content\\\/uploads\\\/2026\\\/02\\\/Logo_CNR_completa_colorida_2024.png\",\"width\":910,\"height\":450,\"caption\":\"CNR\"},\"image\":{\"@id\":\"https:\\\/\\\/cnr.org.br\\\/novoportal\\\/#\\\/schema\\\/logo\\\/image\\\/\"}},{\"@type\":\"Person\",\"@id\":\"https:\\\/\\\/cnr.org.br\\\/novoportal\\\/#\\\/schema\\\/person\\\/1f46209cd8c9d3d9887a0765b64ca66b\",\"name\":\"Imprensa CNR\",\"sameAs\":[\"https:\\\/\\\/cnr.org.br\\\/site\"],\"url\":\"https:\\\/\\\/cnr.org.br\\\/site\\\/author\\\/imprensa\\\/\"}]}<\/script>\n<!-- \/ Yoast SEO plugin. -->","yoast_head_json":{"title":"CNR prestigia posse de Lewandowski como ministro da Justi\u00e7a e Seguran\u00e7a P\u00fablica - CNR","robots":{"index":"index","follow":"follow","max-snippet":"max-snippet:-1","max-image-preview":"max-image-preview:large","max-video-preview":"max-video-preview:-1"},"canonical":"https:\/\/cnr.org.br\/novoportal\/cnr-prestigia-posse-de-lewandowski-como-ministro-da-justica-e-seguranca-publica\/","og_locale":"pt_BR","og_type":"article","og_title":"CNR prestigia posse de Lewandowski como ministro da Justi\u00e7a e Seguran\u00e7a P\u00fablica - CNR","og_description":"A Confedera\u00e7\u00e3o Nacional de Not\u00e1rios e Registradores (CNR) foi uma das entidades de classe representadas na posse do novo ministro da Justi\u00e7a e Seguran\u00e7a P\u00fablica, Ricardo Lewandowski, realizada na \u00faltima quinta-feira (1\u00ba de fevereiro), em Bras\u00edlia. O ex-ministro do Supremo Tribunal Federal (STF) ocupar\u00e1 a vaga deixada por Fl\u00e1vio Dino, que passa a integrar a [&hellip;]","og_url":"https:\/\/cnr.org.br\/novoportal\/cnr-prestigia-posse-de-lewandowski-como-ministro-da-justica-e-seguranca-publica\/","og_site_name":"CNR","article_published_time":"2024-02-02T17:37:54+00:00","article_modified_time":"2024-02-02T17:37:56+00:00","og_image":[{"width":768,"height":333,"url":"https:\/\/cnr.org.br\/novoportal\/wp-content\/uploads\/2024\/02\/92f2d382-329b-4050-953f-0608e05c2815.jpeg","type":"image\/jpeg"}],"author":"Imprensa CNR","twitter_card":"summary_large_image","twitter_misc":{"Escrito por":"Imprensa CNR","Est. tempo de leitura":"2 minutos"},"schema":{"@context":"https:\/\/schema.org","@graph":[{"@type":"Article","@id":"https:\/\/cnr.org.br\/novoportal\/cnr-prestigia-posse-de-lewandowski-como-ministro-da-justica-e-seguranca-publica\/#article","isPartOf":{"@id":"https:\/\/cnr.org.br\/novoportal\/cnr-prestigia-posse-de-lewandowski-como-ministro-da-justica-e-seguranca-publica\/"},"author":{"name":"Imprensa CNR","@id":"https:\/\/cnr.org.br\/novoportal\/#\/schema\/person\/1f46209cd8c9d3d9887a0765b64ca66b"},"headline":"CNR prestigia posse de Lewandowski como ministro da Justi\u00e7a e Seguran\u00e7a P\u00fablica","datePublished":"2024-02-02T17:37:54+00:00","dateModified":"2024-02-02T17:37:56+00:00","mainEntityOfPage":{"@id":"https:\/\/cnr.org.br\/novoportal\/cnr-prestigia-posse-de-lewandowski-como-ministro-da-justica-e-seguranca-publica\/"},"wordCount":258,"publisher":{"@id":"https:\/\/cnr.org.br\/novoportal\/#organization"},"image":{"@id":"https:\/\/cnr.org.br\/novoportal\/cnr-prestigia-posse-de-lewandowski-como-ministro-da-justica-e-seguranca-publica\/#primaryimage"},"thumbnailUrl":"https:\/\/cnr.org.br\/site\/wp-content\/uploads\/2024\/02\/92f2d382-329b-4050-953f-0608e05c2815.jpeg","articleSection":["Not\u00edcia","\u00daltimas Not\u00edcias"],"inLanguage":"pt-BR"},{"@type":"WebPage","@id":"https:\/\/cnr.org.br\/novoportal\/cnr-prestigia-posse-de-lewandowski-como-ministro-da-justica-e-seguranca-publica\/","url":"https:\/\/cnr.org.br\/novoportal\/cnr-prestigia-posse-de-lewandowski-como-ministro-da-justica-e-seguranca-publica\/","name":"CNR prestigia posse de Lewandowski como ministro da Justi\u00e7a e Seguran\u00e7a P\u00fablica - CNR","isPartOf":{"@id":"https:\/\/cnr.org.br\/novoportal\/#website"},"primaryImageOfPage":{"@id":"https:\/\/cnr.org.br\/novoportal\/cnr-prestigia-posse-de-lewandowski-como-ministro-da-justica-e-seguranca-publica\/#primaryimage"},"image":{"@id":"https:\/\/cnr.org.br\/novoportal\/cnr-prestigia-posse-de-lewandowski-como-ministro-da-justica-e-seguranca-publica\/#primaryimage"},"thumbnailUrl":"https:\/\/cnr.org.br\/site\/wp-content\/uploads\/2024\/02\/92f2d382-329b-4050-953f-0608e05c2815.jpeg","datePublished":"2024-02-02T17:37:54+00:00","dateModified":"2024-02-02T17:37:56+00:00","breadcrumb":{"@id":"https:\/\/cnr.org.br\/novoportal\/cnr-prestigia-posse-de-lewandowski-como-ministro-da-justica-e-seguranca-publica\/#breadcrumb"},"inLanguage":"pt-BR","potentialAction":[{"@type":"ReadAction","target":["https:\/\/cnr.org.br\/novoportal\/cnr-prestigia-posse-de-lewandowski-como-ministro-da-justica-e-seguranca-publica\/"]}]},{"@type":"ImageObject","inLanguage":"pt-BR","@id":"https:\/\/cnr.org.br\/novoportal\/cnr-prestigia-posse-de-lewandowski-como-ministro-da-justica-e-seguranca-publica\/#primaryimage","url":"https:\/\/cnr.org.br\/site\/wp-content\/uploads\/2024\/02\/92f2d382-329b-4050-953f-0608e05c2815.jpeg","contentUrl":"https:\/\/cnr.org.br\/site\/wp-content\/uploads\/2024\/02\/92f2d382-329b-4050-953f-0608e05c2815.jpeg","width":768,"height":333,"caption":"Foto: Isaac Amorim\/MJSP."},{"@type":"BreadcrumbList","@id":"https:\/\/cnr.org.br\/novoportal\/cnr-prestigia-posse-de-lewandowski-como-ministro-da-justica-e-seguranca-publica\/#breadcrumb","itemListElement":[{"@type":"ListItem","position":1,"name":"In\u00edcio","item":"https:\/\/cnr.org.br\/site\/"},{"@type":"ListItem","position":2,"name":"CNR prestigia posse de Lewandowski como ministro da Justi\u00e7a e Seguran\u00e7a P\u00fablica"}]},{"@type":"WebSite","@id":"https:\/\/cnr.org.br\/novoportal\/#website","url":"https:\/\/cnr.org.br\/novoportal\/","name":"CNR","description":"Confedera\u00e7\u00e3o Nacional de Not\u00e1rios e Registradores","publisher":{"@id":"https:\/\/cnr.org.br\/novoportal\/#organization"},"potentialAction":[{"@type":"SearchAction","target":{"@type":"EntryPoint","urlTemplate":"https:\/\/cnr.org.br\/novoportal\/?s={search_term_string}"},"query-input":{"@type":"PropertyValueSpecification","valueRequired":true,"valueName":"search_term_string"}}],"inLanguage":"pt-BR"},{"@type":"Organization","@id":"https:\/\/cnr.org.br\/novoportal\/#organization","name":"CNR","url":"https:\/\/cnr.org.br\/novoportal\/","logo":{"@type":"ImageObject","inLanguage":"pt-BR","@id":"https:\/\/cnr.org.br\/novoportal\/#\/schema\/logo\/image\/","url":"https:\/\/cnr.org.br\/site\/wp-content\/uploads\/2026\/02\/Logo_CNR_completa_colorida_2024.png","contentUrl":"https:\/\/cnr.org.br\/site\/wp-content\/uploads\/2026\/02\/Logo_CNR_completa_colorida_2024.png","width":910,"height":450,"caption":"CNR"},"image":{"@id":"https:\/\/cnr.org.br\/novoportal\/#\/schema\/logo\/image\/"}},{"@type":"Person","@id":"https:\/\/cnr.org.br\/novoportal\/#\/schema\/person\/1f46209cd8c9d3d9887a0765b64ca66b","name":"Imprensa CNR","sameAs":["https:\/\/cnr.org.br\/site"],"url":"https:\/\/cnr.org.br\/site\/author\/imprensa\/"}]}},"_links":{"self":[{"href":"https:\/\/cnr.org.br\/site\/wp-json\/wp\/v2\/posts\/86879","targetHints":{"allow":["GET"]}}],"collection":[{"href":"https:\/\/cnr.org.br\/site\/wp-json\/wp\/v2\/posts"}],"about":[{"href":"https:\/\/cnr.org.br\/site\/wp-json\/wp\/v2\/types\/post"}],"author":[{"embeddable":true,"href":"https:\/\/cnr.org.br\/site\/wp-json\/wp\/v2\/users\/2"}],"replies":[{"embeddable":true,"href":"https:\/\/cnr.org.br\/site\/wp-json\/wp\/v2\/comments?post=86879"}],"version-history":[{"count":0,"href":"https:\/\/cnr.org.br\/site\/wp-json\/wp\/v2\/posts\/86879\/revisions"}],"wp:featuredmedia":[{"embeddable":true,"href":"https:\/\/cnr.org.br\/site\/wp-json\/wp\/v2\/media\/86880"}],"wp:attachment":[{"href":"https:\/\/cnr.org.br\/site\/wp-json\/wp\/v2\/media?parent=86879"}],"wp:term":[{"taxonomy":"category","embeddable":true,"href":"https:\/\/cnr.org.br\/site\/wp-json\/wp\/v2\/categories?post=86879"},{"taxonomy":"post_tag","embeddable":true,"href":"https:\/\/cnr.org.br\/site\/wp-json\/wp\/v2\/tags?post=86879"}],"curies":[{"name":"wp","href":"https:\/\/api.w.org\/{rel}","templated":true}]}}