{"id":87311,"date":"2024-05-03T16:48:33","date_gmt":"2024-05-03T19:48:33","guid":{"rendered":"https:\/\/cnr.org.br\/site\/?p=87311"},"modified":"2024-05-03T16:48:36","modified_gmt":"2024-05-03T19:48:36","slug":"leia-estudo-sobre-contribuicao-assistencial-ou-de-negociacao-coletiva","status":"publish","type":"post","link":"https:\/\/cnr.org.br\/site\/leia-estudo-sobre-contribuicao-assistencial-ou-de-negociacao-coletiva\/","title":{"rendered":"Leia estudo sobre contribui\u00e7\u00e3o assistencial ou de negocia\u00e7\u00e3o coletiva"},"content":{"rendered":"<div id=\"dslc-theme-content\"><div id=\"dslc-theme-content-inner\">\n<p><strong><em>Os sindicatos s\u00e3o entes com personalidade jur\u00eddica de direito privado, detentores, no entanto, de atribui\u00e7\u00f5es constitucionais e legais de interesse p\u00fablico, o que os situa em zona intermedi\u00e1ria entre o direito p\u00fablico (n\u00e3o estatal) e o direito privado.<\/em><\/strong><\/p>\n\n\n\n<p>Onde mais se manifestam essas atribui\u00e7\u00f5es \u00e9 no poder\/dever<strong><sup>1<\/sup><\/strong>&nbsp;de negocia\u00e7\u00e3o coletiva para a fixa\u00e7\u00e3o de condi\u00e7\u00f5es de sal\u00e1rio e trabalho com efeito erga omnes \u2014 aplica\u00e7\u00e3o para toda a representa\u00e7\u00e3o e n\u00e3o somente para os associados \u2014 e que se positivam em forma de acordos coletivos de trabalho ou conven\u00e7\u00f5es coletivas de trabalho.<\/p>\n\n\n\n<p>Acordos coletivos \u2014 celebrados pelo sindicato de trabalhadores com 1 ou mais empresas \u2014 e conven\u00e7\u00f5es coletivas&nbsp;\u2014&nbsp;celebradas entre sindicatos de categorias profissional e econ\u00f4mica<strong><sup>2<\/sup><\/strong>&nbsp;s\u00e3o instrumentos de natureza h\u00edbrida. S\u00e3o contratos&nbsp;\u2014&nbsp;portanto, t\u00eam natureza obrigacional \u2014 com efeito de lei (normativos).<\/p>\n\n\n\n<p>Alcan\u00e7am tanto associados quanto n\u00e3o associados, dentro da representa\u00e7\u00e3o legal dos sindicatos \u2014 no caso das conven\u00e7\u00f5es \u2014 e todas as pessoas trabalhadoras da empresa, associadas ou n\u00e3o associadas, no caso dos acordos coletivos.<\/p>\n\n\n\n<p>Alcan\u00e7am, ainda, trabalhadores que venham a ser contratados no per\u00edodo de vig\u00eancia do acordo ou da conven\u00e7\u00e3o e n\u00e3o somente aqueles que estavam em atividade por ocasi\u00e3o da celebra\u00e7\u00e3o.<\/p>\n\n\n\n<p>Sem fixar a dimens\u00e3o jur\u00eddico-pol\u00edtica e a prote\u00e7\u00e3o constitucional derivada do reconhecimento da liberdade e da autonomia sindical como direito fundamental e, portanto, no arco de prote\u00e7\u00e3o nacional e internacional dos Direitos Humanos individuais e coletivos, n\u00e3o se pode compreender a quest\u00e3o das formas de financiamento das atividades sindicais e, em especial, da chamada contribui\u00e7\u00e3o assistencial ou de negocia\u00e7\u00e3o coletiva.<\/p>\n\n\n\n<p>O objetivo deste trabalho \u00e9:<\/p>\n\n\n\n<p>\u2022 tra\u00e7ar o panorama quanto ao tema;<\/p>\n\n\n\n<p>\u2022 fazer balizamento da legisla\u00e7\u00e3o e da jurisprud\u00eancia;<\/p>\n\n\n\n<p>\u2022 estabelecer gloss\u00e1rio que possa facilitar a compreens\u00e3o, prevenindo quanto ao uso indevido de figuras jur\u00eddicas para \u201cdisfar\u00e7ar\u201d antissindicalidades; e<\/p>\n\n\n\n<p>\u2022 contribuir para a fixa\u00e7\u00e3o de crit\u00e9rios objetivos para a aplica\u00e7\u00e3o do instituto no debate p\u00fablico nos espa\u00e7os institucionais&nbsp;\u2014&nbsp;mesas de negocia\u00e7\u00e3o, Congresso Nacional, Poder Judici\u00e1rio, Minist\u00e9rio P\u00fablico.<\/p>\n\n\n\n<p><em>(*) Advogado trabalhista e do corpo t\u00e9cnico do Diap<\/em><br>_____________________<\/p>\n\n\n\n<p><a href=\"https:\/\/lbs.adv.br\/artigo\/contribuicao-assistencial-ou-de-negociacao-coletiva\/?fbclid=PAZXh0bgNhZW0CMTEAAaZ8Af60W7eX_jEfZibTqRzMkdHsF4KJdt-eVPlHtnLQsgzphKyEMT_L5CY_aem_AdbkhXe4M9YQJWH3q9QvUOogAN8JzSRnZBQIJolLdYv7J9WkkhmOL0HcIGXmqPgLJ6w75ckutAwf9TfZX5SKJ50f\">Leia-o na \u00edntegra<\/a><\/p>\n\n\n\n<p><strong><sup>1<\/sup><\/strong>&nbsp;Cf. artigo 8\u00ba, incisos III e VI da Constitui\u00e7\u00e3o federal e artigo 616 da CLT: \u201cArt. 616 - Os Sindicatos representativos de categorias econ\u00f4micas ou profissionais e as empresas, inclusive as que n\u00e3o tenham representa\u00e7\u00e3o sindical, quando provocados, n\u00e3o podem recusar-se \u00e0 negocia\u00e7\u00e3o coletiva.\u201d<\/p>\n\n\n\n<p><strong><sup>2<\/sup><\/strong>&nbsp;Para a finalidade deste estudo, os termos: instrumento coletivo, acordo coletivo, conven\u00e7\u00e3o coletiva, contrato coletivo designam, sempre, os \u201cacordos de car\u00e1ter normativo\u201d celebrados com a presen\u00e7a de sindicato(s) representante(s) de categoria profissional, de um lado e, de outro, a empresa (no caso dos acordos coletivos) ou o(s) sindicato(s) representante(s) da categoria econ\u00f4mica. Federa\u00e7\u00f5es e Confedera\u00e7\u00f5es celebram instrumentos coletivos dentro de determinadas condi\u00e7\u00f5es ou participam de sua celebra\u00e7\u00e3o, conforme caracter\u00edsticas das negocia\u00e7\u00f5es coletivas de categorias, ramos ou setor.<\/p>\n<\/div><\/div>","protected":false},"excerpt":{"rendered":"<p>Os sindicatos s\u00e3o entes com personalidade jur\u00eddica de direito privado, detentores, no entanto, de atribui\u00e7\u00f5es constitucionais e legais de interesse p\u00fablico, o que os situa em zona intermedi\u00e1ria entre o direito p\u00fablico (n\u00e3o estatal) e o direito privado. Onde mais se manifestam essas atribui\u00e7\u00f5es \u00e9 no poder\/dever1&nbsp;de negocia\u00e7\u00e3o coletiva para a fixa\u00e7\u00e3o de condi\u00e7\u00f5es de [&hellip;]<\/p>\n","protected":false},"author":2,"featured_media":87312,"comment_status":"closed","ping_status":"closed","sticky":false,"template":"","format":"standard","meta":{"footnotes":"","_links_to":"","_links_to_target":""},"categories":[55,47],"tags":[],"class_list":["post-87311","post","type-post","status-publish","format-standard","has-post-thumbnail","hentry","category-noticia","category-ultimas-noticias"],"yoast_head":"<!-- This site is optimized with the Yoast SEO plugin v27.5 - https:\/\/yoast.com\/product\/yoast-seo-wordpress\/ -->\n<title>Leia estudo sobre contribui\u00e7\u00e3o assistencial ou de negocia\u00e7\u00e3o coletiva - CNR<\/title>\n<meta name=\"robots\" content=\"index, follow, max-snippet:-1, max-image-preview:large, max-video-preview:-1\" \/>\n<link rel=\"canonical\" href=\"https:\/\/cnr.org.br\/novoportal\/leia-estudo-sobre-contribuicao-assistencial-ou-de-negociacao-coletiva\/\" \/>\n<meta property=\"og:locale\" content=\"pt_BR\" \/>\n<meta property=\"og:type\" content=\"article\" \/>\n<meta property=\"og:title\" content=\"Leia estudo sobre contribui\u00e7\u00e3o assistencial ou de negocia\u00e7\u00e3o coletiva - CNR\" \/>\n<meta property=\"og:description\" content=\"Os sindicatos s\u00e3o entes com personalidade jur\u00eddica de direito privado, detentores, no entanto, de atribui\u00e7\u00f5es constitucionais e legais de interesse p\u00fablico, o que os situa em zona intermedi\u00e1ria entre o direito p\u00fablico (n\u00e3o estatal) e o direito privado. Onde mais se manifestam essas atribui\u00e7\u00f5es \u00e9 no poder\/dever1&nbsp;de negocia\u00e7\u00e3o coletiva para a fixa\u00e7\u00e3o de condi\u00e7\u00f5es de [&hellip;]\" \/>\n<meta property=\"og:url\" content=\"https:\/\/cnr.org.br\/novoportal\/leia-estudo-sobre-contribuicao-assistencial-ou-de-negociacao-coletiva\/\" \/>\n<meta property=\"og:site_name\" content=\"CNR\" \/>\n<meta property=\"article:published_time\" content=\"2024-05-03T19:48:33+00:00\" \/>\n<meta property=\"article:modified_time\" content=\"2024-05-03T19:48:36+00:00\" \/>\n<meta property=\"og:image\" content=\"https:\/\/cnr.org.br\/novoportal\/wp-content\/uploads\/2024\/05\/supremo.jpg\" \/>\n\t<meta property=\"og:image:width\" content=\"868\" \/>\n\t<meta property=\"og:image:height\" content=\"644\" \/>\n\t<meta property=\"og:image:type\" content=\"image\/jpeg\" \/>\n<meta name=\"author\" content=\"Imprensa CNR\" \/>\n<meta name=\"twitter:card\" content=\"summary_large_image\" \/>\n<meta name=\"twitter:label1\" content=\"Escrito por\" \/>\n\t<meta name=\"twitter:data1\" content=\"Imprensa CNR\" \/>\n\t<meta name=\"twitter:label2\" content=\"Est. tempo de leitura\" \/>\n\t<meta name=\"twitter:data2\" content=\"3 minutos\" \/>\n<script type=\"application\/ld+json\" class=\"yoast-schema-graph\">{\"@context\":\"https:\\\/\\\/schema.org\",\"@graph\":[{\"@type\":\"Article\",\"@id\":\"https:\\\/\\\/cnr.org.br\\\/novoportal\\\/leia-estudo-sobre-contribuicao-assistencial-ou-de-negociacao-coletiva\\\/#article\",\"isPartOf\":{\"@id\":\"https:\\\/\\\/cnr.org.br\\\/novoportal\\\/leia-estudo-sobre-contribuicao-assistencial-ou-de-negociacao-coletiva\\\/\"},\"author\":{\"name\":\"Imprensa CNR\",\"@id\":\"https:\\\/\\\/cnr.org.br\\\/novoportal\\\/#\\\/schema\\\/person\\\/1f46209cd8c9d3d9887a0765b64ca66b\"},\"headline\":\"Leia estudo sobre contribui\u00e7\u00e3o assistencial ou de negocia\u00e7\u00e3o coletiva\",\"datePublished\":\"2024-05-03T19:48:33+00:00\",\"dateModified\":\"2024-05-03T19:48:36+00:00\",\"mainEntityOfPage\":{\"@id\":\"https:\\\/\\\/cnr.org.br\\\/novoportal\\\/leia-estudo-sobre-contribuicao-assistencial-ou-de-negociacao-coletiva\\\/\"},\"wordCount\":542,\"publisher\":{\"@id\":\"https:\\\/\\\/cnr.org.br\\\/novoportal\\\/#organization\"},\"image\":{\"@id\":\"https:\\\/\\\/cnr.org.br\\\/novoportal\\\/leia-estudo-sobre-contribuicao-assistencial-ou-de-negociacao-coletiva\\\/#primaryimage\"},\"thumbnailUrl\":\"https:\\\/\\\/cnr.org.br\\\/site\\\/wp-content\\\/uploads\\\/2024\\\/05\\\/supremo.jpg\",\"articleSection\":[\"Not\u00edcia\",\"\u00daltimas Not\u00edcias\"],\"inLanguage\":\"pt-BR\"},{\"@type\":\"WebPage\",\"@id\":\"https:\\\/\\\/cnr.org.br\\\/novoportal\\\/leia-estudo-sobre-contribuicao-assistencial-ou-de-negociacao-coletiva\\\/\",\"url\":\"https:\\\/\\\/cnr.org.br\\\/novoportal\\\/leia-estudo-sobre-contribuicao-assistencial-ou-de-negociacao-coletiva\\\/\",\"name\":\"Leia estudo sobre contribui\u00e7\u00e3o assistencial ou de negocia\u00e7\u00e3o coletiva - CNR\",\"isPartOf\":{\"@id\":\"https:\\\/\\\/cnr.org.br\\\/novoportal\\\/#website\"},\"primaryImageOfPage\":{\"@id\":\"https:\\\/\\\/cnr.org.br\\\/novoportal\\\/leia-estudo-sobre-contribuicao-assistencial-ou-de-negociacao-coletiva\\\/#primaryimage\"},\"image\":{\"@id\":\"https:\\\/\\\/cnr.org.br\\\/novoportal\\\/leia-estudo-sobre-contribuicao-assistencial-ou-de-negociacao-coletiva\\\/#primaryimage\"},\"thumbnailUrl\":\"https:\\\/\\\/cnr.org.br\\\/site\\\/wp-content\\\/uploads\\\/2024\\\/05\\\/supremo.jpg\",\"datePublished\":\"2024-05-03T19:48:33+00:00\",\"dateModified\":\"2024-05-03T19:48:36+00:00\",\"breadcrumb\":{\"@id\":\"https:\\\/\\\/cnr.org.br\\\/novoportal\\\/leia-estudo-sobre-contribuicao-assistencial-ou-de-negociacao-coletiva\\\/#breadcrumb\"},\"inLanguage\":\"pt-BR\",\"potentialAction\":[{\"@type\":\"ReadAction\",\"target\":[\"https:\\\/\\\/cnr.org.br\\\/novoportal\\\/leia-estudo-sobre-contribuicao-assistencial-ou-de-negociacao-coletiva\\\/\"]}]},{\"@type\":\"ImageObject\",\"inLanguage\":\"pt-BR\",\"@id\":\"https:\\\/\\\/cnr.org.br\\\/novoportal\\\/leia-estudo-sobre-contribuicao-assistencial-ou-de-negociacao-coletiva\\\/#primaryimage\",\"url\":\"https:\\\/\\\/cnr.org.br\\\/site\\\/wp-content\\\/uploads\\\/2024\\\/05\\\/supremo.jpg\",\"contentUrl\":\"https:\\\/\\\/cnr.org.br\\\/site\\\/wp-content\\\/uploads\\\/2024\\\/05\\\/supremo.jpg\",\"width\":868,\"height\":644},{\"@type\":\"BreadcrumbList\",\"@id\":\"https:\\\/\\\/cnr.org.br\\\/novoportal\\\/leia-estudo-sobre-contribuicao-assistencial-ou-de-negociacao-coletiva\\\/#breadcrumb\",\"itemListElement\":[{\"@type\":\"ListItem\",\"position\":1,\"name\":\"In\u00edcio\",\"item\":\"https:\\\/\\\/cnr.org.br\\\/site\\\/\"},{\"@type\":\"ListItem\",\"position\":2,\"name\":\"Leia estudo sobre contribui\u00e7\u00e3o assistencial ou de negocia\u00e7\u00e3o coletiva\"}]},{\"@type\":\"WebSite\",\"@id\":\"https:\\\/\\\/cnr.org.br\\\/novoportal\\\/#website\",\"url\":\"https:\\\/\\\/cnr.org.br\\\/novoportal\\\/\",\"name\":\"CNR\",\"description\":\"Confedera\u00e7\u00e3o Nacional de Not\u00e1rios e Registradores\",\"publisher\":{\"@id\":\"https:\\\/\\\/cnr.org.br\\\/novoportal\\\/#organization\"},\"potentialAction\":[{\"@type\":\"SearchAction\",\"target\":{\"@type\":\"EntryPoint\",\"urlTemplate\":\"https:\\\/\\\/cnr.org.br\\\/novoportal\\\/?s={search_term_string}\"},\"query-input\":{\"@type\":\"PropertyValueSpecification\",\"valueRequired\":true,\"valueName\":\"search_term_string\"}}],\"inLanguage\":\"pt-BR\"},{\"@type\":\"Organization\",\"@id\":\"https:\\\/\\\/cnr.org.br\\\/novoportal\\\/#organization\",\"name\":\"CNR\",\"url\":\"https:\\\/\\\/cnr.org.br\\\/novoportal\\\/\",\"logo\":{\"@type\":\"ImageObject\",\"inLanguage\":\"pt-BR\",\"@id\":\"https:\\\/\\\/cnr.org.br\\\/novoportal\\\/#\\\/schema\\\/logo\\\/image\\\/\",\"url\":\"https:\\\/\\\/cnr.org.br\\\/site\\\/wp-content\\\/uploads\\\/2026\\\/02\\\/Logo_CNR_completa_colorida_2024.png\",\"contentUrl\":\"https:\\\/\\\/cnr.org.br\\\/site\\\/wp-content\\\/uploads\\\/2026\\\/02\\\/Logo_CNR_completa_colorida_2024.png\",\"width\":910,\"height\":450,\"caption\":\"CNR\"},\"image\":{\"@id\":\"https:\\\/\\\/cnr.org.br\\\/novoportal\\\/#\\\/schema\\\/logo\\\/image\\\/\"}},{\"@type\":\"Person\",\"@id\":\"https:\\\/\\\/cnr.org.br\\\/novoportal\\\/#\\\/schema\\\/person\\\/1f46209cd8c9d3d9887a0765b64ca66b\",\"name\":\"Imprensa CNR\",\"sameAs\":[\"https:\\\/\\\/cnr.org.br\\\/site\"],\"url\":\"https:\\\/\\\/cnr.org.br\\\/site\\\/author\\\/imprensa\\\/\"}]}<\/script>\n<!-- \/ Yoast SEO plugin. -->","yoast_head_json":{"title":"Leia estudo sobre contribui\u00e7\u00e3o assistencial ou de negocia\u00e7\u00e3o coletiva - CNR","robots":{"index":"index","follow":"follow","max-snippet":"max-snippet:-1","max-image-preview":"max-image-preview:large","max-video-preview":"max-video-preview:-1"},"canonical":"https:\/\/cnr.org.br\/novoportal\/leia-estudo-sobre-contribuicao-assistencial-ou-de-negociacao-coletiva\/","og_locale":"pt_BR","og_type":"article","og_title":"Leia estudo sobre contribui\u00e7\u00e3o assistencial ou de negocia\u00e7\u00e3o coletiva - CNR","og_description":"Os sindicatos s\u00e3o entes com personalidade jur\u00eddica de direito privado, detentores, no entanto, de atribui\u00e7\u00f5es constitucionais e legais de interesse p\u00fablico, o que os situa em zona intermedi\u00e1ria entre o direito p\u00fablico (n\u00e3o estatal) e o direito privado. Onde mais se manifestam essas atribui\u00e7\u00f5es \u00e9 no poder\/dever1&nbsp;de negocia\u00e7\u00e3o coletiva para a fixa\u00e7\u00e3o de condi\u00e7\u00f5es de [&hellip;]","og_url":"https:\/\/cnr.org.br\/novoportal\/leia-estudo-sobre-contribuicao-assistencial-ou-de-negociacao-coletiva\/","og_site_name":"CNR","article_published_time":"2024-05-03T19:48:33+00:00","article_modified_time":"2024-05-03T19:48:36+00:00","og_image":[{"width":868,"height":644,"url":"https:\/\/cnr.org.br\/novoportal\/wp-content\/uploads\/2024\/05\/supremo.jpg","type":"image\/jpeg"}],"author":"Imprensa CNR","twitter_card":"summary_large_image","twitter_misc":{"Escrito por":"Imprensa CNR","Est. tempo de leitura":"3 minutos"},"schema":{"@context":"https:\/\/schema.org","@graph":[{"@type":"Article","@id":"https:\/\/cnr.org.br\/novoportal\/leia-estudo-sobre-contribuicao-assistencial-ou-de-negociacao-coletiva\/#article","isPartOf":{"@id":"https:\/\/cnr.org.br\/novoportal\/leia-estudo-sobre-contribuicao-assistencial-ou-de-negociacao-coletiva\/"},"author":{"name":"Imprensa CNR","@id":"https:\/\/cnr.org.br\/novoportal\/#\/schema\/person\/1f46209cd8c9d3d9887a0765b64ca66b"},"headline":"Leia estudo sobre contribui\u00e7\u00e3o assistencial ou de negocia\u00e7\u00e3o coletiva","datePublished":"2024-05-03T19:48:33+00:00","dateModified":"2024-05-03T19:48:36+00:00","mainEntityOfPage":{"@id":"https:\/\/cnr.org.br\/novoportal\/leia-estudo-sobre-contribuicao-assistencial-ou-de-negociacao-coletiva\/"},"wordCount":542,"publisher":{"@id":"https:\/\/cnr.org.br\/novoportal\/#organization"},"image":{"@id":"https:\/\/cnr.org.br\/novoportal\/leia-estudo-sobre-contribuicao-assistencial-ou-de-negociacao-coletiva\/#primaryimage"},"thumbnailUrl":"https:\/\/cnr.org.br\/site\/wp-content\/uploads\/2024\/05\/supremo.jpg","articleSection":["Not\u00edcia","\u00daltimas Not\u00edcias"],"inLanguage":"pt-BR"},{"@type":"WebPage","@id":"https:\/\/cnr.org.br\/novoportal\/leia-estudo-sobre-contribuicao-assistencial-ou-de-negociacao-coletiva\/","url":"https:\/\/cnr.org.br\/novoportal\/leia-estudo-sobre-contribuicao-assistencial-ou-de-negociacao-coletiva\/","name":"Leia estudo sobre contribui\u00e7\u00e3o assistencial ou de negocia\u00e7\u00e3o coletiva - CNR","isPartOf":{"@id":"https:\/\/cnr.org.br\/novoportal\/#website"},"primaryImageOfPage":{"@id":"https:\/\/cnr.org.br\/novoportal\/leia-estudo-sobre-contribuicao-assistencial-ou-de-negociacao-coletiva\/#primaryimage"},"image":{"@id":"https:\/\/cnr.org.br\/novoportal\/leia-estudo-sobre-contribuicao-assistencial-ou-de-negociacao-coletiva\/#primaryimage"},"thumbnailUrl":"https:\/\/cnr.org.br\/site\/wp-content\/uploads\/2024\/05\/supremo.jpg","datePublished":"2024-05-03T19:48:33+00:00","dateModified":"2024-05-03T19:48:36+00:00","breadcrumb":{"@id":"https:\/\/cnr.org.br\/novoportal\/leia-estudo-sobre-contribuicao-assistencial-ou-de-negociacao-coletiva\/#breadcrumb"},"inLanguage":"pt-BR","potentialAction":[{"@type":"ReadAction","target":["https:\/\/cnr.org.br\/novoportal\/leia-estudo-sobre-contribuicao-assistencial-ou-de-negociacao-coletiva\/"]}]},{"@type":"ImageObject","inLanguage":"pt-BR","@id":"https:\/\/cnr.org.br\/novoportal\/leia-estudo-sobre-contribuicao-assistencial-ou-de-negociacao-coletiva\/#primaryimage","url":"https:\/\/cnr.org.br\/site\/wp-content\/uploads\/2024\/05\/supremo.jpg","contentUrl":"https:\/\/cnr.org.br\/site\/wp-content\/uploads\/2024\/05\/supremo.jpg","width":868,"height":644},{"@type":"BreadcrumbList","@id":"https:\/\/cnr.org.br\/novoportal\/leia-estudo-sobre-contribuicao-assistencial-ou-de-negociacao-coletiva\/#breadcrumb","itemListElement":[{"@type":"ListItem","position":1,"name":"In\u00edcio","item":"https:\/\/cnr.org.br\/site\/"},{"@type":"ListItem","position":2,"name":"Leia estudo sobre contribui\u00e7\u00e3o assistencial ou de negocia\u00e7\u00e3o coletiva"}]},{"@type":"WebSite","@id":"https:\/\/cnr.org.br\/novoportal\/#website","url":"https:\/\/cnr.org.br\/novoportal\/","name":"CNR","description":"Confedera\u00e7\u00e3o Nacional de Not\u00e1rios e Registradores","publisher":{"@id":"https:\/\/cnr.org.br\/novoportal\/#organization"},"potentialAction":[{"@type":"SearchAction","target":{"@type":"EntryPoint","urlTemplate":"https:\/\/cnr.org.br\/novoportal\/?s={search_term_string}"},"query-input":{"@type":"PropertyValueSpecification","valueRequired":true,"valueName":"search_term_string"}}],"inLanguage":"pt-BR"},{"@type":"Organization","@id":"https:\/\/cnr.org.br\/novoportal\/#organization","name":"CNR","url":"https:\/\/cnr.org.br\/novoportal\/","logo":{"@type":"ImageObject","inLanguage":"pt-BR","@id":"https:\/\/cnr.org.br\/novoportal\/#\/schema\/logo\/image\/","url":"https:\/\/cnr.org.br\/site\/wp-content\/uploads\/2026\/02\/Logo_CNR_completa_colorida_2024.png","contentUrl":"https:\/\/cnr.org.br\/site\/wp-content\/uploads\/2026\/02\/Logo_CNR_completa_colorida_2024.png","width":910,"height":450,"caption":"CNR"},"image":{"@id":"https:\/\/cnr.org.br\/novoportal\/#\/schema\/logo\/image\/"}},{"@type":"Person","@id":"https:\/\/cnr.org.br\/novoportal\/#\/schema\/person\/1f46209cd8c9d3d9887a0765b64ca66b","name":"Imprensa CNR","sameAs":["https:\/\/cnr.org.br\/site"],"url":"https:\/\/cnr.org.br\/site\/author\/imprensa\/"}]}},"_links":{"self":[{"href":"https:\/\/cnr.org.br\/site\/wp-json\/wp\/v2\/posts\/87311","targetHints":{"allow":["GET"]}}],"collection":[{"href":"https:\/\/cnr.org.br\/site\/wp-json\/wp\/v2\/posts"}],"about":[{"href":"https:\/\/cnr.org.br\/site\/wp-json\/wp\/v2\/types\/post"}],"author":[{"embeddable":true,"href":"https:\/\/cnr.org.br\/site\/wp-json\/wp\/v2\/users\/2"}],"replies":[{"embeddable":true,"href":"https:\/\/cnr.org.br\/site\/wp-json\/wp\/v2\/comments?post=87311"}],"version-history":[{"count":0,"href":"https:\/\/cnr.org.br\/site\/wp-json\/wp\/v2\/posts\/87311\/revisions"}],"wp:featuredmedia":[{"embeddable":true,"href":"https:\/\/cnr.org.br\/site\/wp-json\/wp\/v2\/media\/87312"}],"wp:attachment":[{"href":"https:\/\/cnr.org.br\/site\/wp-json\/wp\/v2\/media?parent=87311"}],"wp:term":[{"taxonomy":"category","embeddable":true,"href":"https:\/\/cnr.org.br\/site\/wp-json\/wp\/v2\/categories?post=87311"},{"taxonomy":"post_tag","embeddable":true,"href":"https:\/\/cnr.org.br\/site\/wp-json\/wp\/v2\/tags?post=87311"}],"curies":[{"name":"wp","href":"https:\/\/api.w.org\/{rel}","templated":true}]}}