{"id":87322,"date":"2024-05-03T16:54:08","date_gmt":"2024-05-03T19:54:08","guid":{"rendered":"https:\/\/cnr.org.br\/site\/?p=87322"},"modified":"2024-05-03T16:54:10","modified_gmt":"2024-05-03T19:54:10","slug":"direitos-humanos-apoiara-semana-nacional-do-registro-civil-em-maio","status":"publish","type":"post","link":"https:\/\/cnr.org.br\/site\/direitos-humanos-apoiara-semana-nacional-do-registro-civil-em-maio\/","title":{"rendered":"Direitos Humanos apoiar\u00e1 semana nacional do registro civil em maio"},"content":{"rendered":"<div id=\"dslc-theme-content\"><div id=\"dslc-theme-content-inner\">\n<p>Intitulada \u201cRegistre-se\u201d, iniciativa vai assegurar documenta\u00e7\u00e3o b\u00e1sica para povos origin\u00e1rios, pessoas privadas de liberdade e popula\u00e7\u00e3o em situa\u00e7\u00e3o de rua<\/p>\n\n\n\n<p>Entre os dias 13 e 17 de maio, o Minist\u00e9rio dos Direitos Humanos e da Cidadania (MDHC) integrar\u00e1 a Semana Nacional de Registro Civil. Batizada como \u201cRegistre-se! \u2013 Sua hist\u00f3ria tem nome e sobrenome\u201d, a iniciativa \u00e9 promovida pela Corregedoria Nacional de Justi\u00e7a (CN) e busca assegurar e facilitar a emiss\u00e3o de documenta\u00e7\u00e3o b\u00e1sica, como Certid\u00e3o de Nascimento. Neste ano, o foco de atendimento s\u00e3o pessoas em situa\u00e7\u00e3o de rua, povos ind\u00edgenas e aqueles privados de liberdade.<br><br>\u201cMilh\u00f5es de brasileiros n\u00e3o foram registrados ao nascer e n\u00e3o t\u00eam acesso aos principais servi\u00e7os p\u00fablicos como sa\u00fade, educa\u00e7\u00e3o, al\u00e9m de n\u00e3o exercerem seus direitos tamb\u00e9m. \u00c9 a partir da Certid\u00e3o de Nascimento que \u00e9 poss\u00edvel emitir outros documentos essenciais como CPF e T\u00edtulo de Eleitor. Essa \u00e9 uma iniciativa de fundamental import\u00e2ncia para garantir dignidade e cidadania para essas pessoas\u201d, frisa o corregedor nacional de Justi\u00e7a, ministro Luis Felipe Salom\u00e3o.<\/p>\n\n\n\n<p>Representante do MDHC, o secret\u00e1rio nacional de Promo\u00e7\u00e3o e Defesa dos Direitos Humanos, Bruno Renato Teixeira, relembra os diversos mutir\u00f5es promovidos pelo \u00f3rg\u00e3o ao longo de 2023. \u201cMais de 30 mil pessoas j\u00e1 tiveram suas documenta\u00e7\u00f5es b\u00e1sicas emitidas, a exemplo de pessoas em situa\u00e7\u00e3o de rua, migrantes e refugiados. Voltarmos nossos olhares \u00e0s pessoas em priva\u00e7\u00e3o de liberdade, nesta a\u00e7\u00e3o conjunta, \u00e9 garantir a cidadania de todos, um direito universal\u201d, ressalta o gestor.<\/p>\n\n\n\n<p><strong>CNJ<\/strong><\/p>\n\n\n\n<p>A a\u00e7\u00e3o conta com o apoio do Departamento de Monitoramento e Fiscaliza\u00e7\u00e3o do Sistema Carcer\u00e1rio e do Sistema de Execu\u00e7\u00e3o de Medidas Socioeducativas (DMF) do CNJ, da Associa\u00e7\u00e3o Nacional dos Registradores de Pessoas Naturais (Arpen), do Minist\u00e9rio dos Povos Ind\u00edgenas e da Funda\u00e7\u00e3o Nacional dos Povos Ind\u00edgenas (Funai).&nbsp; Juntas, as institui\u00e7\u00f5es v\u00e3o atuar na identifica\u00e7\u00e3o dos dados do p\u00fablico-alvo em seus registros, para a emiss\u00e3o do documento.<\/p>\n\n\n\n<p><a href=\"https:\/\/www.youtube.com\/watch?v=c-x9K1KtalI\" target=\"_blank\" rel=\"noreferrer noopener\">Acesse o v\u00eddeo do CNJ em promo\u00e7\u00e3o \u00e0 semana de mobiliza\u00e7\u00e3o nacional<br><\/a><br><strong>Cidadania<br><br><\/strong>A a\u00e7\u00e3o \u00e9 nacional e conta com o apoio das corregedorias gerais e das Associa\u00e7\u00f5es dos Registradores de Pessoas Naturais estaduais, com atendimento nos 26 estados brasileiros e no Distrito Federal. Al\u00e9m disso, ter\u00e1 ainda apoio e a capilaridade dos 7.463 cart\u00f3rios brasileiros, presentes em todos os munic\u00edpios do territ\u00f3rio nacional.<\/p>\n\n\n\n<p>\u201c\u00c9 importante destacar que o registro civil de nascimento \u00e9 gratuito para a toda a popula\u00e7\u00e3o e \u00e9 por meio dele que uma pessoa passa a ter nome, sobrenome, filia\u00e7\u00e3o, naturalidade e cidadania\u201d, destaca Gustavo Renato Fiscarelli, presidente da Arpen\/BR. \u201cNesta edi\u00e7\u00e3o, vamos focar no registro de pessoas privadas de liberdade e de povos ind\u00edgenas, mas as portas do registro civil est\u00e3o sempre abertas a qualquer pessoa que queira sua cidadania\u201d, completou.<br><br>&nbsp;<strong>P\u00fablico-alvo<br><br><\/strong>Para atender as popula\u00e7\u00f5es ind\u00edgenas e quilombolas, os tribunais de Justi\u00e7a do Amazonas (TJAM), da Bahia (TJBA), de Mato Grosso do Sul (TJMS), do Maranh\u00e3o (TJMA), do Par\u00e1 (TJPA) e do Tocantins (TJTO) far\u00e3o atendimentos locais.<br><br>Para ampliar o atendimento a essa popula\u00e7\u00e3o, o TJAM vai desenvolver as atividades na capital Manaus e nos munic\u00edpios de Barcelos, Tabatinga e Benjamin Constant. Nesse \u00faltimo, os esfor\u00e7os ser\u00e3o concentrados em Feijoal, com cerca de 5 mil habitantes e a maior comunidade ind\u00edgena do munic\u00edpio.&nbsp;<\/p>\n\n\n\n<p>O alcance do maior n\u00famero de ind\u00edgenas durante o per\u00edodo da campanha conta com mapeamento e pr\u00e9-atendimento pela corte amazonense de 900 interessados. A a\u00e7\u00e3o a ser realizada na comunidade de Feijoal tamb\u00e9m vai incluir um casamento coletivo de 300 casais ind\u00edgenas e uma campanha de reconhecimento volunt\u00e1rio de paternidade.<\/p>\n\n\n\n<p>Quanto \u00e0 popula\u00e7\u00e3o carcer\u00e1ria, j\u00e1 est\u00e1 programada a chegada da campanha em pres\u00eddios de sete estados, por meio dos tribunais de Justi\u00e7a de S\u00e3o Paulo (TJSP), de Alagoas (TJAL), do Maranh\u00e3o (TJMA), de Mato Grosso (TJMT), do Par\u00e1 (TJPA), do Rio de Janeiro (TJRJ) e do Rio Grande do Norte (TJRN). O juiz-corregedor auxiliar do Tribunal de Justi\u00e7a do Rio Grande do Norte (TJRN), Paulo Maia, planeja alcan\u00e7ar, durante a Semana Registre-se!, o sistema carcer\u00e1rio do estado como um todo, mas ir\u00e1 priorizar as penitenci\u00e1rias de Alca\u00e7uz e a Jo\u00e3o Chaves, que \u00e9 feminina.<\/p>\n\n\n\n<p><strong>Sobre a semana<\/strong><\/p>\n\n\n\n<p>A Semana Nacional de Registro Civil foi institu\u00edda por meio do Provimento 140\/2023 da Corregedoria Nacional de Justi\u00e7a e deve ser realizada pelo menos uma vez ao ano. A primeira edi\u00e7\u00e3o do evento, em maio do ano passado, assegurou cidadania a mais de 100 mil brasileiros em situa\u00e7\u00e3o de vulnerabilidade, que conseguiram solucionar pend\u00eancias referentes ao registro civil.<\/p>\n\n\n\n<p><strong>Para d\u00favidas e mais informa\u00e7\u00f5es:<\/strong><\/p>\n\n\n\n<p><a href=\"mailto:gab.sndh@mdh.gov.br\">gab.sndh@mdh.gov.br<\/a><\/p>\n\n\n\n<p>Fonte: <a href=\"https:\/\/www.gov.br\/mdh\/pt-br\/assuntos\/noticias\/2024\/abril\/direitos-humanos-apoiara-semana-nacional-do-registro-civil-em-maio\">GOV.BR<\/a><\/p>\n<\/div><\/div>","protected":false},"excerpt":{"rendered":"<p>Intitulada \u201cRegistre-se\u201d, iniciativa vai assegurar documenta\u00e7\u00e3o b\u00e1sica para povos origin\u00e1rios, pessoas privadas de liberdade e popula\u00e7\u00e3o em situa\u00e7\u00e3o de rua Entre os dias 13 e 17 de maio, o Minist\u00e9rio dos Direitos Humanos e da Cidadania (MDHC) integrar\u00e1 a Semana Nacional de Registro Civil. Batizada como \u201cRegistre-se! \u2013 Sua hist\u00f3ria tem nome e sobrenome\u201d, a [&hellip;]<\/p>\n","protected":false},"author":2,"featured_media":87323,"comment_status":"closed","ping_status":"closed","sticky":false,"template":"","format":"standard","meta":{"footnotes":"","_links_to":"","_links_to_target":""},"categories":[55,47],"tags":[],"class_list":["post-87322","post","type-post","status-publish","format-standard","has-post-thumbnail","hentry","category-noticia","category-ultimas-noticias"],"yoast_head":"<!-- This site is optimized with the Yoast SEO plugin v27.5 - https:\/\/yoast.com\/product\/yoast-seo-wordpress\/ -->\n<title>Direitos Humanos apoiar\u00e1 semana nacional do registro civil em maio - CNR<\/title>\n<meta name=\"robots\" content=\"index, follow, max-snippet:-1, max-image-preview:large, max-video-preview:-1\" \/>\n<link rel=\"canonical\" href=\"https:\/\/cnr.org.br\/novoportal\/direitos-humanos-apoiara-semana-nacional-do-registro-civil-em-maio\/\" \/>\n<meta property=\"og:locale\" content=\"pt_BR\" \/>\n<meta property=\"og:type\" content=\"article\" \/>\n<meta property=\"og:title\" content=\"Direitos Humanos apoiar\u00e1 semana nacional do registro civil em maio - CNR\" \/>\n<meta property=\"og:description\" content=\"Intitulada \u201cRegistre-se\u201d, iniciativa vai assegurar documenta\u00e7\u00e3o b\u00e1sica para povos origin\u00e1rios, pessoas privadas de liberdade e popula\u00e7\u00e3o em situa\u00e7\u00e3o de rua Entre os dias 13 e 17 de maio, o Minist\u00e9rio dos Direitos Humanos e da Cidadania (MDHC) integrar\u00e1 a Semana Nacional de Registro Civil. Batizada como \u201cRegistre-se! \u2013 Sua hist\u00f3ria tem nome e sobrenome\u201d, a [&hellip;]\" \/>\n<meta property=\"og:url\" content=\"https:\/\/cnr.org.br\/novoportal\/direitos-humanos-apoiara-semana-nacional-do-registro-civil-em-maio\/\" \/>\n<meta property=\"og:site_name\" content=\"CNR\" \/>\n<meta property=\"article:published_time\" content=\"2024-05-03T19:54:08+00:00\" \/>\n<meta property=\"article:modified_time\" content=\"2024-05-03T19:54:10+00:00\" \/>\n<meta property=\"og:image\" content=\"https:\/\/cnr.org.br\/novoportal\/wp-content\/uploads\/2024\/05\/4387810e-a1b7-4af3-a57d-eed17051145a.jpeg\" \/>\n\t<meta property=\"og:image:width\" content=\"768\" \/>\n\t<meta property=\"og:image:height\" content=\"541\" \/>\n\t<meta property=\"og:image:type\" content=\"image\/jpeg\" \/>\n<meta name=\"author\" content=\"Imprensa CNR\" \/>\n<meta name=\"twitter:card\" content=\"summary_large_image\" \/>\n<meta name=\"twitter:label1\" content=\"Escrito por\" \/>\n\t<meta name=\"twitter:data1\" content=\"Imprensa CNR\" \/>\n\t<meta name=\"twitter:label2\" content=\"Est. tempo de leitura\" \/>\n\t<meta name=\"twitter:data2\" content=\"5 minutos\" \/>\n<script type=\"application\/ld+json\" class=\"yoast-schema-graph\">{\"@context\":\"https:\\\/\\\/schema.org\",\"@graph\":[{\"@type\":\"Article\",\"@id\":\"https:\\\/\\\/cnr.org.br\\\/novoportal\\\/direitos-humanos-apoiara-semana-nacional-do-registro-civil-em-maio\\\/#article\",\"isPartOf\":{\"@id\":\"https:\\\/\\\/cnr.org.br\\\/novoportal\\\/direitos-humanos-apoiara-semana-nacional-do-registro-civil-em-maio\\\/\"},\"author\":{\"name\":\"Imprensa CNR\",\"@id\":\"https:\\\/\\\/cnr.org.br\\\/novoportal\\\/#\\\/schema\\\/person\\\/1f46209cd8c9d3d9887a0765b64ca66b\"},\"headline\":\"Direitos Humanos apoiar\u00e1 semana nacional do registro civil em maio\",\"datePublished\":\"2024-05-03T19:54:08+00:00\",\"dateModified\":\"2024-05-03T19:54:10+00:00\",\"mainEntityOfPage\":{\"@id\":\"https:\\\/\\\/cnr.org.br\\\/novoportal\\\/direitos-humanos-apoiara-semana-nacional-do-registro-civil-em-maio\\\/\"},\"wordCount\":844,\"publisher\":{\"@id\":\"https:\\\/\\\/cnr.org.br\\\/novoportal\\\/#organization\"},\"image\":{\"@id\":\"https:\\\/\\\/cnr.org.br\\\/novoportal\\\/direitos-humanos-apoiara-semana-nacional-do-registro-civil-em-maio\\\/#primaryimage\"},\"thumbnailUrl\":\"https:\\\/\\\/cnr.org.br\\\/site\\\/wp-content\\\/uploads\\\/2024\\\/05\\\/4387810e-a1b7-4af3-a57d-eed17051145a.jpeg\",\"articleSection\":[\"Not\u00edcia\",\"\u00daltimas Not\u00edcias\"],\"inLanguage\":\"pt-BR\"},{\"@type\":\"WebPage\",\"@id\":\"https:\\\/\\\/cnr.org.br\\\/novoportal\\\/direitos-humanos-apoiara-semana-nacional-do-registro-civil-em-maio\\\/\",\"url\":\"https:\\\/\\\/cnr.org.br\\\/novoportal\\\/direitos-humanos-apoiara-semana-nacional-do-registro-civil-em-maio\\\/\",\"name\":\"Direitos Humanos apoiar\u00e1 semana nacional do registro civil em maio - CNR\",\"isPartOf\":{\"@id\":\"https:\\\/\\\/cnr.org.br\\\/novoportal\\\/#website\"},\"primaryImageOfPage\":{\"@id\":\"https:\\\/\\\/cnr.org.br\\\/novoportal\\\/direitos-humanos-apoiara-semana-nacional-do-registro-civil-em-maio\\\/#primaryimage\"},\"image\":{\"@id\":\"https:\\\/\\\/cnr.org.br\\\/novoportal\\\/direitos-humanos-apoiara-semana-nacional-do-registro-civil-em-maio\\\/#primaryimage\"},\"thumbnailUrl\":\"https:\\\/\\\/cnr.org.br\\\/site\\\/wp-content\\\/uploads\\\/2024\\\/05\\\/4387810e-a1b7-4af3-a57d-eed17051145a.jpeg\",\"datePublished\":\"2024-05-03T19:54:08+00:00\",\"dateModified\":\"2024-05-03T19:54:10+00:00\",\"breadcrumb\":{\"@id\":\"https:\\\/\\\/cnr.org.br\\\/novoportal\\\/direitos-humanos-apoiara-semana-nacional-do-registro-civil-em-maio\\\/#breadcrumb\"},\"inLanguage\":\"pt-BR\",\"potentialAction\":[{\"@type\":\"ReadAction\",\"target\":[\"https:\\\/\\\/cnr.org.br\\\/novoportal\\\/direitos-humanos-apoiara-semana-nacional-do-registro-civil-em-maio\\\/\"]}]},{\"@type\":\"ImageObject\",\"inLanguage\":\"pt-BR\",\"@id\":\"https:\\\/\\\/cnr.org.br\\\/novoportal\\\/direitos-humanos-apoiara-semana-nacional-do-registro-civil-em-maio\\\/#primaryimage\",\"url\":\"https:\\\/\\\/cnr.org.br\\\/site\\\/wp-content\\\/uploads\\\/2024\\\/05\\\/4387810e-a1b7-4af3-a57d-eed17051145a.jpeg\",\"contentUrl\":\"https:\\\/\\\/cnr.org.br\\\/site\\\/wp-content\\\/uploads\\\/2024\\\/05\\\/4387810e-a1b7-4af3-a57d-eed17051145a.jpeg\",\"width\":768,\"height\":541,\"caption\":\"Pessoas em situa\u00e7\u00e3o de rua s\u00e3o um dos p\u00fablicos aos quais se destinam a mobiliza\u00e7\u00e3o nacional (Foto: Clarice Castro)\"},{\"@type\":\"BreadcrumbList\",\"@id\":\"https:\\\/\\\/cnr.org.br\\\/novoportal\\\/direitos-humanos-apoiara-semana-nacional-do-registro-civil-em-maio\\\/#breadcrumb\",\"itemListElement\":[{\"@type\":\"ListItem\",\"position\":1,\"name\":\"In\u00edcio\",\"item\":\"https:\\\/\\\/cnr.org.br\\\/site\\\/\"},{\"@type\":\"ListItem\",\"position\":2,\"name\":\"Direitos Humanos apoiar\u00e1 semana nacional do registro civil em maio\"}]},{\"@type\":\"WebSite\",\"@id\":\"https:\\\/\\\/cnr.org.br\\\/novoportal\\\/#website\",\"url\":\"https:\\\/\\\/cnr.org.br\\\/novoportal\\\/\",\"name\":\"CNR\",\"description\":\"Confedera\u00e7\u00e3o Nacional de Not\u00e1rios e Registradores\",\"publisher\":{\"@id\":\"https:\\\/\\\/cnr.org.br\\\/novoportal\\\/#organization\"},\"potentialAction\":[{\"@type\":\"SearchAction\",\"target\":{\"@type\":\"EntryPoint\",\"urlTemplate\":\"https:\\\/\\\/cnr.org.br\\\/novoportal\\\/?s={search_term_string}\"},\"query-input\":{\"@type\":\"PropertyValueSpecification\",\"valueRequired\":true,\"valueName\":\"search_term_string\"}}],\"inLanguage\":\"pt-BR\"},{\"@type\":\"Organization\",\"@id\":\"https:\\\/\\\/cnr.org.br\\\/novoportal\\\/#organization\",\"name\":\"CNR\",\"url\":\"https:\\\/\\\/cnr.org.br\\\/novoportal\\\/\",\"logo\":{\"@type\":\"ImageObject\",\"inLanguage\":\"pt-BR\",\"@id\":\"https:\\\/\\\/cnr.org.br\\\/novoportal\\\/#\\\/schema\\\/logo\\\/image\\\/\",\"url\":\"https:\\\/\\\/cnr.org.br\\\/site\\\/wp-content\\\/uploads\\\/2026\\\/02\\\/Logo_CNR_completa_colorida_2024.png\",\"contentUrl\":\"https:\\\/\\\/cnr.org.br\\\/site\\\/wp-content\\\/uploads\\\/2026\\\/02\\\/Logo_CNR_completa_colorida_2024.png\",\"width\":910,\"height\":450,\"caption\":\"CNR\"},\"image\":{\"@id\":\"https:\\\/\\\/cnr.org.br\\\/novoportal\\\/#\\\/schema\\\/logo\\\/image\\\/\"}},{\"@type\":\"Person\",\"@id\":\"https:\\\/\\\/cnr.org.br\\\/novoportal\\\/#\\\/schema\\\/person\\\/1f46209cd8c9d3d9887a0765b64ca66b\",\"name\":\"Imprensa CNR\",\"sameAs\":[\"https:\\\/\\\/cnr.org.br\\\/site\"],\"url\":\"https:\\\/\\\/cnr.org.br\\\/site\\\/author\\\/imprensa\\\/\"}]}<\/script>\n<!-- \/ Yoast SEO plugin. -->","yoast_head_json":{"title":"Direitos Humanos apoiar\u00e1 semana nacional do registro civil em maio - CNR","robots":{"index":"index","follow":"follow","max-snippet":"max-snippet:-1","max-image-preview":"max-image-preview:large","max-video-preview":"max-video-preview:-1"},"canonical":"https:\/\/cnr.org.br\/novoportal\/direitos-humanos-apoiara-semana-nacional-do-registro-civil-em-maio\/","og_locale":"pt_BR","og_type":"article","og_title":"Direitos Humanos apoiar\u00e1 semana nacional do registro civil em maio - CNR","og_description":"Intitulada \u201cRegistre-se\u201d, iniciativa vai assegurar documenta\u00e7\u00e3o b\u00e1sica para povos origin\u00e1rios, pessoas privadas de liberdade e popula\u00e7\u00e3o em situa\u00e7\u00e3o de rua Entre os dias 13 e 17 de maio, o Minist\u00e9rio dos Direitos Humanos e da Cidadania (MDHC) integrar\u00e1 a Semana Nacional de Registro Civil. Batizada como \u201cRegistre-se! \u2013 Sua hist\u00f3ria tem nome e sobrenome\u201d, a [&hellip;]","og_url":"https:\/\/cnr.org.br\/novoportal\/direitos-humanos-apoiara-semana-nacional-do-registro-civil-em-maio\/","og_site_name":"CNR","article_published_time":"2024-05-03T19:54:08+00:00","article_modified_time":"2024-05-03T19:54:10+00:00","og_image":[{"width":768,"height":541,"url":"https:\/\/cnr.org.br\/novoportal\/wp-content\/uploads\/2024\/05\/4387810e-a1b7-4af3-a57d-eed17051145a.jpeg","type":"image\/jpeg"}],"author":"Imprensa CNR","twitter_card":"summary_large_image","twitter_misc":{"Escrito por":"Imprensa CNR","Est. tempo de leitura":"5 minutos"},"schema":{"@context":"https:\/\/schema.org","@graph":[{"@type":"Article","@id":"https:\/\/cnr.org.br\/novoportal\/direitos-humanos-apoiara-semana-nacional-do-registro-civil-em-maio\/#article","isPartOf":{"@id":"https:\/\/cnr.org.br\/novoportal\/direitos-humanos-apoiara-semana-nacional-do-registro-civil-em-maio\/"},"author":{"name":"Imprensa CNR","@id":"https:\/\/cnr.org.br\/novoportal\/#\/schema\/person\/1f46209cd8c9d3d9887a0765b64ca66b"},"headline":"Direitos Humanos apoiar\u00e1 semana nacional do registro civil em maio","datePublished":"2024-05-03T19:54:08+00:00","dateModified":"2024-05-03T19:54:10+00:00","mainEntityOfPage":{"@id":"https:\/\/cnr.org.br\/novoportal\/direitos-humanos-apoiara-semana-nacional-do-registro-civil-em-maio\/"},"wordCount":844,"publisher":{"@id":"https:\/\/cnr.org.br\/novoportal\/#organization"},"image":{"@id":"https:\/\/cnr.org.br\/novoportal\/direitos-humanos-apoiara-semana-nacional-do-registro-civil-em-maio\/#primaryimage"},"thumbnailUrl":"https:\/\/cnr.org.br\/site\/wp-content\/uploads\/2024\/05\/4387810e-a1b7-4af3-a57d-eed17051145a.jpeg","articleSection":["Not\u00edcia","\u00daltimas Not\u00edcias"],"inLanguage":"pt-BR"},{"@type":"WebPage","@id":"https:\/\/cnr.org.br\/novoportal\/direitos-humanos-apoiara-semana-nacional-do-registro-civil-em-maio\/","url":"https:\/\/cnr.org.br\/novoportal\/direitos-humanos-apoiara-semana-nacional-do-registro-civil-em-maio\/","name":"Direitos Humanos apoiar\u00e1 semana nacional do registro civil em maio - CNR","isPartOf":{"@id":"https:\/\/cnr.org.br\/novoportal\/#website"},"primaryImageOfPage":{"@id":"https:\/\/cnr.org.br\/novoportal\/direitos-humanos-apoiara-semana-nacional-do-registro-civil-em-maio\/#primaryimage"},"image":{"@id":"https:\/\/cnr.org.br\/novoportal\/direitos-humanos-apoiara-semana-nacional-do-registro-civil-em-maio\/#primaryimage"},"thumbnailUrl":"https:\/\/cnr.org.br\/site\/wp-content\/uploads\/2024\/05\/4387810e-a1b7-4af3-a57d-eed17051145a.jpeg","datePublished":"2024-05-03T19:54:08+00:00","dateModified":"2024-05-03T19:54:10+00:00","breadcrumb":{"@id":"https:\/\/cnr.org.br\/novoportal\/direitos-humanos-apoiara-semana-nacional-do-registro-civil-em-maio\/#breadcrumb"},"inLanguage":"pt-BR","potentialAction":[{"@type":"ReadAction","target":["https:\/\/cnr.org.br\/novoportal\/direitos-humanos-apoiara-semana-nacional-do-registro-civil-em-maio\/"]}]},{"@type":"ImageObject","inLanguage":"pt-BR","@id":"https:\/\/cnr.org.br\/novoportal\/direitos-humanos-apoiara-semana-nacional-do-registro-civil-em-maio\/#primaryimage","url":"https:\/\/cnr.org.br\/site\/wp-content\/uploads\/2024\/05\/4387810e-a1b7-4af3-a57d-eed17051145a.jpeg","contentUrl":"https:\/\/cnr.org.br\/site\/wp-content\/uploads\/2024\/05\/4387810e-a1b7-4af3-a57d-eed17051145a.jpeg","width":768,"height":541,"caption":"Pessoas em situa\u00e7\u00e3o de rua s\u00e3o um dos p\u00fablicos aos quais se destinam a mobiliza\u00e7\u00e3o nacional (Foto: Clarice Castro)"},{"@type":"BreadcrumbList","@id":"https:\/\/cnr.org.br\/novoportal\/direitos-humanos-apoiara-semana-nacional-do-registro-civil-em-maio\/#breadcrumb","itemListElement":[{"@type":"ListItem","position":1,"name":"In\u00edcio","item":"https:\/\/cnr.org.br\/site\/"},{"@type":"ListItem","position":2,"name":"Direitos Humanos apoiar\u00e1 semana nacional do registro civil em maio"}]},{"@type":"WebSite","@id":"https:\/\/cnr.org.br\/novoportal\/#website","url":"https:\/\/cnr.org.br\/novoportal\/","name":"CNR","description":"Confedera\u00e7\u00e3o Nacional de Not\u00e1rios e Registradores","publisher":{"@id":"https:\/\/cnr.org.br\/novoportal\/#organization"},"potentialAction":[{"@type":"SearchAction","target":{"@type":"EntryPoint","urlTemplate":"https:\/\/cnr.org.br\/novoportal\/?s={search_term_string}"},"query-input":{"@type":"PropertyValueSpecification","valueRequired":true,"valueName":"search_term_string"}}],"inLanguage":"pt-BR"},{"@type":"Organization","@id":"https:\/\/cnr.org.br\/novoportal\/#organization","name":"CNR","url":"https:\/\/cnr.org.br\/novoportal\/","logo":{"@type":"ImageObject","inLanguage":"pt-BR","@id":"https:\/\/cnr.org.br\/novoportal\/#\/schema\/logo\/image\/","url":"https:\/\/cnr.org.br\/site\/wp-content\/uploads\/2026\/02\/Logo_CNR_completa_colorida_2024.png","contentUrl":"https:\/\/cnr.org.br\/site\/wp-content\/uploads\/2026\/02\/Logo_CNR_completa_colorida_2024.png","width":910,"height":450,"caption":"CNR"},"image":{"@id":"https:\/\/cnr.org.br\/novoportal\/#\/schema\/logo\/image\/"}},{"@type":"Person","@id":"https:\/\/cnr.org.br\/novoportal\/#\/schema\/person\/1f46209cd8c9d3d9887a0765b64ca66b","name":"Imprensa CNR","sameAs":["https:\/\/cnr.org.br\/site"],"url":"https:\/\/cnr.org.br\/site\/author\/imprensa\/"}]}},"_links":{"self":[{"href":"https:\/\/cnr.org.br\/site\/wp-json\/wp\/v2\/posts\/87322","targetHints":{"allow":["GET"]}}],"collection":[{"href":"https:\/\/cnr.org.br\/site\/wp-json\/wp\/v2\/posts"}],"about":[{"href":"https:\/\/cnr.org.br\/site\/wp-json\/wp\/v2\/types\/post"}],"author":[{"embeddable":true,"href":"https:\/\/cnr.org.br\/site\/wp-json\/wp\/v2\/users\/2"}],"replies":[{"embeddable":true,"href":"https:\/\/cnr.org.br\/site\/wp-json\/wp\/v2\/comments?post=87322"}],"version-history":[{"count":0,"href":"https:\/\/cnr.org.br\/site\/wp-json\/wp\/v2\/posts\/87322\/revisions"}],"wp:featuredmedia":[{"embeddable":true,"href":"https:\/\/cnr.org.br\/site\/wp-json\/wp\/v2\/media\/87323"}],"wp:attachment":[{"href":"https:\/\/cnr.org.br\/site\/wp-json\/wp\/v2\/media?parent=87322"}],"wp:term":[{"taxonomy":"category","embeddable":true,"href":"https:\/\/cnr.org.br\/site\/wp-json\/wp\/v2\/categories?post=87322"},{"taxonomy":"post_tag","embeddable":true,"href":"https:\/\/cnr.org.br\/site\/wp-json\/wp\/v2\/tags?post=87322"}],"curies":[{"name":"wp","href":"https:\/\/api.w.org\/{rel}","templated":true}]}}