{"id":87690,"date":"2024-08-13T16:50:24","date_gmt":"2024-08-13T19:50:24","guid":{"rendered":"https:\/\/cnr.org.br\/site\/?p=87690"},"modified":"2024-08-13T16:50:25","modified_gmt":"2024-08-13T19:50:25","slug":"confira-a-galeria-do-xiv-forum-de-integracao-juridica","status":"publish","type":"post","link":"https:\/\/cnr.org.br\/site\/confira-a-galeria-do-xiv-forum-de-integracao-juridica\/","title":{"rendered":"Confira a galeria do XIV F\u00f3rum de Integra\u00e7\u00e3o Jur\u00eddica"},"content":{"rendered":"\n<p>Na \u00faltima sexta-feira (09), os Not\u00e1rios e Registradores reuniram-se no XIV F\u00f3rum de Integra\u00e7\u00e3o Jur\u00eddica, em Bras\u00edlia, para discutir tem\u00e1ticas do \u00e2mbito do Registro P\u00fablico, C\u00f3digo Civil, Regulariza\u00e7\u00e3o Fundi\u00e1ria, entre outros assuntos. O evento reuniu not\u00e1rios, registradores, advogados, magistrados e demais profissionais da \u00e1rea jur\u00eddica.<\/p>\n\n\n\n<p>Confira os registros do evento da Escola Nacional de Not\u00e1rios e Registradores (ENNOR), institui\u00e7\u00e3o acad\u00eamica que desempenha papel fundamental na forma\u00e7\u00e3o e atualiza\u00e7\u00e3o dos profissionais de notariado e registro, mantida pela Associa\u00e7\u00e3o dos Not\u00e1rios e Registradores do Brasil (ANOREG\/BR) e pela Confedera\u00e7\u00e3o Nacional de Not\u00e1rios e Registradores (CNR).<\/p>\n\n\n\n<p><strong><a href=\"https:\/\/drive.google.com\/drive\/folders\/1Ybh0sFud3px1J6H0NIxLAJhikFSS4E9X\">Confira aqui as fotos do XIV F\u00f3rum de Integra\u00e7\u00e3o\u00a0Jur\u00eddica.<\/a><\/strong><\/p>\n\n\n\n<p>Fonte: Assessoria de Comunica\u00e7\u00e3o da CNR<\/p>\n","protected":false},"excerpt":{"rendered":"<p>Na \u00faltima sexta-feira (09), os Not\u00e1rios e Registradores reuniram-se no XIV F\u00f3rum de Integra\u00e7\u00e3o Jur\u00eddica, em Bras\u00edlia, para discutir tem\u00e1ticas do \u00e2mbito do Registro P\u00fablico, C\u00f3digo Civil, Regulariza\u00e7\u00e3o Fundi\u00e1ria, entre outros assuntos. O evento reuniu not\u00e1rios, registradores, advogados, magistrados e demais profissionais da \u00e1rea jur\u00eddica. Confira os registros do evento da Escola Nacional de Not\u00e1rios&#8230;<\/p>\n","protected":false},"author":2,"featured_media":87691,"comment_status":"closed","ping_status":"closed","sticky":false,"template":"","format":"standard","meta":{"_exactmetrics_skip_tracking":false,"_exactmetrics_sitenote_active":false,"_exactmetrics_sitenote_note":"","_exactmetrics_sitenote_category":0,"footnotes":""},"categories":[55,47],"tags":[],"class_list":["post-87690","post","type-post","status-publish","format-standard","has-post-thumbnail","hentry","category-noticia","category-ultimas-noticias"],"_links":{"self":[{"href":"https:\/\/cnr.org.br\/site\/wp-json\/wp\/v2\/posts\/87690"}],"collection":[{"href":"https:\/\/cnr.org.br\/site\/wp-json\/wp\/v2\/posts"}],"about":[{"href":"https:\/\/cnr.org.br\/site\/wp-json\/wp\/v2\/types\/post"}],"author":[{"embeddable":true,"href":"https:\/\/cnr.org.br\/site\/wp-json\/wp\/v2\/users\/2"}],"replies":[{"embeddable":true,"href":"https:\/\/cnr.org.br\/site\/wp-json\/wp\/v2\/comments?post=87690"}],"version-history":[{"count":1,"href":"https:\/\/cnr.org.br\/site\/wp-json\/wp\/v2\/posts\/87690\/revisions"}],"predecessor-version":[{"id":87692,"href":"https:\/\/cnr.org.br\/site\/wp-json\/wp\/v2\/posts\/87690\/revisions\/87692"}],"wp:featuredmedia":[{"embeddable":true,"href":"https:\/\/cnr.org.br\/site\/wp-json\/wp\/v2\/media\/87691"}],"wp:attachment":[{"href":"https:\/\/cnr.org.br\/site\/wp-json\/wp\/v2\/media?parent=87690"}],"wp:term":[{"taxonomy":"category","embeddable":true,"href":"https:\/\/cnr.org.br\/site\/wp-json\/wp\/v2\/categories?post=87690"},{"taxonomy":"post_tag","embeddable":true,"href":"https:\/\/cnr.org.br\/site\/wp-json\/wp\/v2\/tags?post=87690"}],"curies":[{"name":"wp","href":"https:\/\/api.w.org\/{rel}","templated":true}]}}