{"id":8804,"date":"2018-11-19T14:39:03","date_gmt":"2018-11-19T16:39:03","guid":{"rendered":"https:\/\/cnr.org.br\/site\/?p=8804"},"modified":"2018-11-19T14:39:03","modified_gmt":"2018-11-19T16:39:03","slug":"nota-de-pesar-pelo-falecimento-do-antonio-sergio-faria-araujo","status":"publish","type":"post","link":"https:\/\/cnr.org.br\/site\/nota-de-pesar-pelo-falecimento-do-antonio-sergio-faria-araujo\/","title":{"rendered":"Nota de pesar pelo falecimento do Ant\u00f4nio S\u00e9rgio Faria Ara\u00fajo"},"content":{"rendered":"<div id=\"dslc-theme-content\"><div id=\"dslc-theme-content-inner\"><p>\t\t\t\tA Diretoria da Confedera\u00e7\u00e3o Nacional de Not\u00e1rios e Registradores (CNR) lamenta com pesar o falecimento do tabeli\u00e3o de protesto\u00a0Ant\u00f4nio S\u00e9rgio Faria Ara\u00fajo (1o Tabeli\u00e3o de Protesto de Rio Branco\/AC), na manh\u00e3 deste domingo de 18 de novembro, 2018. O vel\u00f3rio ocorreu nesta\u00a0tarde em Curitiba, onde reside seus pais.<\/p>\n<p>Natural do Estado do Paran\u00e1, nascido em 17\/03\/1966, foi um dos pioneiros\u00a0delegat\u00e1rios do Estado do Acre. Participou do primeiro concurso extrajudicial\u00a0realizado daquele Estado, tendo sido assessor do Tribunal de Justi\u00e7a antes\u00a0de ingressar na tabelionato quando chegou em Rio Branco, em 2002.<\/p>\n<p>Em nome de todos os not\u00e1rios e registradores expressamos nossos p\u00easames a toda a fam\u00edlia e amigos pela enorme perda, desejando que Deus\u00a0conforte seus cora\u00e7\u00f5es e d\u00ea for\u00e7as para transformar toda dor desta perda\u00a0irrepar\u00e1vel em f\u00e9 e esperan\u00e7a.<\/p>\n<p>Rog\u00e9rio Portugal Bacellar<\/p>\n<p>Presidente\t\t<\/p>\n<\/div><\/div>","protected":false},"excerpt":{"rendered":"<p>A Diretoria da Confedera\u00e7\u00e3o Nacional de Not\u00e1rios e Registradores (CNR) lamenta com pesar o falecimento do tabeli\u00e3o de protesto\u00a0Ant\u00f4nio S\u00e9rgio Faria Ara\u00fajo (1o Tabeli\u00e3o de Protesto de Rio Branco\/AC), na manh\u00e3 deste domingo de 18 de novembro, 2018. O vel\u00f3rio ocorreu nesta\u00a0tarde em Curitiba, onde reside seus pais. Natural do Estado do Paran\u00e1, nascido em [&hellip;]<\/p>\n","protected":false},"author":2,"featured_media":8809,"comment_status":"open","ping_status":"open","sticky":false,"template":"","format":"standard","meta":{"footnotes":"","_links_to":"","_links_to_target":""},"categories":[2,47],"tags":[],"class_list":["post-8804","post","type-post","status-publish","format-standard","has-post-thumbnail","hentry","category-institucional","category-ultimas-noticias"],"yoast_head":"<!-- This site is optimized with the Yoast SEO plugin v28.4 - https:\/\/yoast.com\/product\/yoast-seo-wordpress\/ -->\n<title>Nota de pesar pelo falecimento do Ant\u00f4nio S\u00e9rgio Faria Ara\u00fajo - CNR<\/title>\n<meta name=\"robots\" content=\"index, follow, max-snippet:-1, max-image-preview:large, max-video-preview:-1\" \/>\n<link rel=\"canonical\" href=\"https:\/\/cnr.org.br\/novoportal\/nota-de-pesar-pelo-falecimento-do-antonio-sergio-faria-araujo\/\" \/>\n<meta property=\"og:locale\" content=\"pt_BR\" \/>\n<meta property=\"og:type\" content=\"article\" \/>\n<meta property=\"og:title\" content=\"Nota de pesar pelo falecimento do Ant\u00f4nio S\u00e9rgio Faria Ara\u00fajo - CNR\" \/>\n<meta property=\"og:description\" content=\"A Diretoria da Confedera\u00e7\u00e3o Nacional de Not\u00e1rios e Registradores (CNR) lamenta com pesar o falecimento do tabeli\u00e3o de protesto\u00a0Ant\u00f4nio S\u00e9rgio Faria Ara\u00fajo (1o Tabeli\u00e3o de Protesto de Rio Branco\/AC), na manh\u00e3 deste domingo de 18 de novembro, 2018. O vel\u00f3rio ocorreu nesta\u00a0tarde em Curitiba, onde reside seus pais. Natural do Estado do Paran\u00e1, nascido em [&hellip;]\" \/>\n<meta property=\"og:url\" content=\"https:\/\/cnr.org.br\/novoportal\/nota-de-pesar-pelo-falecimento-do-antonio-sergio-faria-araujo\/\" \/>\n<meta property=\"og:site_name\" content=\"CNR\" \/>\n<meta property=\"article:published_time\" content=\"2018-11-19T16:39:03+00:00\" \/>\n<meta property=\"og:image\" content=\"https:\/\/cnr.org.br\/novoportal\/wp-content\/uploads\/2018\/11\/design-proposal.png\" \/>\n\t<meta property=\"og:image:width\" content=\"900\" \/>\n\t<meta property=\"og:image:height\" content=\"600\" \/>\n\t<meta property=\"og:image:type\" content=\"image\/png\" \/>\n<meta name=\"author\" content=\"Imprensa CNR\" \/>\n<meta name=\"twitter:card\" content=\"summary_large_image\" \/>\n<meta name=\"twitter:label1\" content=\"Escrito por\" \/>\n\t<meta name=\"twitter:data1\" content=\"Imprensa CNR\" \/>\n\t<meta name=\"twitter:label2\" content=\"Est. tempo de leitura\" \/>\n\t<meta name=\"twitter:data2\" content=\"1 minuto\" \/>\n<script type=\"application\/ld+json\" class=\"yoast-schema-graph\">{\"@context\":\"https:\\\/\\\/schema.org\",\"@graph\":[{\"@type\":\"Article\",\"@id\":\"https:\\\/\\\/cnr.org.br\\\/novoportal\\\/nota-de-pesar-pelo-falecimento-do-antonio-sergio-faria-araujo\\\/#article\",\"isPartOf\":{\"@id\":\"https:\\\/\\\/cnr.org.br\\\/novoportal\\\/nota-de-pesar-pelo-falecimento-do-antonio-sergio-faria-araujo\\\/\"},\"author\":{\"name\":\"Imprensa CNR\",\"@id\":\"https:\\\/\\\/cnr.org.br\\\/novoportal\\\/#\\\/schema\\\/person\\\/1f46209cd8c9d3d9887a0765b64ca66b\"},\"headline\":\"Nota de pesar pelo falecimento do Ant\u00f4nio S\u00e9rgio Faria Ara\u00fajo\",\"datePublished\":\"2018-11-19T16:39:03+00:00\",\"mainEntityOfPage\":{\"@id\":\"https:\\\/\\\/cnr.org.br\\\/novoportal\\\/nota-de-pesar-pelo-falecimento-do-antonio-sergio-faria-araujo\\\/\"},\"wordCount\":166,\"commentCount\":0,\"publisher\":{\"@id\":\"https:\\\/\\\/cnr.org.br\\\/novoportal\\\/#organization\"},\"image\":{\"@id\":\"https:\\\/\\\/cnr.org.br\\\/novoportal\\\/nota-de-pesar-pelo-falecimento-do-antonio-sergio-faria-araujo\\\/#primaryimage\"},\"thumbnailUrl\":\"https:\\\/\\\/cnr.org.br\\\/site\\\/wp-content\\\/uploads\\\/2018\\\/11\\\/design-proposal.png\",\"articleSection\":[\"Institucional\",\"\u00daltimas Not\u00edcias\"],\"inLanguage\":\"pt-BR\"},{\"@type\":\"WebPage\",\"@id\":\"https:\\\/\\\/cnr.org.br\\\/novoportal\\\/nota-de-pesar-pelo-falecimento-do-antonio-sergio-faria-araujo\\\/\",\"url\":\"https:\\\/\\\/cnr.org.br\\\/novoportal\\\/nota-de-pesar-pelo-falecimento-do-antonio-sergio-faria-araujo\\\/\",\"name\":\"Nota de pesar pelo falecimento do Ant\u00f4nio S\u00e9rgio Faria Ara\u00fajo - CNR\",\"isPartOf\":{\"@id\":\"https:\\\/\\\/cnr.org.br\\\/novoportal\\\/#website\"},\"primaryImageOfPage\":{\"@id\":\"https:\\\/\\\/cnr.org.br\\\/novoportal\\\/nota-de-pesar-pelo-falecimento-do-antonio-sergio-faria-araujo\\\/#primaryimage\"},\"image\":{\"@id\":\"https:\\\/\\\/cnr.org.br\\\/novoportal\\\/nota-de-pesar-pelo-falecimento-do-antonio-sergio-faria-araujo\\\/#primaryimage\"},\"thumbnailUrl\":\"https:\\\/\\\/cnr.org.br\\\/site\\\/wp-content\\\/uploads\\\/2018\\\/11\\\/design-proposal.png\",\"datePublished\":\"2018-11-19T16:39:03+00:00\",\"breadcrumb\":{\"@id\":\"https:\\\/\\\/cnr.org.br\\\/novoportal\\\/nota-de-pesar-pelo-falecimento-do-antonio-sergio-faria-araujo\\\/#breadcrumb\"},\"inLanguage\":\"pt-BR\",\"potentialAction\":[{\"@type\":\"ReadAction\",\"target\":[\"https:\\\/\\\/cnr.org.br\\\/novoportal\\\/nota-de-pesar-pelo-falecimento-do-antonio-sergio-faria-araujo\\\/\"]}]},{\"@type\":\"ImageObject\",\"inLanguage\":\"pt-BR\",\"@id\":\"https:\\\/\\\/cnr.org.br\\\/novoportal\\\/nota-de-pesar-pelo-falecimento-do-antonio-sergio-faria-araujo\\\/#primaryimage\",\"url\":\"https:\\\/\\\/cnr.org.br\\\/site\\\/wp-content\\\/uploads\\\/2018\\\/11\\\/design-proposal.png\",\"contentUrl\":\"https:\\\/\\\/cnr.org.br\\\/site\\\/wp-content\\\/uploads\\\/2018\\\/11\\\/design-proposal.png\",\"width\":900,\"height\":600},{\"@type\":\"BreadcrumbList\",\"@id\":\"https:\\\/\\\/cnr.org.br\\\/novoportal\\\/nota-de-pesar-pelo-falecimento-do-antonio-sergio-faria-araujo\\\/#breadcrumb\",\"itemListElement\":[{\"@type\":\"ListItem\",\"position\":1,\"name\":\"In\u00edcio\",\"item\":\"https:\\\/\\\/cnr.org.br\\\/site\\\/\"},{\"@type\":\"ListItem\",\"position\":2,\"name\":\"Nota de pesar pelo falecimento do Ant\u00f4nio S\u00e9rgio Faria Ara\u00fajo\"}]},{\"@type\":\"WebSite\",\"@id\":\"https:\\\/\\\/cnr.org.br\\\/novoportal\\\/#website\",\"url\":\"https:\\\/\\\/cnr.org.br\\\/novoportal\\\/\",\"name\":\"CNR\",\"description\":\"Confedera\u00e7\u00e3o Nacional de Not\u00e1rios e Registradores\",\"publisher\":{\"@id\":\"https:\\\/\\\/cnr.org.br\\\/novoportal\\\/#organization\"},\"potentialAction\":[{\"@type\":\"SearchAction\",\"target\":{\"@type\":\"EntryPoint\",\"urlTemplate\":\"https:\\\/\\\/cnr.org.br\\\/novoportal\\\/?s={search_term_string}\"},\"query-input\":{\"@type\":\"PropertyValueSpecification\",\"valueRequired\":true,\"valueName\":\"search_term_string\"}}],\"inLanguage\":\"pt-BR\"},{\"@type\":\"Organization\",\"@id\":\"https:\\\/\\\/cnr.org.br\\\/novoportal\\\/#organization\",\"name\":\"CNR\",\"url\":\"https:\\\/\\\/cnr.org.br\\\/novoportal\\\/\",\"logo\":{\"@type\":\"ImageObject\",\"inLanguage\":\"pt-BR\",\"@id\":\"https:\\\/\\\/cnr.org.br\\\/novoportal\\\/#\\\/schema\\\/logo\\\/image\\\/\",\"url\":\"https:\\\/\\\/cnr.org.br\\\/site\\\/wp-content\\\/uploads\\\/2026\\\/02\\\/Logo_CNR_completa_colorida_2024.png\",\"contentUrl\":\"https:\\\/\\\/cnr.org.br\\\/site\\\/wp-content\\\/uploads\\\/2026\\\/02\\\/Logo_CNR_completa_colorida_2024.png\",\"width\":910,\"height\":450,\"caption\":\"CNR\"},\"image\":{\"@id\":\"https:\\\/\\\/cnr.org.br\\\/novoportal\\\/#\\\/schema\\\/logo\\\/image\\\/\"}},{\"@type\":\"Person\",\"@id\":\"https:\\\/\\\/cnr.org.br\\\/novoportal\\\/#\\\/schema\\\/person\\\/1f46209cd8c9d3d9887a0765b64ca66b\",\"name\":\"Imprensa CNR\",\"sameAs\":[\"https:\\\/\\\/cnr.org.br\\\/site\"],\"url\":\"https:\\\/\\\/cnr.org.br\\\/site\\\/author\\\/imprensa\\\/\"}]}<\/script>\n<!-- \/ Yoast SEO plugin. -->","yoast_head_json":{"title":"Nota de pesar pelo falecimento do Ant\u00f4nio S\u00e9rgio Faria Ara\u00fajo - CNR","robots":{"index":"index","follow":"follow","max-snippet":"max-snippet:-1","max-image-preview":"max-image-preview:large","max-video-preview":"max-video-preview:-1"},"canonical":"https:\/\/cnr.org.br\/novoportal\/nota-de-pesar-pelo-falecimento-do-antonio-sergio-faria-araujo\/","og_locale":"pt_BR","og_type":"article","og_title":"Nota de pesar pelo falecimento do Ant\u00f4nio S\u00e9rgio Faria Ara\u00fajo - CNR","og_description":"A Diretoria da Confedera\u00e7\u00e3o Nacional de Not\u00e1rios e Registradores (CNR) lamenta com pesar o falecimento do tabeli\u00e3o de protesto\u00a0Ant\u00f4nio S\u00e9rgio Faria Ara\u00fajo (1o Tabeli\u00e3o de Protesto de Rio Branco\/AC), na manh\u00e3 deste domingo de 18 de novembro, 2018. O vel\u00f3rio ocorreu nesta\u00a0tarde em Curitiba, onde reside seus pais. Natural do Estado do Paran\u00e1, nascido em [&hellip;]","og_url":"https:\/\/cnr.org.br\/novoportal\/nota-de-pesar-pelo-falecimento-do-antonio-sergio-faria-araujo\/","og_site_name":"CNR","article_published_time":"2018-11-19T16:39:03+00:00","og_image":[{"width":900,"height":600,"url":"https:\/\/cnr.org.br\/novoportal\/wp-content\/uploads\/2018\/11\/design-proposal.png","type":"image\/png"}],"author":"Imprensa CNR","twitter_card":"summary_large_image","twitter_misc":{"Escrito por":"Imprensa CNR","Est. tempo de leitura":"1 minuto"},"schema":{"@context":"https:\/\/schema.org","@graph":[{"@type":"Article","@id":"https:\/\/cnr.org.br\/novoportal\/nota-de-pesar-pelo-falecimento-do-antonio-sergio-faria-araujo\/#article","isPartOf":{"@id":"https:\/\/cnr.org.br\/novoportal\/nota-de-pesar-pelo-falecimento-do-antonio-sergio-faria-araujo\/"},"author":{"name":"Imprensa CNR","@id":"https:\/\/cnr.org.br\/novoportal\/#\/schema\/person\/1f46209cd8c9d3d9887a0765b64ca66b"},"headline":"Nota de pesar pelo falecimento do Ant\u00f4nio S\u00e9rgio Faria Ara\u00fajo","datePublished":"2018-11-19T16:39:03+00:00","mainEntityOfPage":{"@id":"https:\/\/cnr.org.br\/novoportal\/nota-de-pesar-pelo-falecimento-do-antonio-sergio-faria-araujo\/"},"wordCount":166,"commentCount":0,"publisher":{"@id":"https:\/\/cnr.org.br\/novoportal\/#organization"},"image":{"@id":"https:\/\/cnr.org.br\/novoportal\/nota-de-pesar-pelo-falecimento-do-antonio-sergio-faria-araujo\/#primaryimage"},"thumbnailUrl":"https:\/\/cnr.org.br\/site\/wp-content\/uploads\/2018\/11\/design-proposal.png","articleSection":["Institucional","\u00daltimas Not\u00edcias"],"inLanguage":"pt-BR"},{"@type":"WebPage","@id":"https:\/\/cnr.org.br\/novoportal\/nota-de-pesar-pelo-falecimento-do-antonio-sergio-faria-araujo\/","url":"https:\/\/cnr.org.br\/novoportal\/nota-de-pesar-pelo-falecimento-do-antonio-sergio-faria-araujo\/","name":"Nota de pesar pelo falecimento do Ant\u00f4nio S\u00e9rgio Faria Ara\u00fajo - CNR","isPartOf":{"@id":"https:\/\/cnr.org.br\/novoportal\/#website"},"primaryImageOfPage":{"@id":"https:\/\/cnr.org.br\/novoportal\/nota-de-pesar-pelo-falecimento-do-antonio-sergio-faria-araujo\/#primaryimage"},"image":{"@id":"https:\/\/cnr.org.br\/novoportal\/nota-de-pesar-pelo-falecimento-do-antonio-sergio-faria-araujo\/#primaryimage"},"thumbnailUrl":"https:\/\/cnr.org.br\/site\/wp-content\/uploads\/2018\/11\/design-proposal.png","datePublished":"2018-11-19T16:39:03+00:00","breadcrumb":{"@id":"https:\/\/cnr.org.br\/novoportal\/nota-de-pesar-pelo-falecimento-do-antonio-sergio-faria-araujo\/#breadcrumb"},"inLanguage":"pt-BR","potentialAction":[{"@type":"ReadAction","target":["https:\/\/cnr.org.br\/novoportal\/nota-de-pesar-pelo-falecimento-do-antonio-sergio-faria-araujo\/"]}]},{"@type":"ImageObject","inLanguage":"pt-BR","@id":"https:\/\/cnr.org.br\/novoportal\/nota-de-pesar-pelo-falecimento-do-antonio-sergio-faria-araujo\/#primaryimage","url":"https:\/\/cnr.org.br\/site\/wp-content\/uploads\/2018\/11\/design-proposal.png","contentUrl":"https:\/\/cnr.org.br\/site\/wp-content\/uploads\/2018\/11\/design-proposal.png","width":900,"height":600},{"@type":"BreadcrumbList","@id":"https:\/\/cnr.org.br\/novoportal\/nota-de-pesar-pelo-falecimento-do-antonio-sergio-faria-araujo\/#breadcrumb","itemListElement":[{"@type":"ListItem","position":1,"name":"In\u00edcio","item":"https:\/\/cnr.org.br\/site\/"},{"@type":"ListItem","position":2,"name":"Nota de pesar pelo falecimento do Ant\u00f4nio S\u00e9rgio Faria Ara\u00fajo"}]},{"@type":"WebSite","@id":"https:\/\/cnr.org.br\/novoportal\/#website","url":"https:\/\/cnr.org.br\/novoportal\/","name":"CNR","description":"Confedera\u00e7\u00e3o Nacional de Not\u00e1rios e Registradores","publisher":{"@id":"https:\/\/cnr.org.br\/novoportal\/#organization"},"potentialAction":[{"@type":"SearchAction","target":{"@type":"EntryPoint","urlTemplate":"https:\/\/cnr.org.br\/novoportal\/?s={search_term_string}"},"query-input":{"@type":"PropertyValueSpecification","valueRequired":true,"valueName":"search_term_string"}}],"inLanguage":"pt-BR"},{"@type":"Organization","@id":"https:\/\/cnr.org.br\/novoportal\/#organization","name":"CNR","url":"https:\/\/cnr.org.br\/novoportal\/","logo":{"@type":"ImageObject","inLanguage":"pt-BR","@id":"https:\/\/cnr.org.br\/novoportal\/#\/schema\/logo\/image\/","url":"https:\/\/cnr.org.br\/site\/wp-content\/uploads\/2026\/02\/Logo_CNR_completa_colorida_2024.png","contentUrl":"https:\/\/cnr.org.br\/site\/wp-content\/uploads\/2026\/02\/Logo_CNR_completa_colorida_2024.png","width":910,"height":450,"caption":"CNR"},"image":{"@id":"https:\/\/cnr.org.br\/novoportal\/#\/schema\/logo\/image\/"}},{"@type":"Person","@id":"https:\/\/cnr.org.br\/novoportal\/#\/schema\/person\/1f46209cd8c9d3d9887a0765b64ca66b","name":"Imprensa CNR","sameAs":["https:\/\/cnr.org.br\/site"],"url":"https:\/\/cnr.org.br\/site\/author\/imprensa\/"}]}},"_links":{"self":[{"href":"https:\/\/cnr.org.br\/site\/wp-json\/wp\/v2\/posts\/8804","targetHints":{"allow":["GET"]}}],"collection":[{"href":"https:\/\/cnr.org.br\/site\/wp-json\/wp\/v2\/posts"}],"about":[{"href":"https:\/\/cnr.org.br\/site\/wp-json\/wp\/v2\/types\/post"}],"author":[{"embeddable":true,"href":"https:\/\/cnr.org.br\/site\/wp-json\/wp\/v2\/users\/2"}],"replies":[{"embeddable":true,"href":"https:\/\/cnr.org.br\/site\/wp-json\/wp\/v2\/comments?post=8804"}],"version-history":[{"count":0,"href":"https:\/\/cnr.org.br\/site\/wp-json\/wp\/v2\/posts\/8804\/revisions"}],"wp:featuredmedia":[{"embeddable":true,"href":"https:\/\/cnr.org.br\/site\/wp-json\/wp\/v2\/media\/8809"}],"wp:attachment":[{"href":"https:\/\/cnr.org.br\/site\/wp-json\/wp\/v2\/media?parent=8804"}],"wp:term":[{"taxonomy":"category","embeddable":true,"href":"https:\/\/cnr.org.br\/site\/wp-json\/wp\/v2\/categories?post=8804"},{"taxonomy":"post_tag","embeddable":true,"href":"https:\/\/cnr.org.br\/site\/wp-json\/wp\/v2\/tags?post=8804"}],"curies":[{"name":"wp","href":"https:\/\/api.w.org\/{rel}","templated":true}]}}