{"id":8851,"date":"2018-11-26T15:56:24","date_gmt":"2018-11-26T17:56:24","guid":{"rendered":"https:\/\/cnr.org.br\/site\/?p=8851"},"modified":"2018-11-26T15:56:24","modified_gmt":"2018-11-26T17:56:24","slug":"recivil-comissao-gestora-aprova-ato-normativo-com-regras-para-a-compensacao-de-certidoes-negativas","status":"publish","type":"post","link":"https:\/\/cnr.org.br\/site\/recivil-comissao-gestora-aprova-ato-normativo-com-regras-para-a-compensacao-de-certidoes-negativas\/","title":{"rendered":"Recivil: Comiss\u00e3o Gestora aprova Ato Normativo com regras para a compensa\u00e7\u00e3o de certid\u00f5es negativas"},"content":{"rendered":"<div id=\"dslc-theme-content\"><div id=\"dslc-theme-content-inner\"><p>\t\t\t\t<i>As diretrizes trazidas pelo ato normativo se aplicam \u00e0s certid\u00f5es emitidas a partir da data de sua publica\u00e7\u00e3o. Quanto \u00e0s certid\u00f5es negativas emitidas anteriormente \u00e0 publica\u00e7\u00e3o do ato normativo, ser\u00e3o observadas as regras anteriores.<\/i><\/p>\n<p>A Comiss\u00e3o Gestora dos Recursos para a Compensa\u00e7\u00e3o da Gratuidade no Estado de Minas Gerais aprovou na \u00faltima reuni\u00e3o ordin\u00e1ria, realizada no dia 19 de novembro 2018, o\u00a0<a href=\"http:\/\/www.recivil.com.br\/app\/webroot\/files\/uploads\/2018\/Recompe\/Atos%20e%20Resolucoes\/AN%20004_2018-2%20via%20de%20certidoes.pdf\">Ato Normativo n\u00ba 004\/2018.<\/a><\/p>\n<p>O Ato Normativo criou regras para fins de compensa\u00e7\u00e3o das certid\u00f5es negativas, sendo que, as diretrizes trazidas pelo ato normativo se aplicam \u00e0s certid\u00f5es emitidas a partir da data de hoje.<\/p>\n<p>Quanto \u00e0s certid\u00f5es negativas emitidas anteriormente \u00e0 publica\u00e7\u00e3o do ato normativo, ser\u00e3o observadas as regras anteriores.<\/p>\n<p>Por fim, a Comiss\u00e3o Gestora renova o compromisso de trabalhar com \u00e9tica, transpar\u00eancia e responsabilidade.<\/p>\n<p><b>Fonte: Recivil<\/b>\t\t<\/p>\n<\/div><\/div>","protected":false},"excerpt":{"rendered":"<p>As diretrizes trazidas pelo ato normativo se aplicam \u00e0s certid\u00f5es emitidas a partir da data de sua publica\u00e7\u00e3o. Quanto \u00e0s certid\u00f5es negativas emitidas anteriormente \u00e0 publica\u00e7\u00e3o do ato normativo, ser\u00e3o observadas as regras anteriores. A Comiss\u00e3o Gestora dos Recursos para a Compensa\u00e7\u00e3o da Gratuidade no Estado de Minas Gerais aprovou na \u00faltima reuni\u00e3o ordin\u00e1ria, realizada [&hellip;]<\/p>\n","protected":false},"author":2,"featured_media":8852,"comment_status":"open","ping_status":"open","sticky":false,"template":"","format":"standard","meta":{"footnotes":"","_links_to":"","_links_to_target":""},"categories":[513,519,47],"tags":[],"class_list":["post-8851","post","type-post","status-publish","format-standard","has-post-thumbnail","hentry","category-justica","category-legislacao","category-ultimas-noticias"],"yoast_head":"<!-- This site is optimized with the Yoast SEO plugin v28.4 - https:\/\/yoast.com\/product\/yoast-seo-wordpress\/ -->\n<title>Recivil: Comiss\u00e3o Gestora aprova Ato Normativo com regras para a compensa\u00e7\u00e3o de certid\u00f5es negativas - CNR<\/title>\n<meta name=\"robots\" content=\"index, follow, max-snippet:-1, max-image-preview:large, max-video-preview:-1\" \/>\n<link rel=\"canonical\" href=\"https:\/\/cnr.org.br\/novoportal\/recivil-comissao-gestora-aprova-ato-normativo-com-regras-para-a-compensacao-de-certidoes-negativas\/\" \/>\n<meta property=\"og:locale\" content=\"pt_BR\" \/>\n<meta property=\"og:type\" content=\"article\" \/>\n<meta property=\"og:title\" content=\"Recivil: Comiss\u00e3o Gestora aprova Ato Normativo com regras para a compensa\u00e7\u00e3o de certid\u00f5es negativas - CNR\" \/>\n<meta property=\"og:description\" content=\"As diretrizes trazidas pelo ato normativo se aplicam \u00e0s certid\u00f5es emitidas a partir da data de sua publica\u00e7\u00e3o. Quanto \u00e0s certid\u00f5es negativas emitidas anteriormente \u00e0 publica\u00e7\u00e3o do ato normativo, ser\u00e3o observadas as regras anteriores. A Comiss\u00e3o Gestora dos Recursos para a Compensa\u00e7\u00e3o da Gratuidade no Estado de Minas Gerais aprovou na \u00faltima reuni\u00e3o ordin\u00e1ria, realizada [&hellip;]\" \/>\n<meta property=\"og:url\" content=\"https:\/\/cnr.org.br\/novoportal\/recivil-comissao-gestora-aprova-ato-normativo-com-regras-para-a-compensacao-de-certidoes-negativas\/\" \/>\n<meta property=\"og:site_name\" content=\"CNR\" \/>\n<meta property=\"article:published_time\" content=\"2018-11-26T17:56:24+00:00\" \/>\n<meta property=\"og:image\" content=\"https:\/\/cnr.org.br\/novoportal\/wp-content\/uploads\/2018\/11\/2.jpg\" \/>\n\t<meta property=\"og:image:width\" content=\"626\" \/>\n\t<meta property=\"og:image:height\" content=\"417\" \/>\n\t<meta property=\"og:image:type\" content=\"image\/jpeg\" \/>\n<meta name=\"author\" content=\"Imprensa CNR\" \/>\n<meta name=\"twitter:card\" content=\"summary_large_image\" \/>\n<meta name=\"twitter:label1\" content=\"Escrito por\" \/>\n\t<meta name=\"twitter:data1\" content=\"Imprensa CNR\" \/>\n\t<meta name=\"twitter:label2\" content=\"Est. tempo de leitura\" \/>\n\t<meta name=\"twitter:data2\" content=\"1 minuto\" \/>\n<script type=\"application\/ld+json\" class=\"yoast-schema-graph\">{\"@context\":\"https:\\\/\\\/schema.org\",\"@graph\":[{\"@type\":\"Article\",\"@id\":\"https:\\\/\\\/cnr.org.br\\\/novoportal\\\/recivil-comissao-gestora-aprova-ato-normativo-com-regras-para-a-compensacao-de-certidoes-negativas\\\/#article\",\"isPartOf\":{\"@id\":\"https:\\\/\\\/cnr.org.br\\\/novoportal\\\/recivil-comissao-gestora-aprova-ato-normativo-com-regras-para-a-compensacao-de-certidoes-negativas\\\/\"},\"author\":{\"name\":\"Imprensa CNR\",\"@id\":\"https:\\\/\\\/cnr.org.br\\\/novoportal\\\/#\\\/schema\\\/person\\\/1f46209cd8c9d3d9887a0765b64ca66b\"},\"headline\":\"Recivil: Comiss\u00e3o Gestora aprova Ato Normativo com regras para a compensa\u00e7\u00e3o de certid\u00f5es negativas\",\"datePublished\":\"2018-11-26T17:56:24+00:00\",\"mainEntityOfPage\":{\"@id\":\"https:\\\/\\\/cnr.org.br\\\/novoportal\\\/recivil-comissao-gestora-aprova-ato-normativo-com-regras-para-a-compensacao-de-certidoes-negativas\\\/\"},\"wordCount\":159,\"commentCount\":0,\"publisher\":{\"@id\":\"https:\\\/\\\/cnr.org.br\\\/novoportal\\\/#organization\"},\"image\":{\"@id\":\"https:\\\/\\\/cnr.org.br\\\/novoportal\\\/recivil-comissao-gestora-aprova-ato-normativo-com-regras-para-a-compensacao-de-certidoes-negativas\\\/#primaryimage\"},\"thumbnailUrl\":\"https:\\\/\\\/cnr.org.br\\\/site\\\/wp-content\\\/uploads\\\/2018\\\/11\\\/2.jpg\",\"articleSection\":[\"Justi\u00e7a\",\"Legisla\u00e7\u00e3o\",\"\u00daltimas Not\u00edcias\"],\"inLanguage\":\"pt-BR\"},{\"@type\":\"WebPage\",\"@id\":\"https:\\\/\\\/cnr.org.br\\\/novoportal\\\/recivil-comissao-gestora-aprova-ato-normativo-com-regras-para-a-compensacao-de-certidoes-negativas\\\/\",\"url\":\"https:\\\/\\\/cnr.org.br\\\/novoportal\\\/recivil-comissao-gestora-aprova-ato-normativo-com-regras-para-a-compensacao-de-certidoes-negativas\\\/\",\"name\":\"Recivil: Comiss\u00e3o Gestora aprova Ato Normativo com regras para a compensa\u00e7\u00e3o de certid\u00f5es negativas - CNR\",\"isPartOf\":{\"@id\":\"https:\\\/\\\/cnr.org.br\\\/novoportal\\\/#website\"},\"primaryImageOfPage\":{\"@id\":\"https:\\\/\\\/cnr.org.br\\\/novoportal\\\/recivil-comissao-gestora-aprova-ato-normativo-com-regras-para-a-compensacao-de-certidoes-negativas\\\/#primaryimage\"},\"image\":{\"@id\":\"https:\\\/\\\/cnr.org.br\\\/novoportal\\\/recivil-comissao-gestora-aprova-ato-normativo-com-regras-para-a-compensacao-de-certidoes-negativas\\\/#primaryimage\"},\"thumbnailUrl\":\"https:\\\/\\\/cnr.org.br\\\/site\\\/wp-content\\\/uploads\\\/2018\\\/11\\\/2.jpg\",\"datePublished\":\"2018-11-26T17:56:24+00:00\",\"breadcrumb\":{\"@id\":\"https:\\\/\\\/cnr.org.br\\\/novoportal\\\/recivil-comissao-gestora-aprova-ato-normativo-com-regras-para-a-compensacao-de-certidoes-negativas\\\/#breadcrumb\"},\"inLanguage\":\"pt-BR\",\"potentialAction\":[{\"@type\":\"ReadAction\",\"target\":[\"https:\\\/\\\/cnr.org.br\\\/novoportal\\\/recivil-comissao-gestora-aprova-ato-normativo-com-regras-para-a-compensacao-de-certidoes-negativas\\\/\"]}]},{\"@type\":\"ImageObject\",\"inLanguage\":\"pt-BR\",\"@id\":\"https:\\\/\\\/cnr.org.br\\\/novoportal\\\/recivil-comissao-gestora-aprova-ato-normativo-com-regras-para-a-compensacao-de-certidoes-negativas\\\/#primaryimage\",\"url\":\"https:\\\/\\\/cnr.org.br\\\/site\\\/wp-content\\\/uploads\\\/2018\\\/11\\\/2.jpg\",\"contentUrl\":\"https:\\\/\\\/cnr.org.br\\\/site\\\/wp-content\\\/uploads\\\/2018\\\/11\\\/2.jpg\",\"width\":626,\"height\":417},{\"@type\":\"BreadcrumbList\",\"@id\":\"https:\\\/\\\/cnr.org.br\\\/novoportal\\\/recivil-comissao-gestora-aprova-ato-normativo-com-regras-para-a-compensacao-de-certidoes-negativas\\\/#breadcrumb\",\"itemListElement\":[{\"@type\":\"ListItem\",\"position\":1,\"name\":\"In\u00edcio\",\"item\":\"https:\\\/\\\/cnr.org.br\\\/site\\\/\"},{\"@type\":\"ListItem\",\"position\":2,\"name\":\"Recivil: Comiss\u00e3o Gestora aprova Ato Normativo com regras para a compensa\u00e7\u00e3o de certid\u00f5es negativas\"}]},{\"@type\":\"WebSite\",\"@id\":\"https:\\\/\\\/cnr.org.br\\\/novoportal\\\/#website\",\"url\":\"https:\\\/\\\/cnr.org.br\\\/novoportal\\\/\",\"name\":\"CNR\",\"description\":\"Confedera\u00e7\u00e3o Nacional de Not\u00e1rios e Registradores\",\"publisher\":{\"@id\":\"https:\\\/\\\/cnr.org.br\\\/novoportal\\\/#organization\"},\"potentialAction\":[{\"@type\":\"SearchAction\",\"target\":{\"@type\":\"EntryPoint\",\"urlTemplate\":\"https:\\\/\\\/cnr.org.br\\\/novoportal\\\/?s={search_term_string}\"},\"query-input\":{\"@type\":\"PropertyValueSpecification\",\"valueRequired\":true,\"valueName\":\"search_term_string\"}}],\"inLanguage\":\"pt-BR\"},{\"@type\":\"Organization\",\"@id\":\"https:\\\/\\\/cnr.org.br\\\/novoportal\\\/#organization\",\"name\":\"CNR\",\"url\":\"https:\\\/\\\/cnr.org.br\\\/novoportal\\\/\",\"logo\":{\"@type\":\"ImageObject\",\"inLanguage\":\"pt-BR\",\"@id\":\"https:\\\/\\\/cnr.org.br\\\/novoportal\\\/#\\\/schema\\\/logo\\\/image\\\/\",\"url\":\"https:\\\/\\\/cnr.org.br\\\/site\\\/wp-content\\\/uploads\\\/2026\\\/02\\\/Logo_CNR_completa_colorida_2024.png\",\"contentUrl\":\"https:\\\/\\\/cnr.org.br\\\/site\\\/wp-content\\\/uploads\\\/2026\\\/02\\\/Logo_CNR_completa_colorida_2024.png\",\"width\":910,\"height\":450,\"caption\":\"CNR\"},\"image\":{\"@id\":\"https:\\\/\\\/cnr.org.br\\\/novoportal\\\/#\\\/schema\\\/logo\\\/image\\\/\"}},{\"@type\":\"Person\",\"@id\":\"https:\\\/\\\/cnr.org.br\\\/novoportal\\\/#\\\/schema\\\/person\\\/1f46209cd8c9d3d9887a0765b64ca66b\",\"name\":\"Imprensa CNR\",\"sameAs\":[\"https:\\\/\\\/cnr.org.br\\\/site\"],\"url\":\"https:\\\/\\\/cnr.org.br\\\/site\\\/author\\\/imprensa\\\/\"}]}<\/script>\n<!-- \/ Yoast SEO plugin. -->","yoast_head_json":{"title":"Recivil: Comiss\u00e3o Gestora aprova Ato Normativo com regras para a compensa\u00e7\u00e3o de certid\u00f5es negativas - CNR","robots":{"index":"index","follow":"follow","max-snippet":"max-snippet:-1","max-image-preview":"max-image-preview:large","max-video-preview":"max-video-preview:-1"},"canonical":"https:\/\/cnr.org.br\/novoportal\/recivil-comissao-gestora-aprova-ato-normativo-com-regras-para-a-compensacao-de-certidoes-negativas\/","og_locale":"pt_BR","og_type":"article","og_title":"Recivil: Comiss\u00e3o Gestora aprova Ato Normativo com regras para a compensa\u00e7\u00e3o de certid\u00f5es negativas - CNR","og_description":"As diretrizes trazidas pelo ato normativo se aplicam \u00e0s certid\u00f5es emitidas a partir da data de sua publica\u00e7\u00e3o. Quanto \u00e0s certid\u00f5es negativas emitidas anteriormente \u00e0 publica\u00e7\u00e3o do ato normativo, ser\u00e3o observadas as regras anteriores. A Comiss\u00e3o Gestora dos Recursos para a Compensa\u00e7\u00e3o da Gratuidade no Estado de Minas Gerais aprovou na \u00faltima reuni\u00e3o ordin\u00e1ria, realizada [&hellip;]","og_url":"https:\/\/cnr.org.br\/novoportal\/recivil-comissao-gestora-aprova-ato-normativo-com-regras-para-a-compensacao-de-certidoes-negativas\/","og_site_name":"CNR","article_published_time":"2018-11-26T17:56:24+00:00","og_image":[{"width":626,"height":417,"url":"https:\/\/cnr.org.br\/novoportal\/wp-content\/uploads\/2018\/11\/2.jpg","type":"image\/jpeg"}],"author":"Imprensa CNR","twitter_card":"summary_large_image","twitter_misc":{"Escrito por":"Imprensa CNR","Est. tempo de leitura":"1 minuto"},"schema":{"@context":"https:\/\/schema.org","@graph":[{"@type":"Article","@id":"https:\/\/cnr.org.br\/novoportal\/recivil-comissao-gestora-aprova-ato-normativo-com-regras-para-a-compensacao-de-certidoes-negativas\/#article","isPartOf":{"@id":"https:\/\/cnr.org.br\/novoportal\/recivil-comissao-gestora-aprova-ato-normativo-com-regras-para-a-compensacao-de-certidoes-negativas\/"},"author":{"name":"Imprensa CNR","@id":"https:\/\/cnr.org.br\/novoportal\/#\/schema\/person\/1f46209cd8c9d3d9887a0765b64ca66b"},"headline":"Recivil: Comiss\u00e3o Gestora aprova Ato Normativo com regras para a compensa\u00e7\u00e3o de certid\u00f5es negativas","datePublished":"2018-11-26T17:56:24+00:00","mainEntityOfPage":{"@id":"https:\/\/cnr.org.br\/novoportal\/recivil-comissao-gestora-aprova-ato-normativo-com-regras-para-a-compensacao-de-certidoes-negativas\/"},"wordCount":159,"commentCount":0,"publisher":{"@id":"https:\/\/cnr.org.br\/novoportal\/#organization"},"image":{"@id":"https:\/\/cnr.org.br\/novoportal\/recivil-comissao-gestora-aprova-ato-normativo-com-regras-para-a-compensacao-de-certidoes-negativas\/#primaryimage"},"thumbnailUrl":"https:\/\/cnr.org.br\/site\/wp-content\/uploads\/2018\/11\/2.jpg","articleSection":["Justi\u00e7a","Legisla\u00e7\u00e3o","\u00daltimas Not\u00edcias"],"inLanguage":"pt-BR"},{"@type":"WebPage","@id":"https:\/\/cnr.org.br\/novoportal\/recivil-comissao-gestora-aprova-ato-normativo-com-regras-para-a-compensacao-de-certidoes-negativas\/","url":"https:\/\/cnr.org.br\/novoportal\/recivil-comissao-gestora-aprova-ato-normativo-com-regras-para-a-compensacao-de-certidoes-negativas\/","name":"Recivil: Comiss\u00e3o Gestora aprova Ato Normativo com regras para a compensa\u00e7\u00e3o de certid\u00f5es negativas - CNR","isPartOf":{"@id":"https:\/\/cnr.org.br\/novoportal\/#website"},"primaryImageOfPage":{"@id":"https:\/\/cnr.org.br\/novoportal\/recivil-comissao-gestora-aprova-ato-normativo-com-regras-para-a-compensacao-de-certidoes-negativas\/#primaryimage"},"image":{"@id":"https:\/\/cnr.org.br\/novoportal\/recivil-comissao-gestora-aprova-ato-normativo-com-regras-para-a-compensacao-de-certidoes-negativas\/#primaryimage"},"thumbnailUrl":"https:\/\/cnr.org.br\/site\/wp-content\/uploads\/2018\/11\/2.jpg","datePublished":"2018-11-26T17:56:24+00:00","breadcrumb":{"@id":"https:\/\/cnr.org.br\/novoportal\/recivil-comissao-gestora-aprova-ato-normativo-com-regras-para-a-compensacao-de-certidoes-negativas\/#breadcrumb"},"inLanguage":"pt-BR","potentialAction":[{"@type":"ReadAction","target":["https:\/\/cnr.org.br\/novoportal\/recivil-comissao-gestora-aprova-ato-normativo-com-regras-para-a-compensacao-de-certidoes-negativas\/"]}]},{"@type":"ImageObject","inLanguage":"pt-BR","@id":"https:\/\/cnr.org.br\/novoportal\/recivil-comissao-gestora-aprova-ato-normativo-com-regras-para-a-compensacao-de-certidoes-negativas\/#primaryimage","url":"https:\/\/cnr.org.br\/site\/wp-content\/uploads\/2018\/11\/2.jpg","contentUrl":"https:\/\/cnr.org.br\/site\/wp-content\/uploads\/2018\/11\/2.jpg","width":626,"height":417},{"@type":"BreadcrumbList","@id":"https:\/\/cnr.org.br\/novoportal\/recivil-comissao-gestora-aprova-ato-normativo-com-regras-para-a-compensacao-de-certidoes-negativas\/#breadcrumb","itemListElement":[{"@type":"ListItem","position":1,"name":"In\u00edcio","item":"https:\/\/cnr.org.br\/site\/"},{"@type":"ListItem","position":2,"name":"Recivil: Comiss\u00e3o Gestora aprova Ato Normativo com regras para a compensa\u00e7\u00e3o de certid\u00f5es negativas"}]},{"@type":"WebSite","@id":"https:\/\/cnr.org.br\/novoportal\/#website","url":"https:\/\/cnr.org.br\/novoportal\/","name":"CNR","description":"Confedera\u00e7\u00e3o Nacional de Not\u00e1rios e Registradores","publisher":{"@id":"https:\/\/cnr.org.br\/novoportal\/#organization"},"potentialAction":[{"@type":"SearchAction","target":{"@type":"EntryPoint","urlTemplate":"https:\/\/cnr.org.br\/novoportal\/?s={search_term_string}"},"query-input":{"@type":"PropertyValueSpecification","valueRequired":true,"valueName":"search_term_string"}}],"inLanguage":"pt-BR"},{"@type":"Organization","@id":"https:\/\/cnr.org.br\/novoportal\/#organization","name":"CNR","url":"https:\/\/cnr.org.br\/novoportal\/","logo":{"@type":"ImageObject","inLanguage":"pt-BR","@id":"https:\/\/cnr.org.br\/novoportal\/#\/schema\/logo\/image\/","url":"https:\/\/cnr.org.br\/site\/wp-content\/uploads\/2026\/02\/Logo_CNR_completa_colorida_2024.png","contentUrl":"https:\/\/cnr.org.br\/site\/wp-content\/uploads\/2026\/02\/Logo_CNR_completa_colorida_2024.png","width":910,"height":450,"caption":"CNR"},"image":{"@id":"https:\/\/cnr.org.br\/novoportal\/#\/schema\/logo\/image\/"}},{"@type":"Person","@id":"https:\/\/cnr.org.br\/novoportal\/#\/schema\/person\/1f46209cd8c9d3d9887a0765b64ca66b","name":"Imprensa CNR","sameAs":["https:\/\/cnr.org.br\/site"],"url":"https:\/\/cnr.org.br\/site\/author\/imprensa\/"}]}},"_links":{"self":[{"href":"https:\/\/cnr.org.br\/site\/wp-json\/wp\/v2\/posts\/8851","targetHints":{"allow":["GET"]}}],"collection":[{"href":"https:\/\/cnr.org.br\/site\/wp-json\/wp\/v2\/posts"}],"about":[{"href":"https:\/\/cnr.org.br\/site\/wp-json\/wp\/v2\/types\/post"}],"author":[{"embeddable":true,"href":"https:\/\/cnr.org.br\/site\/wp-json\/wp\/v2\/users\/2"}],"replies":[{"embeddable":true,"href":"https:\/\/cnr.org.br\/site\/wp-json\/wp\/v2\/comments?post=8851"}],"version-history":[{"count":0,"href":"https:\/\/cnr.org.br\/site\/wp-json\/wp\/v2\/posts\/8851\/revisions"}],"wp:featuredmedia":[{"embeddable":true,"href":"https:\/\/cnr.org.br\/site\/wp-json\/wp\/v2\/media\/8852"}],"wp:attachment":[{"href":"https:\/\/cnr.org.br\/site\/wp-json\/wp\/v2\/media?parent=8851"}],"wp:term":[{"taxonomy":"category","embeddable":true,"href":"https:\/\/cnr.org.br\/site\/wp-json\/wp\/v2\/categories?post=8851"},{"taxonomy":"post_tag","embeddable":true,"href":"https:\/\/cnr.org.br\/site\/wp-json\/wp\/v2\/tags?post=8851"}],"curies":[{"name":"wp","href":"https:\/\/api.w.org\/{rel}","templated":true}]}}