{"id":8873,"date":"2018-11-27T16:49:21","date_gmt":"2018-11-27T18:49:21","guid":{"rendered":"https:\/\/cnr.org.br\/site\/?p=8873"},"modified":"2018-11-27T16:49:21","modified_gmt":"2018-11-27T18:49:21","slug":"trt4-ter-poucas-pessoas-em-assembleia-nao-invalida-aprovacao-de-tributo-sindical","status":"publish","type":"post","link":"https:\/\/cnr.org.br\/site\/trt4-ter-poucas-pessoas-em-assembleia-nao-invalida-aprovacao-de-tributo-sindical\/","title":{"rendered":"TRT4: ter poucas pessoas em assembleia n\u00e3o invalida aprova\u00e7\u00e3o de tributo sindical"},"content":{"rendered":"<div id=\"dslc-theme-content\"><div id=\"dslc-theme-content-inner\"><h2>O Tribunal Regional do Trabalho da 4\u00aa Regi\u00e3o (TRT4) assentou que o fato de uma assembleia de trabalhadores ter poucos participantes n\u00e3o invalida decis\u00e3o tomada no encontro de instituir a contribui\u00e7\u00e3o sindical para a categoria.<\/h2>\n<div id=\"attachment_8874\" style=\"width: 650px\" class=\"wp-caption aligncenter\"><img loading=\"lazy\" decoding=\"async\" aria-describedby=\"caption-attachment-8874\" class=\"size-full wp-image-8874\" src=\"https:\/\/cnr.org.br\/site\/wp-content\/uploads\/2018\/11\/1-7.jpg\" alt=\"Foto de assembleia em sindicato de S\u00e3o Paulo. Foto: Roberto Parizzoti\/ CUT\" width=\"640\" height=\"427\" srcset=\"https:\/\/cnr.org.br\/site\/wp-content\/uploads\/2018\/11\/1-7.jpg 640w, https:\/\/cnr.org.br\/site\/wp-content\/uploads\/2018\/11\/1-7-300x200.jpg 300w, https:\/\/cnr.org.br\/site\/wp-content\/uploads\/2018\/11\/1-7-90x60.jpg 90w, https:\/\/cnr.org.br\/site\/wp-content\/uploads\/2018\/11\/1-7-562x375.jpg 562w\" sizes=\"auto, (max-width: 640px) 100vw, 640px\" \/><p id=\"caption-attachment-8874\" class=\"wp-caption-text\">Foto de assembleia em sindicato de S\u00e3o Paulo. Foto: Roberto Parizzoti\/ CUT<\/p><\/div>\n<p>Com esse entendimento, a 8\u00aa Turma da Corte reformou decis\u00e3o do juiz da 3\u00aa Vara de S\u00e3o Leopoldo (RS), Rosiul Azambuja, e determinou que o Sindicato dos Trabalhadores nas Ind\u00fastrias do Cal\u00e7ado daquela regi\u00e3o tem direito a receber o imposto sindical dos funcion\u00e1rios da empresa Formax Quimiplan.<\/p>\n<p>Inicialmente, ap\u00f3s a entidade ir \u00e0 Justi\u00e7a porque a firma n\u00e3o tinha pago o tributo, o magistrado de primeira inst\u00e2ncia afirmou que a assembleia n\u00e3o teve o \u201cm\u00ednimo de representatividade para permitir a aprova\u00e7\u00e3o de mat\u00e9ria com significativa import\u00e2ncia\u201d, uma vez que s\u00f3 16 pessoas participaram. Al\u00e9m disso, argumentou que o edital de convoca\u00e7\u00e3o n\u00e3o deixava claro o tema do encontro.<\/p>\n<p>\u201cCompareceram apenas 16 trabalhadores \u00e0 assembleia extraordin\u00e1ria e a maior parte deles s\u00e3o integrantes da Diretoria e do Conselho Fiscal da entidade, o que se evidencia comparando a ata de posse como nome das pessoas que firmaram a ata da assembleia. Na realidade, participaram do evento quase que somente os membros da Diretoria e do Conselho Fiscal, o que n\u00e3o \u00e9 razo\u00e1vel\u201d, disse.<\/p>\n<p>O TRT4, entretanto, reformou, por unanimidade, a decis\u00e3o. O relator, desembargador Gilberto dos Santos, frisou que a quantidade de participantes na reuni\u00e3o que autorizou a destina\u00e7\u00e3o do imposto, que equivale a um dia de trabalho dos funcion\u00e1rios, ao sindicato n\u00e3o \u00e9 crit\u00e9rio para invalidar a assembleia.<\/p>\n<p>\u201cEntendo que a contribui\u00e7\u00e3o institu\u00edda \u00e9 leg\u00edtima, uma vez que foi autorizada por assembleia geral, convocada para tanto. O fato de haver poucos associados presentes n\u00e3o retira tal legitimidade, tendo em vista que o comparecimento em assembleia \u00e9 uma faculdade\u201d, afirmou.<\/p>\n<p>O magistrado citou que a Associa\u00e7\u00e3o Nacional dos Ju\u00edzes do Trabalho editou enunciado nesse sentido, assim como a Coordenadoria Nacional de Promo\u00e7\u00e3o da Liberdade Sindical do Minist\u00e9rio P\u00fablico, que emitiu nota t\u00e9cnica com o seguinte teor:<\/p>\n<p>\u201cA assembleia de trabalhadores regularmente convocada \u00e9 fonte legitima para a estipula\u00e7\u00e3o de contribui\u00e7\u00e3o destinada ao custeio das atividades sindicais, podendo dispor sobre o valor, a forma do desconto, a finalidade e a destina\u00e7\u00e3o da contribui\u00e7\u00e3o\u201d.<\/p>\n<p>Al\u00e9m disso, ressaltou que a convoca\u00e7\u00e3o para a assembleia foi publicada em jornal de grande circula\u00e7\u00e3o e deixava claro o assunto. \u201cRegistro, por oportuno, que o edital que convocou a referida assembleia refere que a assembleia tinha a finalidade e deliberar sobre o valor da contribui\u00e7\u00e3o\u201d, disse.<\/p>\n<p>O relator citou, ainda, o julgamento deste ano do Supremo Tribunal Federal (STF) que declarou constitucional o ponto da Reforma Trabalhista que tornou o imposto sindical facultativo.<\/p>\n<p>\u201cTodavia, no m\u00e9rito, considerando a decis\u00e3o proferida na ADI 5794, com efeito vinculante, em que o STF decidiu declarar a constitucionalidade do ponto da Reforma Trabalhista que extinguiu a obrigatoriedade da contribui\u00e7\u00e3o sindical, condicionando, portanto, o desconto da contribui\u00e7\u00e3o aos empregados que autorizaram pr\u00e9via e expressamente o seu recolhimento aos respectivos<br \/>\nsindicatos, a mat\u00e9ria foi superada\u201d, afirmou.<\/p>\n<p>Representante do sindicato, Filipe Brito, do escrit\u00f3rio Lemmertz e Britto Advogados Associados, elogia a decis\u00e3o de segunda inst\u00e2ncia.<\/p>\n<p>\u201cA decis\u00e3o do TRT4 \u00e9 importante para dar esperan\u00e7as ao direito coletivo sindical em raz\u00e3o de reestabelecer a fonte de custeio necess\u00e1ria para a promo\u00e7\u00e3o da liberdade sindical, que se viu diminu\u00edda com a reforma trabalhista e com vias de deixar de existir por for\u00e7a da decis\u00e3o do STF que chancelou o fim da obrigatoriedade do desconto\u201d.<\/p>\n<p>Fonte: <a href=\"https:\/\/www.jota.info\/stf\/do-supremo\/trt4-ter-poucas-pessoas-em-assembleia-nao-invalida-aprovacao-de-tributo-sindical-27112018\">Jota<\/a>\t\t<\/p>\n<\/div><\/div>","protected":false},"excerpt":{"rendered":"<p>O Tribunal Regional do Trabalho da 4\u00aa Regi\u00e3o (TRT4) assentou que o fato de uma assembleia de trabalhadores ter poucos participantes n\u00e3o invalida decis\u00e3o tomada no encontro de instituir a contribui\u00e7\u00e3o sindical para a categoria. Com esse entendimento, a 8\u00aa Turma da Corte reformou decis\u00e3o do juiz da 3\u00aa Vara de S\u00e3o Leopoldo (RS), Rosiul [&hellip;]<\/p>\n","protected":false},"author":2,"featured_media":8874,"comment_status":"open","ping_status":"open","sticky":false,"template":"","format":"standard","meta":{"footnotes":"","_links_to":"","_links_to_target":""},"categories":[499,47],"tags":[],"class_list":["post-8873","post","type-post","status-publish","format-standard","has-post-thumbnail","hentry","category-sindicatos","category-ultimas-noticias"],"yoast_head":"<!-- This site is optimized with the Yoast SEO plugin v28.4 - https:\/\/yoast.com\/product\/yoast-seo-wordpress\/ -->\n<title>TRT4: ter poucas pessoas em assembleia n\u00e3o invalida aprova\u00e7\u00e3o de tributo sindical - CNR<\/title>\n<meta name=\"robots\" content=\"index, follow, max-snippet:-1, max-image-preview:large, max-video-preview:-1\" \/>\n<link rel=\"canonical\" href=\"https:\/\/cnr.org.br\/novoportal\/trt4-ter-poucas-pessoas-em-assembleia-nao-invalida-aprovacao-de-tributo-sindical\/\" \/>\n<meta property=\"og:locale\" content=\"pt_BR\" \/>\n<meta property=\"og:type\" content=\"article\" \/>\n<meta property=\"og:title\" content=\"TRT4: ter poucas pessoas em assembleia n\u00e3o invalida aprova\u00e7\u00e3o de tributo sindical - CNR\" \/>\n<meta property=\"og:description\" content=\"O Tribunal Regional do Trabalho da 4\u00aa Regi\u00e3o (TRT4) assentou que o fato de uma assembleia de trabalhadores ter poucos participantes n\u00e3o invalida decis\u00e3o tomada no encontro de instituir a contribui\u00e7\u00e3o sindical para a categoria. Com esse entendimento, a 8\u00aa Turma da Corte reformou decis\u00e3o do juiz da 3\u00aa Vara de S\u00e3o Leopoldo (RS), Rosiul [&hellip;]\" \/>\n<meta property=\"og:url\" content=\"https:\/\/cnr.org.br\/novoportal\/trt4-ter-poucas-pessoas-em-assembleia-nao-invalida-aprovacao-de-tributo-sindical\/\" \/>\n<meta property=\"og:site_name\" content=\"CNR\" \/>\n<meta property=\"article:published_time\" content=\"2018-11-27T18:49:21+00:00\" \/>\n<meta property=\"og:image\" content=\"https:\/\/cnr.org.br\/novoportal\/wp-content\/uploads\/2018\/11\/1-7.jpg\" \/>\n\t<meta property=\"og:image:width\" content=\"640\" \/>\n\t<meta property=\"og:image:height\" content=\"427\" \/>\n\t<meta property=\"og:image:type\" content=\"image\/jpeg\" \/>\n<meta name=\"author\" content=\"Imprensa CNR\" \/>\n<meta name=\"twitter:card\" content=\"summary_large_image\" \/>\n<meta name=\"twitter:label1\" content=\"Escrito por\" \/>\n\t<meta name=\"twitter:data1\" content=\"Imprensa CNR\" \/>\n\t<meta name=\"twitter:label2\" content=\"Est. tempo de leitura\" \/>\n\t<meta name=\"twitter:data2\" content=\"3 minutos\" \/>\n<script type=\"application\/ld+json\" class=\"yoast-schema-graph\">{\"@context\":\"https:\\\/\\\/schema.org\",\"@graph\":[{\"@type\":\"Article\",\"@id\":\"https:\\\/\\\/cnr.org.br\\\/novoportal\\\/trt4-ter-poucas-pessoas-em-assembleia-nao-invalida-aprovacao-de-tributo-sindical\\\/#article\",\"isPartOf\":{\"@id\":\"https:\\\/\\\/cnr.org.br\\\/novoportal\\\/trt4-ter-poucas-pessoas-em-assembleia-nao-invalida-aprovacao-de-tributo-sindical\\\/\"},\"author\":{\"name\":\"Imprensa CNR\",\"@id\":\"https:\\\/\\\/cnr.org.br\\\/novoportal\\\/#\\\/schema\\\/person\\\/1f46209cd8c9d3d9887a0765b64ca66b\"},\"headline\":\"TRT4: ter poucas pessoas em assembleia n\u00e3o invalida aprova\u00e7\u00e3o de tributo sindical\",\"datePublished\":\"2018-11-27T18:49:21+00:00\",\"mainEntityOfPage\":{\"@id\":\"https:\\\/\\\/cnr.org.br\\\/novoportal\\\/trt4-ter-poucas-pessoas-em-assembleia-nao-invalida-aprovacao-de-tributo-sindical\\\/\"},\"wordCount\":660,\"commentCount\":0,\"publisher\":{\"@id\":\"https:\\\/\\\/cnr.org.br\\\/novoportal\\\/#organization\"},\"image\":{\"@id\":\"https:\\\/\\\/cnr.org.br\\\/novoportal\\\/trt4-ter-poucas-pessoas-em-assembleia-nao-invalida-aprovacao-de-tributo-sindical\\\/#primaryimage\"},\"thumbnailUrl\":\"https:\\\/\\\/cnr.org.br\\\/site\\\/wp-content\\\/uploads\\\/2018\\\/11\\\/1-7.jpg\",\"articleSection\":[\"Sindicato\",\"\u00daltimas Not\u00edcias\"],\"inLanguage\":\"pt-BR\"},{\"@type\":\"WebPage\",\"@id\":\"https:\\\/\\\/cnr.org.br\\\/novoportal\\\/trt4-ter-poucas-pessoas-em-assembleia-nao-invalida-aprovacao-de-tributo-sindical\\\/\",\"url\":\"https:\\\/\\\/cnr.org.br\\\/novoportal\\\/trt4-ter-poucas-pessoas-em-assembleia-nao-invalida-aprovacao-de-tributo-sindical\\\/\",\"name\":\"TRT4: ter poucas pessoas em assembleia n\u00e3o invalida aprova\u00e7\u00e3o de tributo sindical - CNR\",\"isPartOf\":{\"@id\":\"https:\\\/\\\/cnr.org.br\\\/novoportal\\\/#website\"},\"primaryImageOfPage\":{\"@id\":\"https:\\\/\\\/cnr.org.br\\\/novoportal\\\/trt4-ter-poucas-pessoas-em-assembleia-nao-invalida-aprovacao-de-tributo-sindical\\\/#primaryimage\"},\"image\":{\"@id\":\"https:\\\/\\\/cnr.org.br\\\/novoportal\\\/trt4-ter-poucas-pessoas-em-assembleia-nao-invalida-aprovacao-de-tributo-sindical\\\/#primaryimage\"},\"thumbnailUrl\":\"https:\\\/\\\/cnr.org.br\\\/site\\\/wp-content\\\/uploads\\\/2018\\\/11\\\/1-7.jpg\",\"datePublished\":\"2018-11-27T18:49:21+00:00\",\"breadcrumb\":{\"@id\":\"https:\\\/\\\/cnr.org.br\\\/novoportal\\\/trt4-ter-poucas-pessoas-em-assembleia-nao-invalida-aprovacao-de-tributo-sindical\\\/#breadcrumb\"},\"inLanguage\":\"pt-BR\",\"potentialAction\":[{\"@type\":\"ReadAction\",\"target\":[\"https:\\\/\\\/cnr.org.br\\\/novoportal\\\/trt4-ter-poucas-pessoas-em-assembleia-nao-invalida-aprovacao-de-tributo-sindical\\\/\"]}]},{\"@type\":\"ImageObject\",\"inLanguage\":\"pt-BR\",\"@id\":\"https:\\\/\\\/cnr.org.br\\\/novoportal\\\/trt4-ter-poucas-pessoas-em-assembleia-nao-invalida-aprovacao-de-tributo-sindical\\\/#primaryimage\",\"url\":\"https:\\\/\\\/cnr.org.br\\\/site\\\/wp-content\\\/uploads\\\/2018\\\/11\\\/1-7.jpg\",\"contentUrl\":\"https:\\\/\\\/cnr.org.br\\\/site\\\/wp-content\\\/uploads\\\/2018\\\/11\\\/1-7.jpg\",\"width\":640,\"height\":427,\"caption\":\"Foto de assembleia em sindicato de S\u00e3o Paulo. Foto: Roberto Parizzoti\\\/ CUT\"},{\"@type\":\"BreadcrumbList\",\"@id\":\"https:\\\/\\\/cnr.org.br\\\/novoportal\\\/trt4-ter-poucas-pessoas-em-assembleia-nao-invalida-aprovacao-de-tributo-sindical\\\/#breadcrumb\",\"itemListElement\":[{\"@type\":\"ListItem\",\"position\":1,\"name\":\"In\u00edcio\",\"item\":\"https:\\\/\\\/cnr.org.br\\\/site\\\/\"},{\"@type\":\"ListItem\",\"position\":2,\"name\":\"TRT4: ter poucas pessoas em assembleia n\u00e3o invalida aprova\u00e7\u00e3o de tributo sindical\"}]},{\"@type\":\"WebSite\",\"@id\":\"https:\\\/\\\/cnr.org.br\\\/novoportal\\\/#website\",\"url\":\"https:\\\/\\\/cnr.org.br\\\/novoportal\\\/\",\"name\":\"CNR\",\"description\":\"Confedera\u00e7\u00e3o Nacional de Not\u00e1rios e Registradores\",\"publisher\":{\"@id\":\"https:\\\/\\\/cnr.org.br\\\/novoportal\\\/#organization\"},\"potentialAction\":[{\"@type\":\"SearchAction\",\"target\":{\"@type\":\"EntryPoint\",\"urlTemplate\":\"https:\\\/\\\/cnr.org.br\\\/novoportal\\\/?s={search_term_string}\"},\"query-input\":{\"@type\":\"PropertyValueSpecification\",\"valueRequired\":true,\"valueName\":\"search_term_string\"}}],\"inLanguage\":\"pt-BR\"},{\"@type\":\"Organization\",\"@id\":\"https:\\\/\\\/cnr.org.br\\\/novoportal\\\/#organization\",\"name\":\"CNR\",\"url\":\"https:\\\/\\\/cnr.org.br\\\/novoportal\\\/\",\"logo\":{\"@type\":\"ImageObject\",\"inLanguage\":\"pt-BR\",\"@id\":\"https:\\\/\\\/cnr.org.br\\\/novoportal\\\/#\\\/schema\\\/logo\\\/image\\\/\",\"url\":\"https:\\\/\\\/cnr.org.br\\\/site\\\/wp-content\\\/uploads\\\/2026\\\/02\\\/Logo_CNR_completa_colorida_2024.png\",\"contentUrl\":\"https:\\\/\\\/cnr.org.br\\\/site\\\/wp-content\\\/uploads\\\/2026\\\/02\\\/Logo_CNR_completa_colorida_2024.png\",\"width\":910,\"height\":450,\"caption\":\"CNR\"},\"image\":{\"@id\":\"https:\\\/\\\/cnr.org.br\\\/novoportal\\\/#\\\/schema\\\/logo\\\/image\\\/\"}},{\"@type\":\"Person\",\"@id\":\"https:\\\/\\\/cnr.org.br\\\/novoportal\\\/#\\\/schema\\\/person\\\/1f46209cd8c9d3d9887a0765b64ca66b\",\"name\":\"Imprensa CNR\",\"sameAs\":[\"https:\\\/\\\/cnr.org.br\\\/site\"],\"url\":\"https:\\\/\\\/cnr.org.br\\\/site\\\/author\\\/imprensa\\\/\"}]}<\/script>\n<!-- \/ Yoast SEO plugin. -->","yoast_head_json":{"title":"TRT4: ter poucas pessoas em assembleia n\u00e3o invalida aprova\u00e7\u00e3o de tributo sindical - CNR","robots":{"index":"index","follow":"follow","max-snippet":"max-snippet:-1","max-image-preview":"max-image-preview:large","max-video-preview":"max-video-preview:-1"},"canonical":"https:\/\/cnr.org.br\/novoportal\/trt4-ter-poucas-pessoas-em-assembleia-nao-invalida-aprovacao-de-tributo-sindical\/","og_locale":"pt_BR","og_type":"article","og_title":"TRT4: ter poucas pessoas em assembleia n\u00e3o invalida aprova\u00e7\u00e3o de tributo sindical - CNR","og_description":"O Tribunal Regional do Trabalho da 4\u00aa Regi\u00e3o (TRT4) assentou que o fato de uma assembleia de trabalhadores ter poucos participantes n\u00e3o invalida decis\u00e3o tomada no encontro de instituir a contribui\u00e7\u00e3o sindical para a categoria. Com esse entendimento, a 8\u00aa Turma da Corte reformou decis\u00e3o do juiz da 3\u00aa Vara de S\u00e3o Leopoldo (RS), Rosiul [&hellip;]","og_url":"https:\/\/cnr.org.br\/novoportal\/trt4-ter-poucas-pessoas-em-assembleia-nao-invalida-aprovacao-de-tributo-sindical\/","og_site_name":"CNR","article_published_time":"2018-11-27T18:49:21+00:00","og_image":[{"width":640,"height":427,"url":"https:\/\/cnr.org.br\/novoportal\/wp-content\/uploads\/2018\/11\/1-7.jpg","type":"image\/jpeg"}],"author":"Imprensa CNR","twitter_card":"summary_large_image","twitter_misc":{"Escrito por":"Imprensa CNR","Est. tempo de leitura":"3 minutos"},"schema":{"@context":"https:\/\/schema.org","@graph":[{"@type":"Article","@id":"https:\/\/cnr.org.br\/novoportal\/trt4-ter-poucas-pessoas-em-assembleia-nao-invalida-aprovacao-de-tributo-sindical\/#article","isPartOf":{"@id":"https:\/\/cnr.org.br\/novoportal\/trt4-ter-poucas-pessoas-em-assembleia-nao-invalida-aprovacao-de-tributo-sindical\/"},"author":{"name":"Imprensa CNR","@id":"https:\/\/cnr.org.br\/novoportal\/#\/schema\/person\/1f46209cd8c9d3d9887a0765b64ca66b"},"headline":"TRT4: ter poucas pessoas em assembleia n\u00e3o invalida aprova\u00e7\u00e3o de tributo sindical","datePublished":"2018-11-27T18:49:21+00:00","mainEntityOfPage":{"@id":"https:\/\/cnr.org.br\/novoportal\/trt4-ter-poucas-pessoas-em-assembleia-nao-invalida-aprovacao-de-tributo-sindical\/"},"wordCount":660,"commentCount":0,"publisher":{"@id":"https:\/\/cnr.org.br\/novoportal\/#organization"},"image":{"@id":"https:\/\/cnr.org.br\/novoportal\/trt4-ter-poucas-pessoas-em-assembleia-nao-invalida-aprovacao-de-tributo-sindical\/#primaryimage"},"thumbnailUrl":"https:\/\/cnr.org.br\/site\/wp-content\/uploads\/2018\/11\/1-7.jpg","articleSection":["Sindicato","\u00daltimas Not\u00edcias"],"inLanguage":"pt-BR"},{"@type":"WebPage","@id":"https:\/\/cnr.org.br\/novoportal\/trt4-ter-poucas-pessoas-em-assembleia-nao-invalida-aprovacao-de-tributo-sindical\/","url":"https:\/\/cnr.org.br\/novoportal\/trt4-ter-poucas-pessoas-em-assembleia-nao-invalida-aprovacao-de-tributo-sindical\/","name":"TRT4: ter poucas pessoas em assembleia n\u00e3o invalida aprova\u00e7\u00e3o de tributo sindical - CNR","isPartOf":{"@id":"https:\/\/cnr.org.br\/novoportal\/#website"},"primaryImageOfPage":{"@id":"https:\/\/cnr.org.br\/novoportal\/trt4-ter-poucas-pessoas-em-assembleia-nao-invalida-aprovacao-de-tributo-sindical\/#primaryimage"},"image":{"@id":"https:\/\/cnr.org.br\/novoportal\/trt4-ter-poucas-pessoas-em-assembleia-nao-invalida-aprovacao-de-tributo-sindical\/#primaryimage"},"thumbnailUrl":"https:\/\/cnr.org.br\/site\/wp-content\/uploads\/2018\/11\/1-7.jpg","datePublished":"2018-11-27T18:49:21+00:00","breadcrumb":{"@id":"https:\/\/cnr.org.br\/novoportal\/trt4-ter-poucas-pessoas-em-assembleia-nao-invalida-aprovacao-de-tributo-sindical\/#breadcrumb"},"inLanguage":"pt-BR","potentialAction":[{"@type":"ReadAction","target":["https:\/\/cnr.org.br\/novoportal\/trt4-ter-poucas-pessoas-em-assembleia-nao-invalida-aprovacao-de-tributo-sindical\/"]}]},{"@type":"ImageObject","inLanguage":"pt-BR","@id":"https:\/\/cnr.org.br\/novoportal\/trt4-ter-poucas-pessoas-em-assembleia-nao-invalida-aprovacao-de-tributo-sindical\/#primaryimage","url":"https:\/\/cnr.org.br\/site\/wp-content\/uploads\/2018\/11\/1-7.jpg","contentUrl":"https:\/\/cnr.org.br\/site\/wp-content\/uploads\/2018\/11\/1-7.jpg","width":640,"height":427,"caption":"Foto de assembleia em sindicato de S\u00e3o Paulo. Foto: Roberto Parizzoti\/ CUT"},{"@type":"BreadcrumbList","@id":"https:\/\/cnr.org.br\/novoportal\/trt4-ter-poucas-pessoas-em-assembleia-nao-invalida-aprovacao-de-tributo-sindical\/#breadcrumb","itemListElement":[{"@type":"ListItem","position":1,"name":"In\u00edcio","item":"https:\/\/cnr.org.br\/site\/"},{"@type":"ListItem","position":2,"name":"TRT4: ter poucas pessoas em assembleia n\u00e3o invalida aprova\u00e7\u00e3o de tributo sindical"}]},{"@type":"WebSite","@id":"https:\/\/cnr.org.br\/novoportal\/#website","url":"https:\/\/cnr.org.br\/novoportal\/","name":"CNR","description":"Confedera\u00e7\u00e3o Nacional de Not\u00e1rios e Registradores","publisher":{"@id":"https:\/\/cnr.org.br\/novoportal\/#organization"},"potentialAction":[{"@type":"SearchAction","target":{"@type":"EntryPoint","urlTemplate":"https:\/\/cnr.org.br\/novoportal\/?s={search_term_string}"},"query-input":{"@type":"PropertyValueSpecification","valueRequired":true,"valueName":"search_term_string"}}],"inLanguage":"pt-BR"},{"@type":"Organization","@id":"https:\/\/cnr.org.br\/novoportal\/#organization","name":"CNR","url":"https:\/\/cnr.org.br\/novoportal\/","logo":{"@type":"ImageObject","inLanguage":"pt-BR","@id":"https:\/\/cnr.org.br\/novoportal\/#\/schema\/logo\/image\/","url":"https:\/\/cnr.org.br\/site\/wp-content\/uploads\/2026\/02\/Logo_CNR_completa_colorida_2024.png","contentUrl":"https:\/\/cnr.org.br\/site\/wp-content\/uploads\/2026\/02\/Logo_CNR_completa_colorida_2024.png","width":910,"height":450,"caption":"CNR"},"image":{"@id":"https:\/\/cnr.org.br\/novoportal\/#\/schema\/logo\/image\/"}},{"@type":"Person","@id":"https:\/\/cnr.org.br\/novoportal\/#\/schema\/person\/1f46209cd8c9d3d9887a0765b64ca66b","name":"Imprensa CNR","sameAs":["https:\/\/cnr.org.br\/site"],"url":"https:\/\/cnr.org.br\/site\/author\/imprensa\/"}]}},"_links":{"self":[{"href":"https:\/\/cnr.org.br\/site\/wp-json\/wp\/v2\/posts\/8873","targetHints":{"allow":["GET"]}}],"collection":[{"href":"https:\/\/cnr.org.br\/site\/wp-json\/wp\/v2\/posts"}],"about":[{"href":"https:\/\/cnr.org.br\/site\/wp-json\/wp\/v2\/types\/post"}],"author":[{"embeddable":true,"href":"https:\/\/cnr.org.br\/site\/wp-json\/wp\/v2\/users\/2"}],"replies":[{"embeddable":true,"href":"https:\/\/cnr.org.br\/site\/wp-json\/wp\/v2\/comments?post=8873"}],"version-history":[{"count":0,"href":"https:\/\/cnr.org.br\/site\/wp-json\/wp\/v2\/posts\/8873\/revisions"}],"wp:featuredmedia":[{"embeddable":true,"href":"https:\/\/cnr.org.br\/site\/wp-json\/wp\/v2\/media\/8874"}],"wp:attachment":[{"href":"https:\/\/cnr.org.br\/site\/wp-json\/wp\/v2\/media?parent=8873"}],"wp:term":[{"taxonomy":"category","embeddable":true,"href":"https:\/\/cnr.org.br\/site\/wp-json\/wp\/v2\/categories?post=8873"},{"taxonomy":"post_tag","embeddable":true,"href":"https:\/\/cnr.org.br\/site\/wp-json\/wp\/v2\/tags?post=8873"}],"curies":[{"name":"wp","href":"https:\/\/api.w.org\/{rel}","templated":true}]}}