{"id":88982,"date":"2025-07-02T13:01:32","date_gmt":"2025-07-02T16:01:32","guid":{"rendered":"https:\/\/cnr.org.br\/site\/?p=88982"},"modified":"2025-07-02T13:01:33","modified_gmt":"2025-07-02T16:01:33","slug":"inscricoes-abertas-para-o-premio-rares-2025-cuidar-do-planeta-transformar-vidas-cartorios-que-fazem-a-diferenca","status":"publish","type":"post","link":"https:\/\/cnr.org.br\/site\/inscricoes-abertas-para-o-premio-rares-2025-cuidar-do-planeta-transformar-vidas-cartorios-que-fazem-a-diferenca\/","title":{"rendered":"Inscri\u00e7\u00f5es abertas para o Pr\u00eamio Rares 2025: \u201cCuidar do planeta, transformar vidas: cart\u00f3rios que fazem a diferen\u00e7a!"},"content":{"rendered":"\n<p>A Rares- NR (Rede Ambiental de Responsabilidade Social dos Not\u00e1rios e Registradores) tem a alegria de anunciar a abertura das inscri\u00e7\u00f5es para o Pr\u00eamio Rares 2025. Este ano, o tema convida cart\u00f3rios de todo o Brasil a compartilharem a\u00e7\u00f5es concretas que unem cuidado ambiental e impacto social.<\/p>\n\n\n\n<p><strong>Sobre o pr\u00eamio<\/strong><\/p>\n\n\n\n<p>O Pr\u00eamio Rares \u00e9 uma homenagem \u00e0queles que, no dia a dia da serventia, v\u00e3o al\u00e9m do expediente para promover a sustentabilidade e transformar vidas em suas comunidades. Em sua VIII edi\u00e7\u00e3o, o pr\u00eamio destaca a import\u00e2ncia de iniciativas que:<\/p>\n\n\n\n<ul class=\"wp-block-list\">\n<li>Protejam o meio ambiente com a\u00e7\u00f5es de redu\u00e7\u00e3o de impactos e conserva\u00e7\u00e3o;<\/li>\n\n\n\n<li>Acolham e integrem pessoas com projetos que incluam, capacitem ou apoiem grupos em vulnerabilidade social.<\/li>\n<\/ul>\n\n\n\n<p><strong>Quem pode participar<\/strong><\/p>\n\n\n\n<p>Todos os cart\u00f3rios brasileiros, sejam t\u00edtulos e documentos, registro civil, registro de im\u00f3veis, tabeli\u00e3es, notas ou qualquer outra serventia, est\u00e3o convidados a inscrever-se. Basta apresentar a\u00e7\u00f5es implementadas ou em andamento que demonstrem os efeitos positivos nas esferas ambiental e social.<\/p>\n\n\n\n<p><strong>Como se inscrever<\/strong><\/p>\n\n\n\n<ul class=\"wp-block-list\">\n<li>Per\u00edodo de inscri\u00e7\u00e3o: a partir de 1\u00ba de julho.<\/li>\n\n\n\n<li>Inscri\u00e7\u00e3o gratuita, por meio do site da Rares.<\/li>\n\n\n\n<li>Documente sua iniciativa com informa\u00e7\u00f5es, fotos e dados que comprovem resultados e impacto.<\/li>\n<\/ul>\n\n\n\n<p><strong>Premia\u00e7\u00e3o<\/strong><\/p>\n\n\n\n<p>Os finalistas ter\u00e3o seus projetos divulgados nas redes da Rares e participaram de um evento de premia\u00e7\u00e3o, onde ser\u00e3o reconhecidos por sua contribui\u00e7\u00e3o para um Brasil mais sustent\u00e1vel e solid\u00e1rio.<\/p>\n\n\n\n<p>Aproveite essa oportunidade para mostrar o compromisso do seu cart\u00f3rio com o planeta e com as pessoas. As inscri\u00e7\u00f5es abrem dia 1\u00ba de julho. N\u00e3o deixe de preparar sua melhor iniciativa!<\/p>\n\n\n\n<p><strong>Dicas para fortalecer sua inscri\u00e7\u00e3o<\/strong><\/p>\n\n\n\n<ul class=\"wp-block-list\">\n<li><strong>Destaque dados concretos:<\/strong>\u00a0toneladas de res\u00edduos reciclados, n\u00famero de beneficiados, economia de energia etc.<\/li>\n\n\n\n<li><strong>Valorize parcerias poss\u00edveis:<\/strong>\u00a0iniciativas com ONGs, prefeituras, escolas ou empresas locais.<\/li>\n\n\n\n<li><strong>Foque em resultados reais:\u00a0<\/strong>depoimentos, fotos, relatos que evidenciem mudan\u00e7a.<\/li>\n<\/ul>\n\n\n\n<p>Junte-se a outros cart\u00f3rios que est\u00e3o fazendo a diferen\u00e7a. Em 2025, vamos provar que cart\u00f3rios verdes transformam vidas e constroem futuro!<\/p>\n\n\n\n<p>Confira o edital e inscreva seu cart\u00f3rio agora mesmo!&nbsp;<a href=\"https:\/\/rares.org.br\/premio-rares\/\" rel=\"noreferrer noopener\" target=\"_blank\">Clique aqui<\/a>.<\/p>\n\n\n\n<p>Fonte: <a href=\"https:\/\/rares.org.br\/inscricoes-abertas-para-o-premio-rares-2025-cuidar-do-planeta-transformar-vidas-cartorios-que-f\" data-type=\"link\" data-id=\"https:\/\/rares.org.br\/inscricoes-abertas-para-o-premio-rares-2025-cuidar-do-planeta-transformar-vidas-cartorios-que-f\">RARES-NR<\/a><\/p>\n","protected":false},"excerpt":{"rendered":"<p>A Rares- NR (Rede Ambiental de Responsabilidade Social dos Not\u00e1rios e Registradores) tem a alegria de anunciar a abertura das inscri\u00e7\u00f5es para o Pr\u00eamio Rares 2025. Este ano, o tema convida cart\u00f3rios de todo o Brasil a compartilharem a\u00e7\u00f5es concretas que unem cuidado ambiental e impacto social. Sobre o pr\u00eamio O Pr\u00eamio Rares \u00e9 uma&#8230;<\/p>\n","protected":false},"author":2,"featured_media":88983,"comment_status":"closed","ping_status":"closed","sticky":false,"template":"","format":"standard","meta":{"_exactmetrics_skip_tracking":false,"_exactmetrics_sitenote_active":false,"_exactmetrics_sitenote_note":"","_exactmetrics_sitenote_category":0,"footnotes":""},"categories":[55,47],"tags":[],"class_list":["post-88982","post","type-post","status-publish","format-standard","has-post-thumbnail","hentry","category-noticia","category-ultimas-noticias"],"_links":{"self":[{"href":"https:\/\/cnr.org.br\/site\/wp-json\/wp\/v2\/posts\/88982"}],"collection":[{"href":"https:\/\/cnr.org.br\/site\/wp-json\/wp\/v2\/posts"}],"about":[{"href":"https:\/\/cnr.org.br\/site\/wp-json\/wp\/v2\/types\/post"}],"author":[{"embeddable":true,"href":"https:\/\/cnr.org.br\/site\/wp-json\/wp\/v2\/users\/2"}],"replies":[{"embeddable":true,"href":"https:\/\/cnr.org.br\/site\/wp-json\/wp\/v2\/comments?post=88982"}],"version-history":[{"count":1,"href":"https:\/\/cnr.org.br\/site\/wp-json\/wp\/v2\/posts\/88982\/revisions"}],"predecessor-version":[{"id":88984,"href":"https:\/\/cnr.org.br\/site\/wp-json\/wp\/v2\/posts\/88982\/revisions\/88984"}],"wp:featuredmedia":[{"embeddable":true,"href":"https:\/\/cnr.org.br\/site\/wp-json\/wp\/v2\/media\/88983"}],"wp:attachment":[{"href":"https:\/\/cnr.org.br\/site\/wp-json\/wp\/v2\/media?parent=88982"}],"wp:term":[{"taxonomy":"category","embeddable":true,"href":"https:\/\/cnr.org.br\/site\/wp-json\/wp\/v2\/categories?post=88982"},{"taxonomy":"post_tag","embeddable":true,"href":"https:\/\/cnr.org.br\/site\/wp-json\/wp\/v2\/tags?post=88982"}],"curies":[{"name":"wp","href":"https:\/\/api.w.org\/{rel}","templated":true}]}}