{"id":89024,"date":"2025-07-14T08:48:35","date_gmt":"2025-07-14T11:48:35","guid":{"rendered":"https:\/\/cnr.org.br\/site\/?p=89024"},"modified":"2025-07-14T08:48:36","modified_gmt":"2025-07-14T11:48:36","slug":"nova-plataforma-com-dados-integrados-sobre-emprego-e-trabalho-ja-esta-disponivel","status":"publish","type":"post","link":"https:\/\/cnr.org.br\/site\/nova-plataforma-com-dados-integrados-sobre-emprego-e-trabalho-ja-esta-disponivel\/","title":{"rendered":"Nova plataforma com dados integrados sobre emprego e trabalho j\u00e1 est\u00e1 dispon\u00edvel"},"content":{"rendered":"\n<p>Ferramenta re\u00fane informa\u00e7\u00f5es da PNAD Cont\u00ednua, Rais e Caged em uma \u00fanica plataforma e permite an\u00e1lises detalhadas por escolaridade, ra\u00e7a, g\u00eanero, idade e territ\u00f3rio<br>partir desta quinta-feira (10), gestores p\u00fablicos, pesquisadores, jornalistas e cidad\u00e3os de todo o pa\u00eds passam a contar com uma nova ferramenta para ampliar a compreens\u00e3o sobre o mercado de trabalho no Brasil. \u00c9 o Painel de Indicadores da Rede de Observat\u00f3rios do Trabalho, uma plataforma interativa desenvolvida pelo Minist\u00e9rio do Trabalho e Emprego (MTE), em parceria com o Banco Interamericano de Desenvolvimento (BID).<\/p>\n\n\n\n<p>Lan\u00e7ado oficialmente em 2 de julho, o Painel de Indicadores j\u00e1 est\u00e1 dispon\u00edvel ao p\u00fablico e re\u00fane, em um \u00fanico ambiente virtual, dados provenientes de tr\u00eas das principais fontes de informa\u00e7\u00e3o sobre o mercado de trabalho brasileiro: a Pesquisa Nacional por Amostra de Domic\u00edlios Cont\u00ednua (PNAD Cont\u00ednua, do IBGE), a Rela\u00e7\u00e3o Anual de Informa\u00e7\u00f5es Sociais (Rais) e o Cadastro Geral de Empregados e Desempregados (Caged), ambos do MTE.<\/p>\n\n\n\n<p>Com visual moderno, navega\u00e7\u00e3o intuitiva e recursos interativos, a plataforma disponibiliza gr\u00e1ficos, tabelas e mapas din\u00e2micos que facilitam a leitura e a an\u00e1lise dos dados. \u00c9 poss\u00edvel realizar recortes por escolaridade, faixa et\u00e1ria, g\u00eanero, ra\u00e7a, setor de atividade e localiza\u00e7\u00e3o geogr\u00e1fica, nos n\u00edveis municipal, estadual e nacional. A riqueza de informa\u00e7\u00f5es permite an\u00e1lises detalhadas sobre desigualdades regionais, tend\u00eancias do mercado e a situa\u00e7\u00e3o de diferentes grupos sociais.<\/p>\n\n\n\n<p>Ao integrar dados do mercado formal e informal, o painel oferece uma vis\u00e3o ampla e qualificada do mundo do trabalho, tornando-se uma ferramenta estrat\u00e9gica para subsidiar a formula\u00e7\u00e3o de pol\u00edticas p\u00fablicas mais eficazes.<\/p>\n\n\n\n<p>\u201cCada ponto de dado reflete uma realidade diferente. Em um pa\u00eds continental e heterog\u00eaneo como o Brasil, esses n\u00fameros ganham ainda mais significado, revelando as desigualdades, os desafios e as potencialidades de uma na\u00e7\u00e3o t\u00e3o diversa\u201d, destaca Paula Montagner, subsecret\u00e1ria de Estat\u00edsticas e Estudos do Trabalho, do MTE.&nbsp;<\/p>\n\n\n\n<p><strong>PRINCIPAIS INFORMA\u00c7\u00d5ES DISPON\u00cdVEIS NO PAINEL<\/strong><\/p>\n\n\n\n<ol class=\"wp-block-list\">\n<li>Popula\u00e7\u00e3o ativa\u00a0\u2013 tend\u00eancias demogr\u00e1ficas e perfis;<\/li>\n\n\n\n<li>For\u00e7a de trabalho\u00a0\u2013 taxas de participa\u00e7\u00e3o e desigualdades;<\/li>\n\n\n\n<li>Desemprego e subutiliza\u00e7\u00e3o\u00a0\u2013 situa\u00e7\u00e3o da for\u00e7a de trabalho;<\/li>\n\n\n\n<li>Popula\u00e7\u00e3o ocupada\u00a0\u2013 estrutura do emprego;<\/li>\n\n\n\n<li>Rendimentos do trabalho\u00a0\u2013 distribui\u00e7\u00e3o por ra\u00e7a e g\u00eanero;<\/li>\n\n\n\n<li>Desigualdade de renda\u00a0\u2013 compara\u00e7\u00f5es entre grupos;<\/li>\n\n\n\n<li>Formaliza\u00e7\u00e3o do emprego\u00a0\u2013 informalidade e cobertura previdenci\u00e1ria;<\/li>\n\n\n\n<li>Trabalhadores por conta pr\u00f3pria\u00a0\u2013 panorama de uma categoria crescente.<\/li>\n<\/ol>\n\n\n\n<p>Na semana passada, durante o lan\u00e7amento, o ministro Luiz Marinho refor\u00e7ou a import\u00e2ncia de dados confi\u00e1veis para o enfrentamento de narrativas distorcidas. \u201cHoje, dizem que os jovens n\u00e3o querem trabalhar com carteira assinada. Mas os dados do Caged mostram que, em maio, 80% dos empregos foram ocupados por jovens de at\u00e9 24 anos. Por isso, dados s\u00e3o importantes para disputarmos narrativas\u201d, afirmou.<\/p>\n\n\n\n<p>Annette Killmer, do BID no Brasil, destacou que a iniciativa \u00e9 estrat\u00e9gica para a redu\u00e7\u00e3o da pobreza, o combate \u00e0s desigualdades e o aumento da produtividade. \u201cCom esse painel, queremos contribuir para aprimorar a formula\u00e7\u00e3o de pol\u00edticas p\u00fablicas no pa\u00eds\u201d, explicou ela.<\/p>\n\n\n\n<p><strong>Painel de Indicadores da Rede de Observat\u00f3rios do Trabalho<\/strong><\/p>\n\n\n\n<p>Acesse:<a href=\"https:\/\/www.gov.br\/trabalho-e-emprego\/pt-br\/assuntos\/onmt\">&nbsp;https:\/\/www.gov.br\/trabalho-e-emprego\/pt-br\/assuntos\/onmt<\/a><\/p>\n\n\n\n<p><strong>Funcionalidades:<\/strong><\/p>\n\n\n\n<ul class=\"wp-block-list\">\n<li>Dados da PNAD Cont\u00ednua, Rais e Caged;<\/li>\n\n\n\n<li>Visualiza\u00e7\u00f5es por mapas, gr\u00e1ficos e tabelas;<\/li>\n\n\n\n<li>Filtros por g\u00eanero, ra\u00e7a, idade, escolaridade e localidade;<\/li>\n\n\n\n<li>Informa\u00e7\u00f5es atualizadas sobre emprego, informalidade, renda, entre outros.<\/li>\n<\/ul>\n\n\n\n<p><strong>P\u00fablico-alvo<\/strong><strong>:<\/strong>&nbsp;gestores p\u00fablicos, pesquisadores, imprensa, empresas e sociedade civil.<\/p>\n\n\n\n<p><em>Atualiza\u00e7\u00f5es ser\u00e3o permanentes e feitas pelo MTE<\/em><\/p>\n\n\n\n<p>Fonte: <a href=\"https:\/\/www.gov.br\/trabalho-e-emprego\/pt-br\/noticias-e-conteudo\/2025\/julho\/nova-plataforma-com-dados-integrados-sobre-emprego-e-trabalho-ja-esta-disponivel\" data-type=\"link\" data-id=\"https:\/\/www.gov.br\/trabalho-e-emprego\/pt-br\/noticias-e-conteudo\/2025\/julho\/nova-plataforma-com-dados-integrados-sobre-emprego-e-trabalho-ja-esta-disponivel\">MTE<\/a><\/p>\n","protected":false},"excerpt":{"rendered":"<p>Ferramenta re\u00fane informa\u00e7\u00f5es da PNAD Cont\u00ednua, Rais e Caged em uma \u00fanica plataforma e permite an\u00e1lises detalhadas por escolaridade, ra\u00e7a, g\u00eanero, idade e territ\u00f3riopartir desta quinta-feira (10), gestores p\u00fablicos, pesquisadores, jornalistas e cidad\u00e3os de todo o pa\u00eds passam a contar com uma nova ferramenta para ampliar a compreens\u00e3o sobre o mercado de trabalho no Brasil&#8230;.<\/p>\n","protected":false},"author":2,"featured_media":89025,"comment_status":"closed","ping_status":"closed","sticky":false,"template":"","format":"standard","meta":{"_exactmetrics_skip_tracking":false,"_exactmetrics_sitenote_active":false,"_exactmetrics_sitenote_note":"","_exactmetrics_sitenote_category":0,"footnotes":""},"categories":[55,47],"tags":[],"class_list":["post-89024","post","type-post","status-publish","format-standard","has-post-thumbnail","hentry","category-noticia","category-ultimas-noticias"],"_links":{"self":[{"href":"https:\/\/cnr.org.br\/site\/wp-json\/wp\/v2\/posts\/89024"}],"collection":[{"href":"https:\/\/cnr.org.br\/site\/wp-json\/wp\/v2\/posts"}],"about":[{"href":"https:\/\/cnr.org.br\/site\/wp-json\/wp\/v2\/types\/post"}],"author":[{"embeddable":true,"href":"https:\/\/cnr.org.br\/site\/wp-json\/wp\/v2\/users\/2"}],"replies":[{"embeddable":true,"href":"https:\/\/cnr.org.br\/site\/wp-json\/wp\/v2\/comments?post=89024"}],"version-history":[{"count":1,"href":"https:\/\/cnr.org.br\/site\/wp-json\/wp\/v2\/posts\/89024\/revisions"}],"predecessor-version":[{"id":89026,"href":"https:\/\/cnr.org.br\/site\/wp-json\/wp\/v2\/posts\/89024\/revisions\/89026"}],"wp:featuredmedia":[{"embeddable":true,"href":"https:\/\/cnr.org.br\/site\/wp-json\/wp\/v2\/media\/89025"}],"wp:attachment":[{"href":"https:\/\/cnr.org.br\/site\/wp-json\/wp\/v2\/media?parent=89024"}],"wp:term":[{"taxonomy":"category","embeddable":true,"href":"https:\/\/cnr.org.br\/site\/wp-json\/wp\/v2\/categories?post=89024"},{"taxonomy":"post_tag","embeddable":true,"href":"https:\/\/cnr.org.br\/site\/wp-json\/wp\/v2\/tags?post=89024"}],"curies":[{"name":"wp","href":"https:\/\/api.w.org\/{rel}","templated":true}]}}