{"id":90035,"date":"2026-03-13T15:17:00","date_gmt":"2026-03-13T18:17:00","guid":{"rendered":"https:\/\/cnr.org.br\/site\/?p=90035"},"modified":"2026-03-13T17:20:13","modified_gmt":"2026-03-13T20:20:13","slug":"mte-discute-cooperacao-com-banco-mundial-para-qualificacao-e-geracao-de-empregos","status":"publish","type":"post","link":"https:\/\/cnr.org.br\/site\/mte-discute-cooperacao-com-banco-mundial-para-qualificacao-e-geracao-de-empregos\/","title":{"rendered":"MTE discute coopera\u00e7\u00e3o com Banco Mundial para qualifica\u00e7\u00e3o e gera\u00e7\u00e3o de empregos"},"content":{"rendered":"\n<p>O ministro do Trabalho e Emprego, Luiz Marinho, recebeu, nesta segunda-feira (9), representantes do Banco Mundial na sede do MTE, em Bras\u00edlia.<\/p>\n\n\n\n<p>O encontro teve como objetivo refor\u00e7ar o relacionamento institucional, renovar o di\u00e1logo estrat\u00e9gico e reafirmar o compromisso de coopera\u00e7\u00e3o em agendas estruturantes relacionadas ao mercado de trabalho, \u00e0 gera\u00e7\u00e3o de empregos e \u00e0 qualifica\u00e7\u00e3o profissional no Brasil.<\/p>\n\n\n\n<p>Ao agradecer a visita, Luiz Marinho destacou o papel hist\u00f3rico do Banco Mundial como parceiro estrat\u00e9gico do pa\u00eds e manifestou disposi\u00e7\u00e3o para aprofundar a coopera\u00e7\u00e3o t\u00e9cnica e desenvolver iniciativas conjuntas de m\u00e9dio e longo prazo. &#8220;O Minist\u00e9rio tem tarefas gigantescas, em particular neste per\u00edodo de grande velocidade nas transforma\u00e7\u00f5es das rela\u00e7\u00f5es e do mercado de trabalho. Pensar em parcerias tem essa magnitude. Agrade\u00e7o imensamente a oportunidade de trocar experi\u00eancias e de expressar os nossos desafios&#8221;, afirmou o ministro.<\/p>\n\n\n\n<h3 class=\"wp-block-heading\">Coopera\u00e7\u00e3o t\u00e9cnica internacional<\/h3>\n\n\n\n<p>O Banco Mundial tem acompanhado e apoiado tecnicamente as iniciativas conduzidas pela Secretaria Nacional de Qualifica\u00e7\u00e3o, Emprego e Juventude do MTE, inclusive no di\u00e1logo estabelecido com o governo da Rep\u00fablica da Coreia, voltado \u00e0 transfer\u00eancia de conhecimento e de boas pr\u00e1ticas internacionais.<\/p>\n\n\n\n<p>Durante o encontro, a diretora do Banco Mundial para o Brasil, Cecile Fruman, destacou a queda na taxa de desemprego no pa\u00eds e ressaltou a import\u00e2ncia da parceria estrat\u00e9gica com o MTE. &#8220;Para o Banco Mundial, o emprego \u00e9 a meta central. Tudo o que fazemos, atividades de financiamento e de produ\u00e7\u00e3o de conhecimento, tem como objetivo gerar mais emprego e inclus\u00e3o social. Ent\u00e3o, essa parceria com este Minist\u00e9rio \u00e9 realmente central para n\u00f3s&#8221;, pontuou.<\/p>\n\n\n\n<p>No \u00e2mbito da coopera\u00e7\u00e3o t\u00e9cnica j\u00e1 em curso entre o Minist\u00e9rio do Trabalho e Emprego e o Banco Mundial, destacam-se iniciativas como a moderniza\u00e7\u00e3o do Sistema Nacional de Emprego (Sine), o fortalecimento do Sistema de Informa\u00e7\u00e3o do Mercado de Trabalho (SIMT), a digitaliza\u00e7\u00e3o e integra\u00e7\u00e3o dos servi\u00e7os p\u00fablicos de emprego e o aperfei\u00e7oamento das pol\u00edticas ativas de emprego e qualifica\u00e7\u00e3o profissional.<\/p>\n\n\n\n<p>Fonte: <a href=\"https:\/\/www.gov.br\/trabalho-e-emprego\/pt-br\/noticias-e-conteudo\/2026\/marco\/mte-discute-cooperacao-com-banco-mundial-para-qualificacao-e-geracao-de-empregos\" data-type=\"link\" data-id=\"https:\/\/www.gov.br\/trabalho-e-emprego\/pt-br\/noticias-e-conteudo\/2026\/marco\/mte-discute-cooperacao-com-banco-mundial-para-qualificacao-e-geracao-de-empregos\">Minist\u00e9rio do Trabalho e Emprego<\/a><\/p>\n","protected":false},"excerpt":{"rendered":"<p>O ministro do Trabalho e Emprego, Luiz Marinho, recebeu, nesta segunda-feira (9), representantes do Banco Mundial na sede do MTE, em Bras\u00edlia. O encontro teve como objetivo refor\u00e7ar o relacionamento institucional, renovar o di\u00e1logo estrat\u00e9gico e reafirmar o compromisso de coopera\u00e7\u00e3o em agendas estruturantes relacionadas ao mercado de trabalho, \u00e0 gera\u00e7\u00e3o de empregos e \u00e0&#8230;<\/p>\n","protected":false},"author":2,"featured_media":2800,"comment_status":"closed","ping_status":"closed","sticky":false,"template":"","format":"standard","meta":{"_exactmetrics_skip_tracking":false,"_exactmetrics_sitenote_active":false,"_exactmetrics_sitenote_note":"","_exactmetrics_sitenote_category":0,"footnotes":""},"categories":[524,55,47],"tags":[],"class_list":["post-90035","post","type-post","status-publish","format-standard","has-post-thumbnail","hentry","category-destaques","category-noticia","category-ultimas-noticias"],"_links":{"self":[{"href":"https:\/\/cnr.org.br\/site\/wp-json\/wp\/v2\/posts\/90035"}],"collection":[{"href":"https:\/\/cnr.org.br\/site\/wp-json\/wp\/v2\/posts"}],"about":[{"href":"https:\/\/cnr.org.br\/site\/wp-json\/wp\/v2\/types\/post"}],"author":[{"embeddable":true,"href":"https:\/\/cnr.org.br\/site\/wp-json\/wp\/v2\/users\/2"}],"replies":[{"embeddable":true,"href":"https:\/\/cnr.org.br\/site\/wp-json\/wp\/v2\/comments?post=90035"}],"version-history":[{"count":1,"href":"https:\/\/cnr.org.br\/site\/wp-json\/wp\/v2\/posts\/90035\/revisions"}],"predecessor-version":[{"id":90036,"href":"https:\/\/cnr.org.br\/site\/wp-json\/wp\/v2\/posts\/90035\/revisions\/90036"}],"wp:featuredmedia":[{"embeddable":true,"href":"https:\/\/cnr.org.br\/site\/wp-json\/wp\/v2\/media\/2800"}],"wp:attachment":[{"href":"https:\/\/cnr.org.br\/site\/wp-json\/wp\/v2\/media?parent=90035"}],"wp:term":[{"taxonomy":"category","embeddable":true,"href":"https:\/\/cnr.org.br\/site\/wp-json\/wp\/v2\/categories?post=90035"},{"taxonomy":"post_tag","embeddable":true,"href":"https:\/\/cnr.org.br\/site\/wp-json\/wp\/v2\/tags?post=90035"}],"curies":[{"name":"wp","href":"https:\/\/api.w.org\/{rel}","templated":true}]}}