{"id":9054,"date":"2018-12-05T10:44:39","date_gmt":"2018-12-05T12:44:39","guid":{"rendered":"https:\/\/cnr.org.br\/site\/?p=9054"},"modified":"2018-12-05T10:44:39","modified_gmt":"2018-12-05T12:44:39","slug":"presidente-eleito-quer-aprofundar-mudanca-trabalhista","status":"publish","type":"post","link":"https:\/\/cnr.org.br\/site\/presidente-eleito-quer-aprofundar-mudanca-trabalhista\/","title":{"rendered":"Presidente eleito quer aprofundar mudan\u00e7a trabalhista"},"content":{"rendered":"<div id=\"dslc-theme-content\"><div id=\"dslc-theme-content-inner\"><div id=\"attachment_9055\" style=\"width: 676px\" class=\"wp-caption alignnone\"><img loading=\"lazy\" decoding=\"async\" aria-describedby=\"caption-attachment-9055\" class=\"size-full wp-image-9055\" src=\"https:\/\/cnr.org.br\/site\/wp-content\/uploads\/2018\/12\/3-1.jpg\" alt=\"Carteiras de trabalho: presidente eleito quer aprofundar reforma Foto: Arquivo\" width=\"666\" height=\"375\" srcset=\"https:\/\/cnr.org.br\/site\/wp-content\/uploads\/2018\/12\/3-1.jpg 666w, https:\/\/cnr.org.br\/site\/wp-content\/uploads\/2018\/12\/3-1-300x169.jpg 300w\" sizes=\"auto, (max-width: 666px) 100vw, 666px\" \/><p id=\"caption-attachment-9055\" class=\"wp-caption-text\">Carteiras de trabalho: presidente eleito quer aprofundar reforma Foto: Arquivo<\/p><\/div>\n<p>BRAS\u00cdLIA E S\u00c3O PAULO - O presidente eleito, Jair Bolsonaro, defendeu ontem um aprofundamento da reforma trabalhista, que foi aprovada no ano passado pelo Congresso. De acordo com Bolsonaro, \u201c\u00e9 horr\u00edvel\u201d ser patr\u00e3o no Brasil com a legisla\u00e7\u00e3o atual:<\/p>\n<p>\u2014 Quero cumprimentar quem votou na reforma trabalhista. Devemos aprofundar isso da\u00ed. Ningu\u00e9m mais quer ser patr\u00e3o no Brasil, \u00e9 horr\u00edvel ser patr\u00e3o no Brasil com essa legisla\u00e7\u00e3o que est\u00e1 a\u00ed. N\u00f3s queremos, atrav\u00e9s do Parlamento, mudando as leis, fazer com que n\u00f3s tenhamos prazer de ver pessoas investindo no Brasil e pessoas dentro do Brasil acreditando no seu potencial.<\/p>\n<p><strong><a href=\"https:\/\/oglobo.globo.com\/economia\/presidente-eleito-quer-aprofundar-mudanca-trabalhista-23281494\">Leia mais...<\/a><\/strong>\t\t<\/p>\n<\/div><\/div>","protected":false},"excerpt":{"rendered":"<p>BRAS\u00cdLIA E S\u00c3O PAULO - O presidente eleito, Jair Bolsonaro, defendeu ontem um aprofundamento da reforma trabalhista, que foi aprovada no ano passado pelo Congresso. De acordo com Bolsonaro, \u201c\u00e9 horr\u00edvel\u201d ser patr\u00e3o no Brasil com a legisla\u00e7\u00e3o atual: \u2014 Quero cumprimentar quem votou na reforma trabalhista. Devemos aprofundar isso da\u00ed. Ningu\u00e9m mais quer ser [&hellip;]<\/p>\n","protected":false},"author":2,"featured_media":9055,"comment_status":"open","ping_status":"open","sticky":false,"template":"","format":"standard","meta":{"footnotes":"","_links_to":"","_links_to_target":""},"categories":[507,47],"tags":[],"class_list":["post-9054","post","type-post","status-publish","format-standard","has-post-thumbnail","hentry","category-trabalho-e-previdencia","category-ultimas-noticias"],"yoast_head":"<!-- This site is optimized with the Yoast SEO plugin v28.4 - https:\/\/yoast.com\/product\/yoast-seo-wordpress\/ -->\n<title>Presidente eleito quer aprofundar mudan\u00e7a trabalhista - CNR<\/title>\n<meta name=\"robots\" content=\"index, follow, max-snippet:-1, max-image-preview:large, max-video-preview:-1\" \/>\n<link rel=\"canonical\" href=\"https:\/\/cnr.org.br\/novoportal\/presidente-eleito-quer-aprofundar-mudanca-trabalhista\/\" \/>\n<meta property=\"og:locale\" content=\"pt_BR\" \/>\n<meta property=\"og:type\" content=\"article\" \/>\n<meta property=\"og:title\" content=\"Presidente eleito quer aprofundar mudan\u00e7a trabalhista - CNR\" \/>\n<meta property=\"og:description\" content=\"BRAS\u00cdLIA E S\u00c3O PAULO - O presidente eleito, Jair Bolsonaro, defendeu ontem um aprofundamento da reforma trabalhista, que foi aprovada no ano passado pelo Congresso. De acordo com Bolsonaro, \u201c\u00e9 horr\u00edvel\u201d ser patr\u00e3o no Brasil com a legisla\u00e7\u00e3o atual: \u2014 Quero cumprimentar quem votou na reforma trabalhista. Devemos aprofundar isso da\u00ed. Ningu\u00e9m mais quer ser [&hellip;]\" \/>\n<meta property=\"og:url\" content=\"https:\/\/cnr.org.br\/novoportal\/presidente-eleito-quer-aprofundar-mudanca-trabalhista\/\" \/>\n<meta property=\"og:site_name\" content=\"CNR\" \/>\n<meta property=\"article:published_time\" content=\"2018-12-05T12:44:39+00:00\" \/>\n<meta property=\"og:image\" content=\"https:\/\/cnr.org.br\/novoportal\/wp-content\/uploads\/2018\/12\/3-1.jpg\" \/>\n\t<meta property=\"og:image:width\" content=\"666\" \/>\n\t<meta property=\"og:image:height\" content=\"375\" \/>\n\t<meta property=\"og:image:type\" content=\"image\/jpeg\" \/>\n<meta name=\"author\" content=\"Imprensa CNR\" \/>\n<meta name=\"twitter:card\" content=\"summary_large_image\" \/>\n<meta name=\"twitter:label1\" content=\"Escrito por\" \/>\n\t<meta name=\"twitter:data1\" content=\"Imprensa CNR\" \/>\n\t<meta name=\"twitter:label2\" content=\"Est. tempo de leitura\" \/>\n\t<meta name=\"twitter:data2\" content=\"1 minuto\" \/>\n<script type=\"application\/ld+json\" class=\"yoast-schema-graph\">{\"@context\":\"https:\\\/\\\/schema.org\",\"@graph\":[{\"@type\":\"Article\",\"@id\":\"https:\\\/\\\/cnr.org.br\\\/novoportal\\\/presidente-eleito-quer-aprofundar-mudanca-trabalhista\\\/#article\",\"isPartOf\":{\"@id\":\"https:\\\/\\\/cnr.org.br\\\/novoportal\\\/presidente-eleito-quer-aprofundar-mudanca-trabalhista\\\/\"},\"author\":{\"name\":\"Imprensa CNR\",\"@id\":\"https:\\\/\\\/cnr.org.br\\\/novoportal\\\/#\\\/schema\\\/person\\\/1f46209cd8c9d3d9887a0765b64ca66b\"},\"headline\":\"Presidente eleito quer aprofundar mudan\u00e7a trabalhista\",\"datePublished\":\"2018-12-05T12:44:39+00:00\",\"mainEntityOfPage\":{\"@id\":\"https:\\\/\\\/cnr.org.br\\\/novoportal\\\/presidente-eleito-quer-aprofundar-mudanca-trabalhista\\\/\"},\"wordCount\":135,\"commentCount\":0,\"publisher\":{\"@id\":\"https:\\\/\\\/cnr.org.br\\\/novoportal\\\/#organization\"},\"image\":{\"@id\":\"https:\\\/\\\/cnr.org.br\\\/novoportal\\\/presidente-eleito-quer-aprofundar-mudanca-trabalhista\\\/#primaryimage\"},\"thumbnailUrl\":\"https:\\\/\\\/cnr.org.br\\\/site\\\/wp-content\\\/uploads\\\/2018\\\/12\\\/3-1.jpg\",\"articleSection\":[\"Trabalho e previd\u00eancia\",\"\u00daltimas Not\u00edcias\"],\"inLanguage\":\"pt-BR\"},{\"@type\":\"WebPage\",\"@id\":\"https:\\\/\\\/cnr.org.br\\\/novoportal\\\/presidente-eleito-quer-aprofundar-mudanca-trabalhista\\\/\",\"url\":\"https:\\\/\\\/cnr.org.br\\\/novoportal\\\/presidente-eleito-quer-aprofundar-mudanca-trabalhista\\\/\",\"name\":\"Presidente eleito quer aprofundar mudan\u00e7a trabalhista - CNR\",\"isPartOf\":{\"@id\":\"https:\\\/\\\/cnr.org.br\\\/novoportal\\\/#website\"},\"primaryImageOfPage\":{\"@id\":\"https:\\\/\\\/cnr.org.br\\\/novoportal\\\/presidente-eleito-quer-aprofundar-mudanca-trabalhista\\\/#primaryimage\"},\"image\":{\"@id\":\"https:\\\/\\\/cnr.org.br\\\/novoportal\\\/presidente-eleito-quer-aprofundar-mudanca-trabalhista\\\/#primaryimage\"},\"thumbnailUrl\":\"https:\\\/\\\/cnr.org.br\\\/site\\\/wp-content\\\/uploads\\\/2018\\\/12\\\/3-1.jpg\",\"datePublished\":\"2018-12-05T12:44:39+00:00\",\"breadcrumb\":{\"@id\":\"https:\\\/\\\/cnr.org.br\\\/novoportal\\\/presidente-eleito-quer-aprofundar-mudanca-trabalhista\\\/#breadcrumb\"},\"inLanguage\":\"pt-BR\",\"potentialAction\":[{\"@type\":\"ReadAction\",\"target\":[\"https:\\\/\\\/cnr.org.br\\\/novoportal\\\/presidente-eleito-quer-aprofundar-mudanca-trabalhista\\\/\"]}]},{\"@type\":\"ImageObject\",\"inLanguage\":\"pt-BR\",\"@id\":\"https:\\\/\\\/cnr.org.br\\\/novoportal\\\/presidente-eleito-quer-aprofundar-mudanca-trabalhista\\\/#primaryimage\",\"url\":\"https:\\\/\\\/cnr.org.br\\\/site\\\/wp-content\\\/uploads\\\/2018\\\/12\\\/3-1.jpg\",\"contentUrl\":\"https:\\\/\\\/cnr.org.br\\\/site\\\/wp-content\\\/uploads\\\/2018\\\/12\\\/3-1.jpg\",\"width\":666,\"height\":375,\"caption\":\"Carteiras de trabalho: presidente eleito quer aprofundar reforma Foto: Arquivo\"},{\"@type\":\"BreadcrumbList\",\"@id\":\"https:\\\/\\\/cnr.org.br\\\/novoportal\\\/presidente-eleito-quer-aprofundar-mudanca-trabalhista\\\/#breadcrumb\",\"itemListElement\":[{\"@type\":\"ListItem\",\"position\":1,\"name\":\"In\u00edcio\",\"item\":\"https:\\\/\\\/cnr.org.br\\\/site\\\/\"},{\"@type\":\"ListItem\",\"position\":2,\"name\":\"Presidente eleito quer aprofundar mudan\u00e7a trabalhista\"}]},{\"@type\":\"WebSite\",\"@id\":\"https:\\\/\\\/cnr.org.br\\\/novoportal\\\/#website\",\"url\":\"https:\\\/\\\/cnr.org.br\\\/novoportal\\\/\",\"name\":\"CNR\",\"description\":\"Confedera\u00e7\u00e3o Nacional de Not\u00e1rios e Registradores\",\"publisher\":{\"@id\":\"https:\\\/\\\/cnr.org.br\\\/novoportal\\\/#organization\"},\"potentialAction\":[{\"@type\":\"SearchAction\",\"target\":{\"@type\":\"EntryPoint\",\"urlTemplate\":\"https:\\\/\\\/cnr.org.br\\\/novoportal\\\/?s={search_term_string}\"},\"query-input\":{\"@type\":\"PropertyValueSpecification\",\"valueRequired\":true,\"valueName\":\"search_term_string\"}}],\"inLanguage\":\"pt-BR\"},{\"@type\":\"Organization\",\"@id\":\"https:\\\/\\\/cnr.org.br\\\/novoportal\\\/#organization\",\"name\":\"CNR\",\"url\":\"https:\\\/\\\/cnr.org.br\\\/novoportal\\\/\",\"logo\":{\"@type\":\"ImageObject\",\"inLanguage\":\"pt-BR\",\"@id\":\"https:\\\/\\\/cnr.org.br\\\/novoportal\\\/#\\\/schema\\\/logo\\\/image\\\/\",\"url\":\"https:\\\/\\\/cnr.org.br\\\/site\\\/wp-content\\\/uploads\\\/2026\\\/02\\\/Logo_CNR_completa_colorida_2024.png\",\"contentUrl\":\"https:\\\/\\\/cnr.org.br\\\/site\\\/wp-content\\\/uploads\\\/2026\\\/02\\\/Logo_CNR_completa_colorida_2024.png\",\"width\":910,\"height\":450,\"caption\":\"CNR\"},\"image\":{\"@id\":\"https:\\\/\\\/cnr.org.br\\\/novoportal\\\/#\\\/schema\\\/logo\\\/image\\\/\"}},{\"@type\":\"Person\",\"@id\":\"https:\\\/\\\/cnr.org.br\\\/novoportal\\\/#\\\/schema\\\/person\\\/1f46209cd8c9d3d9887a0765b64ca66b\",\"name\":\"Imprensa CNR\",\"sameAs\":[\"https:\\\/\\\/cnr.org.br\\\/site\"],\"url\":\"https:\\\/\\\/cnr.org.br\\\/site\\\/author\\\/imprensa\\\/\"}]}<\/script>\n<!-- \/ Yoast SEO plugin. -->","yoast_head_json":{"title":"Presidente eleito quer aprofundar mudan\u00e7a trabalhista - CNR","robots":{"index":"index","follow":"follow","max-snippet":"max-snippet:-1","max-image-preview":"max-image-preview:large","max-video-preview":"max-video-preview:-1"},"canonical":"https:\/\/cnr.org.br\/novoportal\/presidente-eleito-quer-aprofundar-mudanca-trabalhista\/","og_locale":"pt_BR","og_type":"article","og_title":"Presidente eleito quer aprofundar mudan\u00e7a trabalhista - CNR","og_description":"BRAS\u00cdLIA E S\u00c3O PAULO - O presidente eleito, Jair Bolsonaro, defendeu ontem um aprofundamento da reforma trabalhista, que foi aprovada no ano passado pelo Congresso. De acordo com Bolsonaro, \u201c\u00e9 horr\u00edvel\u201d ser patr\u00e3o no Brasil com a legisla\u00e7\u00e3o atual: \u2014 Quero cumprimentar quem votou na reforma trabalhista. Devemos aprofundar isso da\u00ed. Ningu\u00e9m mais quer ser [&hellip;]","og_url":"https:\/\/cnr.org.br\/novoportal\/presidente-eleito-quer-aprofundar-mudanca-trabalhista\/","og_site_name":"CNR","article_published_time":"2018-12-05T12:44:39+00:00","og_image":[{"width":666,"height":375,"url":"https:\/\/cnr.org.br\/novoportal\/wp-content\/uploads\/2018\/12\/3-1.jpg","type":"image\/jpeg"}],"author":"Imprensa CNR","twitter_card":"summary_large_image","twitter_misc":{"Escrito por":"Imprensa CNR","Est. tempo de leitura":"1 minuto"},"schema":{"@context":"https:\/\/schema.org","@graph":[{"@type":"Article","@id":"https:\/\/cnr.org.br\/novoportal\/presidente-eleito-quer-aprofundar-mudanca-trabalhista\/#article","isPartOf":{"@id":"https:\/\/cnr.org.br\/novoportal\/presidente-eleito-quer-aprofundar-mudanca-trabalhista\/"},"author":{"name":"Imprensa CNR","@id":"https:\/\/cnr.org.br\/novoportal\/#\/schema\/person\/1f46209cd8c9d3d9887a0765b64ca66b"},"headline":"Presidente eleito quer aprofundar mudan\u00e7a trabalhista","datePublished":"2018-12-05T12:44:39+00:00","mainEntityOfPage":{"@id":"https:\/\/cnr.org.br\/novoportal\/presidente-eleito-quer-aprofundar-mudanca-trabalhista\/"},"wordCount":135,"commentCount":0,"publisher":{"@id":"https:\/\/cnr.org.br\/novoportal\/#organization"},"image":{"@id":"https:\/\/cnr.org.br\/novoportal\/presidente-eleito-quer-aprofundar-mudanca-trabalhista\/#primaryimage"},"thumbnailUrl":"https:\/\/cnr.org.br\/site\/wp-content\/uploads\/2018\/12\/3-1.jpg","articleSection":["Trabalho e previd\u00eancia","\u00daltimas Not\u00edcias"],"inLanguage":"pt-BR"},{"@type":"WebPage","@id":"https:\/\/cnr.org.br\/novoportal\/presidente-eleito-quer-aprofundar-mudanca-trabalhista\/","url":"https:\/\/cnr.org.br\/novoportal\/presidente-eleito-quer-aprofundar-mudanca-trabalhista\/","name":"Presidente eleito quer aprofundar mudan\u00e7a trabalhista - CNR","isPartOf":{"@id":"https:\/\/cnr.org.br\/novoportal\/#website"},"primaryImageOfPage":{"@id":"https:\/\/cnr.org.br\/novoportal\/presidente-eleito-quer-aprofundar-mudanca-trabalhista\/#primaryimage"},"image":{"@id":"https:\/\/cnr.org.br\/novoportal\/presidente-eleito-quer-aprofundar-mudanca-trabalhista\/#primaryimage"},"thumbnailUrl":"https:\/\/cnr.org.br\/site\/wp-content\/uploads\/2018\/12\/3-1.jpg","datePublished":"2018-12-05T12:44:39+00:00","breadcrumb":{"@id":"https:\/\/cnr.org.br\/novoportal\/presidente-eleito-quer-aprofundar-mudanca-trabalhista\/#breadcrumb"},"inLanguage":"pt-BR","potentialAction":[{"@type":"ReadAction","target":["https:\/\/cnr.org.br\/novoportal\/presidente-eleito-quer-aprofundar-mudanca-trabalhista\/"]}]},{"@type":"ImageObject","inLanguage":"pt-BR","@id":"https:\/\/cnr.org.br\/novoportal\/presidente-eleito-quer-aprofundar-mudanca-trabalhista\/#primaryimage","url":"https:\/\/cnr.org.br\/site\/wp-content\/uploads\/2018\/12\/3-1.jpg","contentUrl":"https:\/\/cnr.org.br\/site\/wp-content\/uploads\/2018\/12\/3-1.jpg","width":666,"height":375,"caption":"Carteiras de trabalho: presidente eleito quer aprofundar reforma Foto: Arquivo"},{"@type":"BreadcrumbList","@id":"https:\/\/cnr.org.br\/novoportal\/presidente-eleito-quer-aprofundar-mudanca-trabalhista\/#breadcrumb","itemListElement":[{"@type":"ListItem","position":1,"name":"In\u00edcio","item":"https:\/\/cnr.org.br\/site\/"},{"@type":"ListItem","position":2,"name":"Presidente eleito quer aprofundar mudan\u00e7a trabalhista"}]},{"@type":"WebSite","@id":"https:\/\/cnr.org.br\/novoportal\/#website","url":"https:\/\/cnr.org.br\/novoportal\/","name":"CNR","description":"Confedera\u00e7\u00e3o Nacional de Not\u00e1rios e Registradores","publisher":{"@id":"https:\/\/cnr.org.br\/novoportal\/#organization"},"potentialAction":[{"@type":"SearchAction","target":{"@type":"EntryPoint","urlTemplate":"https:\/\/cnr.org.br\/novoportal\/?s={search_term_string}"},"query-input":{"@type":"PropertyValueSpecification","valueRequired":true,"valueName":"search_term_string"}}],"inLanguage":"pt-BR"},{"@type":"Organization","@id":"https:\/\/cnr.org.br\/novoportal\/#organization","name":"CNR","url":"https:\/\/cnr.org.br\/novoportal\/","logo":{"@type":"ImageObject","inLanguage":"pt-BR","@id":"https:\/\/cnr.org.br\/novoportal\/#\/schema\/logo\/image\/","url":"https:\/\/cnr.org.br\/site\/wp-content\/uploads\/2026\/02\/Logo_CNR_completa_colorida_2024.png","contentUrl":"https:\/\/cnr.org.br\/site\/wp-content\/uploads\/2026\/02\/Logo_CNR_completa_colorida_2024.png","width":910,"height":450,"caption":"CNR"},"image":{"@id":"https:\/\/cnr.org.br\/novoportal\/#\/schema\/logo\/image\/"}},{"@type":"Person","@id":"https:\/\/cnr.org.br\/novoportal\/#\/schema\/person\/1f46209cd8c9d3d9887a0765b64ca66b","name":"Imprensa CNR","sameAs":["https:\/\/cnr.org.br\/site"],"url":"https:\/\/cnr.org.br\/site\/author\/imprensa\/"}]}},"_links":{"self":[{"href":"https:\/\/cnr.org.br\/site\/wp-json\/wp\/v2\/posts\/9054","targetHints":{"allow":["GET"]}}],"collection":[{"href":"https:\/\/cnr.org.br\/site\/wp-json\/wp\/v2\/posts"}],"about":[{"href":"https:\/\/cnr.org.br\/site\/wp-json\/wp\/v2\/types\/post"}],"author":[{"embeddable":true,"href":"https:\/\/cnr.org.br\/site\/wp-json\/wp\/v2\/users\/2"}],"replies":[{"embeddable":true,"href":"https:\/\/cnr.org.br\/site\/wp-json\/wp\/v2\/comments?post=9054"}],"version-history":[{"count":0,"href":"https:\/\/cnr.org.br\/site\/wp-json\/wp\/v2\/posts\/9054\/revisions"}],"wp:featuredmedia":[{"embeddable":true,"href":"https:\/\/cnr.org.br\/site\/wp-json\/wp\/v2\/media\/9055"}],"wp:attachment":[{"href":"https:\/\/cnr.org.br\/site\/wp-json\/wp\/v2\/media?parent=9054"}],"wp:term":[{"taxonomy":"category","embeddable":true,"href":"https:\/\/cnr.org.br\/site\/wp-json\/wp\/v2\/categories?post=9054"},{"taxonomy":"post_tag","embeddable":true,"href":"https:\/\/cnr.org.br\/site\/wp-json\/wp\/v2\/tags?post=9054"}],"curies":[{"name":"wp","href":"https:\/\/api.w.org\/{rel}","templated":true}]}}