{"id":90828,"date":"2026-09-02T16:34:45","date_gmt":"2026-09-02T19:34:45","guid":{"rendered":"https:\/\/cnr.org.br\/site\/?p=90828"},"modified":"2026-09-02T16:34:45","modified_gmt":"2026-09-02T19:34:45","slug":"4o-exame-nacional-dos-cartorios-abre-inscricoes","status":"publish","type":"post","link":"https:\/\/cnr.org.br\/site\/4o-exame-nacional-dos-cartorios-abre-inscricoes\/","title":{"rendered":"4\u00ba Exame Nacional dos Cart\u00f3rios abre inscri\u00e7\u00f5es"},"content":{"rendered":"<div id=\"dslc-theme-content\"><div id=\"dslc-theme-content-inner\"><p><span data-contrast=\"auto\">Est\u00e3o abertas, a partir desta segunda-feira (31\/8), as inscri\u00e7\u00f5es para o 4\u00ba Exame Nacional dos Cart\u00f3rios (Enac), promovido pelo Conselho Nacional de Justi\u00e7a (CNJ) em parceria com a Funda\u00e7\u00e3o Getulio Vargas (FGV). Os interessados t\u00eam at\u00e9 as 16h de 29 de setembro para se inscrever, por meio do portal da FGV.<\/span><\/p>\n<p><span data-contrast=\"auto\">O Enac \u00e9 requisito para quem pretende participar de concursos p\u00fablicos para outorga de delega\u00e7\u00f5es de servi\u00e7os notariais e de registro promovidos pelos tribunais de justi\u00e7a dos estados e do Distrito Federal, tanto para ingresso quanto para remo\u00e7\u00e3o.<\/span><\/p>\n<p><span data-contrast=\"auto\">A 4\u00aa edi\u00e7\u00e3o do exame ser\u00e1 a primeira realizada de acordo com as regras da Resolu\u00e7\u00e3o\u00a0<\/span><span data-contrast=\"auto\">CNJ n. 696\/2026, que regulamenta os concursos para escolha de respons\u00e1veis pelos cart\u00f3rios de notas e de registro, mediante provas e avalia\u00e7\u00e3o de t\u00edtulos.<\/span><\/p>\n<p><b><span data-contrast=\"auto\">Prova<\/span><\/b><\/p>\n<p><span data-contrast=\"auto\">Com taxa de inscri\u00e7\u00e3o de R$ 150, o exame ter\u00e1 prova objetiva, de car\u00e1ter eliminat\u00f3rio, no dia 22 de novembro de 2026, em todas as capitais do pa\u00eds. A avalia\u00e7\u00e3o ser\u00e1 realizada em etapa \u00fanica, com 100 quest\u00f5es de m\u00faltipla escolha e dura\u00e7\u00e3o de cinco horas, das 14h \u00e0s 19h (hor\u00e1rio de Bras\u00edlia).<\/span><\/p>\n<p><span data-contrast=\"auto\">Para obter a habilita\u00e7\u00e3o, ser\u00e1 necess\u00e1rio acertar pelo menos 60 quest\u00f5es. Para candidatos que concorrem \u00e0s vagas reservadas a pessoas negras, ind\u00edgenas, quilombolas ou com defici\u00eancia, o m\u00ednimo ser\u00e1 de 50 acertos.<\/span><\/p>\n<p><span data-contrast=\"auto\">Candidatos \u00e0s vagas reservadas para pessoas negras, ind\u00edgenas ou quilombolas devem observar, junto ao tribunal de justi\u00e7a do estado em que pretendem concorrer, as regras e os prazos para confirma\u00e7\u00e3o da condi\u00e7\u00e3o. O comprovante de aprova\u00e7\u00e3o no procedimento dever\u00e1 ser enviado \u00e0 FGV at\u00e9 6 de novembro de 2026.<\/span><\/p>\n<p><span data-contrast=\"auto\">O edital prev\u00ea ainda o aproveitamento de comprovantes de heteroidentifica\u00e7\u00e3o emitidos nos 1\u00ba, 2\u00ba ou 3\u00ba ENAC e no Exame Nacional da Magistratura (Enam), desde que seja mantida a mesma unidade da Federa\u00e7\u00e3o.<\/span><\/p>\n<p><b><span data-contrast=\"auto\">Quem pode participar<\/span><\/b><\/p>\n<p><span data-contrast=\"auto\">Podem se inscrever bachar\u00e9is em Direito ou pessoas que tenham exercido atividade em servi\u00e7os notariais e de registro por pelo menos 10 anos. Os requisitos de forma\u00e7\u00e3o ou experi\u00eancia profissional dever\u00e3o ser comprovados at\u00e9 6 de novembro de 2026.<\/span><\/p>\n<p><span data-contrast=\"auto\">O certificado de habilita\u00e7\u00e3o ter\u00e1 validade de seis anos e permitir\u00e1 ao candidato se inscrever nos concursos para cart\u00f3rios promovidos pelos tribunais de justi\u00e7a dos estados e do Distrito Federal.<\/span><\/p>\n<p><a href=\"https:\/\/conhecimento.fgv.br\/sites\/default\/files\/concursos\/minuta-edital-enac-2026.2-27.08.26-versao-final.pdf?utm_source=chatgpt.com\"><span data-contrast=\"none\">Leia a \u00edntegra do edital do 4\u00ba ENAC<\/span><\/a><span data-contrast=\"auto\">.<\/span><\/p>\n<p>Fonte: Ag\u00eancia CNJ<\/p>\n<\/div><\/div>","protected":false},"excerpt":{"rendered":"<p>Est\u00e3o abertas, a partir desta segunda-feira (31\/8), as inscri\u00e7\u00f5es para o 4\u00ba Exame Nacional dos Cart\u00f3rios (Enac), promovido pelo Conselho Nacional de Justi\u00e7a (CNJ) em parceria com a Funda\u00e7\u00e3o Getulio Vargas (FGV). Os interessados t\u00eam at\u00e9 as 16h de 29 de setembro para se inscrever, por meio do portal da FGV. O Enac \u00e9 requisito [&hellip;]<\/p>\n","protected":false},"author":2,"featured_media":87965,"comment_status":"closed","ping_status":"closed","sticky":false,"template":"","format":"standard","meta":{"footnotes":"","_links_to":"","_links_to_target":""},"categories":[524,525,55,47],"tags":[],"class_list":["post-90828","post","type-post","status-publish","format-standard","has-post-thumbnail","hentry","category-destaques","category-home","category-noticia","category-ultimas-noticias"],"yoast_head":"<!-- This site is optimized with the Yoast SEO plugin v28.3 - https:\/\/yoast.com\/product\/yoast-seo-wordpress\/ -->\n<title>4\u00ba Exame Nacional dos Cart\u00f3rios abre inscri\u00e7\u00f5es - CNR<\/title>\n<meta name=\"robots\" content=\"index, follow, max-snippet:-1, max-image-preview:large, max-video-preview:-1\" \/>\n<link rel=\"canonical\" href=\"https:\/\/cnr.org.br\/site\/4o-exame-nacional-dos-cartorios-abre-inscricoes\/\" \/>\n<meta property=\"og:locale\" content=\"pt_BR\" \/>\n<meta property=\"og:type\" content=\"article\" \/>\n<meta property=\"og:title\" content=\"4\u00ba Exame Nacional dos Cart\u00f3rios abre inscri\u00e7\u00f5es - CNR\" \/>\n<meta property=\"og:description\" content=\"Est\u00e3o abertas, a partir desta segunda-feira (31\/8), as inscri\u00e7\u00f5es para o 4\u00ba Exame Nacional dos Cart\u00f3rios (Enac), promovido pelo Conselho Nacional de Justi\u00e7a (CNJ) em parceria com a Funda\u00e7\u00e3o Getulio Vargas (FGV). Os interessados t\u00eam at\u00e9 as 16h de 29 de setembro para se inscrever, por meio do portal da FGV. O Enac \u00e9 requisito [&hellip;]\" \/>\n<meta property=\"og:url\" content=\"https:\/\/cnr.org.br\/site\/4o-exame-nacional-dos-cartorios-abre-inscricoes\/\" \/>\n<meta property=\"og:site_name\" content=\"CNR\" \/>\n<meta property=\"article:published_time\" content=\"2026-09-02T19:34:45+00:00\" \/>\n<meta property=\"og:image\" content=\"https:\/\/cnr.org.br\/site\/wp-content\/uploads\/2024\/10\/caneta-prova-concurso.jpg\" \/>\n\t<meta property=\"og:image:width\" content=\"900\" \/>\n\t<meta property=\"og:image:height\" content=\"600\" \/>\n\t<meta property=\"og:image:type\" content=\"image\/jpeg\" \/>\n<meta name=\"author\" content=\"Imprensa CNR\" \/>\n<meta name=\"twitter:card\" content=\"summary_large_image\" \/>\n<meta name=\"twitter:label1\" content=\"Escrito por\" \/>\n\t<meta name=\"twitter:data1\" content=\"Imprensa CNR\" \/>\n\t<meta name=\"twitter:label2\" content=\"Est. tempo de leitura\" \/>\n\t<meta name=\"twitter:data2\" content=\"3 minutos\" \/>\n<script type=\"application\/ld+json\" class=\"yoast-schema-graph\">{\"@context\":\"https:\\\/\\\/schema.org\",\"@graph\":[{\"@type\":\"Article\",\"@id\":\"https:\\\/\\\/cnr.org.br\\\/site\\\/4o-exame-nacional-dos-cartorios-abre-inscricoes\\\/#article\",\"isPartOf\":{\"@id\":\"https:\\\/\\\/cnr.org.br\\\/site\\\/4o-exame-nacional-dos-cartorios-abre-inscricoes\\\/\"},\"author\":{\"name\":\"Imprensa CNR\",\"@id\":\"https:\\\/\\\/cnr.org.br\\\/novoportal\\\/#\\\/schema\\\/person\\\/1f46209cd8c9d3d9887a0765b64ca66b\"},\"headline\":\"4\u00ba Exame Nacional dos Cart\u00f3rios abre inscri\u00e7\u00f5es\",\"datePublished\":\"2026-09-02T19:34:45+00:00\",\"mainEntityOfPage\":{\"@id\":\"https:\\\/\\\/cnr.org.br\\\/site\\\/4o-exame-nacional-dos-cartorios-abre-inscricoes\\\/\"},\"wordCount\":415,\"publisher\":{\"@id\":\"https:\\\/\\\/cnr.org.br\\\/novoportal\\\/#organization\"},\"image\":{\"@id\":\"https:\\\/\\\/cnr.org.br\\\/site\\\/4o-exame-nacional-dos-cartorios-abre-inscricoes\\\/#primaryimage\"},\"thumbnailUrl\":\"https:\\\/\\\/cnr.org.br\\\/site\\\/wp-content\\\/uploads\\\/2024\\\/10\\\/caneta-prova-concurso.jpg\",\"articleSection\":[\"Destaques\",\"Home\",\"Not\u00edcia\",\"\u00daltimas Not\u00edcias\"],\"inLanguage\":\"pt-BR\"},{\"@type\":\"WebPage\",\"@id\":\"https:\\\/\\\/cnr.org.br\\\/site\\\/4o-exame-nacional-dos-cartorios-abre-inscricoes\\\/\",\"url\":\"https:\\\/\\\/cnr.org.br\\\/site\\\/4o-exame-nacional-dos-cartorios-abre-inscricoes\\\/\",\"name\":\"4\u00ba Exame Nacional dos Cart\u00f3rios abre inscri\u00e7\u00f5es - CNR\",\"isPartOf\":{\"@id\":\"https:\\\/\\\/cnr.org.br\\\/novoportal\\\/#website\"},\"primaryImageOfPage\":{\"@id\":\"https:\\\/\\\/cnr.org.br\\\/site\\\/4o-exame-nacional-dos-cartorios-abre-inscricoes\\\/#primaryimage\"},\"image\":{\"@id\":\"https:\\\/\\\/cnr.org.br\\\/site\\\/4o-exame-nacional-dos-cartorios-abre-inscricoes\\\/#primaryimage\"},\"thumbnailUrl\":\"https:\\\/\\\/cnr.org.br\\\/site\\\/wp-content\\\/uploads\\\/2024\\\/10\\\/caneta-prova-concurso.jpg\",\"datePublished\":\"2026-09-02T19:34:45+00:00\",\"breadcrumb\":{\"@id\":\"https:\\\/\\\/cnr.org.br\\\/site\\\/4o-exame-nacional-dos-cartorios-abre-inscricoes\\\/#breadcrumb\"},\"inLanguage\":\"pt-BR\",\"potentialAction\":[{\"@type\":\"ReadAction\",\"target\":[\"https:\\\/\\\/cnr.org.br\\\/site\\\/4o-exame-nacional-dos-cartorios-abre-inscricoes\\\/\"]}]},{\"@type\":\"ImageObject\",\"inLanguage\":\"pt-BR\",\"@id\":\"https:\\\/\\\/cnr.org.br\\\/site\\\/4o-exame-nacional-dos-cartorios-abre-inscricoes\\\/#primaryimage\",\"url\":\"https:\\\/\\\/cnr.org.br\\\/site\\\/wp-content\\\/uploads\\\/2024\\\/10\\\/caneta-prova-concurso.jpg\",\"contentUrl\":\"https:\\\/\\\/cnr.org.br\\\/site\\\/wp-content\\\/uploads\\\/2024\\\/10\\\/caneta-prova-concurso.jpg\",\"width\":900,\"height\":600},{\"@type\":\"BreadcrumbList\",\"@id\":\"https:\\\/\\\/cnr.org.br\\\/site\\\/4o-exame-nacional-dos-cartorios-abre-inscricoes\\\/#breadcrumb\",\"itemListElement\":[{\"@type\":\"ListItem\",\"position\":1,\"name\":\"In\u00edcio\",\"item\":\"https:\\\/\\\/cnr.org.br\\\/site\\\/\"},{\"@type\":\"ListItem\",\"position\":2,\"name\":\"4\u00ba Exame Nacional dos Cart\u00f3rios abre inscri\u00e7\u00f5es\"}]},{\"@type\":\"WebSite\",\"@id\":\"https:\\\/\\\/cnr.org.br\\\/novoportal\\\/#website\",\"url\":\"https:\\\/\\\/cnr.org.br\\\/novoportal\\\/\",\"name\":\"CNR\",\"description\":\"Confedera\u00e7\u00e3o Nacional de Not\u00e1rios e Registradores\",\"publisher\":{\"@id\":\"https:\\\/\\\/cnr.org.br\\\/novoportal\\\/#organization\"},\"potentialAction\":[{\"@type\":\"SearchAction\",\"target\":{\"@type\":\"EntryPoint\",\"urlTemplate\":\"https:\\\/\\\/cnr.org.br\\\/novoportal\\\/?s={search_term_string}\"},\"query-input\":{\"@type\":\"PropertyValueSpecification\",\"valueRequired\":true,\"valueName\":\"search_term_string\"}}],\"inLanguage\":\"pt-BR\"},{\"@type\":\"Organization\",\"@id\":\"https:\\\/\\\/cnr.org.br\\\/novoportal\\\/#organization\",\"name\":\"CNR\",\"url\":\"https:\\\/\\\/cnr.org.br\\\/novoportal\\\/\",\"logo\":{\"@type\":\"ImageObject\",\"inLanguage\":\"pt-BR\",\"@id\":\"https:\\\/\\\/cnr.org.br\\\/novoportal\\\/#\\\/schema\\\/logo\\\/image\\\/\",\"url\":\"https:\\\/\\\/cnr.org.br\\\/site\\\/wp-content\\\/uploads\\\/2026\\\/02\\\/Logo_CNR_completa_colorida_2024.png\",\"contentUrl\":\"https:\\\/\\\/cnr.org.br\\\/site\\\/wp-content\\\/uploads\\\/2026\\\/02\\\/Logo_CNR_completa_colorida_2024.png\",\"width\":910,\"height\":450,\"caption\":\"CNR\"},\"image\":{\"@id\":\"https:\\\/\\\/cnr.org.br\\\/novoportal\\\/#\\\/schema\\\/logo\\\/image\\\/\"}},{\"@type\":\"Person\",\"@id\":\"https:\\\/\\\/cnr.org.br\\\/novoportal\\\/#\\\/schema\\\/person\\\/1f46209cd8c9d3d9887a0765b64ca66b\",\"name\":\"Imprensa CNR\",\"sameAs\":[\"https:\\\/\\\/cnr.org.br\\\/site\"],\"url\":\"https:\\\/\\\/cnr.org.br\\\/site\\\/author\\\/imprensa\\\/\"}]}<\/script>\n<!-- \/ Yoast SEO plugin. -->","yoast_head_json":{"title":"4\u00ba Exame Nacional dos Cart\u00f3rios abre inscri\u00e7\u00f5es - CNR","robots":{"index":"index","follow":"follow","max-snippet":"max-snippet:-1","max-image-preview":"max-image-preview:large","max-video-preview":"max-video-preview:-1"},"canonical":"https:\/\/cnr.org.br\/site\/4o-exame-nacional-dos-cartorios-abre-inscricoes\/","og_locale":"pt_BR","og_type":"article","og_title":"4\u00ba Exame Nacional dos Cart\u00f3rios abre inscri\u00e7\u00f5es - CNR","og_description":"Est\u00e3o abertas, a partir desta segunda-feira (31\/8), as inscri\u00e7\u00f5es para o 4\u00ba Exame Nacional dos Cart\u00f3rios (Enac), promovido pelo Conselho Nacional de Justi\u00e7a (CNJ) em parceria com a Funda\u00e7\u00e3o Getulio Vargas (FGV). Os interessados t\u00eam at\u00e9 as 16h de 29 de setembro para se inscrever, por meio do portal da FGV. O Enac \u00e9 requisito [&hellip;]","og_url":"https:\/\/cnr.org.br\/site\/4o-exame-nacional-dos-cartorios-abre-inscricoes\/","og_site_name":"CNR","article_published_time":"2026-09-02T19:34:45+00:00","og_image":[{"width":900,"height":600,"url":"https:\/\/cnr.org.br\/site\/wp-content\/uploads\/2024\/10\/caneta-prova-concurso.jpg","type":"image\/jpeg"}],"author":"Imprensa CNR","twitter_card":"summary_large_image","twitter_misc":{"Escrito por":"Imprensa CNR","Est. tempo de leitura":"3 minutos"},"schema":{"@context":"https:\/\/schema.org","@graph":[{"@type":"Article","@id":"https:\/\/cnr.org.br\/site\/4o-exame-nacional-dos-cartorios-abre-inscricoes\/#article","isPartOf":{"@id":"https:\/\/cnr.org.br\/site\/4o-exame-nacional-dos-cartorios-abre-inscricoes\/"},"author":{"name":"Imprensa CNR","@id":"https:\/\/cnr.org.br\/novoportal\/#\/schema\/person\/1f46209cd8c9d3d9887a0765b64ca66b"},"headline":"4\u00ba Exame Nacional dos Cart\u00f3rios abre inscri\u00e7\u00f5es","datePublished":"2026-09-02T19:34:45+00:00","mainEntityOfPage":{"@id":"https:\/\/cnr.org.br\/site\/4o-exame-nacional-dos-cartorios-abre-inscricoes\/"},"wordCount":415,"publisher":{"@id":"https:\/\/cnr.org.br\/novoportal\/#organization"},"image":{"@id":"https:\/\/cnr.org.br\/site\/4o-exame-nacional-dos-cartorios-abre-inscricoes\/#primaryimage"},"thumbnailUrl":"https:\/\/cnr.org.br\/site\/wp-content\/uploads\/2024\/10\/caneta-prova-concurso.jpg","articleSection":["Destaques","Home","Not\u00edcia","\u00daltimas Not\u00edcias"],"inLanguage":"pt-BR"},{"@type":"WebPage","@id":"https:\/\/cnr.org.br\/site\/4o-exame-nacional-dos-cartorios-abre-inscricoes\/","url":"https:\/\/cnr.org.br\/site\/4o-exame-nacional-dos-cartorios-abre-inscricoes\/","name":"4\u00ba Exame Nacional dos Cart\u00f3rios abre inscri\u00e7\u00f5es - CNR","isPartOf":{"@id":"https:\/\/cnr.org.br\/novoportal\/#website"},"primaryImageOfPage":{"@id":"https:\/\/cnr.org.br\/site\/4o-exame-nacional-dos-cartorios-abre-inscricoes\/#primaryimage"},"image":{"@id":"https:\/\/cnr.org.br\/site\/4o-exame-nacional-dos-cartorios-abre-inscricoes\/#primaryimage"},"thumbnailUrl":"https:\/\/cnr.org.br\/site\/wp-content\/uploads\/2024\/10\/caneta-prova-concurso.jpg","datePublished":"2026-09-02T19:34:45+00:00","breadcrumb":{"@id":"https:\/\/cnr.org.br\/site\/4o-exame-nacional-dos-cartorios-abre-inscricoes\/#breadcrumb"},"inLanguage":"pt-BR","potentialAction":[{"@type":"ReadAction","target":["https:\/\/cnr.org.br\/site\/4o-exame-nacional-dos-cartorios-abre-inscricoes\/"]}]},{"@type":"ImageObject","inLanguage":"pt-BR","@id":"https:\/\/cnr.org.br\/site\/4o-exame-nacional-dos-cartorios-abre-inscricoes\/#primaryimage","url":"https:\/\/cnr.org.br\/site\/wp-content\/uploads\/2024\/10\/caneta-prova-concurso.jpg","contentUrl":"https:\/\/cnr.org.br\/site\/wp-content\/uploads\/2024\/10\/caneta-prova-concurso.jpg","width":900,"height":600},{"@type":"BreadcrumbList","@id":"https:\/\/cnr.org.br\/site\/4o-exame-nacional-dos-cartorios-abre-inscricoes\/#breadcrumb","itemListElement":[{"@type":"ListItem","position":1,"name":"In\u00edcio","item":"https:\/\/cnr.org.br\/site\/"},{"@type":"ListItem","position":2,"name":"4\u00ba Exame Nacional dos Cart\u00f3rios abre inscri\u00e7\u00f5es"}]},{"@type":"WebSite","@id":"https:\/\/cnr.org.br\/novoportal\/#website","url":"https:\/\/cnr.org.br\/novoportal\/","name":"CNR","description":"Confedera\u00e7\u00e3o Nacional de Not\u00e1rios e Registradores","publisher":{"@id":"https:\/\/cnr.org.br\/novoportal\/#organization"},"potentialAction":[{"@type":"SearchAction","target":{"@type":"EntryPoint","urlTemplate":"https:\/\/cnr.org.br\/novoportal\/?s={search_term_string}"},"query-input":{"@type":"PropertyValueSpecification","valueRequired":true,"valueName":"search_term_string"}}],"inLanguage":"pt-BR"},{"@type":"Organization","@id":"https:\/\/cnr.org.br\/novoportal\/#organization","name":"CNR","url":"https:\/\/cnr.org.br\/novoportal\/","logo":{"@type":"ImageObject","inLanguage":"pt-BR","@id":"https:\/\/cnr.org.br\/novoportal\/#\/schema\/logo\/image\/","url":"https:\/\/cnr.org.br\/site\/wp-content\/uploads\/2026\/02\/Logo_CNR_completa_colorida_2024.png","contentUrl":"https:\/\/cnr.org.br\/site\/wp-content\/uploads\/2026\/02\/Logo_CNR_completa_colorida_2024.png","width":910,"height":450,"caption":"CNR"},"image":{"@id":"https:\/\/cnr.org.br\/novoportal\/#\/schema\/logo\/image\/"}},{"@type":"Person","@id":"https:\/\/cnr.org.br\/novoportal\/#\/schema\/person\/1f46209cd8c9d3d9887a0765b64ca66b","name":"Imprensa CNR","sameAs":["https:\/\/cnr.org.br\/site"],"url":"https:\/\/cnr.org.br\/site\/author\/imprensa\/"}]}},"_links":{"self":[{"href":"https:\/\/cnr.org.br\/site\/wp-json\/wp\/v2\/posts\/90828","targetHints":{"allow":["GET"]}}],"collection":[{"href":"https:\/\/cnr.org.br\/site\/wp-json\/wp\/v2\/posts"}],"about":[{"href":"https:\/\/cnr.org.br\/site\/wp-json\/wp\/v2\/types\/post"}],"author":[{"embeddable":true,"href":"https:\/\/cnr.org.br\/site\/wp-json\/wp\/v2\/users\/2"}],"replies":[{"embeddable":true,"href":"https:\/\/cnr.org.br\/site\/wp-json\/wp\/v2\/comments?post=90828"}],"version-history":[{"count":1,"href":"https:\/\/cnr.org.br\/site\/wp-json\/wp\/v2\/posts\/90828\/revisions"}],"predecessor-version":[{"id":90829,"href":"https:\/\/cnr.org.br\/site\/wp-json\/wp\/v2\/posts\/90828\/revisions\/90829"}],"wp:featuredmedia":[{"embeddable":true,"href":"https:\/\/cnr.org.br\/site\/wp-json\/wp\/v2\/media\/87965"}],"wp:attachment":[{"href":"https:\/\/cnr.org.br\/site\/wp-json\/wp\/v2\/media?parent=90828"}],"wp:term":[{"taxonomy":"category","embeddable":true,"href":"https:\/\/cnr.org.br\/site\/wp-json\/wp\/v2\/categories?post=90828"},{"taxonomy":"post_tag","embeddable":true,"href":"https:\/\/cnr.org.br\/site\/wp-json\/wp\/v2\/tags?post=90828"}],"curies":[{"name":"wp","href":"https:\/\/api.w.org\/{rel}","templated":true}]}}