{"id":90833,"date":"2026-09-04T08:53:08","date_gmt":"2026-09-04T11:53:08","guid":{"rendered":"https:\/\/cnr.org.br\/site\/?p=90833"},"modified":"2026-09-04T08:53:08","modified_gmt":"2026-09-04T11:53:08","slug":"sinoreg-mg-realiza-assembleia-e-anuncia-por-aclamacao-nova-diretoria-e-conselho-fiscal","status":"publish","type":"post","link":"https:\/\/cnr.org.br\/site\/sinoreg-mg-realiza-assembleia-e-anuncia-por-aclamacao-nova-diretoria-e-conselho-fiscal\/","title":{"rendered":"SINOREG-MG realiza assembleia e anuncia, por aclama\u00e7\u00e3o, nova diretoria e conselho fiscal"},"content":{"rendered":"<div id=\"dslc-theme-content\"><div id=\"dslc-theme-content-inner\"><div data-breakout=\"normal\">\n<p id=\"viewer-sgv8e1\" class=\"vVP7K aoX-4 eZiO7 gR5w2\" dir=\"auto\" tabindex=\"-1\"><span class=\"AKCE3 eZiO7\">O Sindicato dos Not\u00e1rios e Registradores de Minas Gerais (SINOREG-MG) realizou, nesta segunda-feira (31\/08), assembleia geral para anunciar a elei\u00e7\u00e3o da nova diretoria da entidade. A reuni\u00e3o ocorreu \u00e0s 14h00, em primeira convoca\u00e7\u00e3o, e \u00e0s 14h30, em segunda convoca\u00e7\u00e3o, com a elei\u00e7\u00e3o da nova gest\u00e3o por aclama\u00e7\u00e3o.<\/span><\/p>\n<\/div>\n<div data-breakout=\"normal\">\n<p id=\"viewer-ggabn3\" class=\"vVP7K aoX-4 eZiO7 gR5w2\" dir=\"auto\" tabindex=\"-1\"><span class=\"AKCE3 eZiO7\">Na abertura, a presidente Walqu\u00edria Rabelo destacou a import\u00e2ncia da uni\u00e3o e do fortalecimento institucional da categoria. Entre as propostas apresentadas est\u00e3o a moderniza\u00e7\u00e3o do Sindicato, a amplia\u00e7\u00e3o do di\u00e1logo com os associados e a realiza\u00e7\u00e3o de encontros presenciais em diferentes regi\u00f5es de Minas Gerais.<\/span><\/p>\n<\/div>\n<div data-breakout=\"normal\">\n<p id=\"viewer-2lggq5\" class=\"vVP7K aoX-4 eZiO7 gR5w2\" dir=\"auto\" tabindex=\"-1\"><span class=\"AKCE3 eZiO7\">Tamb\u00e9m foi discutida a atualiza\u00e7\u00e3o do estatuto do SINOREG-MG, com o objetivo de tornar suas regras mais claras, especialmente quanto \u00e0s elei\u00e7\u00f5es e \u00e0 diferencia\u00e7\u00e3o entre associados contribuintes e n\u00e3o contribuintes.<\/span><\/p>\n<\/div>\n<div data-breakout=\"normal\">\n<p id=\"viewer-604v97\" class=\"vVP7K aoX-4 eZiO7 gR5w2\" dir=\"auto\" tabindex=\"-1\"><span class=\"AKCE3 eZiO7\">Outro tema abordado foi a a\u00e7\u00e3o judicial relacionada ao sal\u00e1rio-educa\u00e7\u00e3o. Foi esclarecido que a decis\u00e3o foi favor\u00e1vel, mas ainda est\u00e1 em fase de recurso. Conforme orienta\u00e7\u00e3o jur\u00eddica apresentada durante a assembleia, os pagamentos devem continuar sendo realizados, com possibilidade de compensa\u00e7\u00e3o retroativa.<\/span><\/p>\n<\/div>\n<div data-breakout=\"normal\">\n<p id=\"viewer-k7fdd9\" class=\"vVP7K aoX-4 eZiO7 gR5w2\" dir=\"auto\" tabindex=\"-1\"><span class=\"AKCE3 eZiO7\">A nova gest\u00e3o tamb\u00e9m pretende fortalecer a comunica\u00e7\u00e3o interna, com iniciativas como a cria\u00e7\u00e3o de um grupo de WhatsApp, reuni\u00f5es peri\u00f3dicas da diretoria e maior aproxima\u00e7\u00e3o com os Cart\u00f3rios, al\u00e9m de ampliar a atua\u00e7\u00e3o conjunta com as associa\u00e7\u00f5es representativas da categoria.<\/span><\/p>\n<\/div>\n<div data-breakout=\"normal\">\n<h3 id=\"viewer-kcp2311\" class=\"prAAW g5Toz eZiO7 gR5w2\" dir=\"auto\" tabindex=\"-1\" data-ricos-heading=\"kcp2311\"><span id=\"diretoria-executiva-gesto-20262030-kcp2311\" aria-hidden=\"true\"><\/span><span class=\"YhYpl eZiO7\"><strong>Diretoria Executiva \u2013 Gest\u00e3o 2026\/2030<\/strong><\/span><\/h3>\n<\/div>\n<div data-breakout=\"normal\">\n<ul class=\"_7xxzu K3gHo\">\n<li class=\"l-Q65\" dir=\"auto\" aria-level=\"1\">\n<p id=\"viewer-3tvpd15\" class=\"vVP7K aoX-4 K3gHo gR5w2\" dir=\"\" tabindex=\"-1\"><span class=\"AKCE3\"><strong>Presidente:<\/strong>\u00a0Walqu\u00edria Mara Graciano Machado Rabelo<\/span><\/p>\n<\/li>\n<li class=\"l-Q65\" dir=\"auto\" aria-level=\"1\">\n<p id=\"viewer-1k0k119\" class=\"vVP7K aoX-4 K3gHo gR5w2\" dir=\"\" tabindex=\"-1\"><span class=\"AKCE3\"><strong>Vice-Presidente:<\/strong>\u00a0Giovanna Dall\u2019Agnol<\/span><\/p>\n<\/li>\n<li class=\"l-Q65\" dir=\"auto\" aria-level=\"1\">\n<p id=\"viewer-q1rx723\" class=\"vVP7K aoX-4 K3gHo gR5w2\" dir=\"\" tabindex=\"-1\"><span class=\"AKCE3\"><strong>Diretor Secret\u00e1rio:<\/strong>\u00a0Fernando Pereira do Nascimento<\/span><\/p>\n<\/li>\n<li class=\"l-Q65\" dir=\"auto\" aria-level=\"1\">\n<p id=\"viewer-kpmbl27\" class=\"vVP7K aoX-4 K3gHo gR5w2\" dir=\"\" tabindex=\"-1\"><span class=\"AKCE3\"><strong>Diretor Tesoureiro:<\/strong>\u00a0Dirceu Pinto de Oliveira<\/span><\/p>\n<\/li>\n<li class=\"l-Q65\" dir=\"auto\" aria-level=\"1\">\n<p id=\"viewer-twglv31\" class=\"vVP7K aoX-4 K3gHo gR5w2\" dir=\"\" tabindex=\"-1\"><span class=\"AKCE3\"><strong>Diretor do Servi\u00e7o de Notas:<\/strong>\u00a0Victor de Mello e Moraes<\/span><\/p>\n<\/li>\n<li class=\"l-Q65\" dir=\"auto\" aria-level=\"1\">\n<p id=\"viewer-96ngh35\" class=\"vVP7K aoX-4 K3gHo gR5w2\" dir=\"\" tabindex=\"-1\"><span class=\"AKCE3\"><strong>Diretor do Tabelionato de Protesto e Distribui\u00e7\u00e3o:<\/strong>\u00a0Aurenice da Mota Teixeira<\/span><\/p>\n<\/li>\n<li class=\"l-Q65\" dir=\"auto\" aria-level=\"1\">\n<p id=\"viewer-qb7mv39\" class=\"vVP7K aoX-4 K3gHo gR5w2\" dir=\"\" tabindex=\"-1\"><span class=\"AKCE3\"><strong>Diretor do Registro de Im\u00f3veis:<\/strong>\u00a0Fl\u00e1vio Augusto Silva de Oliveira Costa<\/span><\/p>\n<\/li>\n<li class=\"l-Q65\" dir=\"auto\" aria-level=\"1\">\n<p id=\"viewer-mbugw43\" class=\"vVP7K aoX-4 K3gHo gR5w2\" dir=\"\" tabindex=\"-1\"><span class=\"AKCE3\"><strong>Diretor do Registro de T\u00edtulos e Documentos e Civil PJ:<\/strong>\u00a0Anaximandro Louren\u00e7o Azevedo<\/span><\/p>\n<\/li>\n<li class=\"l-Q65\" dir=\"auto\" aria-level=\"1\">\n<p id=\"viewer-n874j47\" class=\"vVP7K aoX-4 K3gHo gR5w2\" dir=\"\" tabindex=\"-1\"><span class=\"AKCE3\"><strong>Suplentes da Diretoria:<\/strong>\u00a0Olavo de Carvalho Junior; Marco Paulo Guimaraes Amaral; Alberto C\u00e9sar Vieira Soares.<\/span><\/p>\n<\/li>\n<\/ul>\n<\/div>\n<div data-breakout=\"normal\">\n<h3 id=\"viewer-zm4lf50\" class=\"prAAW g5Toz eZiO7 gR5w2\" dir=\"auto\" tabindex=\"-1\" data-ricos-heading=\"zm4lf50\"><span id=\"conselho-fiscal-zm4lf50\" aria-hidden=\"true\"><\/span><span class=\"YhYpl eZiO7\"><strong>Conselho Fiscal<\/strong><\/span><\/h3>\n<\/div>\n<div data-breakout=\"normal\">\n<p id=\"viewer-171kx52\" class=\"vVP7K aoX-4 eZiO7 gR5w2\" dir=\"auto\" tabindex=\"-1\"><span class=\"AKCE3 eZiO7\"><strong>Membros efetivos:<\/strong><\/span><\/p>\n<\/div>\n<div data-breakout=\"normal\">\n<ul class=\"_7xxzu K3gHo\">\n<li class=\"l-Q65\" dir=\"auto\" aria-level=\"1\">\n<p id=\"viewer-e56rk56\" class=\"vVP7K aoX-4 K3gHo gR5w2\" dir=\"\" tabindex=\"-1\"><span class=\"AKCE3\">Roberto Dias de Andrade<\/span><\/p>\n<\/li>\n<li class=\"l-Q65\" dir=\"auto\" aria-level=\"1\">\n<p id=\"viewer-w2aju59\" class=\"vVP7K aoX-4 K3gHo gR5w2\" dir=\"\" tabindex=\"-1\"><span class=\"AKCE3\">Ari \u00c1lvares Pires Neto<\/span><\/p>\n<\/li>\n<li class=\"l-Q65\" dir=\"auto\" aria-level=\"1\">\n<p id=\"viewer-b832962\" class=\"vVP7K aoX-4 K3gHo gR5w2\" dir=\"\" tabindex=\"-1\"><span class=\"AKCE3\">Francisco Jos\u00e9 Rezende dos Santos<\/span><\/p>\n<\/li>\n<\/ul>\n<\/div>\n<div data-breakout=\"normal\">\n<p id=\"viewer-rk74664\" class=\"vVP7K aoX-4 eZiO7 gR5w2\" dir=\"auto\" tabindex=\"-1\"><span class=\"AKCE3 eZiO7\"><strong>Membros suplentes:<\/strong><\/span><\/p>\n<\/div>\n<div data-breakout=\"normal\">\n<ul class=\"_7xxzu K3gHo\">\n<li class=\"l-Q65\" dir=\"auto\" aria-level=\"1\">\n<p id=\"viewer-mstxs68\" class=\"vVP7K aoX-4 K3gHo gR5w2\" dir=\"\" tabindex=\"-1\"><span class=\"AKCE3\">Gilson Soares Lemes J\u00fanior<\/span><\/p>\n<\/li>\n<li class=\"l-Q65\" dir=\"auto\" aria-level=\"1\">\n<p id=\"viewer-9mpou71\" class=\"vVP7K aoX-4 K3gHo gR5w2\" dir=\"\" tabindex=\"-1\"><span class=\"AKCE3\">Glauco Pereira Almeida<\/span><\/p>\n<\/li>\n<li class=\"l-Q65\" dir=\"auto\" aria-level=\"1\">\n<p id=\"viewer-4hzfj74\" class=\"vVP7K aoX-4 K3gHo gR5w2\" dir=\"\" tabindex=\"-1\"><span class=\"AKCE3\">Vivianne Romanhol\u043e Barbosa de Castro Rosado<\/span><\/p>\n<\/li>\n<\/ul>\n<\/div>\n<p>Fonte: Assessoria de Comunica\u00e7\u00e3o do SINOREG-MG<\/p>\n<\/div><\/div>","protected":false},"excerpt":{"rendered":"<p>O Sindicato dos Not\u00e1rios e Registradores de Minas Gerais (SINOREG-MG) realizou, nesta segunda-feira (31\/08), assembleia geral para anunciar a elei\u00e7\u00e3o da nova diretoria da entidade. A reuni\u00e3o ocorreu \u00e0s 14h00, em primeira convoca\u00e7\u00e3o, e \u00e0s 14h30, em segunda convoca\u00e7\u00e3o, com a elei\u00e7\u00e3o da nova gest\u00e3o por aclama\u00e7\u00e3o. Na abertura, a presidente Walqu\u00edria Rabelo destacou a [&hellip;]<\/p>\n","protected":false},"author":2,"featured_media":85879,"comment_status":"closed","ping_status":"closed","sticky":false,"template":"","format":"standard","meta":{"footnotes":"","_links_to":"","_links_to_target":""},"categories":[524,525,55,47],"tags":[],"class_list":["post-90833","post","type-post","status-publish","format-standard","has-post-thumbnail","hentry","category-destaques","category-home","category-noticia","category-ultimas-noticias"],"yoast_head":"<!-- This site is optimized with the Yoast SEO plugin v28.4 - https:\/\/yoast.com\/product\/yoast-seo-wordpress\/ -->\n<title>SINOREG-MG realiza assembleia e anuncia, por aclama\u00e7\u00e3o, nova diretoria e conselho fiscal - CNR<\/title>\n<meta name=\"robots\" content=\"index, follow, max-snippet:-1, max-image-preview:large, max-video-preview:-1\" \/>\n<link rel=\"canonical\" href=\"https:\/\/cnr.org.br\/site\/sinoreg-mg-realiza-assembleia-e-anuncia-por-aclamacao-nova-diretoria-e-conselho-fiscal\/\" \/>\n<meta property=\"og:locale\" content=\"pt_BR\" \/>\n<meta property=\"og:type\" content=\"article\" \/>\n<meta property=\"og:title\" content=\"SINOREG-MG realiza assembleia e anuncia, por aclama\u00e7\u00e3o, nova diretoria e conselho fiscal - CNR\" \/>\n<meta property=\"og:description\" content=\"O Sindicato dos Not\u00e1rios e Registradores de Minas Gerais (SINOREG-MG) realizou, nesta segunda-feira (31\/08), assembleia geral para anunciar a elei\u00e7\u00e3o da nova diretoria da entidade. A reuni\u00e3o ocorreu \u00e0s 14h00, em primeira convoca\u00e7\u00e3o, e \u00e0s 14h30, em segunda convoca\u00e7\u00e3o, com a elei\u00e7\u00e3o da nova gest\u00e3o por aclama\u00e7\u00e3o. Na abertura, a presidente Walqu\u00edria Rabelo destacou a [&hellip;]\" \/>\n<meta property=\"og:url\" content=\"https:\/\/cnr.org.br\/site\/sinoreg-mg-realiza-assembleia-e-anuncia-por-aclamacao-nova-diretoria-e-conselho-fiscal\/\" \/>\n<meta property=\"og:site_name\" content=\"CNR\" \/>\n<meta property=\"article:published_time\" content=\"2026-09-04T11:53:08+00:00\" \/>\n<meta property=\"og:image\" content=\"https:\/\/cnr.org.br\/site\/wp-content\/uploads\/2023\/07\/logo-sinoreg-mg.png\" \/>\n\t<meta property=\"og:image:width\" content=\"291\" \/>\n\t<meta property=\"og:image:height\" content=\"67\" \/>\n\t<meta property=\"og:image:type\" content=\"image\/png\" \/>\n<meta name=\"author\" content=\"Imprensa CNR\" \/>\n<meta name=\"twitter:card\" content=\"summary_large_image\" \/>\n<meta name=\"twitter:label1\" content=\"Escrito por\" \/>\n\t<meta name=\"twitter:data1\" content=\"Imprensa CNR\" \/>\n\t<meta name=\"twitter:label2\" content=\"Est. tempo de leitura\" \/>\n\t<meta name=\"twitter:data2\" content=\"3 minutos\" \/>\n<script type=\"application\/ld+json\" class=\"yoast-schema-graph\">{\"@context\":\"https:\\\/\\\/schema.org\",\"@graph\":[{\"@type\":\"Article\",\"@id\":\"https:\\\/\\\/cnr.org.br\\\/site\\\/sinoreg-mg-realiza-assembleia-e-anuncia-por-aclamacao-nova-diretoria-e-conselho-fiscal\\\/#article\",\"isPartOf\":{\"@id\":\"https:\\\/\\\/cnr.org.br\\\/site\\\/sinoreg-mg-realiza-assembleia-e-anuncia-por-aclamacao-nova-diretoria-e-conselho-fiscal\\\/\"},\"author\":{\"name\":\"Imprensa CNR\",\"@id\":\"https:\\\/\\\/cnr.org.br\\\/novoportal\\\/#\\\/schema\\\/person\\\/1f46209cd8c9d3d9887a0765b64ca66b\"},\"headline\":\"SINOREG-MG realiza assembleia e anuncia, por aclama\u00e7\u00e3o, nova diretoria e conselho fiscal\",\"datePublished\":\"2026-09-04T11:53:08+00:00\",\"mainEntityOfPage\":{\"@id\":\"https:\\\/\\\/cnr.org.br\\\/site\\\/sinoreg-mg-realiza-assembleia-e-anuncia-por-aclamacao-nova-diretoria-e-conselho-fiscal\\\/\"},\"wordCount\":393,\"publisher\":{\"@id\":\"https:\\\/\\\/cnr.org.br\\\/novoportal\\\/#organization\"},\"image\":{\"@id\":\"https:\\\/\\\/cnr.org.br\\\/site\\\/sinoreg-mg-realiza-assembleia-e-anuncia-por-aclamacao-nova-diretoria-e-conselho-fiscal\\\/#primaryimage\"},\"thumbnailUrl\":\"https:\\\/\\\/cnr.org.br\\\/site\\\/wp-content\\\/uploads\\\/2023\\\/07\\\/logo-sinoreg-mg.png\",\"articleSection\":[\"Destaques\",\"Home\",\"Not\u00edcia\",\"\u00daltimas Not\u00edcias\"],\"inLanguage\":\"pt-BR\"},{\"@type\":\"WebPage\",\"@id\":\"https:\\\/\\\/cnr.org.br\\\/site\\\/sinoreg-mg-realiza-assembleia-e-anuncia-por-aclamacao-nova-diretoria-e-conselho-fiscal\\\/\",\"url\":\"https:\\\/\\\/cnr.org.br\\\/site\\\/sinoreg-mg-realiza-assembleia-e-anuncia-por-aclamacao-nova-diretoria-e-conselho-fiscal\\\/\",\"name\":\"SINOREG-MG realiza assembleia e anuncia, por aclama\u00e7\u00e3o, nova diretoria e conselho fiscal - CNR\",\"isPartOf\":{\"@id\":\"https:\\\/\\\/cnr.org.br\\\/novoportal\\\/#website\"},\"primaryImageOfPage\":{\"@id\":\"https:\\\/\\\/cnr.org.br\\\/site\\\/sinoreg-mg-realiza-assembleia-e-anuncia-por-aclamacao-nova-diretoria-e-conselho-fiscal\\\/#primaryimage\"},\"image\":{\"@id\":\"https:\\\/\\\/cnr.org.br\\\/site\\\/sinoreg-mg-realiza-assembleia-e-anuncia-por-aclamacao-nova-diretoria-e-conselho-fiscal\\\/#primaryimage\"},\"thumbnailUrl\":\"https:\\\/\\\/cnr.org.br\\\/site\\\/wp-content\\\/uploads\\\/2023\\\/07\\\/logo-sinoreg-mg.png\",\"datePublished\":\"2026-09-04T11:53:08+00:00\",\"breadcrumb\":{\"@id\":\"https:\\\/\\\/cnr.org.br\\\/site\\\/sinoreg-mg-realiza-assembleia-e-anuncia-por-aclamacao-nova-diretoria-e-conselho-fiscal\\\/#breadcrumb\"},\"inLanguage\":\"pt-BR\",\"potentialAction\":[{\"@type\":\"ReadAction\",\"target\":[\"https:\\\/\\\/cnr.org.br\\\/site\\\/sinoreg-mg-realiza-assembleia-e-anuncia-por-aclamacao-nova-diretoria-e-conselho-fiscal\\\/\"]}]},{\"@type\":\"ImageObject\",\"inLanguage\":\"pt-BR\",\"@id\":\"https:\\\/\\\/cnr.org.br\\\/site\\\/sinoreg-mg-realiza-assembleia-e-anuncia-por-aclamacao-nova-diretoria-e-conselho-fiscal\\\/#primaryimage\",\"url\":\"https:\\\/\\\/cnr.org.br\\\/site\\\/wp-content\\\/uploads\\\/2023\\\/07\\\/logo-sinoreg-mg.png\",\"contentUrl\":\"https:\\\/\\\/cnr.org.br\\\/site\\\/wp-content\\\/uploads\\\/2023\\\/07\\\/logo-sinoreg-mg.png\",\"width\":291,\"height\":67},{\"@type\":\"BreadcrumbList\",\"@id\":\"https:\\\/\\\/cnr.org.br\\\/site\\\/sinoreg-mg-realiza-assembleia-e-anuncia-por-aclamacao-nova-diretoria-e-conselho-fiscal\\\/#breadcrumb\",\"itemListElement\":[{\"@type\":\"ListItem\",\"position\":1,\"name\":\"In\u00edcio\",\"item\":\"https:\\\/\\\/cnr.org.br\\\/site\\\/\"},{\"@type\":\"ListItem\",\"position\":2,\"name\":\"SINOREG-MG realiza assembleia e anuncia, por aclama\u00e7\u00e3o, nova diretoria e conselho fiscal\"}]},{\"@type\":\"WebSite\",\"@id\":\"https:\\\/\\\/cnr.org.br\\\/novoportal\\\/#website\",\"url\":\"https:\\\/\\\/cnr.org.br\\\/novoportal\\\/\",\"name\":\"CNR\",\"description\":\"Confedera\u00e7\u00e3o Nacional de Not\u00e1rios e Registradores\",\"publisher\":{\"@id\":\"https:\\\/\\\/cnr.org.br\\\/novoportal\\\/#organization\"},\"potentialAction\":[{\"@type\":\"SearchAction\",\"target\":{\"@type\":\"EntryPoint\",\"urlTemplate\":\"https:\\\/\\\/cnr.org.br\\\/novoportal\\\/?s={search_term_string}\"},\"query-input\":{\"@type\":\"PropertyValueSpecification\",\"valueRequired\":true,\"valueName\":\"search_term_string\"}}],\"inLanguage\":\"pt-BR\"},{\"@type\":\"Organization\",\"@id\":\"https:\\\/\\\/cnr.org.br\\\/novoportal\\\/#organization\",\"name\":\"CNR\",\"url\":\"https:\\\/\\\/cnr.org.br\\\/novoportal\\\/\",\"logo\":{\"@type\":\"ImageObject\",\"inLanguage\":\"pt-BR\",\"@id\":\"https:\\\/\\\/cnr.org.br\\\/novoportal\\\/#\\\/schema\\\/logo\\\/image\\\/\",\"url\":\"https:\\\/\\\/cnr.org.br\\\/site\\\/wp-content\\\/uploads\\\/2026\\\/02\\\/Logo_CNR_completa_colorida_2024.png\",\"contentUrl\":\"https:\\\/\\\/cnr.org.br\\\/site\\\/wp-content\\\/uploads\\\/2026\\\/02\\\/Logo_CNR_completa_colorida_2024.png\",\"width\":910,\"height\":450,\"caption\":\"CNR\"},\"image\":{\"@id\":\"https:\\\/\\\/cnr.org.br\\\/novoportal\\\/#\\\/schema\\\/logo\\\/image\\\/\"}},{\"@type\":\"Person\",\"@id\":\"https:\\\/\\\/cnr.org.br\\\/novoportal\\\/#\\\/schema\\\/person\\\/1f46209cd8c9d3d9887a0765b64ca66b\",\"name\":\"Imprensa CNR\",\"sameAs\":[\"https:\\\/\\\/cnr.org.br\\\/site\"],\"url\":\"https:\\\/\\\/cnr.org.br\\\/site\\\/author\\\/imprensa\\\/\"}]}<\/script>\n<!-- \/ Yoast SEO plugin. -->","yoast_head_json":{"title":"SINOREG-MG realiza assembleia e anuncia, por aclama\u00e7\u00e3o, nova diretoria e conselho fiscal - CNR","robots":{"index":"index","follow":"follow","max-snippet":"max-snippet:-1","max-image-preview":"max-image-preview:large","max-video-preview":"max-video-preview:-1"},"canonical":"https:\/\/cnr.org.br\/site\/sinoreg-mg-realiza-assembleia-e-anuncia-por-aclamacao-nova-diretoria-e-conselho-fiscal\/","og_locale":"pt_BR","og_type":"article","og_title":"SINOREG-MG realiza assembleia e anuncia, por aclama\u00e7\u00e3o, nova diretoria e conselho fiscal - CNR","og_description":"O Sindicato dos Not\u00e1rios e Registradores de Minas Gerais (SINOREG-MG) realizou, nesta segunda-feira (31\/08), assembleia geral para anunciar a elei\u00e7\u00e3o da nova diretoria da entidade. A reuni\u00e3o ocorreu \u00e0s 14h00, em primeira convoca\u00e7\u00e3o, e \u00e0s 14h30, em segunda convoca\u00e7\u00e3o, com a elei\u00e7\u00e3o da nova gest\u00e3o por aclama\u00e7\u00e3o. Na abertura, a presidente Walqu\u00edria Rabelo destacou a [&hellip;]","og_url":"https:\/\/cnr.org.br\/site\/sinoreg-mg-realiza-assembleia-e-anuncia-por-aclamacao-nova-diretoria-e-conselho-fiscal\/","og_site_name":"CNR","article_published_time":"2026-09-04T11:53:08+00:00","og_image":[{"width":291,"height":67,"url":"https:\/\/cnr.org.br\/site\/wp-content\/uploads\/2023\/07\/logo-sinoreg-mg.png","type":"image\/png"}],"author":"Imprensa CNR","twitter_card":"summary_large_image","twitter_misc":{"Escrito por":"Imprensa CNR","Est. tempo de leitura":"3 minutos"},"schema":{"@context":"https:\/\/schema.org","@graph":[{"@type":"Article","@id":"https:\/\/cnr.org.br\/site\/sinoreg-mg-realiza-assembleia-e-anuncia-por-aclamacao-nova-diretoria-e-conselho-fiscal\/#article","isPartOf":{"@id":"https:\/\/cnr.org.br\/site\/sinoreg-mg-realiza-assembleia-e-anuncia-por-aclamacao-nova-diretoria-e-conselho-fiscal\/"},"author":{"name":"Imprensa CNR","@id":"https:\/\/cnr.org.br\/novoportal\/#\/schema\/person\/1f46209cd8c9d3d9887a0765b64ca66b"},"headline":"SINOREG-MG realiza assembleia e anuncia, por aclama\u00e7\u00e3o, nova diretoria e conselho fiscal","datePublished":"2026-09-04T11:53:08+00:00","mainEntityOfPage":{"@id":"https:\/\/cnr.org.br\/site\/sinoreg-mg-realiza-assembleia-e-anuncia-por-aclamacao-nova-diretoria-e-conselho-fiscal\/"},"wordCount":393,"publisher":{"@id":"https:\/\/cnr.org.br\/novoportal\/#organization"},"image":{"@id":"https:\/\/cnr.org.br\/site\/sinoreg-mg-realiza-assembleia-e-anuncia-por-aclamacao-nova-diretoria-e-conselho-fiscal\/#primaryimage"},"thumbnailUrl":"https:\/\/cnr.org.br\/site\/wp-content\/uploads\/2023\/07\/logo-sinoreg-mg.png","articleSection":["Destaques","Home","Not\u00edcia","\u00daltimas Not\u00edcias"],"inLanguage":"pt-BR"},{"@type":"WebPage","@id":"https:\/\/cnr.org.br\/site\/sinoreg-mg-realiza-assembleia-e-anuncia-por-aclamacao-nova-diretoria-e-conselho-fiscal\/","url":"https:\/\/cnr.org.br\/site\/sinoreg-mg-realiza-assembleia-e-anuncia-por-aclamacao-nova-diretoria-e-conselho-fiscal\/","name":"SINOREG-MG realiza assembleia e anuncia, por aclama\u00e7\u00e3o, nova diretoria e conselho fiscal - CNR","isPartOf":{"@id":"https:\/\/cnr.org.br\/novoportal\/#website"},"primaryImageOfPage":{"@id":"https:\/\/cnr.org.br\/site\/sinoreg-mg-realiza-assembleia-e-anuncia-por-aclamacao-nova-diretoria-e-conselho-fiscal\/#primaryimage"},"image":{"@id":"https:\/\/cnr.org.br\/site\/sinoreg-mg-realiza-assembleia-e-anuncia-por-aclamacao-nova-diretoria-e-conselho-fiscal\/#primaryimage"},"thumbnailUrl":"https:\/\/cnr.org.br\/site\/wp-content\/uploads\/2023\/07\/logo-sinoreg-mg.png","datePublished":"2026-09-04T11:53:08+00:00","breadcrumb":{"@id":"https:\/\/cnr.org.br\/site\/sinoreg-mg-realiza-assembleia-e-anuncia-por-aclamacao-nova-diretoria-e-conselho-fiscal\/#breadcrumb"},"inLanguage":"pt-BR","potentialAction":[{"@type":"ReadAction","target":["https:\/\/cnr.org.br\/site\/sinoreg-mg-realiza-assembleia-e-anuncia-por-aclamacao-nova-diretoria-e-conselho-fiscal\/"]}]},{"@type":"ImageObject","inLanguage":"pt-BR","@id":"https:\/\/cnr.org.br\/site\/sinoreg-mg-realiza-assembleia-e-anuncia-por-aclamacao-nova-diretoria-e-conselho-fiscal\/#primaryimage","url":"https:\/\/cnr.org.br\/site\/wp-content\/uploads\/2023\/07\/logo-sinoreg-mg.png","contentUrl":"https:\/\/cnr.org.br\/site\/wp-content\/uploads\/2023\/07\/logo-sinoreg-mg.png","width":291,"height":67},{"@type":"BreadcrumbList","@id":"https:\/\/cnr.org.br\/site\/sinoreg-mg-realiza-assembleia-e-anuncia-por-aclamacao-nova-diretoria-e-conselho-fiscal\/#breadcrumb","itemListElement":[{"@type":"ListItem","position":1,"name":"In\u00edcio","item":"https:\/\/cnr.org.br\/site\/"},{"@type":"ListItem","position":2,"name":"SINOREG-MG realiza assembleia e anuncia, por aclama\u00e7\u00e3o, nova diretoria e conselho fiscal"}]},{"@type":"WebSite","@id":"https:\/\/cnr.org.br\/novoportal\/#website","url":"https:\/\/cnr.org.br\/novoportal\/","name":"CNR","description":"Confedera\u00e7\u00e3o Nacional de Not\u00e1rios e Registradores","publisher":{"@id":"https:\/\/cnr.org.br\/novoportal\/#organization"},"potentialAction":[{"@type":"SearchAction","target":{"@type":"EntryPoint","urlTemplate":"https:\/\/cnr.org.br\/novoportal\/?s={search_term_string}"},"query-input":{"@type":"PropertyValueSpecification","valueRequired":true,"valueName":"search_term_string"}}],"inLanguage":"pt-BR"},{"@type":"Organization","@id":"https:\/\/cnr.org.br\/novoportal\/#organization","name":"CNR","url":"https:\/\/cnr.org.br\/novoportal\/","logo":{"@type":"ImageObject","inLanguage":"pt-BR","@id":"https:\/\/cnr.org.br\/novoportal\/#\/schema\/logo\/image\/","url":"https:\/\/cnr.org.br\/site\/wp-content\/uploads\/2026\/02\/Logo_CNR_completa_colorida_2024.png","contentUrl":"https:\/\/cnr.org.br\/site\/wp-content\/uploads\/2026\/02\/Logo_CNR_completa_colorida_2024.png","width":910,"height":450,"caption":"CNR"},"image":{"@id":"https:\/\/cnr.org.br\/novoportal\/#\/schema\/logo\/image\/"}},{"@type":"Person","@id":"https:\/\/cnr.org.br\/novoportal\/#\/schema\/person\/1f46209cd8c9d3d9887a0765b64ca66b","name":"Imprensa CNR","sameAs":["https:\/\/cnr.org.br\/site"],"url":"https:\/\/cnr.org.br\/site\/author\/imprensa\/"}]}},"_links":{"self":[{"href":"https:\/\/cnr.org.br\/site\/wp-json\/wp\/v2\/posts\/90833","targetHints":{"allow":["GET"]}}],"collection":[{"href":"https:\/\/cnr.org.br\/site\/wp-json\/wp\/v2\/posts"}],"about":[{"href":"https:\/\/cnr.org.br\/site\/wp-json\/wp\/v2\/types\/post"}],"author":[{"embeddable":true,"href":"https:\/\/cnr.org.br\/site\/wp-json\/wp\/v2\/users\/2"}],"replies":[{"embeddable":true,"href":"https:\/\/cnr.org.br\/site\/wp-json\/wp\/v2\/comments?post=90833"}],"version-history":[{"count":1,"href":"https:\/\/cnr.org.br\/site\/wp-json\/wp\/v2\/posts\/90833\/revisions"}],"predecessor-version":[{"id":90836,"href":"https:\/\/cnr.org.br\/site\/wp-json\/wp\/v2\/posts\/90833\/revisions\/90836"}],"wp:featuredmedia":[{"embeddable":true,"href":"https:\/\/cnr.org.br\/site\/wp-json\/wp\/v2\/media\/85879"}],"wp:attachment":[{"href":"https:\/\/cnr.org.br\/site\/wp-json\/wp\/v2\/media?parent=90833"}],"wp:term":[{"taxonomy":"category","embeddable":true,"href":"https:\/\/cnr.org.br\/site\/wp-json\/wp\/v2\/categories?post=90833"},{"taxonomy":"post_tag","embeddable":true,"href":"https:\/\/cnr.org.br\/site\/wp-json\/wp\/v2\/tags?post=90833"}],"curies":[{"name":"wp","href":"https:\/\/api.w.org\/{rel}","templated":true}]}}