{"id":90851,"date":"2026-09-04T15:13:19","date_gmt":"2026-09-04T18:13:19","guid":{"rendered":"https:\/\/cnr.org.br\/site\/?p=90851"},"modified":"2026-09-04T15:13:19","modified_gmt":"2026-09-04T18:13:19","slug":"sindicatos-estaduais-fortalecem-atuacao-de-notarios-e-registradores-no-ambito-social-politico-e-juridico","status":"publish","type":"post","link":"https:\/\/cnr.org.br\/site\/sindicatos-estaduais-fortalecem-atuacao-de-notarios-e-registradores-no-ambito-social-politico-e-juridico\/","title":{"rendered":"Sindicatos estaduais fortalecem atua\u00e7\u00e3o de Not\u00e1rios e Registradores no \u00e2mbito social, pol\u00edtico e jur\u00eddico"},"content":{"rendered":"<div id=\"dslc-theme-content\"><div id=\"dslc-theme-content-inner\"><p><i><span style=\"font-weight: 400;\">Conhe\u00e7a as iniciativas que posicionaram os cinco sindicatos mais bem avaliados na 5\u00aa edi\u00e7\u00e3o do Pr\u00eamio Sindicato Destaque<\/span><\/i><\/p>\n<p><span style=\"font-weight: 400;\">Em um pa\u00eds de dimens\u00f5es continentais como o Brasil, onde realidades locais moldam desafios distintos, a for\u00e7a de uma categoria est\u00e1 diretamente ligada \u00e0 sua capacidade de organiza\u00e7\u00e3o. No caso dos Not\u00e1rios e Registradores, essa engrenagem passa, de forma decisiva, pela atua\u00e7\u00e3o dos sindicatos estaduais.<\/span><\/p>\n<p><span style=\"font-weight: 400;\">Mais do que estruturas administrativas, essas entidades s\u00e3o espa\u00e7os vivos de escuta, articula\u00e7\u00e3o e constru\u00e7\u00e3o coletiva, sejam de empregadores ou de trabalhadores. S\u00e3o respons\u00e1veis por traduzir demandas regionais em estrat\u00e9gias concretas, promover boas pr\u00e1ticas, assegurar o cumprimento da legisla\u00e7\u00e3o e fortalecer, de forma cont\u00ednua, as condi\u00e7\u00f5es de trabalho da categoria, sempre orientadas por princ\u00edpios \u00e9ticos e compromisso institucional.<\/span><\/p>\n<p><span style=\"font-weight: 400;\">Distribu\u00eddos por todo o territ\u00f3rio nacional, Not\u00e1rios e Registradores vivenciam, diariamente, as diferentes realidades sociais do pa\u00eds. Esse cen\u00e1rio exige uma atua\u00e7\u00e3o sindical sens\u00edvel \u00e0s especificidades locais, sem perder de vista as pautas estruturais que unem o segmento. \u00c9 nesse ponto que a integra\u00e7\u00e3o com a Confedera\u00e7\u00e3o Nacional de Not\u00e1rios e Registradores (CNR) se torna essencial, garantindo alinhamento estrat\u00e9gico e fortalecimento institucional em todas as esferas.<\/span><\/p>\n<p><span style=\"font-weight: 400;\">Na vis\u00e3o do presidente da CNR e da ANOREG\/BR, Rog\u00e9rio Portugal Bacellar, \u00e9 necess\u00e1rio um segmento unido e, para isso, contar com organiza\u00e7\u00f5es bem estruturadas s\u00e3o essenciais na conquista dos direitos seja no \u00e2mbito nacional, estadual ou municipal. \u201cA atua\u00e7\u00e3o dos sindicatos se faz obrigat\u00f3ria para entender as demandas e dores da classe em determinada regi\u00e3o, ao mesmo tempo, precisamos manter uma comunica\u00e7\u00e3o ampla entre os sindicatos estaduais, federa\u00e7\u00f5es e a Confedera\u00e7\u00e3o. Por isso, sempre destacamos que a CNR est\u00e1 de portas abertas para entender cada realidade sindical e auxiliar na conquista de seus objetivos\u201d, afirma.<\/span><\/p>\n<p><span style=\"font-weight: 400;\">Com o prop\u00f3sito de valorizar iniciativas que geram impacto real, a CNR instituiu o Pr\u00eamio Sindicato Destaque, entregue durante a Confer\u00eancia Nacional dos Cart\u00f3rios (CONCART) e o Congresso da ANOREG\/BR. A premia\u00e7\u00e3o se consolidou como um importante instrumento de reconhecimento e est\u00edmulo \u00e0 excel\u00eancia sindical, evidenciando boas pr\u00e1ticas que elevam o padr\u00e3o de atua\u00e7\u00e3o dos Sindicatos em todo o pa\u00eds. Al\u00e9m disso, tamb\u00e9m existe a premia\u00e7\u00e3o para corregedores que atuam de maneira favor\u00e1vel para o desenvolvimento do segmento.\u00a0<\/span><\/p>\n<p><span style=\"font-weight: 400;\">\u201cTamb\u00e9m premiamos aqueles que colaboram com nossa atua\u00e7\u00e3o e trabalham em fun\u00e7\u00e3o da classe, podendo ser corregedores, presidentes dos\u00a0 tribunais de justi\u00e7a, pol\u00edticos, membros do Executivo, ministro do Estado, secret\u00e1rio de Estado. \u00c9 um reconhecimento para todos\u00a0 que tragam algum benef\u00edcio para classe. Ent\u00e3o, \u00e9 da preocupa\u00e7\u00e3o da CNR homenagear cada uma dessas pessoas\u201d, acrescenta.<\/span><\/p>\n<p><span style=\"font-weight: 400;\">De acordo com os organizadores das \u00faltimas edi\u00e7\u00f5es do pr\u00eamio, cada vez \u00e9 maior a ades\u00e3o das entidades representativas interessadas em participar da cerim\u00f4nia, o que valida a ades\u00e3o do segmento sindical na melhora da presta\u00e7\u00e3o de servi\u00e7os dentro do Sistema Sindical de Not\u00e1rios e Registradores brasileiros. Conhe\u00e7a as iniciativas que fizeram os melhores sindicatos reconhecidos durante a quinta edi\u00e7\u00e3o:<\/span><\/p>\n<p><b>SINOREDI-CE - BOX<\/b><\/p>\n<p><span style=\"font-weight: 400;\">O Sindicato dos Not\u00e1rios, Registradores e Distribuidores do Estado do Cear\u00e1 (SINOREDI-CE) conquistou pela quarta vez o 1\u00ba lugar do pr\u00eamio Sindicato Destaque. A organiza\u00e7\u00e3o se destacou pela atua\u00e7\u00e3o em \u00e1reas como negocia\u00e7\u00e3o coletiva, defesa estrat\u00e9gica e relacionamento com os filiados por a\u00e7\u00f5es, como:<\/span><\/p>\n<ul>\n<li style=\"font-weight: 400;\" aria-level=\"1\"><span style=\"font-weight: 400;\">Reconhecimento por sua atua\u00e7\u00e3o no Programa \"Universaliza\u00e7\u00e3o da regulariza\u00e7\u00e3o fundi\u00e1ria rural\", em parceria com o IDACE e a ANOREG\/CE, que permitiu o avan\u00e7o na conquista de direitos por cidad\u00e3os cearenses;<\/span><\/li>\n<li style=\"font-weight: 400;\" aria-level=\"1\"><span style=\"font-weight: 400;\">Implementa\u00e7\u00e3o do Seguro de Vida para funcion\u00e1rios dos cart\u00f3rios, em valor abaixo do mercado, atendendo a uma reivindica\u00e7\u00e3o do sindicato laboral;<\/span><\/li>\n<li style=\"font-weight: 400;\" aria-level=\"1\"><span style=\"font-weight: 400;\">O suporte jur\u00eddico realizou mais de 833 atendimentos entre setembro de 2024 e setembro de 2025, abrangendo aconselhamentos, orienta\u00e7\u00f5es e defesa em processos administrativos disciplinares (PADs).<\/span><\/li>\n<\/ul>\n<p><b>SINOREG-SP - BOX<\/b><\/p>\n<p><span style=\"font-weight: 400;\">O Sindicato dos Not\u00e1rios e Registradores do Estado de S\u00e3o Paulo (SINOREG-SP) conquistou o segundo lugar na premia\u00e7\u00e3o. A atual gest\u00e3o ficou marcada por vit\u00f3rias judiciais expressivas, inova\u00e7\u00e3o na comunica\u00e7\u00e3o e rigorosa transpar\u00eancia administrativa, como:<\/span><\/p>\n<ul>\n<li style=\"font-weight: 400;\" aria-level=\"1\"><span style=\"font-weight: 400;\">Obten\u00e7\u00e3o de uma liminar que suspende cobran\u00e7as previdenci\u00e1rias retroativas da Receita Federal que impactavam escreventes e auxiliares estatut\u00e1rios, garantindo seguran\u00e7a jur\u00eddica e impedindo a negativa de certid\u00f5es fiscais aos Not\u00e1rios e Registradores;<\/span><\/li>\n<li style=\"font-weight: 400;\" aria-level=\"1\"><span style=\"font-weight: 400;\">Defendeu a sustentabilidade econ\u00f4mica das serventias, incluindo reajustes \u00e0 varia\u00e7\u00e3o da UFESP;<\/span><\/li>\n<li style=\"font-weight: 400;\" aria-level=\"1\"><span style=\"font-weight: 400;\">Investimento na qualifica\u00e7\u00e3o cont\u00ednua, apoiando cursos de excel\u00eancia em atendimento e gest\u00e3o de pessoas (GPTW).<\/span><\/li>\n<\/ul>\n<p><b>SINOREG-ES - BOX<\/b><\/p>\n<p><span style=\"font-weight: 400;\">O Sindicato dos Not\u00e1rios e Registradores do Estado do Esp\u00edrito Santo (SINOREG-ES) conquistou o terceiro lugar na premia\u00e7\u00e3o com uma gest\u00e3o voltada \u00e0 moderniza\u00e7\u00e3o da comunica\u00e7\u00e3o, a forte atua\u00e7\u00e3o jur\u00eddica e um amplo programa de responsabilidade social que aproximou os cart\u00f3rios capixabas da popula\u00e7\u00e3o, tais como:<\/span><\/p>\n<ul>\n<li style=\"font-weight: 400;\" aria-level=\"1\"><span style=\"font-weight: 400;\">Amplia\u00e7\u00e3o da presen\u00e7a digital, registrando crescimento expressivo nas redes sociais e lan\u00e7ando o novo site institucional. S\u00e9ries educativas como \"Mito ou Verdade?\" e \"Quem Faz o Extra!\" ajudaram a desmistificar a atividade cartor\u00e1ria para o p\u00fablico geral;<\/span><\/li>\n<li style=\"font-weight: 400;\" aria-level=\"1\"><span style=\"font-weight: 400;\">Atuou em defesa da classe, obtendo vit\u00f3rias importantes, como a readequa\u00e7\u00e3o do projeto de reestrutura\u00e7\u00e3o dos registros de im\u00f3veis em Vit\u00f3ria e Linhares, evitando fragmenta\u00e7\u00f5es excessivas que prejudicam o servi\u00e7o.<\/span><\/li>\n<li style=\"font-weight: 400;\" aria-level=\"1\"><span style=\"font-weight: 400;\">Presen\u00e7a em a\u00e7\u00f5es de mutir\u00e3o que realizaram mais de 1.000 atendimentos voltados \u00e0 popula\u00e7\u00e3o vulner\u00e1vel, garantindo certid\u00f5es de nascimento e casamento.<\/span><\/li>\n<\/ul>\n<p><b>SINOREG-MT<\/b><\/p>\n<p><span style=\"font-weight: 400;\">O Sindicato dos Not\u00e1rios e Registradores do Estado do Mato Grosso (SINOREG-MT) chegou ao quinto lugar na premia\u00e7\u00e3o nacional. A gest\u00e3o ficou marcada pela dedica\u00e7\u00e3o, prop\u00f3sito e um modo de fazer sindicalismo que influencia todo o pa\u00eds, tais como:<\/span><\/p>\n<ul>\n<li style=\"font-weight: 400;\" aria-level=\"1\"><span style=\"font-weight: 400;\">Lideran\u00e7a na organiza\u00e7\u00e3o da \"Campanha de P\u00e1scoa Solid\u00e1ria\". A mobiliza\u00e7\u00e3o resultou na arrecada\u00e7\u00e3o e entrega de 1.198 latas de leite em p\u00f3 ao Hospital de C\u00e2ncer de Mato Grosso, beneficiando pacientes oncol\u00f3gicos, especialmente crian\u00e7as e idosos;<\/span><\/li>\n<li style=\"font-weight: 400;\" aria-level=\"1\"><span style=\"font-weight: 400;\">Implanta\u00e7\u00e3o de planejamento estrat\u00e9gico e integra\u00e7\u00e3o ao Sistema GIF, o que fez com o que o Sindicato otimize sua gest\u00e3o, resultando em sa\u00fade financeira, com um incremento na arrecada\u00e7\u00e3o e na atra\u00e7\u00e3o de 22 novos sindicalizados;<\/span><\/li>\n<li style=\"font-weight: 400;\" aria-level=\"1\"><span style=\"font-weight: 400;\">Interlocu\u00e7\u00e3o permanente com a Corregedoria-Geral da Justi\u00e7a (CGJ-MT), atuando em temas sens\u00edveis como a regulariza\u00e7\u00e3o fundi\u00e1ria em \u00e1reas de fronteira.<\/span><\/li>\n<\/ul>\n<p>Fonte: Assessoria de comunica\u00e7\u00e3o da CNR<\/p>\n<\/div><\/div>","protected":false},"excerpt":{"rendered":"<p>Conhe\u00e7a as iniciativas que posicionaram os cinco sindicatos mais bem avaliados na 5\u00aa edi\u00e7\u00e3o do Pr\u00eamio Sindicato Destaque Em um pa\u00eds de dimens\u00f5es continentais como o Brasil, onde realidades locais moldam desafios distintos, a for\u00e7a de uma categoria est\u00e1 diretamente ligada \u00e0 sua capacidade de organiza\u00e7\u00e3o. No caso dos Not\u00e1rios e Registradores, essa engrenagem passa, [&hellip;]<\/p>\n","protected":false},"author":2,"featured_media":90852,"comment_status":"closed","ping_status":"closed","sticky":false,"template":"","format":"standard","meta":{"footnotes":"","_links_to":"","_links_to_target":""},"categories":[55,47],"tags":[],"class_list":["post-90851","post","type-post","status-publish","format-standard","has-post-thumbnail","hentry","category-noticia","category-ultimas-noticias"],"yoast_head":"<!-- This site is optimized with the Yoast SEO plugin v28.4 - https:\/\/yoast.com\/product\/yoast-seo-wordpress\/ -->\n<title>Sindicatos estaduais fortalecem atua\u00e7\u00e3o de Not\u00e1rios e Registradores no \u00e2mbito social, pol\u00edtico e jur\u00eddico - CNR<\/title>\n<meta name=\"robots\" content=\"index, follow, max-snippet:-1, max-image-preview:large, max-video-preview:-1\" \/>\n<link rel=\"canonical\" href=\"https:\/\/cnr.org.br\/site\/sindicatos-estaduais-fortalecem-atuacao-de-notarios-e-registradores-no-ambito-social-politico-e-juridico\/\" \/>\n<meta property=\"og:locale\" content=\"pt_BR\" \/>\n<meta property=\"og:type\" content=\"article\" \/>\n<meta property=\"og:title\" content=\"Sindicatos estaduais fortalecem atua\u00e7\u00e3o de Not\u00e1rios e Registradores no \u00e2mbito social, pol\u00edtico e jur\u00eddico - CNR\" \/>\n<meta property=\"og:description\" content=\"Conhe\u00e7a as iniciativas que posicionaram os cinco sindicatos mais bem avaliados na 5\u00aa edi\u00e7\u00e3o do Pr\u00eamio Sindicato Destaque Em um pa\u00eds de dimens\u00f5es continentais como o Brasil, onde realidades locais moldam desafios distintos, a for\u00e7a de uma categoria est\u00e1 diretamente ligada \u00e0 sua capacidade de organiza\u00e7\u00e3o. No caso dos Not\u00e1rios e Registradores, essa engrenagem passa, [&hellip;]\" \/>\n<meta property=\"og:url\" content=\"https:\/\/cnr.org.br\/site\/sindicatos-estaduais-fortalecem-atuacao-de-notarios-e-registradores-no-ambito-social-politico-e-juridico\/\" \/>\n<meta property=\"og:site_name\" content=\"CNR\" \/>\n<meta property=\"article:published_time\" content=\"2026-09-04T18:13:19+00:00\" \/>\n<meta property=\"og:image\" content=\"https:\/\/cnr.org.br\/site\/wp-content\/uploads\/2026\/09\/Sindicatos-estaduais-fortalecem-atuacao-de-Notarios-e-Registradores-no-ambito-social-politico-e-juridico.png\" \/>\n\t<meta property=\"og:image:width\" content=\"1270\" \/>\n\t<meta property=\"og:image:height\" content=\"720\" \/>\n\t<meta property=\"og:image:type\" content=\"image\/png\" \/>\n<meta name=\"author\" content=\"Imprensa CNR\" \/>\n<meta name=\"twitter:card\" content=\"summary_large_image\" \/>\n<meta name=\"twitter:label1\" content=\"Escrito por\" \/>\n\t<meta name=\"twitter:data1\" content=\"Imprensa CNR\" \/>\n\t<meta name=\"twitter:label2\" content=\"Est. tempo de leitura\" \/>\n\t<meta name=\"twitter:data2\" content=\"6 minutos\" \/>\n<script type=\"application\/ld+json\" class=\"yoast-schema-graph\">{\"@context\":\"https:\\\/\\\/schema.org\",\"@graph\":[{\"@type\":\"Article\",\"@id\":\"https:\\\/\\\/cnr.org.br\\\/site\\\/sindicatos-estaduais-fortalecem-atuacao-de-notarios-e-registradores-no-ambito-social-politico-e-juridico\\\/#article\",\"isPartOf\":{\"@id\":\"https:\\\/\\\/cnr.org.br\\\/site\\\/sindicatos-estaduais-fortalecem-atuacao-de-notarios-e-registradores-no-ambito-social-politico-e-juridico\\\/\"},\"author\":{\"name\":\"Imprensa CNR\",\"@id\":\"https:\\\/\\\/cnr.org.br\\\/novoportal\\\/#\\\/schema\\\/person\\\/1f46209cd8c9d3d9887a0765b64ca66b\"},\"headline\":\"Sindicatos estaduais fortalecem atua\u00e7\u00e3o de Not\u00e1rios e Registradores no \u00e2mbito social, pol\u00edtico e jur\u00eddico\",\"datePublished\":\"2026-09-04T18:13:19+00:00\",\"mainEntityOfPage\":{\"@id\":\"https:\\\/\\\/cnr.org.br\\\/site\\\/sindicatos-estaduais-fortalecem-atuacao-de-notarios-e-registradores-no-ambito-social-politico-e-juridico\\\/\"},\"wordCount\":1150,\"publisher\":{\"@id\":\"https:\\\/\\\/cnr.org.br\\\/novoportal\\\/#organization\"},\"image\":{\"@id\":\"https:\\\/\\\/cnr.org.br\\\/site\\\/sindicatos-estaduais-fortalecem-atuacao-de-notarios-e-registradores-no-ambito-social-politico-e-juridico\\\/#primaryimage\"},\"thumbnailUrl\":\"https:\\\/\\\/cnr.org.br\\\/site\\\/wp-content\\\/uploads\\\/2026\\\/09\\\/Sindicatos-estaduais-fortalecem-atuacao-de-Notarios-e-Registradores-no-ambito-social-politico-e-juridico.png\",\"articleSection\":[\"Not\u00edcia\",\"\u00daltimas Not\u00edcias\"],\"inLanguage\":\"pt-BR\"},{\"@type\":\"WebPage\",\"@id\":\"https:\\\/\\\/cnr.org.br\\\/site\\\/sindicatos-estaduais-fortalecem-atuacao-de-notarios-e-registradores-no-ambito-social-politico-e-juridico\\\/\",\"url\":\"https:\\\/\\\/cnr.org.br\\\/site\\\/sindicatos-estaduais-fortalecem-atuacao-de-notarios-e-registradores-no-ambito-social-politico-e-juridico\\\/\",\"name\":\"Sindicatos estaduais fortalecem atua\u00e7\u00e3o de Not\u00e1rios e Registradores no \u00e2mbito social, pol\u00edtico e jur\u00eddico - CNR\",\"isPartOf\":{\"@id\":\"https:\\\/\\\/cnr.org.br\\\/novoportal\\\/#website\"},\"primaryImageOfPage\":{\"@id\":\"https:\\\/\\\/cnr.org.br\\\/site\\\/sindicatos-estaduais-fortalecem-atuacao-de-notarios-e-registradores-no-ambito-social-politico-e-juridico\\\/#primaryimage\"},\"image\":{\"@id\":\"https:\\\/\\\/cnr.org.br\\\/site\\\/sindicatos-estaduais-fortalecem-atuacao-de-notarios-e-registradores-no-ambito-social-politico-e-juridico\\\/#primaryimage\"},\"thumbnailUrl\":\"https:\\\/\\\/cnr.org.br\\\/site\\\/wp-content\\\/uploads\\\/2026\\\/09\\\/Sindicatos-estaduais-fortalecem-atuacao-de-Notarios-e-Registradores-no-ambito-social-politico-e-juridico.png\",\"datePublished\":\"2026-09-04T18:13:19+00:00\",\"breadcrumb\":{\"@id\":\"https:\\\/\\\/cnr.org.br\\\/site\\\/sindicatos-estaduais-fortalecem-atuacao-de-notarios-e-registradores-no-ambito-social-politico-e-juridico\\\/#breadcrumb\"},\"inLanguage\":\"pt-BR\",\"potentialAction\":[{\"@type\":\"ReadAction\",\"target\":[\"https:\\\/\\\/cnr.org.br\\\/site\\\/sindicatos-estaduais-fortalecem-atuacao-de-notarios-e-registradores-no-ambito-social-politico-e-juridico\\\/\"]}]},{\"@type\":\"ImageObject\",\"inLanguage\":\"pt-BR\",\"@id\":\"https:\\\/\\\/cnr.org.br\\\/site\\\/sindicatos-estaduais-fortalecem-atuacao-de-notarios-e-registradores-no-ambito-social-politico-e-juridico\\\/#primaryimage\",\"url\":\"https:\\\/\\\/cnr.org.br\\\/site\\\/wp-content\\\/uploads\\\/2026\\\/09\\\/Sindicatos-estaduais-fortalecem-atuacao-de-Notarios-e-Registradores-no-ambito-social-politico-e-juridico.png\",\"contentUrl\":\"https:\\\/\\\/cnr.org.br\\\/site\\\/wp-content\\\/uploads\\\/2026\\\/09\\\/Sindicatos-estaduais-fortalecem-atuacao-de-Notarios-e-Registradores-no-ambito-social-politico-e-juridico.png\",\"width\":1270,\"height\":720},{\"@type\":\"BreadcrumbList\",\"@id\":\"https:\\\/\\\/cnr.org.br\\\/site\\\/sindicatos-estaduais-fortalecem-atuacao-de-notarios-e-registradores-no-ambito-social-politico-e-juridico\\\/#breadcrumb\",\"itemListElement\":[{\"@type\":\"ListItem\",\"position\":1,\"name\":\"In\u00edcio\",\"item\":\"https:\\\/\\\/cnr.org.br\\\/site\\\/\"},{\"@type\":\"ListItem\",\"position\":2,\"name\":\"Sindicatos estaduais fortalecem atua\u00e7\u00e3o de Not\u00e1rios e Registradores no \u00e2mbito social, pol\u00edtico e jur\u00eddico\"}]},{\"@type\":\"WebSite\",\"@id\":\"https:\\\/\\\/cnr.org.br\\\/novoportal\\\/#website\",\"url\":\"https:\\\/\\\/cnr.org.br\\\/novoportal\\\/\",\"name\":\"CNR\",\"description\":\"Confedera\u00e7\u00e3o Nacional de Not\u00e1rios e Registradores\",\"publisher\":{\"@id\":\"https:\\\/\\\/cnr.org.br\\\/novoportal\\\/#organization\"},\"potentialAction\":[{\"@type\":\"SearchAction\",\"target\":{\"@type\":\"EntryPoint\",\"urlTemplate\":\"https:\\\/\\\/cnr.org.br\\\/novoportal\\\/?s={search_term_string}\"},\"query-input\":{\"@type\":\"PropertyValueSpecification\",\"valueRequired\":true,\"valueName\":\"search_term_string\"}}],\"inLanguage\":\"pt-BR\"},{\"@type\":\"Organization\",\"@id\":\"https:\\\/\\\/cnr.org.br\\\/novoportal\\\/#organization\",\"name\":\"CNR\",\"url\":\"https:\\\/\\\/cnr.org.br\\\/novoportal\\\/\",\"logo\":{\"@type\":\"ImageObject\",\"inLanguage\":\"pt-BR\",\"@id\":\"https:\\\/\\\/cnr.org.br\\\/novoportal\\\/#\\\/schema\\\/logo\\\/image\\\/\",\"url\":\"https:\\\/\\\/cnr.org.br\\\/site\\\/wp-content\\\/uploads\\\/2026\\\/02\\\/Logo_CNR_completa_colorida_2024.png\",\"contentUrl\":\"https:\\\/\\\/cnr.org.br\\\/site\\\/wp-content\\\/uploads\\\/2026\\\/02\\\/Logo_CNR_completa_colorida_2024.png\",\"width\":910,\"height\":450,\"caption\":\"CNR\"},\"image\":{\"@id\":\"https:\\\/\\\/cnr.org.br\\\/novoportal\\\/#\\\/schema\\\/logo\\\/image\\\/\"}},{\"@type\":\"Person\",\"@id\":\"https:\\\/\\\/cnr.org.br\\\/novoportal\\\/#\\\/schema\\\/person\\\/1f46209cd8c9d3d9887a0765b64ca66b\",\"name\":\"Imprensa CNR\",\"sameAs\":[\"https:\\\/\\\/cnr.org.br\\\/site\"],\"url\":\"https:\\\/\\\/cnr.org.br\\\/site\\\/author\\\/imprensa\\\/\"}]}<\/script>\n<!-- \/ Yoast SEO plugin. -->","yoast_head_json":{"title":"Sindicatos estaduais fortalecem atua\u00e7\u00e3o de Not\u00e1rios e Registradores no \u00e2mbito social, pol\u00edtico e jur\u00eddico - CNR","robots":{"index":"index","follow":"follow","max-snippet":"max-snippet:-1","max-image-preview":"max-image-preview:large","max-video-preview":"max-video-preview:-1"},"canonical":"https:\/\/cnr.org.br\/site\/sindicatos-estaduais-fortalecem-atuacao-de-notarios-e-registradores-no-ambito-social-politico-e-juridico\/","og_locale":"pt_BR","og_type":"article","og_title":"Sindicatos estaduais fortalecem atua\u00e7\u00e3o de Not\u00e1rios e Registradores no \u00e2mbito social, pol\u00edtico e jur\u00eddico - CNR","og_description":"Conhe\u00e7a as iniciativas que posicionaram os cinco sindicatos mais bem avaliados na 5\u00aa edi\u00e7\u00e3o do Pr\u00eamio Sindicato Destaque Em um pa\u00eds de dimens\u00f5es continentais como o Brasil, onde realidades locais moldam desafios distintos, a for\u00e7a de uma categoria est\u00e1 diretamente ligada \u00e0 sua capacidade de organiza\u00e7\u00e3o. No caso dos Not\u00e1rios e Registradores, essa engrenagem passa, [&hellip;]","og_url":"https:\/\/cnr.org.br\/site\/sindicatos-estaduais-fortalecem-atuacao-de-notarios-e-registradores-no-ambito-social-politico-e-juridico\/","og_site_name":"CNR","article_published_time":"2026-09-04T18:13:19+00:00","og_image":[{"width":1270,"height":720,"url":"https:\/\/cnr.org.br\/site\/wp-content\/uploads\/2026\/09\/Sindicatos-estaduais-fortalecem-atuacao-de-Notarios-e-Registradores-no-ambito-social-politico-e-juridico.png","type":"image\/png"}],"author":"Imprensa CNR","twitter_card":"summary_large_image","twitter_misc":{"Escrito por":"Imprensa CNR","Est. tempo de leitura":"6 minutos"},"schema":{"@context":"https:\/\/schema.org","@graph":[{"@type":"Article","@id":"https:\/\/cnr.org.br\/site\/sindicatos-estaduais-fortalecem-atuacao-de-notarios-e-registradores-no-ambito-social-politico-e-juridico\/#article","isPartOf":{"@id":"https:\/\/cnr.org.br\/site\/sindicatos-estaduais-fortalecem-atuacao-de-notarios-e-registradores-no-ambito-social-politico-e-juridico\/"},"author":{"name":"Imprensa CNR","@id":"https:\/\/cnr.org.br\/novoportal\/#\/schema\/person\/1f46209cd8c9d3d9887a0765b64ca66b"},"headline":"Sindicatos estaduais fortalecem atua\u00e7\u00e3o de Not\u00e1rios e Registradores no \u00e2mbito social, pol\u00edtico e jur\u00eddico","datePublished":"2026-09-04T18:13:19+00:00","mainEntityOfPage":{"@id":"https:\/\/cnr.org.br\/site\/sindicatos-estaduais-fortalecem-atuacao-de-notarios-e-registradores-no-ambito-social-politico-e-juridico\/"},"wordCount":1150,"publisher":{"@id":"https:\/\/cnr.org.br\/novoportal\/#organization"},"image":{"@id":"https:\/\/cnr.org.br\/site\/sindicatos-estaduais-fortalecem-atuacao-de-notarios-e-registradores-no-ambito-social-politico-e-juridico\/#primaryimage"},"thumbnailUrl":"https:\/\/cnr.org.br\/site\/wp-content\/uploads\/2026\/09\/Sindicatos-estaduais-fortalecem-atuacao-de-Notarios-e-Registradores-no-ambito-social-politico-e-juridico.png","articleSection":["Not\u00edcia","\u00daltimas Not\u00edcias"],"inLanguage":"pt-BR"},{"@type":"WebPage","@id":"https:\/\/cnr.org.br\/site\/sindicatos-estaduais-fortalecem-atuacao-de-notarios-e-registradores-no-ambito-social-politico-e-juridico\/","url":"https:\/\/cnr.org.br\/site\/sindicatos-estaduais-fortalecem-atuacao-de-notarios-e-registradores-no-ambito-social-politico-e-juridico\/","name":"Sindicatos estaduais fortalecem atua\u00e7\u00e3o de Not\u00e1rios e Registradores no \u00e2mbito social, pol\u00edtico e jur\u00eddico - CNR","isPartOf":{"@id":"https:\/\/cnr.org.br\/novoportal\/#website"},"primaryImageOfPage":{"@id":"https:\/\/cnr.org.br\/site\/sindicatos-estaduais-fortalecem-atuacao-de-notarios-e-registradores-no-ambito-social-politico-e-juridico\/#primaryimage"},"image":{"@id":"https:\/\/cnr.org.br\/site\/sindicatos-estaduais-fortalecem-atuacao-de-notarios-e-registradores-no-ambito-social-politico-e-juridico\/#primaryimage"},"thumbnailUrl":"https:\/\/cnr.org.br\/site\/wp-content\/uploads\/2026\/09\/Sindicatos-estaduais-fortalecem-atuacao-de-Notarios-e-Registradores-no-ambito-social-politico-e-juridico.png","datePublished":"2026-09-04T18:13:19+00:00","breadcrumb":{"@id":"https:\/\/cnr.org.br\/site\/sindicatos-estaduais-fortalecem-atuacao-de-notarios-e-registradores-no-ambito-social-politico-e-juridico\/#breadcrumb"},"inLanguage":"pt-BR","potentialAction":[{"@type":"ReadAction","target":["https:\/\/cnr.org.br\/site\/sindicatos-estaduais-fortalecem-atuacao-de-notarios-e-registradores-no-ambito-social-politico-e-juridico\/"]}]},{"@type":"ImageObject","inLanguage":"pt-BR","@id":"https:\/\/cnr.org.br\/site\/sindicatos-estaduais-fortalecem-atuacao-de-notarios-e-registradores-no-ambito-social-politico-e-juridico\/#primaryimage","url":"https:\/\/cnr.org.br\/site\/wp-content\/uploads\/2026\/09\/Sindicatos-estaduais-fortalecem-atuacao-de-Notarios-e-Registradores-no-ambito-social-politico-e-juridico.png","contentUrl":"https:\/\/cnr.org.br\/site\/wp-content\/uploads\/2026\/09\/Sindicatos-estaduais-fortalecem-atuacao-de-Notarios-e-Registradores-no-ambito-social-politico-e-juridico.png","width":1270,"height":720},{"@type":"BreadcrumbList","@id":"https:\/\/cnr.org.br\/site\/sindicatos-estaduais-fortalecem-atuacao-de-notarios-e-registradores-no-ambito-social-politico-e-juridico\/#breadcrumb","itemListElement":[{"@type":"ListItem","position":1,"name":"In\u00edcio","item":"https:\/\/cnr.org.br\/site\/"},{"@type":"ListItem","position":2,"name":"Sindicatos estaduais fortalecem atua\u00e7\u00e3o de Not\u00e1rios e Registradores no \u00e2mbito social, pol\u00edtico e jur\u00eddico"}]},{"@type":"WebSite","@id":"https:\/\/cnr.org.br\/novoportal\/#website","url":"https:\/\/cnr.org.br\/novoportal\/","name":"CNR","description":"Confedera\u00e7\u00e3o Nacional de Not\u00e1rios e Registradores","publisher":{"@id":"https:\/\/cnr.org.br\/novoportal\/#organization"},"potentialAction":[{"@type":"SearchAction","target":{"@type":"EntryPoint","urlTemplate":"https:\/\/cnr.org.br\/novoportal\/?s={search_term_string}"},"query-input":{"@type":"PropertyValueSpecification","valueRequired":true,"valueName":"search_term_string"}}],"inLanguage":"pt-BR"},{"@type":"Organization","@id":"https:\/\/cnr.org.br\/novoportal\/#organization","name":"CNR","url":"https:\/\/cnr.org.br\/novoportal\/","logo":{"@type":"ImageObject","inLanguage":"pt-BR","@id":"https:\/\/cnr.org.br\/novoportal\/#\/schema\/logo\/image\/","url":"https:\/\/cnr.org.br\/site\/wp-content\/uploads\/2026\/02\/Logo_CNR_completa_colorida_2024.png","contentUrl":"https:\/\/cnr.org.br\/site\/wp-content\/uploads\/2026\/02\/Logo_CNR_completa_colorida_2024.png","width":910,"height":450,"caption":"CNR"},"image":{"@id":"https:\/\/cnr.org.br\/novoportal\/#\/schema\/logo\/image\/"}},{"@type":"Person","@id":"https:\/\/cnr.org.br\/novoportal\/#\/schema\/person\/1f46209cd8c9d3d9887a0765b64ca66b","name":"Imprensa CNR","sameAs":["https:\/\/cnr.org.br\/site"],"url":"https:\/\/cnr.org.br\/site\/author\/imprensa\/"}]}},"_links":{"self":[{"href":"https:\/\/cnr.org.br\/site\/wp-json\/wp\/v2\/posts\/90851","targetHints":{"allow":["GET"]}}],"collection":[{"href":"https:\/\/cnr.org.br\/site\/wp-json\/wp\/v2\/posts"}],"about":[{"href":"https:\/\/cnr.org.br\/site\/wp-json\/wp\/v2\/types\/post"}],"author":[{"embeddable":true,"href":"https:\/\/cnr.org.br\/site\/wp-json\/wp\/v2\/users\/2"}],"replies":[{"embeddable":true,"href":"https:\/\/cnr.org.br\/site\/wp-json\/wp\/v2\/comments?post=90851"}],"version-history":[{"count":1,"href":"https:\/\/cnr.org.br\/site\/wp-json\/wp\/v2\/posts\/90851\/revisions"}],"predecessor-version":[{"id":90853,"href":"https:\/\/cnr.org.br\/site\/wp-json\/wp\/v2\/posts\/90851\/revisions\/90853"}],"wp:featuredmedia":[{"embeddable":true,"href":"https:\/\/cnr.org.br\/site\/wp-json\/wp\/v2\/media\/90852"}],"wp:attachment":[{"href":"https:\/\/cnr.org.br\/site\/wp-json\/wp\/v2\/media?parent=90851"}],"wp:term":[{"taxonomy":"category","embeddable":true,"href":"https:\/\/cnr.org.br\/site\/wp-json\/wp\/v2\/categories?post=90851"},{"taxonomy":"post_tag","embeddable":true,"href":"https:\/\/cnr.org.br\/site\/wp-json\/wp\/v2\/tags?post=90851"}],"curies":[{"name":"wp","href":"https:\/\/api.w.org\/{rel}","templated":true}]}}