{"id":9461,"date":"2018-12-18T08:07:07","date_gmt":"2018-12-18T10:07:07","guid":{"rendered":"https:\/\/cnr.org.br\/site\/?p=9461"},"modified":"2018-12-18T08:07:07","modified_gmt":"2018-12-18T10:07:07","slug":"obra-coletiva-analisa-impactos-do-primeiro-ano-da-reforma-trabalhista","status":"publish","type":"post","link":"https:\/\/cnr.org.br\/site\/obra-coletiva-analisa-impactos-do-primeiro-ano-da-reforma-trabalhista\/","title":{"rendered":"Obra coletiva analisa impactos do primeiro ano da reforma trabalhista"},"content":{"rendered":"<div id=\"dslc-theme-content\"><div id=\"dslc-theme-content-inner\"><p>\t\t\t\tAp\u00f3s um ano em vigor, a chamada reforma trabalhista (Lei 13.467\/2017) segue gerando discuss\u00f5es. Com o objetivo de pensar e esclarecer as incertezas causadas pela mudan\u00e7a na lei, a Editora da Universidade Estadual da Para\u00edba (Eduepb) decidiu reunir em um livro as primeiras impress\u00f5es de diversos profissionais do Direito.<\/p>\n<p>Ao todo, a obra coletiva conta com 45 artigos de 51 autores, entre\u00a0professores, advogados, procuradores e magistrados. O\u00a0<em>e-book<\/em>\u00a0foi coordenado pelos professores Ros\u00e2ngela Themel (Unisul) e Ricardo Calcini (PUC\/SP).<\/p>\n<p>Calcini explica que o e-book foi elaborado sem\u00a0nenhum car\u00e1ter comercial, mas sim com a proposta de cumprir com a fun\u00e7\u00e3o social de disseminar ideias. Por isso,\u00a0a Eduepb disponibiliza\u00a0<a href=\"http:\/\/eduepb.uepb.edu.br\/e-books\/\" target=\"_blank\" rel=\"noopener\">em seu site<\/a>\u00a0o acesso do livro digital para\u00a0<em>download<\/em>\u00a0totalmente gratuito.<\/p>\n<p><img loading=\"lazy\" decoding=\"async\" class=\"size-full wp-image-9462 aligncenter\" src=\"https:\/\/cnr.org.br\/site\/wp-content\/uploads\/2018\/12\/1-2.jpeg\" alt=\"\" width=\"215\" height=\"300\" \/>\t\t<\/p>\n<\/div><\/div>","protected":false},"excerpt":{"rendered":"<p>Ap\u00f3s um ano em vigor, a chamada reforma trabalhista (Lei 13.467\/2017) segue gerando discuss\u00f5es. Com o objetivo de pensar e esclarecer as incertezas causadas pela mudan\u00e7a na lei, a Editora da Universidade Estadual da Para\u00edba (Eduepb) decidiu reunir em um livro as primeiras impress\u00f5es de diversos profissionais do Direito. Ao todo, a obra coletiva conta [&hellip;]<\/p>\n","protected":false},"author":2,"featured_media":14009,"comment_status":"open","ping_status":"open","sticky":false,"template":"","format":"standard","meta":{"footnotes":"","_links_to":"","_links_to_target":""},"categories":[503,47],"tags":[],"class_list":["post-9461","post","type-post","status-publish","format-standard","has-post-thumbnail","hentry","category-divulgacao","category-ultimas-noticias"],"yoast_head":"<!-- This site is optimized with the Yoast SEO plugin v28.4 - https:\/\/yoast.com\/product\/yoast-seo-wordpress\/ -->\n<title>Obra coletiva analisa impactos do primeiro ano da reforma trabalhista - CNR<\/title>\n<meta name=\"robots\" content=\"index, follow, max-snippet:-1, max-image-preview:large, max-video-preview:-1\" \/>\n<link rel=\"canonical\" href=\"https:\/\/cnr.org.br\/novoportal\/obra-coletiva-analisa-impactos-do-primeiro-ano-da-reforma-trabalhista\/\" \/>\n<meta property=\"og:locale\" content=\"pt_BR\" \/>\n<meta property=\"og:type\" content=\"article\" \/>\n<meta property=\"og:title\" content=\"Obra coletiva analisa impactos do primeiro ano da reforma trabalhista - CNR\" \/>\n<meta property=\"og:description\" content=\"Ap\u00f3s um ano em vigor, a chamada reforma trabalhista (Lei 13.467\/2017) segue gerando discuss\u00f5es. Com o objetivo de pensar e esclarecer as incertezas causadas pela mudan\u00e7a na lei, a Editora da Universidade Estadual da Para\u00edba (Eduepb) decidiu reunir em um livro as primeiras impress\u00f5es de diversos profissionais do Direito. Ao todo, a obra coletiva conta [&hellip;]\" \/>\n<meta property=\"og:url\" content=\"https:\/\/cnr.org.br\/novoportal\/obra-coletiva-analisa-impactos-do-primeiro-ano-da-reforma-trabalhista\/\" \/>\n<meta property=\"og:site_name\" content=\"CNR\" \/>\n<meta property=\"article:published_time\" content=\"2018-12-18T10:07:07+00:00\" \/>\n<meta property=\"og:image\" content=\"https:\/\/cnr.org.br\/novoportal\/wp-content\/uploads\/2019\/03\/1-3.jpeg\" \/>\n\t<meta property=\"og:image:width\" content=\"215\" \/>\n\t<meta property=\"og:image:height\" content=\"300\" \/>\n\t<meta property=\"og:image:type\" content=\"image\/jpeg\" \/>\n<meta name=\"author\" content=\"Imprensa CNR\" \/>\n<meta name=\"twitter:card\" content=\"summary_large_image\" \/>\n<meta name=\"twitter:label1\" content=\"Escrito por\" \/>\n\t<meta name=\"twitter:data1\" content=\"Imprensa CNR\" \/>\n\t<meta name=\"twitter:label2\" content=\"Est. tempo de leitura\" \/>\n\t<meta name=\"twitter:data2\" content=\"1 minuto\" \/>\n<script type=\"application\/ld+json\" class=\"yoast-schema-graph\">{\"@context\":\"https:\\\/\\\/schema.org\",\"@graph\":[{\"@type\":\"Article\",\"@id\":\"https:\\\/\\\/cnr.org.br\\\/novoportal\\\/obra-coletiva-analisa-impactos-do-primeiro-ano-da-reforma-trabalhista\\\/#article\",\"isPartOf\":{\"@id\":\"https:\\\/\\\/cnr.org.br\\\/novoportal\\\/obra-coletiva-analisa-impactos-do-primeiro-ano-da-reforma-trabalhista\\\/\"},\"author\":{\"name\":\"Imprensa CNR\",\"@id\":\"https:\\\/\\\/cnr.org.br\\\/novoportal\\\/#\\\/schema\\\/person\\\/1f46209cd8c9d3d9887a0765b64ca66b\"},\"headline\":\"Obra coletiva analisa impactos do primeiro ano da reforma trabalhista\",\"datePublished\":\"2018-12-18T10:07:07+00:00\",\"mainEntityOfPage\":{\"@id\":\"https:\\\/\\\/cnr.org.br\\\/novoportal\\\/obra-coletiva-analisa-impactos-do-primeiro-ano-da-reforma-trabalhista\\\/\"},\"wordCount\":138,\"commentCount\":0,\"publisher\":{\"@id\":\"https:\\\/\\\/cnr.org.br\\\/novoportal\\\/#organization\"},\"image\":{\"@id\":\"https:\\\/\\\/cnr.org.br\\\/novoportal\\\/obra-coletiva-analisa-impactos-do-primeiro-ano-da-reforma-trabalhista\\\/#primaryimage\"},\"thumbnailUrl\":\"https:\\\/\\\/cnr.org.br\\\/site\\\/wp-content\\\/uploads\\\/2019\\\/03\\\/1-3.jpeg\",\"articleSection\":[\"Divulga\u00e7\u00e3o\",\"\u00daltimas Not\u00edcias\"],\"inLanguage\":\"pt-BR\"},{\"@type\":\"WebPage\",\"@id\":\"https:\\\/\\\/cnr.org.br\\\/novoportal\\\/obra-coletiva-analisa-impactos-do-primeiro-ano-da-reforma-trabalhista\\\/\",\"url\":\"https:\\\/\\\/cnr.org.br\\\/novoportal\\\/obra-coletiva-analisa-impactos-do-primeiro-ano-da-reforma-trabalhista\\\/\",\"name\":\"Obra coletiva analisa impactos do primeiro ano da reforma trabalhista - CNR\",\"isPartOf\":{\"@id\":\"https:\\\/\\\/cnr.org.br\\\/novoportal\\\/#website\"},\"primaryImageOfPage\":{\"@id\":\"https:\\\/\\\/cnr.org.br\\\/novoportal\\\/obra-coletiva-analisa-impactos-do-primeiro-ano-da-reforma-trabalhista\\\/#primaryimage\"},\"image\":{\"@id\":\"https:\\\/\\\/cnr.org.br\\\/novoportal\\\/obra-coletiva-analisa-impactos-do-primeiro-ano-da-reforma-trabalhista\\\/#primaryimage\"},\"thumbnailUrl\":\"https:\\\/\\\/cnr.org.br\\\/site\\\/wp-content\\\/uploads\\\/2019\\\/03\\\/1-3.jpeg\",\"datePublished\":\"2018-12-18T10:07:07+00:00\",\"breadcrumb\":{\"@id\":\"https:\\\/\\\/cnr.org.br\\\/novoportal\\\/obra-coletiva-analisa-impactos-do-primeiro-ano-da-reforma-trabalhista\\\/#breadcrumb\"},\"inLanguage\":\"pt-BR\",\"potentialAction\":[{\"@type\":\"ReadAction\",\"target\":[\"https:\\\/\\\/cnr.org.br\\\/novoportal\\\/obra-coletiva-analisa-impactos-do-primeiro-ano-da-reforma-trabalhista\\\/\"]}]},{\"@type\":\"ImageObject\",\"inLanguage\":\"pt-BR\",\"@id\":\"https:\\\/\\\/cnr.org.br\\\/novoportal\\\/obra-coletiva-analisa-impactos-do-primeiro-ano-da-reforma-trabalhista\\\/#primaryimage\",\"url\":\"https:\\\/\\\/cnr.org.br\\\/site\\\/wp-content\\\/uploads\\\/2019\\\/03\\\/1-3.jpeg\",\"contentUrl\":\"https:\\\/\\\/cnr.org.br\\\/site\\\/wp-content\\\/uploads\\\/2019\\\/03\\\/1-3.jpeg\",\"width\":215,\"height\":300},{\"@type\":\"BreadcrumbList\",\"@id\":\"https:\\\/\\\/cnr.org.br\\\/novoportal\\\/obra-coletiva-analisa-impactos-do-primeiro-ano-da-reforma-trabalhista\\\/#breadcrumb\",\"itemListElement\":[{\"@type\":\"ListItem\",\"position\":1,\"name\":\"In\u00edcio\",\"item\":\"https:\\\/\\\/cnr.org.br\\\/site\\\/\"},{\"@type\":\"ListItem\",\"position\":2,\"name\":\"Obra coletiva analisa impactos do primeiro ano da reforma trabalhista\"}]},{\"@type\":\"WebSite\",\"@id\":\"https:\\\/\\\/cnr.org.br\\\/novoportal\\\/#website\",\"url\":\"https:\\\/\\\/cnr.org.br\\\/novoportal\\\/\",\"name\":\"CNR\",\"description\":\"Confedera\u00e7\u00e3o Nacional de Not\u00e1rios e Registradores\",\"publisher\":{\"@id\":\"https:\\\/\\\/cnr.org.br\\\/novoportal\\\/#organization\"},\"potentialAction\":[{\"@type\":\"SearchAction\",\"target\":{\"@type\":\"EntryPoint\",\"urlTemplate\":\"https:\\\/\\\/cnr.org.br\\\/novoportal\\\/?s={search_term_string}\"},\"query-input\":{\"@type\":\"PropertyValueSpecification\",\"valueRequired\":true,\"valueName\":\"search_term_string\"}}],\"inLanguage\":\"pt-BR\"},{\"@type\":\"Organization\",\"@id\":\"https:\\\/\\\/cnr.org.br\\\/novoportal\\\/#organization\",\"name\":\"CNR\",\"url\":\"https:\\\/\\\/cnr.org.br\\\/novoportal\\\/\",\"logo\":{\"@type\":\"ImageObject\",\"inLanguage\":\"pt-BR\",\"@id\":\"https:\\\/\\\/cnr.org.br\\\/novoportal\\\/#\\\/schema\\\/logo\\\/image\\\/\",\"url\":\"https:\\\/\\\/cnr.org.br\\\/site\\\/wp-content\\\/uploads\\\/2026\\\/02\\\/Logo_CNR_completa_colorida_2024.png\",\"contentUrl\":\"https:\\\/\\\/cnr.org.br\\\/site\\\/wp-content\\\/uploads\\\/2026\\\/02\\\/Logo_CNR_completa_colorida_2024.png\",\"width\":910,\"height\":450,\"caption\":\"CNR\"},\"image\":{\"@id\":\"https:\\\/\\\/cnr.org.br\\\/novoportal\\\/#\\\/schema\\\/logo\\\/image\\\/\"}},{\"@type\":\"Person\",\"@id\":\"https:\\\/\\\/cnr.org.br\\\/novoportal\\\/#\\\/schema\\\/person\\\/1f46209cd8c9d3d9887a0765b64ca66b\",\"name\":\"Imprensa CNR\",\"sameAs\":[\"https:\\\/\\\/cnr.org.br\\\/site\"],\"url\":\"https:\\\/\\\/cnr.org.br\\\/site\\\/author\\\/imprensa\\\/\"}]}<\/script>\n<!-- \/ Yoast SEO plugin. -->","yoast_head_json":{"title":"Obra coletiva analisa impactos do primeiro ano da reforma trabalhista - CNR","robots":{"index":"index","follow":"follow","max-snippet":"max-snippet:-1","max-image-preview":"max-image-preview:large","max-video-preview":"max-video-preview:-1"},"canonical":"https:\/\/cnr.org.br\/novoportal\/obra-coletiva-analisa-impactos-do-primeiro-ano-da-reforma-trabalhista\/","og_locale":"pt_BR","og_type":"article","og_title":"Obra coletiva analisa impactos do primeiro ano da reforma trabalhista - CNR","og_description":"Ap\u00f3s um ano em vigor, a chamada reforma trabalhista (Lei 13.467\/2017) segue gerando discuss\u00f5es. Com o objetivo de pensar e esclarecer as incertezas causadas pela mudan\u00e7a na lei, a Editora da Universidade Estadual da Para\u00edba (Eduepb) decidiu reunir em um livro as primeiras impress\u00f5es de diversos profissionais do Direito. Ao todo, a obra coletiva conta [&hellip;]","og_url":"https:\/\/cnr.org.br\/novoportal\/obra-coletiva-analisa-impactos-do-primeiro-ano-da-reforma-trabalhista\/","og_site_name":"CNR","article_published_time":"2018-12-18T10:07:07+00:00","og_image":[{"width":215,"height":300,"url":"https:\/\/cnr.org.br\/novoportal\/wp-content\/uploads\/2019\/03\/1-3.jpeg","type":"image\/jpeg"}],"author":"Imprensa CNR","twitter_card":"summary_large_image","twitter_misc":{"Escrito por":"Imprensa CNR","Est. tempo de leitura":"1 minuto"},"schema":{"@context":"https:\/\/schema.org","@graph":[{"@type":"Article","@id":"https:\/\/cnr.org.br\/novoportal\/obra-coletiva-analisa-impactos-do-primeiro-ano-da-reforma-trabalhista\/#article","isPartOf":{"@id":"https:\/\/cnr.org.br\/novoportal\/obra-coletiva-analisa-impactos-do-primeiro-ano-da-reforma-trabalhista\/"},"author":{"name":"Imprensa CNR","@id":"https:\/\/cnr.org.br\/novoportal\/#\/schema\/person\/1f46209cd8c9d3d9887a0765b64ca66b"},"headline":"Obra coletiva analisa impactos do primeiro ano da reforma trabalhista","datePublished":"2018-12-18T10:07:07+00:00","mainEntityOfPage":{"@id":"https:\/\/cnr.org.br\/novoportal\/obra-coletiva-analisa-impactos-do-primeiro-ano-da-reforma-trabalhista\/"},"wordCount":138,"commentCount":0,"publisher":{"@id":"https:\/\/cnr.org.br\/novoportal\/#organization"},"image":{"@id":"https:\/\/cnr.org.br\/novoportal\/obra-coletiva-analisa-impactos-do-primeiro-ano-da-reforma-trabalhista\/#primaryimage"},"thumbnailUrl":"https:\/\/cnr.org.br\/site\/wp-content\/uploads\/2019\/03\/1-3.jpeg","articleSection":["Divulga\u00e7\u00e3o","\u00daltimas Not\u00edcias"],"inLanguage":"pt-BR"},{"@type":"WebPage","@id":"https:\/\/cnr.org.br\/novoportal\/obra-coletiva-analisa-impactos-do-primeiro-ano-da-reforma-trabalhista\/","url":"https:\/\/cnr.org.br\/novoportal\/obra-coletiva-analisa-impactos-do-primeiro-ano-da-reforma-trabalhista\/","name":"Obra coletiva analisa impactos do primeiro ano da reforma trabalhista - CNR","isPartOf":{"@id":"https:\/\/cnr.org.br\/novoportal\/#website"},"primaryImageOfPage":{"@id":"https:\/\/cnr.org.br\/novoportal\/obra-coletiva-analisa-impactos-do-primeiro-ano-da-reforma-trabalhista\/#primaryimage"},"image":{"@id":"https:\/\/cnr.org.br\/novoportal\/obra-coletiva-analisa-impactos-do-primeiro-ano-da-reforma-trabalhista\/#primaryimage"},"thumbnailUrl":"https:\/\/cnr.org.br\/site\/wp-content\/uploads\/2019\/03\/1-3.jpeg","datePublished":"2018-12-18T10:07:07+00:00","breadcrumb":{"@id":"https:\/\/cnr.org.br\/novoportal\/obra-coletiva-analisa-impactos-do-primeiro-ano-da-reforma-trabalhista\/#breadcrumb"},"inLanguage":"pt-BR","potentialAction":[{"@type":"ReadAction","target":["https:\/\/cnr.org.br\/novoportal\/obra-coletiva-analisa-impactos-do-primeiro-ano-da-reforma-trabalhista\/"]}]},{"@type":"ImageObject","inLanguage":"pt-BR","@id":"https:\/\/cnr.org.br\/novoportal\/obra-coletiva-analisa-impactos-do-primeiro-ano-da-reforma-trabalhista\/#primaryimage","url":"https:\/\/cnr.org.br\/site\/wp-content\/uploads\/2019\/03\/1-3.jpeg","contentUrl":"https:\/\/cnr.org.br\/site\/wp-content\/uploads\/2019\/03\/1-3.jpeg","width":215,"height":300},{"@type":"BreadcrumbList","@id":"https:\/\/cnr.org.br\/novoportal\/obra-coletiva-analisa-impactos-do-primeiro-ano-da-reforma-trabalhista\/#breadcrumb","itemListElement":[{"@type":"ListItem","position":1,"name":"In\u00edcio","item":"https:\/\/cnr.org.br\/site\/"},{"@type":"ListItem","position":2,"name":"Obra coletiva analisa impactos do primeiro ano da reforma trabalhista"}]},{"@type":"WebSite","@id":"https:\/\/cnr.org.br\/novoportal\/#website","url":"https:\/\/cnr.org.br\/novoportal\/","name":"CNR","description":"Confedera\u00e7\u00e3o Nacional de Not\u00e1rios e Registradores","publisher":{"@id":"https:\/\/cnr.org.br\/novoportal\/#organization"},"potentialAction":[{"@type":"SearchAction","target":{"@type":"EntryPoint","urlTemplate":"https:\/\/cnr.org.br\/novoportal\/?s={search_term_string}"},"query-input":{"@type":"PropertyValueSpecification","valueRequired":true,"valueName":"search_term_string"}}],"inLanguage":"pt-BR"},{"@type":"Organization","@id":"https:\/\/cnr.org.br\/novoportal\/#organization","name":"CNR","url":"https:\/\/cnr.org.br\/novoportal\/","logo":{"@type":"ImageObject","inLanguage":"pt-BR","@id":"https:\/\/cnr.org.br\/novoportal\/#\/schema\/logo\/image\/","url":"https:\/\/cnr.org.br\/site\/wp-content\/uploads\/2026\/02\/Logo_CNR_completa_colorida_2024.png","contentUrl":"https:\/\/cnr.org.br\/site\/wp-content\/uploads\/2026\/02\/Logo_CNR_completa_colorida_2024.png","width":910,"height":450,"caption":"CNR"},"image":{"@id":"https:\/\/cnr.org.br\/novoportal\/#\/schema\/logo\/image\/"}},{"@type":"Person","@id":"https:\/\/cnr.org.br\/novoportal\/#\/schema\/person\/1f46209cd8c9d3d9887a0765b64ca66b","name":"Imprensa CNR","sameAs":["https:\/\/cnr.org.br\/site"],"url":"https:\/\/cnr.org.br\/site\/author\/imprensa\/"}]}},"_links":{"self":[{"href":"https:\/\/cnr.org.br\/site\/wp-json\/wp\/v2\/posts\/9461","targetHints":{"allow":["GET"]}}],"collection":[{"href":"https:\/\/cnr.org.br\/site\/wp-json\/wp\/v2\/posts"}],"about":[{"href":"https:\/\/cnr.org.br\/site\/wp-json\/wp\/v2\/types\/post"}],"author":[{"embeddable":true,"href":"https:\/\/cnr.org.br\/site\/wp-json\/wp\/v2\/users\/2"}],"replies":[{"embeddable":true,"href":"https:\/\/cnr.org.br\/site\/wp-json\/wp\/v2\/comments?post=9461"}],"version-history":[{"count":0,"href":"https:\/\/cnr.org.br\/site\/wp-json\/wp\/v2\/posts\/9461\/revisions"}],"wp:featuredmedia":[{"embeddable":true,"href":"https:\/\/cnr.org.br\/site\/wp-json\/wp\/v2\/media\/14009"}],"wp:attachment":[{"href":"https:\/\/cnr.org.br\/site\/wp-json\/wp\/v2\/media?parent=9461"}],"wp:term":[{"taxonomy":"category","embeddable":true,"href":"https:\/\/cnr.org.br\/site\/wp-json\/wp\/v2\/categories?post=9461"},{"taxonomy":"post_tag","embeddable":true,"href":"https:\/\/cnr.org.br\/site\/wp-json\/wp\/v2\/tags?post=9461"}],"curies":[{"name":"wp","href":"https:\/\/api.w.org\/{rel}","templated":true}]}}