{"id":9850,"date":"2019-01-02T13:56:39","date_gmt":"2019-01-02T15:56:39","guid":{"rendered":"https:\/\/cnr.org.br\/site\/?p=9850"},"modified":"2019-01-02T13:56:39","modified_gmt":"2019-01-02T15:56:39","slug":"novo-presidente-da-republica-bolsonaro-toma-posse-em-1o-de-janeiro","status":"publish","type":"post","link":"https:\/\/cnr.org.br\/site\/novo-presidente-da-republica-bolsonaro-toma-posse-em-1o-de-janeiro\/","title":{"rendered":"Novo presidente da Rep\u00fablica, Bolsonaro toma posse em 1\u00ba de janeiro"},"content":{"rendered":"<div id=\"dslc-theme-content\"><div id=\"dslc-theme-content-inner\"><p>\t\t\t\tA cerim\u00f4nia de posse do novo presidente da Rep\u00fablica, Jair Bolsonaro, ocorre nesta ter\u00e7a-feira (1\u00ba). No in\u00edcio da tarde, \u00e0s 14h30, o presidente sai da Catedral de Bras\u00edlia, acompanhado por batedores da Pol\u00edcia do Ex\u00e9rcito e fuzileiros navais, rumo ao Congresso Nacional.<\/p>\n<p>O percurso deve ser feito em carro aberto pela Esplanada dos Minist\u00e9rios. O carro tradicionalmente usado nesse caminho \u00e9 um Rolls Royce que o Brasil recebeu de presente do governo brit\u00e2nico, em 1953.<\/p>\n<p><strong>Juramento<\/strong><\/p>\n<p><strong><br \/>\n<\/strong>No Congresso Nacional, \u00e0s 15 horas, haver\u00e1 a sess\u00e3o solene de posse. \u00c9 nessa sess\u00e3o que o novo presidente presta o compromisso constitucional jurando \u201cmanter, defender e cumprir a Constitui\u00e7\u00e3o, observar as leis, promover o bem geral do povo brasileiro, sustentar a uni\u00e3o, a integridade e a independ\u00eancia do Brasil\u201d.<br \/>\nDiscursos<\/p>\n<p>Empossado, o presidente far\u00e1 ent\u00e3o seu discurso e depois seguir\u00e1 para o Pal\u00e1cio do Planalto, onde Michel Temer passar\u00e1 a ele a faixa presidencial. Por fim, Bolsonaro discursar\u00e1 no Parlat\u00f3rio.<\/p>\n<p>A cerim\u00f4nia de posse do 38\u00ba presidente do Brasil deve ser acompanhada por cerca de 500 mil pessoas na Esplanada dos Minist\u00e9rios, em Bras\u00edlia.<\/p>\n<p><img loading=\"lazy\" decoding=\"async\" class=\"alignnone size-full wp-image-9851\" src=\"https:\/\/cnr.org.br\/site\/wp-content\/uploads\/2019\/01\/camaranoticias_imagens_imgNoticiaUpload1545994952922.jpg\" alt=\"\" width=\"752\" height=\"512\" srcset=\"https:\/\/cnr.org.br\/site\/wp-content\/uploads\/2019\/01\/camaranoticias_imagens_imgNoticiaUpload1545994952922.jpg 752w, https:\/\/cnr.org.br\/site\/wp-content\/uploads\/2019\/01\/camaranoticias_imagens_imgNoticiaUpload1545994952922-300x204.jpg 300w, https:\/\/cnr.org.br\/site\/wp-content\/uploads\/2019\/01\/camaranoticias_imagens_imgNoticiaUpload1545994952922-90x60.jpg 90w, https:\/\/cnr.org.br\/site\/wp-content\/uploads\/2019\/01\/camaranoticias_imagens_imgNoticiaUpload1545994952922-551x375.jpg 551w\" sizes=\"auto, (max-width: 752px) 100vw, 752px\" \/><\/p>\n<p><strong>Seguran\u00e7a<\/strong><br \/>\nA Esplanada dos Minist\u00e9rios ficar\u00e1 fechada para carro e o \u00fanico acesso ser\u00e1 pela Rodovi\u00e1ria do Plano Piloto. For\u00e7as de segurab\u00e7a fer\u00e1 revistas ao p\u00fablico em 4 pontos sucessivos. Haver\u00e1 estrurura de apoio de sa\u00fade, pontos de distribui\u00e7\u00e3o de \u00e1gua, banheiros p\u00fablicos e um tel\u00e3o na Pra\u00e7a dos Tr\u00eas Poderes que transmitir\u00e1 os eventos em tempo real. A recomenda\u00e7\u00e3o \u00e9 que alimentos sejam transportados em sacolas pl\u00e1sticas transparentes para facilitar a revista.<\/p>\n<p>A popula\u00e7\u00e3o que comparecer \u00e0 Esplanada deve observar, com muita aten\u00e7\u00e3o, as restri\u00e7\u00f5es dos itens que n\u00e3o poder\u00e3o ser levados: bebidas alc\u00f3olicas, guarda-chuvas, fogos de artif\u00edcio, apontadores a laser, bolsas e mochilas, sprays, m\u00e1scaras, produtos inflam\u00e1veis, garrafas, objetos cortantes, armas de fogo, drones, animais e carrinhos de beb\u00ea.<\/p>\n<p>Fonte: <a href=\"http:\/\/www2.camara.leg.br\/camaranoticias\/noticias\/POLITICA\/570346-NOVO-PRESIDENTE-DA-REPUBLICA,-BOLSONARO-TOMA-POSSE-EM-1-DE-JANEIRO.html\">Ag\u00eancia C\u00e2mara Not\u00edcias<\/a>\t\t<\/p>\n<\/div><\/div>","protected":false},"excerpt":{"rendered":"<p>A cerim\u00f4nia de posse do novo presidente da Rep\u00fablica, Jair Bolsonaro, ocorre nesta ter\u00e7a-feira (1\u00ba). No in\u00edcio da tarde, \u00e0s 14h30, o presidente sai da Catedral de Bras\u00edlia, acompanhado por batedores da Pol\u00edcia do Ex\u00e9rcito e fuzileiros navais, rumo ao Congresso Nacional. O percurso deve ser feito em carro aberto pela Esplanada dos Minist\u00e9rios. O [&hellip;]<\/p>\n","protected":false},"author":2,"featured_media":14058,"comment_status":"open","ping_status":"open","sticky":false,"template":"","format":"standard","meta":{"footnotes":"","_links_to":"","_links_to_target":""},"categories":[55],"tags":[],"class_list":["post-9850","post","type-post","status-publish","format-standard","has-post-thumbnail","hentry","category-noticia"],"yoast_head":"<!-- This site is optimized with the Yoast SEO plugin v28.4 - https:\/\/yoast.com\/product\/yoast-seo-wordpress\/ -->\n<title>Novo presidente da Rep\u00fablica, Bolsonaro toma posse em 1\u00ba de janeiro - CNR<\/title>\n<meta name=\"robots\" content=\"index, follow, max-snippet:-1, max-image-preview:large, max-video-preview:-1\" \/>\n<link rel=\"canonical\" href=\"https:\/\/cnr.org.br\/novoportal\/novo-presidente-da-republica-bolsonaro-toma-posse-em-1o-de-janeiro\/\" \/>\n<meta property=\"og:locale\" content=\"pt_BR\" \/>\n<meta property=\"og:type\" content=\"article\" \/>\n<meta property=\"og:title\" content=\"Novo presidente da Rep\u00fablica, Bolsonaro toma posse em 1\u00ba de janeiro - CNR\" \/>\n<meta property=\"og:description\" content=\"A cerim\u00f4nia de posse do novo presidente da Rep\u00fablica, Jair Bolsonaro, ocorre nesta ter\u00e7a-feira (1\u00ba). No in\u00edcio da tarde, \u00e0s 14h30, o presidente sai da Catedral de Bras\u00edlia, acompanhado por batedores da Pol\u00edcia do Ex\u00e9rcito e fuzileiros navais, rumo ao Congresso Nacional. O percurso deve ser feito em carro aberto pela Esplanada dos Minist\u00e9rios. O [&hellip;]\" \/>\n<meta property=\"og:url\" content=\"https:\/\/cnr.org.br\/novoportal\/novo-presidente-da-republica-bolsonaro-toma-posse-em-1o-de-janeiro\/\" \/>\n<meta property=\"og:site_name\" content=\"CNR\" \/>\n<meta property=\"article:published_time\" content=\"2019-01-02T15:56:39+00:00\" \/>\n<meta property=\"og:image\" content=\"https:\/\/cnr.org.br\/novoportal\/wp-content\/uploads\/2019\/03\/img20190101154014693.jpg\" \/>\n\t<meta property=\"og:image:width\" content=\"2003\" \/>\n\t<meta property=\"og:image:height\" content=\"1312\" \/>\n\t<meta property=\"og:image:type\" content=\"image\/jpeg\" \/>\n<meta name=\"author\" content=\"Imprensa CNR\" \/>\n<meta name=\"twitter:card\" content=\"summary_large_image\" \/>\n<meta name=\"twitter:label1\" content=\"Escrito por\" \/>\n\t<meta name=\"twitter:data1\" content=\"Imprensa CNR\" \/>\n\t<meta name=\"twitter:label2\" content=\"Est. tempo de leitura\" \/>\n\t<meta name=\"twitter:data2\" content=\"2 minutos\" \/>\n<script type=\"application\/ld+json\" class=\"yoast-schema-graph\">{\"@context\":\"https:\\\/\\\/schema.org\",\"@graph\":[{\"@type\":\"Article\",\"@id\":\"https:\\\/\\\/cnr.org.br\\\/novoportal\\\/novo-presidente-da-republica-bolsonaro-toma-posse-em-1o-de-janeiro\\\/#article\",\"isPartOf\":{\"@id\":\"https:\\\/\\\/cnr.org.br\\\/novoportal\\\/novo-presidente-da-republica-bolsonaro-toma-posse-em-1o-de-janeiro\\\/\"},\"author\":{\"name\":\"Imprensa CNR\",\"@id\":\"https:\\\/\\\/cnr.org.br\\\/novoportal\\\/#\\\/schema\\\/person\\\/1f46209cd8c9d3d9887a0765b64ca66b\"},\"headline\":\"Novo presidente da Rep\u00fablica, Bolsonaro toma posse em 1\u00ba de janeiro\",\"datePublished\":\"2019-01-02T15:56:39+00:00\",\"mainEntityOfPage\":{\"@id\":\"https:\\\/\\\/cnr.org.br\\\/novoportal\\\/novo-presidente-da-republica-bolsonaro-toma-posse-em-1o-de-janeiro\\\/\"},\"wordCount\":353,\"commentCount\":0,\"publisher\":{\"@id\":\"https:\\\/\\\/cnr.org.br\\\/novoportal\\\/#organization\"},\"image\":{\"@id\":\"https:\\\/\\\/cnr.org.br\\\/novoportal\\\/novo-presidente-da-republica-bolsonaro-toma-posse-em-1o-de-janeiro\\\/#primaryimage\"},\"thumbnailUrl\":\"https:\\\/\\\/cnr.org.br\\\/site\\\/wp-content\\\/uploads\\\/2019\\\/03\\\/img20190101154014693.jpg\",\"articleSection\":[\"Not\u00edcia\"],\"inLanguage\":\"pt-BR\"},{\"@type\":\"WebPage\",\"@id\":\"https:\\\/\\\/cnr.org.br\\\/novoportal\\\/novo-presidente-da-republica-bolsonaro-toma-posse-em-1o-de-janeiro\\\/\",\"url\":\"https:\\\/\\\/cnr.org.br\\\/novoportal\\\/novo-presidente-da-republica-bolsonaro-toma-posse-em-1o-de-janeiro\\\/\",\"name\":\"Novo presidente da Rep\u00fablica, Bolsonaro toma posse em 1\u00ba de janeiro - CNR\",\"isPartOf\":{\"@id\":\"https:\\\/\\\/cnr.org.br\\\/novoportal\\\/#website\"},\"primaryImageOfPage\":{\"@id\":\"https:\\\/\\\/cnr.org.br\\\/novoportal\\\/novo-presidente-da-republica-bolsonaro-toma-posse-em-1o-de-janeiro\\\/#primaryimage\"},\"image\":{\"@id\":\"https:\\\/\\\/cnr.org.br\\\/novoportal\\\/novo-presidente-da-republica-bolsonaro-toma-posse-em-1o-de-janeiro\\\/#primaryimage\"},\"thumbnailUrl\":\"https:\\\/\\\/cnr.org.br\\\/site\\\/wp-content\\\/uploads\\\/2019\\\/03\\\/img20190101154014693.jpg\",\"datePublished\":\"2019-01-02T15:56:39+00:00\",\"breadcrumb\":{\"@id\":\"https:\\\/\\\/cnr.org.br\\\/novoportal\\\/novo-presidente-da-republica-bolsonaro-toma-posse-em-1o-de-janeiro\\\/#breadcrumb\"},\"inLanguage\":\"pt-BR\",\"potentialAction\":[{\"@type\":\"ReadAction\",\"target\":[\"https:\\\/\\\/cnr.org.br\\\/novoportal\\\/novo-presidente-da-republica-bolsonaro-toma-posse-em-1o-de-janeiro\\\/\"]}]},{\"@type\":\"ImageObject\",\"inLanguage\":\"pt-BR\",\"@id\":\"https:\\\/\\\/cnr.org.br\\\/novoportal\\\/novo-presidente-da-republica-bolsonaro-toma-posse-em-1o-de-janeiro\\\/#primaryimage\",\"url\":\"https:\\\/\\\/cnr.org.br\\\/site\\\/wp-content\\\/uploads\\\/2019\\\/03\\\/img20190101154014693.jpg\",\"contentUrl\":\"https:\\\/\\\/cnr.org.br\\\/site\\\/wp-content\\\/uploads\\\/2019\\\/03\\\/img20190101154014693.jpg\",\"width\":2003,\"height\":1312},{\"@type\":\"BreadcrumbList\",\"@id\":\"https:\\\/\\\/cnr.org.br\\\/novoportal\\\/novo-presidente-da-republica-bolsonaro-toma-posse-em-1o-de-janeiro\\\/#breadcrumb\",\"itemListElement\":[{\"@type\":\"ListItem\",\"position\":1,\"name\":\"In\u00edcio\",\"item\":\"https:\\\/\\\/cnr.org.br\\\/site\\\/\"},{\"@type\":\"ListItem\",\"position\":2,\"name\":\"Novo presidente da Rep\u00fablica, Bolsonaro toma posse em 1\u00ba de janeiro\"}]},{\"@type\":\"WebSite\",\"@id\":\"https:\\\/\\\/cnr.org.br\\\/novoportal\\\/#website\",\"url\":\"https:\\\/\\\/cnr.org.br\\\/novoportal\\\/\",\"name\":\"CNR\",\"description\":\"Confedera\u00e7\u00e3o Nacional de Not\u00e1rios e Registradores\",\"publisher\":{\"@id\":\"https:\\\/\\\/cnr.org.br\\\/novoportal\\\/#organization\"},\"potentialAction\":[{\"@type\":\"SearchAction\",\"target\":{\"@type\":\"EntryPoint\",\"urlTemplate\":\"https:\\\/\\\/cnr.org.br\\\/novoportal\\\/?s={search_term_string}\"},\"query-input\":{\"@type\":\"PropertyValueSpecification\",\"valueRequired\":true,\"valueName\":\"search_term_string\"}}],\"inLanguage\":\"pt-BR\"},{\"@type\":\"Organization\",\"@id\":\"https:\\\/\\\/cnr.org.br\\\/novoportal\\\/#organization\",\"name\":\"CNR\",\"url\":\"https:\\\/\\\/cnr.org.br\\\/novoportal\\\/\",\"logo\":{\"@type\":\"ImageObject\",\"inLanguage\":\"pt-BR\",\"@id\":\"https:\\\/\\\/cnr.org.br\\\/novoportal\\\/#\\\/schema\\\/logo\\\/image\\\/\",\"url\":\"https:\\\/\\\/cnr.org.br\\\/site\\\/wp-content\\\/uploads\\\/2026\\\/02\\\/Logo_CNR_completa_colorida_2024.png\",\"contentUrl\":\"https:\\\/\\\/cnr.org.br\\\/site\\\/wp-content\\\/uploads\\\/2026\\\/02\\\/Logo_CNR_completa_colorida_2024.png\",\"width\":910,\"height\":450,\"caption\":\"CNR\"},\"image\":{\"@id\":\"https:\\\/\\\/cnr.org.br\\\/novoportal\\\/#\\\/schema\\\/logo\\\/image\\\/\"}},{\"@type\":\"Person\",\"@id\":\"https:\\\/\\\/cnr.org.br\\\/novoportal\\\/#\\\/schema\\\/person\\\/1f46209cd8c9d3d9887a0765b64ca66b\",\"name\":\"Imprensa CNR\",\"sameAs\":[\"https:\\\/\\\/cnr.org.br\\\/site\"],\"url\":\"https:\\\/\\\/cnr.org.br\\\/site\\\/author\\\/imprensa\\\/\"}]}<\/script>\n<!-- \/ Yoast SEO plugin. -->","yoast_head_json":{"title":"Novo presidente da Rep\u00fablica, Bolsonaro toma posse em 1\u00ba de janeiro - CNR","robots":{"index":"index","follow":"follow","max-snippet":"max-snippet:-1","max-image-preview":"max-image-preview:large","max-video-preview":"max-video-preview:-1"},"canonical":"https:\/\/cnr.org.br\/novoportal\/novo-presidente-da-republica-bolsonaro-toma-posse-em-1o-de-janeiro\/","og_locale":"pt_BR","og_type":"article","og_title":"Novo presidente da Rep\u00fablica, Bolsonaro toma posse em 1\u00ba de janeiro - CNR","og_description":"A cerim\u00f4nia de posse do novo presidente da Rep\u00fablica, Jair Bolsonaro, ocorre nesta ter\u00e7a-feira (1\u00ba). No in\u00edcio da tarde, \u00e0s 14h30, o presidente sai da Catedral de Bras\u00edlia, acompanhado por batedores da Pol\u00edcia do Ex\u00e9rcito e fuzileiros navais, rumo ao Congresso Nacional. O percurso deve ser feito em carro aberto pela Esplanada dos Minist\u00e9rios. O [&hellip;]","og_url":"https:\/\/cnr.org.br\/novoportal\/novo-presidente-da-republica-bolsonaro-toma-posse-em-1o-de-janeiro\/","og_site_name":"CNR","article_published_time":"2019-01-02T15:56:39+00:00","og_image":[{"width":2003,"height":1312,"url":"https:\/\/cnr.org.br\/novoportal\/wp-content\/uploads\/2019\/03\/img20190101154014693.jpg","type":"image\/jpeg"}],"author":"Imprensa CNR","twitter_card":"summary_large_image","twitter_misc":{"Escrito por":"Imprensa CNR","Est. tempo de leitura":"2 minutos"},"schema":{"@context":"https:\/\/schema.org","@graph":[{"@type":"Article","@id":"https:\/\/cnr.org.br\/novoportal\/novo-presidente-da-republica-bolsonaro-toma-posse-em-1o-de-janeiro\/#article","isPartOf":{"@id":"https:\/\/cnr.org.br\/novoportal\/novo-presidente-da-republica-bolsonaro-toma-posse-em-1o-de-janeiro\/"},"author":{"name":"Imprensa CNR","@id":"https:\/\/cnr.org.br\/novoportal\/#\/schema\/person\/1f46209cd8c9d3d9887a0765b64ca66b"},"headline":"Novo presidente da Rep\u00fablica, Bolsonaro toma posse em 1\u00ba de janeiro","datePublished":"2019-01-02T15:56:39+00:00","mainEntityOfPage":{"@id":"https:\/\/cnr.org.br\/novoportal\/novo-presidente-da-republica-bolsonaro-toma-posse-em-1o-de-janeiro\/"},"wordCount":353,"commentCount":0,"publisher":{"@id":"https:\/\/cnr.org.br\/novoportal\/#organization"},"image":{"@id":"https:\/\/cnr.org.br\/novoportal\/novo-presidente-da-republica-bolsonaro-toma-posse-em-1o-de-janeiro\/#primaryimage"},"thumbnailUrl":"https:\/\/cnr.org.br\/site\/wp-content\/uploads\/2019\/03\/img20190101154014693.jpg","articleSection":["Not\u00edcia"],"inLanguage":"pt-BR"},{"@type":"WebPage","@id":"https:\/\/cnr.org.br\/novoportal\/novo-presidente-da-republica-bolsonaro-toma-posse-em-1o-de-janeiro\/","url":"https:\/\/cnr.org.br\/novoportal\/novo-presidente-da-republica-bolsonaro-toma-posse-em-1o-de-janeiro\/","name":"Novo presidente da Rep\u00fablica, Bolsonaro toma posse em 1\u00ba de janeiro - CNR","isPartOf":{"@id":"https:\/\/cnr.org.br\/novoportal\/#website"},"primaryImageOfPage":{"@id":"https:\/\/cnr.org.br\/novoportal\/novo-presidente-da-republica-bolsonaro-toma-posse-em-1o-de-janeiro\/#primaryimage"},"image":{"@id":"https:\/\/cnr.org.br\/novoportal\/novo-presidente-da-republica-bolsonaro-toma-posse-em-1o-de-janeiro\/#primaryimage"},"thumbnailUrl":"https:\/\/cnr.org.br\/site\/wp-content\/uploads\/2019\/03\/img20190101154014693.jpg","datePublished":"2019-01-02T15:56:39+00:00","breadcrumb":{"@id":"https:\/\/cnr.org.br\/novoportal\/novo-presidente-da-republica-bolsonaro-toma-posse-em-1o-de-janeiro\/#breadcrumb"},"inLanguage":"pt-BR","potentialAction":[{"@type":"ReadAction","target":["https:\/\/cnr.org.br\/novoportal\/novo-presidente-da-republica-bolsonaro-toma-posse-em-1o-de-janeiro\/"]}]},{"@type":"ImageObject","inLanguage":"pt-BR","@id":"https:\/\/cnr.org.br\/novoportal\/novo-presidente-da-republica-bolsonaro-toma-posse-em-1o-de-janeiro\/#primaryimage","url":"https:\/\/cnr.org.br\/site\/wp-content\/uploads\/2019\/03\/img20190101154014693.jpg","contentUrl":"https:\/\/cnr.org.br\/site\/wp-content\/uploads\/2019\/03\/img20190101154014693.jpg","width":2003,"height":1312},{"@type":"BreadcrumbList","@id":"https:\/\/cnr.org.br\/novoportal\/novo-presidente-da-republica-bolsonaro-toma-posse-em-1o-de-janeiro\/#breadcrumb","itemListElement":[{"@type":"ListItem","position":1,"name":"In\u00edcio","item":"https:\/\/cnr.org.br\/site\/"},{"@type":"ListItem","position":2,"name":"Novo presidente da Rep\u00fablica, Bolsonaro toma posse em 1\u00ba de janeiro"}]},{"@type":"WebSite","@id":"https:\/\/cnr.org.br\/novoportal\/#website","url":"https:\/\/cnr.org.br\/novoportal\/","name":"CNR","description":"Confedera\u00e7\u00e3o Nacional de Not\u00e1rios e Registradores","publisher":{"@id":"https:\/\/cnr.org.br\/novoportal\/#organization"},"potentialAction":[{"@type":"SearchAction","target":{"@type":"EntryPoint","urlTemplate":"https:\/\/cnr.org.br\/novoportal\/?s={search_term_string}"},"query-input":{"@type":"PropertyValueSpecification","valueRequired":true,"valueName":"search_term_string"}}],"inLanguage":"pt-BR"},{"@type":"Organization","@id":"https:\/\/cnr.org.br\/novoportal\/#organization","name":"CNR","url":"https:\/\/cnr.org.br\/novoportal\/","logo":{"@type":"ImageObject","inLanguage":"pt-BR","@id":"https:\/\/cnr.org.br\/novoportal\/#\/schema\/logo\/image\/","url":"https:\/\/cnr.org.br\/site\/wp-content\/uploads\/2026\/02\/Logo_CNR_completa_colorida_2024.png","contentUrl":"https:\/\/cnr.org.br\/site\/wp-content\/uploads\/2026\/02\/Logo_CNR_completa_colorida_2024.png","width":910,"height":450,"caption":"CNR"},"image":{"@id":"https:\/\/cnr.org.br\/novoportal\/#\/schema\/logo\/image\/"}},{"@type":"Person","@id":"https:\/\/cnr.org.br\/novoportal\/#\/schema\/person\/1f46209cd8c9d3d9887a0765b64ca66b","name":"Imprensa CNR","sameAs":["https:\/\/cnr.org.br\/site"],"url":"https:\/\/cnr.org.br\/site\/author\/imprensa\/"}]}},"_links":{"self":[{"href":"https:\/\/cnr.org.br\/site\/wp-json\/wp\/v2\/posts\/9850","targetHints":{"allow":["GET"]}}],"collection":[{"href":"https:\/\/cnr.org.br\/site\/wp-json\/wp\/v2\/posts"}],"about":[{"href":"https:\/\/cnr.org.br\/site\/wp-json\/wp\/v2\/types\/post"}],"author":[{"embeddable":true,"href":"https:\/\/cnr.org.br\/site\/wp-json\/wp\/v2\/users\/2"}],"replies":[{"embeddable":true,"href":"https:\/\/cnr.org.br\/site\/wp-json\/wp\/v2\/comments?post=9850"}],"version-history":[{"count":0,"href":"https:\/\/cnr.org.br\/site\/wp-json\/wp\/v2\/posts\/9850\/revisions"}],"wp:featuredmedia":[{"embeddable":true,"href":"https:\/\/cnr.org.br\/site\/wp-json\/wp\/v2\/media\/14058"}],"wp:attachment":[{"href":"https:\/\/cnr.org.br\/site\/wp-json\/wp\/v2\/media?parent=9850"}],"wp:term":[{"taxonomy":"category","embeddable":true,"href":"https:\/\/cnr.org.br\/site\/wp-json\/wp\/v2\/categories?post=9850"},{"taxonomy":"post_tag","embeddable":true,"href":"https:\/\/cnr.org.br\/site\/wp-json\/wp\/v2\/tags?post=9850"}],"curies":[{"name":"wp","href":"https:\/\/api.w.org\/{rel}","templated":true}]}}